{"id":16310,"date":"2022-05-03T13:57:13","date_gmt":"2022-05-03T11:57:13","guid":{"rendered":"https:\/\/www.m-q.ch\/?p=16310"},"modified":"2022-05-03T13:57:13","modified_gmt":"2022-05-03T11:57:13","slug":"7-avvio-del-programma-di-innovazione-con-maggiore-attenzione-alla-sostenibilita","status":"publish","type":"post","link":"https:\/\/www.m-q.ch\/it\/7-kickstart-innovationsprogramm-mit-verstaerktem-fokus-auf-nachhaltigkeit\/","title":{"rendered":"7\u00b0 programma di innovazione Kickstart con maggiore attenzione alla sostenibilit\u00e0"},"content":{"rendered":"<figure id=\"attachment_16311\" aria-describedby=\"caption-attachment-16311\" style=\"width: 680px\" class=\"wp-caption alignnone\"><img loading=\"lazy\" decoding=\"async\" class=\"size-full wp-image-16311\" src=\"https:\/\/www.m-q.ch\/wp-content\/uploads\/2022\/05\/7-Kickstart-Innovationsprogramm-mit-verstaerktem-Fokus-auf-Nachhaltigkeit_MQ.jpg\" alt=\"\" width=\"680\" height=\"468\" srcset=\"https:\/\/www.m-q.ch\/wp-content\/uploads\/2022\/05\/7-Kickstart-Innovationsprogramm-mit-verstaerktem-Fokus-auf-Nachhaltigkeit_MQ.jpg 680w, https:\/\/www.m-q.ch\/wp-content\/uploads\/2022\/05\/7-Kickstart-Innovationsprogramm-mit-verstaerktem-Fokus-auf-Nachhaltigkeit_MQ-18x12.jpg 18w, https:\/\/www.m-q.ch\/wp-content\/uploads\/2022\/05\/7-Kickstart-Innovationsprogramm-mit-verstaerktem-Fokus-auf-Nachhaltigkeit_MQ-254x175.jpg 254w, https:\/\/www.m-q.ch\/wp-content\/uploads\/2022\/05\/7-Kickstart-Innovationsprogramm-mit-verstaerktem-Fokus-auf-Nachhaltigkeit_MQ-509x350.jpg 509w, https:\/\/www.m-q.ch\/wp-content\/uploads\/2022\/05\/7-Kickstart-Innovationsprogramm-mit-verstaerktem-Fokus-auf-Nachhaltigkeit_MQ-300x206.jpg 300w\" sizes=\"auto, (max-width: 680px) 100vw, 680px\" \/><figcaption id=\"caption-attachment-16311\" class=\"wp-caption-text\">Katka Letzing, co-fondatrice e CEO di Kickstart Innovation. (Immagine: zVg \/ Kickstart)<\/figcaption><\/figure>\n<p>Kickstart Innovation, una delle principali piattaforme per l'innovazione aperta in Europa secondo la sua stessa presentazione, ha lanciato il suo nuovo programma il 26 aprile 2022 - e questo per la settima volta. Nel <a href=\"https:\/\/www.m-q.ch\/it\/e-iniziato-il-programma-di-innovazione-per-le-start-up\/\">anni passati<\/a> il programma di innovazione \u00e8 stato in grado di attrarre alcune delle migliori start-up del mondo per sviluppare soluzioni per la societ\u00e0. Questo viene fatto in collaborazione con i principali attori del settore, tra cui <a href=\"https:\/\/www.axa.ch\/en\/private-customers.html?gclid=CjwKCAiA4o79BRBvEiwAjteoYE-9ZBv9Unr6QXMQBNCiWMSoS2PN3zNJr6hhVvWZbTmy-2uy1-eZSBoCtNoQAvD_BwE&amp;ef_id=X6PO3QAAABwYtR-H:20201105132549:s\">AXA<\/a>, <a href=\"https:\/\/www.coop.ch\/en\/?gclid=CjwKCAiA4o79BRBvEiwAjteoYIaR7emOuJIMHNw2nefmJWDQNab0KjlqHqAhyFVDoA91W_nHoIAVVhoCzGwQAvD_BwE&amp;gclsrc=aw.ds\">Coop<\/a>, <a href=\"https:\/\/www.swisscom.ch\/en\/business.html\">Swisscom<\/a>, <a href=\"https:\/\/www.mobiliere.ch\/?ds_rl=1247884&amp;ds_rl=1253691&amp;ds_rl=1253697&amp;gclid=Cj0KCQjw3v6SBhCsARIsACyrRAnlqM3cbloz46F1E1TKI4sTIgVIdMFCo6pMejYtqoq0n6Wje66orL0aAj5iEALw_wcB&amp;gclsrc=aw.ds\">i mobili<\/a>, <a href=\"https:\/\/www.postfinance.ch\/en\/private.html\">PostFinance<\/a>, <a href=\"https:\/\/www.sanitas.com\/de\/privatkunden.html\">Sanitas<\/a>, <a href=\"https:\/\/www.stadt-zuerich.ch\/portal\/en\/index.html\">la citt\u00e0 di Zurigo<\/a>, <a href=\"https:\/\/www.credit-suisse.com\/ch\/en.html?aa_cmp=psrc_pbch_ch_2019_alonp_cs_wr_na_goog_na_na__w07732&amp;gclid=CjwKCAiA4o79BRBvEiwAjteoYFtaKiE8EyDVZjVQlehDP16xnx0TyOUz83Elrd466Gl714X7BqmF5xoCPr8QAvD_BwE\">Credito Svizzero<\/a>, <a href=\"https:\/\/www.galenica.com\/en\/\">Galenica<\/a> e <a href=\"https:\/\/www.css.ch\/\">Assicurazione CSS<\/a>. Dal 2016, Kickstart ha sostenuto pi\u00f9 di 300 startup e realizzato oltre 200 accordi sotto forma di collaborazioni da oltre 40 paesi. Finora sono stati raccolti investimenti per pi\u00f9 di 2 miliardi di franchi svizzeri, anche per startup ben note come Planted, Neustark, AAAcell e altre.<\/p>\n<h2>Programma di innovazione con enfasi sulla sostenibilit\u00e0<\/h2>\n<p>Il programma si tiene ogni anno dal 2016, con la digitalizzazione e la sostenibilit\u00e0 che stanno diventando sempre pi\u00f9 fattori di innovazione in tutti i settori. \"Le startup offrono una vasta gamma di soluzioni per le aziende che cercano nuove tecnologie e innovazioni diverse per il loro ulteriore sviluppo. Allo stesso tempo, le partnership con le aziende favoriscono la crescita delle startup con l'aiuto di pool di esperti e opportunit\u00e0 di cooperazione\", spiega Katka Letzing, co-fondatrice e CEO di Kickstart Innovation. \"La sostenibilit\u00e0 \u00e8 ormai diventata il fulcro di tutte le attivit\u00e0. C'\u00e8 stato un grande cambiamento negli ultimi anni, come dimostra il raddoppio degli accordi intorno all'economia circolare negli ultimi dodici mesi\".<\/p>\n<h2>Accesso alla rete di investitori\u00a0<\/h2>\n<p>L'obiettivo del programma Kickstart \u00e8 quello di facilitare progetti pilota o collaborazioni commerciali tra start-up e istituzioni consolidate. L'obiettivo \u00e8 quello di portare nuovi prodotti e servizi sul mercato su una scala pi\u00f9 ampia, sviluppare nuove fonti di reddito e investire in modelli e processi pionieristici.<\/p>\n<p>La ricerca dei temi del futuro si svolge in sei aree tematiche: New Work &amp; Learning, Health &amp; Wellbeing, Finance &amp; Insurance, Food &amp; Retail, Smart Cities e Intrapreneurship. Ogni area si concentra su specifiche tendenze di innovazione e sui bisogni dei singoli partner. Inoltre, Kickstart sta svelando una nuova identit\u00e0 di marchio globale che rappresenta l'evoluzione dell'azienda in un attore internazionale impegnato nella rapida innovazione per un futuro migliore.<\/p>\n<p>Oltre a costruire partenariati, il programma Kickstart Innovation fornisce anche l'accesso a una rete di investitori diversi per le startup e gli alumni per condurre round di finanziamento. I partner con bracci di rischio aziendali sono attivamente coinvolti, tra cui Swisscom Ventures e AXA Venture Partners. \"Negli ultimi anni, siamo stati in grado di lavorare con grandi startup e stringere sia collaborazioni che investimenti, anche con aziende come Labster e Unsupervised. Mi aspetto altre collaborazioni di questo tipo quest'anno con una maggiore attenzione ai temi della sostenibilit\u00e0\", afferma Roger W\u00fcthrich-Hasenb\u00f6hler, Chief Digital Officer di Swisscom.<\/p>\n<p><em>Ulteriori informazioni e i moduli di domanda sono <a href=\"https:\/\/www.kickstart-innovation.com\/\">qui<\/a> per trovare.<\/em><\/p>","protected":false},"excerpt":{"rendered":"<p>Kickstart Innovation, eine der gem\u00e4ss eigener Darstellung f\u00fchrenden Plattformen f\u00fcr Open Innovation in Europa, startete am 26. April 2022 ihr neues Programm &#8211; und dies zum siebten Mal. In den vergangenen Jahren hat das Innovationsprogramm einige der weltweit besten Startups gewinnen k\u00f6nnen, um L\u00f6sungen f\u00fcr die Gesellschaft zu erarbeiten. Dies geschieht in Partnerschaft mit wichtigen [&hellip;]<\/p>\n","protected":false},"author":10,"featured_media":16311,"comment_status":"closed","ping_status":"closed","sticky":false,"template":"","format":"standard","meta":{"_acf_changed":false,"footnotes":""},"categories":[4448],"tags":[3399,3701,5264],"class_list":["post-16310","post","type-post","status-publish","format-standard","has-post-thumbnail","hentry","category-allgemein","tag-innovation","tag-nachhaltigkeit","tag-startups"],"acf":[],"yoast_head":"<!-- This site is optimized with the Yoast SEO plugin v26.2 - https:\/\/yoast.com\/wordpress\/plugins\/seo\/ -->\n<title>7. Kickstart Innovationsprogramm mit verst\u00e4rktem Fokus auf Nachhaltigkeit - MQ Management und Qualit\u00e4t<\/title>\n<meta name=\"description\" content=\"Die Bewerbungsphase f\u00fcr das Kickstart Innovationsprogramm l\u00e4uft seit 26. April 2022. Dieses Jahr liegt der Fokus auf Nachhaltigkeit.\" \/>\n<meta name=\"robots\" content=\"index, follow, max-snippet:-1, max-image-preview:large, max-video-preview:-1\" \/>\n<link rel=\"canonical\" href=\"https:\/\/www.m-q.ch\/it\/7-avvio-del-programma-di-innovazione-con-maggiore-attenzione-alla-sostenibilita\/\" \/>\n<meta property=\"og:locale\" content=\"it_IT\" \/>\n<meta property=\"og:type\" content=\"article\" \/>\n<meta property=\"og:title\" content=\"7. Kickstart Innovationsprogramm mit verst\u00e4rktem Fokus auf Nachhaltigkeit\" \/>\n<meta property=\"og:description\" content=\"Die Bewerbungsphase f\u00fcr das Kickstart Innovationsprogramm l\u00e4uft seit 26. April 2022. Dieses Jahr liegt der Fokus auf Nachhaltigkeit.\" \/>\n<meta property=\"og:url\" content=\"https:\/\/www.m-q.ch\/it\/7-avvio-del-programma-di-innovazione-con-maggiore-attenzione-alla-sostenibilita\/\" \/>\n<meta property=\"og:site_name\" content=\"MQ Management und Qualit\u00e4t\" \/>\n<meta property=\"article:publisher\" content=\"https:\/\/www.facebook.com\/ManagementUndQualitaet\" \/>\n<meta property=\"article:published_time\" content=\"2022-05-03T11:57:13+00:00\" \/>\n<meta property=\"og:image\" content=\"https:\/\/www.m-q.ch\/wp-content\/uploads\/2022\/05\/7-Kickstart-Innovationsprogramm-mit-verstaerktem-Fokus-auf-Nachhaltigkeit_MQ.jpg\" \/>\n\t<meta property=\"og:image:width\" content=\"680\" \/>\n\t<meta property=\"og:image:height\" content=\"468\" \/>\n\t<meta property=\"og:image:type\" content=\"image\/jpeg\" \/>\n<meta name=\"author\" content=\"Thomas Berner\" \/>\n<meta name=\"twitter:card\" content=\"summary_large_image\" \/>\n<meta name=\"twitter:title\" content=\"7. #Kickstart #Innovationsprogramm mit verst\u00e4rktem Fokus auf #Nachhaltigkeit\" \/>\n<meta name=\"twitter:description\" content=\"Die #Bewerbungsphase f\u00fcr das #Kickstart #Innovationsprogramm l\u00e4uft seit 26. April 2022. Dieses Jahr liegt der Fokus auf #Nachhaltigkeit.\" \/>\n<meta name=\"twitter:image\" content=\"https:\/\/www.m-q.ch\/wp-content\/uploads\/2022\/05\/7-Kickstart-Innovationsprogramm-mit-verstaerktem-Fokus-auf-Nachhaltigkeit_MQ.jpg\" \/>\n<meta name=\"twitter:label1\" content=\"Scritto da\" \/>\n\t<meta name=\"twitter:data1\" content=\"Thomas Berner\" \/>\n\t<meta name=\"twitter:label2\" content=\"Tempo di lettura stimato\" \/>\n\t<meta name=\"twitter:data2\" content=\"2 minuti\" \/>\n<script type=\"application\/ld+json\" class=\"yoast-schema-graph\">{\"@context\":\"https:\/\/schema.org\",\"@graph\":[{\"@type\":\"Article\",\"@id\":\"https:\/\/www.m-q.ch\/7-kickstart-innovationsprogramm-mit-verstaerktem-fokus-auf-nachhaltigkeit\/#article\",\"isPartOf\":{\"@id\":\"https:\/\/www.m-q.ch\/7-kickstart-innovationsprogramm-mit-verstaerktem-fokus-auf-nachhaltigkeit\/\"},\"author\":{\"name\":\"Thomas Berner\",\"@id\":\"https:\/\/www.m-q.ch\/fr\/#\/schema\/person\/a8711938b1cfb3f056dec70eaa0b42ab\"},\"headline\":\"7. Kickstart Innovationsprogramm mit verst\u00e4rktem Fokus auf Nachhaltigkeit\",\"datePublished\":\"2022-05-03T11:57:13+00:00\",\"mainEntityOfPage\":{\"@id\":\"https:\/\/www.m-q.ch\/7-kickstart-innovationsprogramm-mit-verstaerktem-fokus-auf-nachhaltigkeit\/\"},\"wordCount\":491,\"publisher\":{\"@id\":\"https:\/\/www.m-q.ch\/fr\/#organization\"},\"image\":{\"@id\":\"https:\/\/www.m-q.ch\/7-kickstart-innovationsprogramm-mit-verstaerktem-fokus-auf-nachhaltigkeit\/#primaryimage\"},\"thumbnailUrl\":\"https:\/\/www.m-q.ch\/wp-content\/uploads\/2022\/05\/7-Kickstart-Innovationsprogramm-mit-verstaerktem-Fokus-auf-Nachhaltigkeit_MQ.jpg\",\"keywords\":[\"Innovation\",\"Nachhaltigkeit\",\"Startups\"],\"articleSection\":[\"Allgemein\"],\"inLanguage\":\"it-IT\"},{\"@type\":\"WebPage\",\"@id\":\"https:\/\/www.m-q.ch\/7-kickstart-innovationsprogramm-mit-verstaerktem-fokus-auf-nachhaltigkeit\/\",\"url\":\"https:\/\/www.m-q.ch\/7-kickstart-innovationsprogramm-mit-verstaerktem-fokus-auf-nachhaltigkeit\/\",\"name\":\"7. Kickstart Innovationsprogramm mit verst\u00e4rktem Fokus auf Nachhaltigkeit - MQ Management und Qualit\u00e4t\",\"isPartOf\":{\"@id\":\"https:\/\/www.m-q.ch\/fr\/#website\"},\"primaryImageOfPage\":{\"@id\":\"https:\/\/www.m-q.ch\/7-kickstart-innovationsprogramm-mit-verstaerktem-fokus-auf-nachhaltigkeit\/#primaryimage\"},\"image\":{\"@id\":\"https:\/\/www.m-q.ch\/7-kickstart-innovationsprogramm-mit-verstaerktem-fokus-auf-nachhaltigkeit\/#primaryimage\"},\"thumbnailUrl\":\"https:\/\/www.m-q.ch\/wp-content\/uploads\/2022\/05\/7-Kickstart-Innovationsprogramm-mit-verstaerktem-Fokus-auf-Nachhaltigkeit_MQ.jpg\",\"datePublished\":\"2022-05-03T11:57:13+00:00\",\"description\":\"Die Bewerbungsphase f\u00fcr das Kickstart Innovationsprogramm l\u00e4uft seit 26. April 2022. Dieses Jahr liegt der Fokus auf Nachhaltigkeit.\",\"breadcrumb\":{\"@id\":\"https:\/\/www.m-q.ch\/7-kickstart-innovationsprogramm-mit-verstaerktem-fokus-auf-nachhaltigkeit\/#breadcrumb\"},\"inLanguage\":\"it-IT\",\"potentialAction\":[{\"@type\":\"ReadAction\",\"target\":[\"https:\/\/www.m-q.ch\/7-kickstart-innovationsprogramm-mit-verstaerktem-fokus-auf-nachhaltigkeit\/\"]}]},{\"@type\":\"ImageObject\",\"inLanguage\":\"it-IT\",\"@id\":\"https:\/\/www.m-q.ch\/7-kickstart-innovationsprogramm-mit-verstaerktem-fokus-auf-nachhaltigkeit\/#primaryimage\",\"url\":\"https:\/\/www.m-q.ch\/wp-content\/uploads\/2022\/05\/7-Kickstart-Innovationsprogramm-mit-verstaerktem-Fokus-auf-Nachhaltigkeit_MQ.jpg\",\"contentUrl\":\"https:\/\/www.m-q.ch\/wp-content\/uploads\/2022\/05\/7-Kickstart-Innovationsprogramm-mit-verstaerktem-Fokus-auf-Nachhaltigkeit_MQ.jpg\",\"width\":680,\"height\":468,\"caption\":\"Katka Letzing, Co-Founder und CEO von Kickstart Innovation. (Bild: zVg \/ Kickstart)\"},{\"@type\":\"BreadcrumbList\",\"@id\":\"https:\/\/www.m-q.ch\/7-kickstart-innovationsprogramm-mit-verstaerktem-fokus-auf-nachhaltigkeit\/#breadcrumb\",\"itemListElement\":[{\"@type\":\"ListItem\",\"position\":1,\"name\":\"Allgemein\",\"item\":\"https:\/\/www.m-q.ch\/kategorie\/allgemein\/\"},{\"@type\":\"ListItem\",\"position\":2,\"name\":\"7. Kickstart Innovationsprogramm mit verst\u00e4rktem Fokus auf Nachhaltigkeit\"}]},{\"@type\":\"WebSite\",\"@id\":\"https:\/\/www.m-q.ch\/fr\/#website\",\"url\":\"https:\/\/www.m-q.ch\/fr\/\",\"name\":\"MQ Management und Qualit\u00e4t\",\"description\":\"Plattform f\u00fcr integrierte Managementsysteme.\",\"publisher\":{\"@id\":\"https:\/\/www.m-q.ch\/fr\/#organization\"},\"potentialAction\":[{\"@type\":\"SearchAction\",\"target\":{\"@type\":\"EntryPoint\",\"urlTemplate\":\"https:\/\/www.m-q.ch\/fr\/?s={search_term_string}\"},\"query-input\":{\"@type\":\"PropertyValueSpecification\",\"valueRequired\":true,\"valueName\":\"search_term_string\"}}],\"inLanguage\":\"it-IT\"},{\"@type\":\"Organization\",\"@id\":\"https:\/\/www.m-q.ch\/fr\/#organization\",\"name\":\"Galledia Fachmedien AG\",\"url\":\"https:\/\/www.m-q.ch\/fr\/\",\"logo\":{\"@type\":\"ImageObject\",\"inLanguage\":\"it-IT\",\"@id\":\"https:\/\/www.m-q.ch\/fr\/#\/schema\/logo\/image\/\",\"url\":\"https:\/\/www.m-q.ch\/wp-content\/uploads\/2020\/12\/cropped-logo_small.png\",\"contentUrl\":\"https:\/\/www.m-q.ch\/wp-content\/uploads\/2020\/12\/cropped-logo_small.png\",\"width\":512,\"height\":512,\"caption\":\"Galledia Fachmedien AG\"},\"image\":{\"@id\":\"https:\/\/www.m-q.ch\/fr\/#\/schema\/logo\/image\/\"},\"sameAs\":[\"https:\/\/www.facebook.com\/ManagementUndQualitaet\",\"https:\/\/www.linkedin.com\/showcase\/17982321\/admin\/\"]},{\"@type\":\"Person\",\"@id\":\"https:\/\/www.m-q.ch\/fr\/#\/schema\/person\/a8711938b1cfb3f056dec70eaa0b42ab\",\"name\":\"Thomas Berner\",\"image\":{\"@type\":\"ImageObject\",\"inLanguage\":\"it-IT\",\"@id\":\"https:\/\/www.m-q.ch\/fr\/#\/schema\/person\/image\/\",\"url\":\"https:\/\/secure.gravatar.com\/avatar\/faea7857408f70478f976d576da10f96?s=96&d=mm&r=g\",\"contentUrl\":\"https:\/\/secure.gravatar.com\/avatar\/faea7857408f70478f976d576da10f96?s=96&d=mm&r=g\",\"caption\":\"Thomas Berner\"},\"url\":\"https:\/\/www.m-q.ch\/it\/author\/thomas-berner\/\"}]}<\/script>\n<!-- \/ Yoast SEO plugin. -->","yoast_head_json":{"title":"7\u00b0 Programma di innovazione Kickstart con maggiore attenzione alla sostenibilit\u00e0 - MQ Management and Quality","description":"La fase di applicazione per il programma di innovazione Kickstart \u00e8 in corso dal 26 aprile 2022. Quest'anno, il focus \u00e8 sulla sostenibilit\u00e0.","robots":{"index":"index","follow":"follow","max-snippet":"max-snippet:-1","max-image-preview":"max-image-preview:large","max-video-preview":"max-video-preview:-1"},"canonical":"https:\/\/www.m-q.ch\/it\/7-avvio-del-programma-di-innovazione-con-maggiore-attenzione-alla-sostenibilita\/","og_locale":"it_IT","og_type":"article","og_title":"7. Kickstart Innovationsprogramm mit verst\u00e4rktem Fokus auf Nachhaltigkeit","og_description":"Die Bewerbungsphase f\u00fcr das Kickstart Innovationsprogramm l\u00e4uft seit 26. April 2022. Dieses Jahr liegt der Fokus auf Nachhaltigkeit.","og_url":"https:\/\/www.m-q.ch\/it\/7-avvio-del-programma-di-innovazione-con-maggiore-attenzione-alla-sostenibilita\/","og_site_name":"MQ Management und Qualit\u00e4t","article_publisher":"https:\/\/www.facebook.com\/ManagementUndQualitaet","article_published_time":"2022-05-03T11:57:13+00:00","og_image":[{"width":680,"height":468,"url":"https:\/\/www.m-q.ch\/wp-content\/uploads\/2022\/05\/7-Kickstart-Innovationsprogramm-mit-verstaerktem-Fokus-auf-Nachhaltigkeit_MQ.jpg","type":"image\/jpeg"}],"author":"Thomas Berner","twitter_card":"summary_large_image","twitter_title":"7. #Kickstart #Innovationsprogramm mit verst\u00e4rktem Fokus auf #Nachhaltigkeit","twitter_description":"Die #Bewerbungsphase f\u00fcr das #Kickstart #Innovationsprogramm l\u00e4uft seit 26. April 2022. Dieses Jahr liegt der Fokus auf #Nachhaltigkeit.","twitter_image":"https:\/\/www.m-q.ch\/wp-content\/uploads\/2022\/05\/7-Kickstart-Innovationsprogramm-mit-verstaerktem-Fokus-auf-Nachhaltigkeit_MQ.jpg","twitter_misc":{"Scritto da":"Thomas Berner","Tempo di lettura stimato":"2 minuti"},"schema":{"@context":"https:\/\/schema.org","@graph":[{"@type":"Article","@id":"https:\/\/www.m-q.ch\/7-kickstart-innovationsprogramm-mit-verstaerktem-fokus-auf-nachhaltigkeit\/#article","isPartOf":{"@id":"https:\/\/www.m-q.ch\/7-kickstart-innovationsprogramm-mit-verstaerktem-fokus-auf-nachhaltigkeit\/"},"author":{"name":"Thomas Berner","@id":"https:\/\/www.m-q.ch\/fr\/#\/schema\/person\/a8711938b1cfb3f056dec70eaa0b42ab"},"headline":"7. Kickstart Innovationsprogramm mit verst\u00e4rktem Fokus auf Nachhaltigkeit","datePublished":"2022-05-03T11:57:13+00:00","mainEntityOfPage":{"@id":"https:\/\/www.m-q.ch\/7-kickstart-innovationsprogramm-mit-verstaerktem-fokus-auf-nachhaltigkeit\/"},"wordCount":491,"publisher":{"@id":"https:\/\/www.m-q.ch\/fr\/#organization"},"image":{"@id":"https:\/\/www.m-q.ch\/7-kickstart-innovationsprogramm-mit-verstaerktem-fokus-auf-nachhaltigkeit\/#primaryimage"},"thumbnailUrl":"https:\/\/www.m-q.ch\/wp-content\/uploads\/2022\/05\/7-Kickstart-Innovationsprogramm-mit-verstaerktem-Fokus-auf-Nachhaltigkeit_MQ.jpg","keywords":["Innovation","Nachhaltigkeit","Startups"],"articleSection":["Allgemein"],"inLanguage":"it-IT"},{"@type":"WebPage","@id":"https:\/\/www.m-q.ch\/7-kickstart-innovationsprogramm-mit-verstaerktem-fokus-auf-nachhaltigkeit\/","url":"https:\/\/www.m-q.ch\/7-kickstart-innovationsprogramm-mit-verstaerktem-fokus-auf-nachhaltigkeit\/","name":"7\u00b0 Programma di innovazione Kickstart con maggiore attenzione alla sostenibilit\u00e0 - MQ Management and Quality","isPartOf":{"@id":"https:\/\/www.m-q.ch\/fr\/#website"},"primaryImageOfPage":{"@id":"https:\/\/www.m-q.ch\/7-kickstart-innovationsprogramm-mit-verstaerktem-fokus-auf-nachhaltigkeit\/#primaryimage"},"image":{"@id":"https:\/\/www.m-q.ch\/7-kickstart-innovationsprogramm-mit-verstaerktem-fokus-auf-nachhaltigkeit\/#primaryimage"},"thumbnailUrl":"https:\/\/www.m-q.ch\/wp-content\/uploads\/2022\/05\/7-Kickstart-Innovationsprogramm-mit-verstaerktem-Fokus-auf-Nachhaltigkeit_MQ.jpg","datePublished":"2022-05-03T11:57:13+00:00","description":"La fase di applicazione per il programma di innovazione Kickstart \u00e8 in corso dal 26 aprile 2022. Quest'anno, il focus \u00e8 sulla sostenibilit\u00e0.","breadcrumb":{"@id":"https:\/\/www.m-q.ch\/7-kickstart-innovationsprogramm-mit-verstaerktem-fokus-auf-nachhaltigkeit\/#breadcrumb"},"inLanguage":"it-IT","potentialAction":[{"@type":"ReadAction","target":["https:\/\/www.m-q.ch\/7-kickstart-innovationsprogramm-mit-verstaerktem-fokus-auf-nachhaltigkeit\/"]}]},{"@type":"ImageObject","inLanguage":"it-IT","@id":"https:\/\/www.m-q.ch\/7-kickstart-innovationsprogramm-mit-verstaerktem-fokus-auf-nachhaltigkeit\/#primaryimage","url":"https:\/\/www.m-q.ch\/wp-content\/uploads\/2022\/05\/7-Kickstart-Innovationsprogramm-mit-verstaerktem-Fokus-auf-Nachhaltigkeit_MQ.jpg","contentUrl":"https:\/\/www.m-q.ch\/wp-content\/uploads\/2022\/05\/7-Kickstart-Innovationsprogramm-mit-verstaerktem-Fokus-auf-Nachhaltigkeit_MQ.jpg","width":680,"height":468,"caption":"Katka Letzing, Co-Founder und CEO von Kickstart Innovation. (Bild: zVg \/ Kickstart)"},{"@type":"BreadcrumbList","@id":"https:\/\/www.m-q.ch\/7-kickstart-innovationsprogramm-mit-verstaerktem-fokus-auf-nachhaltigkeit\/#breadcrumb","itemListElement":[{"@type":"ListItem","position":1,"name":"Allgemein","item":"https:\/\/www.m-q.ch\/kategorie\/allgemein\/"},{"@type":"ListItem","position":2,"name":"7. Kickstart Innovationsprogramm mit verst\u00e4rktem Fokus auf Nachhaltigkeit"}]},{"@type":"WebSite","@id":"https:\/\/www.m-q.ch\/fr\/#website","url":"https:\/\/www.m-q.ch\/fr\/","name":"Gestione e qualit\u00e0 MQ","description":"Piattaforma per sistemi di gestione integrati.","publisher":{"@id":"https:\/\/www.m-q.ch\/fr\/#organization"},"potentialAction":[{"@type":"SearchAction","target":{"@type":"EntryPoint","urlTemplate":"https:\/\/www.m-q.ch\/fr\/?s={search_term_string}"},"query-input":{"@type":"PropertyValueSpecification","valueRequired":true,"valueName":"search_term_string"}}],"inLanguage":"it-IT"},{"@type":"Organization","@id":"https:\/\/www.m-q.ch\/fr\/#organization","name":"Galledia Fachmedien AG","url":"https:\/\/www.m-q.ch\/fr\/","logo":{"@type":"ImageObject","inLanguage":"it-IT","@id":"https:\/\/www.m-q.ch\/fr\/#\/schema\/logo\/image\/","url":"https:\/\/www.m-q.ch\/wp-content\/uploads\/2020\/12\/cropped-logo_small.png","contentUrl":"https:\/\/www.m-q.ch\/wp-content\/uploads\/2020\/12\/cropped-logo_small.png","width":512,"height":512,"caption":"Galledia Fachmedien AG"},"image":{"@id":"https:\/\/www.m-q.ch\/fr\/#\/schema\/logo\/image\/"},"sameAs":["https:\/\/www.facebook.com\/ManagementUndQualitaet","https:\/\/www.linkedin.com\/showcase\/17982321\/admin\/"]},{"@type":"Person","@id":"https:\/\/www.m-q.ch\/fr\/#\/schema\/person\/a8711938b1cfb3f056dec70eaa0b42ab","name":"Thomas Bernard","image":{"@type":"ImageObject","inLanguage":"it-IT","@id":"https:\/\/www.m-q.ch\/fr\/#\/schema\/person\/image\/","url":"https:\/\/secure.gravatar.com\/avatar\/faea7857408f70478f976d576da10f96?s=96&d=mm&r=g","contentUrl":"https:\/\/secure.gravatar.com\/avatar\/faea7857408f70478f976d576da10f96?s=96&d=mm&r=g","caption":"Thomas Berner"},"url":"https:\/\/www.m-q.ch\/it\/author\/thomas-berner\/"}]}},"_links":{"self":[{"href":"https:\/\/www.m-q.ch\/it\/wp-json\/wp\/v2\/posts\/16310","targetHints":{"allow":["GET"]}}],"collection":[{"href":"https:\/\/www.m-q.ch\/it\/wp-json\/wp\/v2\/posts"}],"about":[{"href":"https:\/\/www.m-q.ch\/it\/wp-json\/wp\/v2\/types\/post"}],"author":[{"embeddable":true,"href":"https:\/\/www.m-q.ch\/it\/wp-json\/wp\/v2\/users\/10"}],"replies":[{"embeddable":true,"href":"https:\/\/www.m-q.ch\/it\/wp-json\/wp\/v2\/comments?post=16310"}],"version-history":[{"count":1,"href":"https:\/\/www.m-q.ch\/it\/wp-json\/wp\/v2\/posts\/16310\/revisions"}],"predecessor-version":[{"id":16312,"href":"https:\/\/www.m-q.ch\/it\/wp-json\/wp\/v2\/posts\/16310\/revisions\/16312"}],"wp:featuredmedia":[{"embeddable":true,"href":"https:\/\/www.m-q.ch\/it\/wp-json\/wp\/v2\/media\/16311"}],"wp:attachment":[{"href":"https:\/\/www.m-q.ch\/it\/wp-json\/wp\/v2\/media?parent=16310"}],"wp:term":[{"taxonomy":"category","embeddable":true,"href":"https:\/\/www.m-q.ch\/it\/wp-json\/wp\/v2\/categories?post=16310"},{"taxonomy":"post_tag","embeddable":true,"href":"https:\/\/www.m-q.ch\/it\/wp-json\/wp\/v2\/tags?post=16310"}],"curies":[{"name":"wp","href":"https:\/\/api.w.org\/{rel}","templated":true}]}}