{"id":16427,"date":"2022-06-10T10:52:07","date_gmt":"2022-06-10T08:52:07","guid":{"rendered":"https:\/\/www.m-q.ch\/?p=16427"},"modified":"2022-06-10T10:52:07","modified_gmt":"2022-06-10T08:52:07","slug":"bosch-espande-le-sue-attivita-in-svizzera","status":"publish","type":"post","link":"https:\/\/www.m-q.ch\/it\/bosch-baut-aktivitaeten-in-der-schweiz-aus\/","title":{"rendered":"Bosch espande le attivit\u00e0 in Svizzera"},"content":{"rendered":"<figure id=\"attachment_16428\" aria-describedby=\"caption-attachment-16428\" style=\"width: 680px\" class=\"wp-caption alignnone\"><img loading=\"lazy\" decoding=\"async\" class=\"size-full wp-image-16428\" src=\"https:\/\/www.m-q.ch\/wp-content\/uploads\/2022\/06\/Bosch-baut-Aktivitaeten-in-der-Schweiz-aus_MQ.jpg\" alt=\"\" width=\"680\" height=\"383\" srcset=\"https:\/\/www.m-q.ch\/wp-content\/uploads\/2022\/06\/Bosch-baut-Aktivitaeten-in-der-Schweiz-aus_MQ.jpg 680w, https:\/\/www.m-q.ch\/wp-content\/uploads\/2022\/06\/Bosch-baut-Aktivitaeten-in-der-Schweiz-aus_MQ-18x10.jpg 18w, https:\/\/www.m-q.ch\/wp-content\/uploads\/2022\/06\/Bosch-baut-Aktivitaeten-in-der-Schweiz-aus_MQ-311x175.jpg 311w, https:\/\/www.m-q.ch\/wp-content\/uploads\/2022\/06\/Bosch-baut-Aktivitaeten-in-der-Schweiz-aus_MQ-621x350.jpg 621w, https:\/\/www.m-q.ch\/wp-content\/uploads\/2022\/06\/Bosch-baut-Aktivitaeten-in-der-Schweiz-aus_MQ-300x169.jpg 300w\" sizes=\"auto, (max-width: 680px) 100vw, 680px\" \/><figcaption id=\"caption-attachment-16428\" class=\"wp-caption-text\">Nella sede svizzera di Zuchwil, Bosch investir\u00e0 45 milioni di franchi svizzeri in un edificio a zero emissioni di CO2. (Immagine: zVg \/ Bosch)<\/figcaption><\/figure>\n<p>L'azienda internazionale di tecnologia e servizi Bosch \u00e8 riuscita ad aumentare le vendite sul mercato svizzero a 745 milioni di franchi svizzeri nell'anno commerciale 2021. Ci\u00f2 corrisponde a una crescita di circa l'11,5% rispetto all'anno precedente. Il fatturato netto totale, comprese le consegne interne alle filiali, \u00e8 stato di 1,65 miliardi di franchi svizzeri. L'azienda, che vende i suoi prodotti in Svizzera dal 1904, impiega circa 2 000 persone in questo Paese. \"Il risultato positivo riflette la buona performance delle nostre diverse divisioni e gli sforzi dei nostri collaboratori per sfruttare le opportunit\u00e0 che si presentano in un contesto globale sfavorevole\", ha dichiarato Ute Lepple, rappresentante del Gruppo Bosch in Svizzera.<\/p>\n<h3>Integrazione delle societ\u00e0 acquisite<\/h3>\n<p>Ute Lepple si \u00e8 detta particolarmente soddisfatta della crescita derivante dall'acquisizione di Elpro Group AG a Buchs, nonch\u00e9 del cambio di denominazione di Buderus Heiztechnik AG in Bosch Thermotechnik AG. Con entrambe le attivit\u00e0, l'azienda rafforza la presenza del marchio Bosch in Svizzera. \"Il 2022 sar\u00e0 un altro anno impegnativo. Siamo partiti bene e faremo tutto il possibile per crescere pi\u00f9 velocemente del mercato nei settori pi\u00f9 importanti\", afferma Ute Lepple.<\/p>\n<h3>Sviluppo del fatturato per settore di attivit\u00e0<\/h3>\n<p>Nel settore delle soluzioni per la mobilit\u00e0, Bosch ha nuovamente registrato una crescita significativa nel settore Automotive Aftermarket e nei sistemi di guida e assistenza alla guida per le eBike in Svizzera nel 2021, secondo il rapporto annuale. Il settore dei beni di consumo \u00e8 stato nuovamente in grado di aumentare le vendite rispetto al gi\u00e0 forte anno precedente. Nonostante la pandemia e le sfide economiche, anche il settore Tecnologia industriale \u00e8 riuscito a incrementare le vendite, a rifornire i clienti in modo affidabile e ad aumentare ulteriormente la soddisfazione. Nella divisione Energia e tecnologie per l'edilizia, l'unit\u00e0 Termotecnica ha registrato una solida crescita. Le vendite nel pi\u00f9 importante sottomercato, quello delle pompe di calore, si sono sviluppate in modo particolarmente positivo, con un significativo aumento della quota di mercato.<\/p>\n<h3>Nuova sede a zero emissioni di CO2 per Bosch Svizzera<\/h3>\n<p>Nel marzo 2022, Bosch Svizzera ha iniziato la costruzione di un nuovo edificio amministrativo presso la sede di Zuchwil (SO). Con un investimento di 45 milioni di franchi svizzeri, il progetto di costruzione \u00e8 uno dei pi\u00f9 importanti investimenti dell'azienda in Svizzera negli ultimi anni. Entro il 2024, su una superficie di 14.900 m2 , verr\u00e0 costruito un edificio di quattro piani con struttura in legno, a zero emissioni di CO2. L'edificio \u00e8 stato progettato sia come sede centrale di Bosch Svizzera sia come sede della divisione di prodotti Bosch Power Tools Accessories, attiva a livello globale, Scintilla AG.<\/p>\n<h3>Gruppo Bosch: prospettive 2022 e percorso strategico<\/h3>\n<p>Nel 2021 l'azienda nel suo complesso ha registrato un significativo aumento del fatturato e degli utili, nonostante le difficili condizioni generali. Nel primo trimestre del 2022, il fatturato dell'azienda di tecnologia e servizi \u00e8 cresciuto del 5,2%. Per l'anno in corso, Bosch prevede un aumento del fatturato di oltre il 6% e un margine EBIT tra il 3 e il 4%, anche se l'azienda si aspetta un notevole onere, in particolare per l'aumento dei costi dell'energia, dei materiali e della logistica. \"Il successo dell'anno fiscale 2021 ci d\u00e0 la certezza che saremo in grado di gestire anche il difficile contesto dell'anno in corso\", ha dichiarato Stefan Hartung, presidente del consiglio di amministrazione di Robert Bosch GmbH. Tra le notevoli incertezze c'\u00e8 la guerra in Ucraina con tutte le sue ripercussioni. Secondo Hartung, la situazione attuale mette in evidenza la pressione sui politici e sulla societ\u00e0 affinch\u00e9 agiscano, diventino meno dipendenti dai combustibili fossili e perseguano con forza lo sviluppo di nuove energie. Per questo motivo il Gruppo Bosch continua a impegnarsi per la protezione del clima, nonostante il difficile contesto economico. A tal fine, Hartung ha annunciato investimenti in tecnologie a impatto climatico zero come l'elettrificazione e l'idrogeno per ben tre miliardi di euro in tre anni.<\/p>\n<p><a href=\"http:\/\/www.bosch.ch\"><em>Fonte e ulteriori informazioni<\/em><\/a><\/p>","protected":false},"excerpt":{"rendered":"<p>Das internationale Technologie- und Dienstleistungsunternehmen Bosch konnte im Gesch\u00e4ftsjahr 2021 seinen Umsatz auf dem Schweizer Markt auf 745 Millionen Franken steigern. Das entspricht einem Wachstum von rund 11,5 Prozent gegen\u00fcber Vorjahr. Der Gesamtnettoumsatz einschliesslich interner Lieferungen an Tochtergesellschaften belief sich auf 1,65 Milliarden Franken. Das Unternehmen, das seine Produkte seit 1904 in der Schweiz vertreibt, [&hellip;]<\/p>\n","protected":false},"author":10,"featured_media":16428,"comment_status":"closed","ping_status":"closed","sticky":false,"template":"","format":"standard","meta":{"_acf_changed":false,"footnotes":""},"categories":[4448],"tags":[3360,3352],"class_list":["post-16427","post","type-post","status-publish","format-standard","has-post-thumbnail","hentry","category-allgemein","tag-management-und-unternehmensfuehrung","tag-unternehmen"],"acf":[],"yoast_head":"<!-- This site is optimized with the Yoast SEO plugin v26.2 - https:\/\/yoast.com\/wordpress\/plugins\/seo\/ -->\n<title>Bosch baut Aktivit\u00e4ten in der Schweiz aus - MQ Management und Qualit\u00e4t<\/title>\n<meta name=\"description\" content=\"Bosch hat 2021 in der Schweiz 745 Millionen Franken Umsatz erzielt. Das Wachstum betr\u00e4gt 11,5 Prozent gegen\u00fcber dem Vorjahr.\" \/>\n<meta name=\"robots\" content=\"index, follow, max-snippet:-1, max-image-preview:large, max-video-preview:-1\" \/>\n<link rel=\"canonical\" href=\"https:\/\/www.m-q.ch\/it\/bosch-espande-le-sue-attivita-in-svizzera\/\" \/>\n<meta property=\"og:locale\" content=\"it_IT\" \/>\n<meta property=\"og:type\" content=\"article\" \/>\n<meta property=\"og:title\" content=\"Bosch baut Aktivit\u00e4ten in der Schweiz aus\" \/>\n<meta property=\"og:description\" content=\"Bosch hat 2021 in der Schweiz 745 Millionen Franken Umsatz erzielt. Das Wachstum betr\u00e4gt 11,5 Prozent gegen\u00fcber dem Vorjahr.\" \/>\n<meta property=\"og:url\" content=\"https:\/\/www.m-q.ch\/it\/bosch-espande-le-sue-attivita-in-svizzera\/\" \/>\n<meta property=\"og:site_name\" content=\"MQ Management und Qualit\u00e4t\" \/>\n<meta property=\"article:publisher\" content=\"https:\/\/www.facebook.com\/ManagementUndQualitaet\" \/>\n<meta property=\"article:published_time\" content=\"2022-06-10T08:52:07+00:00\" \/>\n<meta property=\"og:image\" content=\"https:\/\/www.m-q.ch\/wp-content\/uploads\/2022\/06\/Bosch-baut-Aktivitaeten-in-der-Schweiz-aus_MQ.jpg\" \/>\n\t<meta property=\"og:image:width\" content=\"680\" \/>\n\t<meta property=\"og:image:height\" content=\"383\" \/>\n\t<meta property=\"og:image:type\" content=\"image\/jpeg\" \/>\n<meta name=\"author\" content=\"Thomas Berner\" \/>\n<meta name=\"twitter:card\" content=\"summary_large_image\" \/>\n<meta name=\"twitter:title\" content=\"#Bosch baut Aktivit\u00e4ten in der Schweiz aus\" \/>\n<meta name=\"twitter:description\" content=\"#Bosch hat 2021 in der Schweiz 745 Millionen Franken #Umsatz erzielt. Das Wachstum betr\u00e4gt 11,5 Prozent gegen\u00fcber dem Vorjahr.\" \/>\n<meta name=\"twitter:image\" content=\"https:\/\/www.m-q.ch\/wp-content\/uploads\/2022\/06\/Bosch-baut-Aktivitaeten-in-der-Schweiz-aus_MQ.jpg\" \/>\n<meta name=\"twitter:label1\" content=\"Scritto da\" \/>\n\t<meta name=\"twitter:data1\" content=\"Thomas Berner\" \/>\n\t<meta name=\"twitter:label2\" content=\"Tempo di lettura stimato\" \/>\n\t<meta name=\"twitter:data2\" content=\"3 minuti\" \/>\n<script type=\"application\/ld+json\" class=\"yoast-schema-graph\">{\"@context\":\"https:\/\/schema.org\",\"@graph\":[{\"@type\":\"Article\",\"@id\":\"https:\/\/www.m-q.ch\/bosch-baut-aktivitaeten-in-der-schweiz-aus\/#article\",\"isPartOf\":{\"@id\":\"https:\/\/www.m-q.ch\/bosch-baut-aktivitaeten-in-der-schweiz-aus\/\"},\"author\":{\"name\":\"Thomas Berner\",\"@id\":\"https:\/\/www.m-q.ch\/fr\/#\/schema\/person\/a8711938b1cfb3f056dec70eaa0b42ab\"},\"headline\":\"Bosch baut Aktivit\u00e4ten in der Schweiz aus\",\"datePublished\":\"2022-06-10T08:52:07+00:00\",\"mainEntityOfPage\":{\"@id\":\"https:\/\/www.m-q.ch\/bosch-baut-aktivitaeten-in-der-schweiz-aus\/\"},\"wordCount\":599,\"publisher\":{\"@id\":\"https:\/\/www.m-q.ch\/fr\/#organization\"},\"image\":{\"@id\":\"https:\/\/www.m-q.ch\/bosch-baut-aktivitaeten-in-der-schweiz-aus\/#primaryimage\"},\"thumbnailUrl\":\"https:\/\/www.m-q.ch\/wp-content\/uploads\/2022\/06\/Bosch-baut-Aktivitaeten-in-der-Schweiz-aus_MQ.jpg\",\"keywords\":[\"Management und Unternehmensf\u00fchrung\",\"Unternehmen\"],\"articleSection\":[\"Allgemein\"],\"inLanguage\":\"it-IT\"},{\"@type\":\"WebPage\",\"@id\":\"https:\/\/www.m-q.ch\/bosch-baut-aktivitaeten-in-der-schweiz-aus\/\",\"url\":\"https:\/\/www.m-q.ch\/bosch-baut-aktivitaeten-in-der-schweiz-aus\/\",\"name\":\"Bosch baut Aktivit\u00e4ten in der Schweiz aus - MQ Management und Qualit\u00e4t\",\"isPartOf\":{\"@id\":\"https:\/\/www.m-q.ch\/fr\/#website\"},\"primaryImageOfPage\":{\"@id\":\"https:\/\/www.m-q.ch\/bosch-baut-aktivitaeten-in-der-schweiz-aus\/#primaryimage\"},\"image\":{\"@id\":\"https:\/\/www.m-q.ch\/bosch-baut-aktivitaeten-in-der-schweiz-aus\/#primaryimage\"},\"thumbnailUrl\":\"https:\/\/www.m-q.ch\/wp-content\/uploads\/2022\/06\/Bosch-baut-Aktivitaeten-in-der-Schweiz-aus_MQ.jpg\",\"datePublished\":\"2022-06-10T08:52:07+00:00\",\"description\":\"Bosch hat 2021 in der Schweiz 745 Millionen Franken Umsatz erzielt. Das Wachstum betr\u00e4gt 11,5 Prozent gegen\u00fcber dem Vorjahr.\",\"breadcrumb\":{\"@id\":\"https:\/\/www.m-q.ch\/bosch-baut-aktivitaeten-in-der-schweiz-aus\/#breadcrumb\"},\"inLanguage\":\"it-IT\",\"potentialAction\":[{\"@type\":\"ReadAction\",\"target\":[\"https:\/\/www.m-q.ch\/bosch-baut-aktivitaeten-in-der-schweiz-aus\/\"]}]},{\"@type\":\"ImageObject\",\"inLanguage\":\"it-IT\",\"@id\":\"https:\/\/www.m-q.ch\/bosch-baut-aktivitaeten-in-der-schweiz-aus\/#primaryimage\",\"url\":\"https:\/\/www.m-q.ch\/wp-content\/uploads\/2022\/06\/Bosch-baut-Aktivitaeten-in-der-Schweiz-aus_MQ.jpg\",\"contentUrl\":\"https:\/\/www.m-q.ch\/wp-content\/uploads\/2022\/06\/Bosch-baut-Aktivitaeten-in-der-Schweiz-aus_MQ.jpg\",\"width\":680,\"height\":383,\"caption\":\"Am Schweizer Hauptsitz in Zuchwil wird Bosch 45 Millionen Franken in ein CO2-neutrales Geb\u00e4ude investieren. (Bild: zVg \/ Bosch)\"},{\"@type\":\"BreadcrumbList\",\"@id\":\"https:\/\/www.m-q.ch\/bosch-baut-aktivitaeten-in-der-schweiz-aus\/#breadcrumb\",\"itemListElement\":[{\"@type\":\"ListItem\",\"position\":1,\"name\":\"Allgemein\",\"item\":\"https:\/\/www.m-q.ch\/kategorie\/allgemein\/\"},{\"@type\":\"ListItem\",\"position\":2,\"name\":\"Bosch baut Aktivit\u00e4ten in der Schweiz aus\"}]},{\"@type\":\"WebSite\",\"@id\":\"https:\/\/www.m-q.ch\/fr\/#website\",\"url\":\"https:\/\/www.m-q.ch\/fr\/\",\"name\":\"MQ Management und Qualit\u00e4t\",\"description\":\"Plattform f\u00fcr integrierte Managementsysteme.\",\"publisher\":{\"@id\":\"https:\/\/www.m-q.ch\/fr\/#organization\"},\"potentialAction\":[{\"@type\":\"SearchAction\",\"target\":{\"@type\":\"EntryPoint\",\"urlTemplate\":\"https:\/\/www.m-q.ch\/fr\/?s={search_term_string}\"},\"query-input\":{\"@type\":\"PropertyValueSpecification\",\"valueRequired\":true,\"valueName\":\"search_term_string\"}}],\"inLanguage\":\"it-IT\"},{\"@type\":\"Organization\",\"@id\":\"https:\/\/www.m-q.ch\/fr\/#organization\",\"name\":\"Galledia Fachmedien AG\",\"url\":\"https:\/\/www.m-q.ch\/fr\/\",\"logo\":{\"@type\":\"ImageObject\",\"inLanguage\":\"it-IT\",\"@id\":\"https:\/\/www.m-q.ch\/fr\/#\/schema\/logo\/image\/\",\"url\":\"https:\/\/www.m-q.ch\/wp-content\/uploads\/2020\/12\/cropped-logo_small.png\",\"contentUrl\":\"https:\/\/www.m-q.ch\/wp-content\/uploads\/2020\/12\/cropped-logo_small.png\",\"width\":512,\"height\":512,\"caption\":\"Galledia Fachmedien AG\"},\"image\":{\"@id\":\"https:\/\/www.m-q.ch\/fr\/#\/schema\/logo\/image\/\"},\"sameAs\":[\"https:\/\/www.facebook.com\/ManagementUndQualitaet\",\"https:\/\/www.linkedin.com\/showcase\/17982321\/admin\/\"]},{\"@type\":\"Person\",\"@id\":\"https:\/\/www.m-q.ch\/fr\/#\/schema\/person\/a8711938b1cfb3f056dec70eaa0b42ab\",\"name\":\"Thomas Berner\",\"image\":{\"@type\":\"ImageObject\",\"inLanguage\":\"it-IT\",\"@id\":\"https:\/\/www.m-q.ch\/fr\/#\/schema\/person\/image\/\",\"url\":\"https:\/\/secure.gravatar.com\/avatar\/faea7857408f70478f976d576da10f96?s=96&d=mm&r=g\",\"contentUrl\":\"https:\/\/secure.gravatar.com\/avatar\/faea7857408f70478f976d576da10f96?s=96&d=mm&r=g\",\"caption\":\"Thomas Berner\"},\"url\":\"https:\/\/www.m-q.ch\/it\/author\/thomas-berner\/\"}]}<\/script>\n<!-- \/ Yoast SEO plugin. -->","yoast_head_json":{"title":"Bosch espande le attivit\u00e0 in Svizzera - MQ Gestione e Qualit\u00e0","description":"Nel 2021 Bosch ha realizzato in Svizzera un fatturato di 745 milioni di franchi svizzeri. La crescita \u00e8 dell'11,5% rispetto all'anno precedente.","robots":{"index":"index","follow":"follow","max-snippet":"max-snippet:-1","max-image-preview":"max-image-preview:large","max-video-preview":"max-video-preview:-1"},"canonical":"https:\/\/www.m-q.ch\/it\/bosch-espande-le-sue-attivita-in-svizzera\/","og_locale":"it_IT","og_type":"article","og_title":"Bosch baut Aktivit\u00e4ten in der Schweiz aus","og_description":"Bosch hat 2021 in der Schweiz 745 Millionen Franken Umsatz erzielt. Das Wachstum betr\u00e4gt 11,5 Prozent gegen\u00fcber dem Vorjahr.","og_url":"https:\/\/www.m-q.ch\/it\/bosch-espande-le-sue-attivita-in-svizzera\/","og_site_name":"MQ Management und Qualit\u00e4t","article_publisher":"https:\/\/www.facebook.com\/ManagementUndQualitaet","article_published_time":"2022-06-10T08:52:07+00:00","og_image":[{"width":680,"height":383,"url":"https:\/\/www.m-q.ch\/wp-content\/uploads\/2022\/06\/Bosch-baut-Aktivitaeten-in-der-Schweiz-aus_MQ.jpg","type":"image\/jpeg"}],"author":"Thomas Berner","twitter_card":"summary_large_image","twitter_title":"#Bosch baut Aktivit\u00e4ten in der Schweiz aus","twitter_description":"#Bosch hat 2021 in der Schweiz 745 Millionen Franken #Umsatz erzielt. Das Wachstum betr\u00e4gt 11,5 Prozent gegen\u00fcber dem Vorjahr.","twitter_image":"https:\/\/www.m-q.ch\/wp-content\/uploads\/2022\/06\/Bosch-baut-Aktivitaeten-in-der-Schweiz-aus_MQ.jpg","twitter_misc":{"Scritto da":"Thomas Berner","Tempo di lettura stimato":"3 minuti"},"schema":{"@context":"https:\/\/schema.org","@graph":[{"@type":"Article","@id":"https:\/\/www.m-q.ch\/bosch-baut-aktivitaeten-in-der-schweiz-aus\/#article","isPartOf":{"@id":"https:\/\/www.m-q.ch\/bosch-baut-aktivitaeten-in-der-schweiz-aus\/"},"author":{"name":"Thomas Berner","@id":"https:\/\/www.m-q.ch\/fr\/#\/schema\/person\/a8711938b1cfb3f056dec70eaa0b42ab"},"headline":"Bosch baut Aktivit\u00e4ten in der Schweiz aus","datePublished":"2022-06-10T08:52:07+00:00","mainEntityOfPage":{"@id":"https:\/\/www.m-q.ch\/bosch-baut-aktivitaeten-in-der-schweiz-aus\/"},"wordCount":599,"publisher":{"@id":"https:\/\/www.m-q.ch\/fr\/#organization"},"image":{"@id":"https:\/\/www.m-q.ch\/bosch-baut-aktivitaeten-in-der-schweiz-aus\/#primaryimage"},"thumbnailUrl":"https:\/\/www.m-q.ch\/wp-content\/uploads\/2022\/06\/Bosch-baut-Aktivitaeten-in-der-Schweiz-aus_MQ.jpg","keywords":["Management und Unternehmensf\u00fchrung","Unternehmen"],"articleSection":["Allgemein"],"inLanguage":"it-IT"},{"@type":"WebPage","@id":"https:\/\/www.m-q.ch\/bosch-baut-aktivitaeten-in-der-schweiz-aus\/","url":"https:\/\/www.m-q.ch\/bosch-baut-aktivitaeten-in-der-schweiz-aus\/","name":"Bosch espande le attivit\u00e0 in Svizzera - MQ Gestione e Qualit\u00e0","isPartOf":{"@id":"https:\/\/www.m-q.ch\/fr\/#website"},"primaryImageOfPage":{"@id":"https:\/\/www.m-q.ch\/bosch-baut-aktivitaeten-in-der-schweiz-aus\/#primaryimage"},"image":{"@id":"https:\/\/www.m-q.ch\/bosch-baut-aktivitaeten-in-der-schweiz-aus\/#primaryimage"},"thumbnailUrl":"https:\/\/www.m-q.ch\/wp-content\/uploads\/2022\/06\/Bosch-baut-Aktivitaeten-in-der-Schweiz-aus_MQ.jpg","datePublished":"2022-06-10T08:52:07+00:00","description":"Nel 2021 Bosch ha realizzato in Svizzera un fatturato di 745 milioni di franchi svizzeri. La crescita \u00e8 dell'11,5% rispetto all'anno precedente.","breadcrumb":{"@id":"https:\/\/www.m-q.ch\/bosch-baut-aktivitaeten-in-der-schweiz-aus\/#breadcrumb"},"inLanguage":"it-IT","potentialAction":[{"@type":"ReadAction","target":["https:\/\/www.m-q.ch\/bosch-baut-aktivitaeten-in-der-schweiz-aus\/"]}]},{"@type":"ImageObject","inLanguage":"it-IT","@id":"https:\/\/www.m-q.ch\/bosch-baut-aktivitaeten-in-der-schweiz-aus\/#primaryimage","url":"https:\/\/www.m-q.ch\/wp-content\/uploads\/2022\/06\/Bosch-baut-Aktivitaeten-in-der-Schweiz-aus_MQ.jpg","contentUrl":"https:\/\/www.m-q.ch\/wp-content\/uploads\/2022\/06\/Bosch-baut-Aktivitaeten-in-der-Schweiz-aus_MQ.jpg","width":680,"height":383,"caption":"Am Schweizer Hauptsitz in Zuchwil wird Bosch 45 Millionen Franken in ein CO2-neutrales Geb\u00e4ude investieren. (Bild: zVg \/ Bosch)"},{"@type":"BreadcrumbList","@id":"https:\/\/www.m-q.ch\/bosch-baut-aktivitaeten-in-der-schweiz-aus\/#breadcrumb","itemListElement":[{"@type":"ListItem","position":1,"name":"Allgemein","item":"https:\/\/www.m-q.ch\/kategorie\/allgemein\/"},{"@type":"ListItem","position":2,"name":"Bosch baut Aktivit\u00e4ten in der Schweiz aus"}]},{"@type":"WebSite","@id":"https:\/\/www.m-q.ch\/fr\/#website","url":"https:\/\/www.m-q.ch\/fr\/","name":"Gestione e qualit\u00e0 MQ","description":"Piattaforma per sistemi di gestione integrati.","publisher":{"@id":"https:\/\/www.m-q.ch\/fr\/#organization"},"potentialAction":[{"@type":"SearchAction","target":{"@type":"EntryPoint","urlTemplate":"https:\/\/www.m-q.ch\/fr\/?s={search_term_string}"},"query-input":{"@type":"PropertyValueSpecification","valueRequired":true,"valueName":"search_term_string"}}],"inLanguage":"it-IT"},{"@type":"Organization","@id":"https:\/\/www.m-q.ch\/fr\/#organization","name":"Galledia Fachmedien AG","url":"https:\/\/www.m-q.ch\/fr\/","logo":{"@type":"ImageObject","inLanguage":"it-IT","@id":"https:\/\/www.m-q.ch\/fr\/#\/schema\/logo\/image\/","url":"https:\/\/www.m-q.ch\/wp-content\/uploads\/2020\/12\/cropped-logo_small.png","contentUrl":"https:\/\/www.m-q.ch\/wp-content\/uploads\/2020\/12\/cropped-logo_small.png","width":512,"height":512,"caption":"Galledia Fachmedien AG"},"image":{"@id":"https:\/\/www.m-q.ch\/fr\/#\/schema\/logo\/image\/"},"sameAs":["https:\/\/www.facebook.com\/ManagementUndQualitaet","https:\/\/www.linkedin.com\/showcase\/17982321\/admin\/"]},{"@type":"Person","@id":"https:\/\/www.m-q.ch\/fr\/#\/schema\/person\/a8711938b1cfb3f056dec70eaa0b42ab","name":"Thomas Bernard","image":{"@type":"ImageObject","inLanguage":"it-IT","@id":"https:\/\/www.m-q.ch\/fr\/#\/schema\/person\/image\/","url":"https:\/\/secure.gravatar.com\/avatar\/faea7857408f70478f976d576da10f96?s=96&d=mm&r=g","contentUrl":"https:\/\/secure.gravatar.com\/avatar\/faea7857408f70478f976d576da10f96?s=96&d=mm&r=g","caption":"Thomas Berner"},"url":"https:\/\/www.m-q.ch\/it\/author\/thomas-berner\/"}]}},"_links":{"self":[{"href":"https:\/\/www.m-q.ch\/it\/wp-json\/wp\/v2\/posts\/16427","targetHints":{"allow":["GET"]}}],"collection":[{"href":"https:\/\/www.m-q.ch\/it\/wp-json\/wp\/v2\/posts"}],"about":[{"href":"https:\/\/www.m-q.ch\/it\/wp-json\/wp\/v2\/types\/post"}],"author":[{"embeddable":true,"href":"https:\/\/www.m-q.ch\/it\/wp-json\/wp\/v2\/users\/10"}],"replies":[{"embeddable":true,"href":"https:\/\/www.m-q.ch\/it\/wp-json\/wp\/v2\/comments?post=16427"}],"version-history":[{"count":1,"href":"https:\/\/www.m-q.ch\/it\/wp-json\/wp\/v2\/posts\/16427\/revisions"}],"predecessor-version":[{"id":16429,"href":"https:\/\/www.m-q.ch\/it\/wp-json\/wp\/v2\/posts\/16427\/revisions\/16429"}],"wp:featuredmedia":[{"embeddable":true,"href":"https:\/\/www.m-q.ch\/it\/wp-json\/wp\/v2\/media\/16428"}],"wp:attachment":[{"href":"https:\/\/www.m-q.ch\/it\/wp-json\/wp\/v2\/media?parent=16427"}],"wp:term":[{"taxonomy":"category","embeddable":true,"href":"https:\/\/www.m-q.ch\/it\/wp-json\/wp\/v2\/categories?post=16427"},{"taxonomy":"post_tag","embeddable":true,"href":"https:\/\/www.m-q.ch\/it\/wp-json\/wp\/v2\/tags?post=16427"}],"curies":[{"name":"wp","href":"https:\/\/api.w.org\/{rel}","templated":true}]}}