{"id":16544,"date":"2022-06-27T14:22:36","date_gmt":"2022-06-27T12:22:36","guid":{"rendered":"https:\/\/www.m-q.ch\/?p=16544"},"modified":"2022-06-27T14:22:36","modified_gmt":"2022-06-27T12:22:36","slug":"cancellazioni-operative-tutte-spente-non-deve-essere","status":"publish","type":"post","link":"https:\/\/www.m-q.ch\/it\/betriebsstoerungen-alles-aus-muss-nicht-sein\/","title":{"rendered":"Malfunzionamenti: Tutto spento? Non \u00e8 necessario!"},"content":{"rendered":"<figure id=\"attachment_16545\" aria-describedby=\"caption-attachment-16545\" style=\"width: 680px\" class=\"wp-caption alignnone\"><img loading=\"lazy\" decoding=\"async\" class=\"size-full wp-image-16545\" src=\"https:\/\/www.m-q.ch\/wp-content\/uploads\/2022\/06\/Krisenmanagement-Alles-aus-Muss-nicht-sein_MQ.jpg\" alt=\"\" width=\"680\" height=\"382\" srcset=\"https:\/\/www.m-q.ch\/wp-content\/uploads\/2022\/06\/Krisenmanagement-Alles-aus-Muss-nicht-sein_MQ.jpg 680w, https:\/\/www.m-q.ch\/wp-content\/uploads\/2022\/06\/Krisenmanagement-Alles-aus-Muss-nicht-sein_MQ-18x10.jpg 18w, https:\/\/www.m-q.ch\/wp-content\/uploads\/2022\/06\/Krisenmanagement-Alles-aus-Muss-nicht-sein_MQ-312x175.jpg 312w, https:\/\/www.m-q.ch\/wp-content\/uploads\/2022\/06\/Krisenmanagement-Alles-aus-Muss-nicht-sein_MQ-623x350.jpg 623w, https:\/\/www.m-q.ch\/wp-content\/uploads\/2022\/06\/Krisenmanagement-Alles-aus-Muss-nicht-sein_MQ-300x169.jpg 300w\" sizes=\"auto, (max-width: 680px) 100vw, 680px\" \/><figcaption id=\"caption-attachment-16545\" class=\"wp-caption-text\">Il 27 ottobre 2022 si terr\u00e0 un simposio sui rischi aziendali e sulla gestione delle crisi in caso di interruzioni dell'attivit\u00e0. (Immagine: Save AG)<\/figcaption><\/figure>\n<p>Viviamo in un mondo VUCA, caratterizzato da volatilit\u00e0, incertezze, complessit\u00e0 e ambiguit\u00e0. Le influenze sulla gestione del rischio aziendale sono aumentate e sono diventate ancora pi\u00f9 stratificate e complesse. Il fatto che l'improbabile possa verificarsi \u00e8 parte di esso. Le interruzioni dell'attivit\u00e0 o le interruzioni prolungate non sono pi\u00f9 cos\u00ec rare. I recenti eventi di grande tragicit\u00e0 e portata, tuttavia, pongono requisiti completamente nuovi alla sicurezza operativa, alla gestione delle emergenze e delle crisi e alla resilienza organizzativa.<\/p>\n<h3>L'insicurezza della fornitura di energia elettrica aumenta il rischio di interruzioni operative<\/h3>\n<p>La crescente messa in rete e la penetrazione delle tecnologie dell'informazione in quasi tutti i settori della vita e la messa in rete delle catene logistiche e di approvvigionamento aprono un potenziale economico e sociale di cui un Paese altamente sviluppato e industrializzato come la Svizzera non pu\u00f2 fare a meno. Allo stesso tempo, per\u00f2, la crescente digitalizzazione e l'incertezza sulla futura sicurezza dell'approvvigionamento elettrico stanno creando nuove situazioni di rischio a cui bisogna rispondere in modo rapido e coerente. Il pericolo particolare di attacchi informatici mirati alle infrastrutture TIC riguarda le agenzie governative, gli operatori di infrastrutture critiche e altre aziende o organizzazioni.<\/p>\n<h3>Approcci per una gestione efficace delle crisi<\/h3>\n<p>Chi ha identificato seriamente i rischi per la propria azienda e ha pianificato le misure, si protegge meglio dagli eventi e dai conseguenti potenziali disservizi, perdite e interruzioni dell'attivit\u00e0. La consapevolezza delle interruzioni dell'attivit\u00e0 e delle potenziali vulnerabilit\u00e0 \u00e8 stata raggiunta ovunque ed \u00e8 sufficiente? Le aziende hanno la resilienza necessaria? Le presentazioni del 27 ottobre tratteranno i principali rischi aziendali latenti in Svizzera e forniranno approcci su come gestirli e quali misure possono essere adottate per contrastarli.<\/p>\n<p><a href=\"https:\/\/save.ch\/event\/betriebsausfaelle-stoerung-krise-was-tun-2022\/\"><em>Informazioni sul simposio<\/em><\/a><\/p>","protected":false},"excerpt":{"rendered":"<p>Wir leben in einer VUCA-Welt \u2013 gepr\u00e4gt demzufolge von Volatilit\u00e4ten, Unsicherheiten, Komplexit\u00e4ten und Mehrdeutigkeiten. Die Einfl\u00fcsse auf das Risikomanagement der Unternehmen sind gestiegen und noch vielschichtiger, komplexer geworden. Dass Unwahrscheinliches wahrscheinlich eintreten kann, geh\u00f6rt dazu. Betriebsst\u00f6rungen respektive l\u00e4ngere Unterbrechungen sind keine allzu seltenen Ereignisse mehr. J\u00fcngste Vorkommnisse von hoher Tragik und Reichweite stellen indes ganz [&hellip;]<\/p>\n","protected":false},"author":10,"featured_media":16545,"comment_status":"closed","ping_status":"closed","sticky":false,"template":"","format":"standard","meta":{"_acf_changed":false,"footnotes":""},"categories":[4],"tags":[5284,3554,3693],"class_list":["post-16544","post","type-post","status-publish","format-standard","has-post-thumbnail","hentry","category-risikomanagement","tag-betriebsstoerungen","tag-krisenmanagement","tag-risk-management"],"acf":[],"yoast_head":"<!-- This site is optimized with the Yoast SEO plugin v26.2 - https:\/\/yoast.com\/wordpress\/plugins\/seo\/ -->\n<title>Betriebsst\u00f6rungen: Alles aus? Muss nicht sein! - MQ Management und Qualit\u00e4t<\/title>\n<meta name=\"description\" content=\"Betriebsst\u00f6rungen stellen neue Herausforderungen an das betriebliche Risiko-, Sicherheits- und Krisenmanagement.\" \/>\n<meta name=\"robots\" content=\"index, follow, max-snippet:-1, max-image-preview:large, max-video-preview:-1\" \/>\n<link rel=\"canonical\" href=\"https:\/\/www.m-q.ch\/it\/cancellazioni-operative-tutte-spente-non-deve-essere\/\" \/>\n<meta property=\"og:locale\" content=\"it_IT\" \/>\n<meta property=\"og:type\" content=\"article\" \/>\n<meta property=\"og:title\" content=\"Krisenmanagement: Alles aus? Muss nicht sein!\" \/>\n<meta property=\"og:description\" content=\"Betriebsst\u00f6rungen stellen neue Herausforderungen an das betriebliche Risiko-, Sicherheits- und Krisenmanagement.\" \/>\n<meta property=\"og:url\" content=\"https:\/\/www.m-q.ch\/it\/cancellazioni-operative-tutte-spente-non-deve-essere\/\" \/>\n<meta property=\"og:site_name\" content=\"MQ Management und Qualit\u00e4t\" \/>\n<meta property=\"article:publisher\" content=\"https:\/\/www.facebook.com\/ManagementUndQualitaet\" \/>\n<meta property=\"article:published_time\" content=\"2022-06-27T12:22:36+00:00\" \/>\n<meta property=\"og:image\" content=\"https:\/\/www.m-q.ch\/wp-content\/uploads\/2022\/06\/Krisenmanagement-Alles-aus-Muss-nicht-sein_MQ.jpg\" \/>\n\t<meta property=\"og:image:width\" content=\"680\" \/>\n\t<meta property=\"og:image:height\" content=\"382\" \/>\n\t<meta property=\"og:image:type\" content=\"image\/jpeg\" \/>\n<meta name=\"author\" content=\"Thomas Berner\" \/>\n<meta name=\"twitter:card\" content=\"summary_large_image\" \/>\n<meta name=\"twitter:title\" content=\"#Krisenmanagement: Alles aus? Muss nicht sein!\" \/>\n<meta name=\"twitter:description\" content=\"#Betriebsst\u00f6rungen stellen neue Herausforderungen an das betriebliche Risiko-, Sicherheits- und #Krisenmanagement.\" \/>\n<meta name=\"twitter:image\" content=\"https:\/\/www.m-q.ch\/wp-content\/uploads\/2022\/06\/Krisenmanagement-Alles-aus-Muss-nicht-sein_MQ.jpg\" \/>\n<meta name=\"twitter:label1\" content=\"Scritto da\" \/>\n\t<meta name=\"twitter:data1\" content=\"Thomas Berner\" \/>\n\t<meta name=\"twitter:label2\" content=\"Tempo di lettura stimato\" \/>\n\t<meta name=\"twitter:data2\" content=\"1 minuto\" \/>\n<script type=\"application\/ld+json\" class=\"yoast-schema-graph\">{\"@context\":\"https:\/\/schema.org\",\"@graph\":[{\"@type\":\"Article\",\"@id\":\"https:\/\/www.m-q.ch\/betriebsstoerungen-alles-aus-muss-nicht-sein\/#article\",\"isPartOf\":{\"@id\":\"https:\/\/www.m-q.ch\/betriebsstoerungen-alles-aus-muss-nicht-sein\/\"},\"author\":{\"name\":\"Thomas Berner\",\"@id\":\"https:\/\/www.m-q.ch\/fr\/#\/schema\/person\/a8711938b1cfb3f056dec70eaa0b42ab\"},\"headline\":\"Betriebsst\u00f6rungen: Alles aus? Muss nicht sein!\",\"datePublished\":\"2022-06-27T12:22:36+00:00\",\"mainEntityOfPage\":{\"@id\":\"https:\/\/www.m-q.ch\/betriebsstoerungen-alles-aus-muss-nicht-sein\/\"},\"wordCount\":294,\"publisher\":{\"@id\":\"https:\/\/www.m-q.ch\/fr\/#organization\"},\"image\":{\"@id\":\"https:\/\/www.m-q.ch\/betriebsstoerungen-alles-aus-muss-nicht-sein\/#primaryimage\"},\"thumbnailUrl\":\"https:\/\/www.m-q.ch\/wp-content\/uploads\/2022\/06\/Krisenmanagement-Alles-aus-Muss-nicht-sein_MQ.jpg\",\"keywords\":[\"Betriebsst\u00f6rungen\",\"Krisenmanagement\",\"Risk Management\"],\"articleSection\":[\"Risikomanagement\"],\"inLanguage\":\"it-IT\"},{\"@type\":\"WebPage\",\"@id\":\"https:\/\/www.m-q.ch\/betriebsstoerungen-alles-aus-muss-nicht-sein\/\",\"url\":\"https:\/\/www.m-q.ch\/betriebsstoerungen-alles-aus-muss-nicht-sein\/\",\"name\":\"Betriebsst\u00f6rungen: Alles aus? Muss nicht sein! - MQ Management und Qualit\u00e4t\",\"isPartOf\":{\"@id\":\"https:\/\/www.m-q.ch\/fr\/#website\"},\"primaryImageOfPage\":{\"@id\":\"https:\/\/www.m-q.ch\/betriebsstoerungen-alles-aus-muss-nicht-sein\/#primaryimage\"},\"image\":{\"@id\":\"https:\/\/www.m-q.ch\/betriebsstoerungen-alles-aus-muss-nicht-sein\/#primaryimage\"},\"thumbnailUrl\":\"https:\/\/www.m-q.ch\/wp-content\/uploads\/2022\/06\/Krisenmanagement-Alles-aus-Muss-nicht-sein_MQ.jpg\",\"datePublished\":\"2022-06-27T12:22:36+00:00\",\"description\":\"Betriebsst\u00f6rungen stellen neue Herausforderungen an das betriebliche Risiko-, Sicherheits- und Krisenmanagement.\",\"breadcrumb\":{\"@id\":\"https:\/\/www.m-q.ch\/betriebsstoerungen-alles-aus-muss-nicht-sein\/#breadcrumb\"},\"inLanguage\":\"it-IT\",\"potentialAction\":[{\"@type\":\"ReadAction\",\"target\":[\"https:\/\/www.m-q.ch\/betriebsstoerungen-alles-aus-muss-nicht-sein\/\"]}]},{\"@type\":\"ImageObject\",\"inLanguage\":\"it-IT\",\"@id\":\"https:\/\/www.m-q.ch\/betriebsstoerungen-alles-aus-muss-nicht-sein\/#primaryimage\",\"url\":\"https:\/\/www.m-q.ch\/wp-content\/uploads\/2022\/06\/Krisenmanagement-Alles-aus-Muss-nicht-sein_MQ.jpg\",\"contentUrl\":\"https:\/\/www.m-q.ch\/wp-content\/uploads\/2022\/06\/Krisenmanagement-Alles-aus-Muss-nicht-sein_MQ.jpg\",\"width\":680,\"height\":382,\"caption\":\"Eine Fachtagung besch\u00e4ftigt sich am 27. Oktober 2022 mit Gesch\u00e4ftsrisiken und zugeh\u00f6rigem Krisenmanagement. (Bild: Save AG)\"},{\"@type\":\"BreadcrumbList\",\"@id\":\"https:\/\/www.m-q.ch\/betriebsstoerungen-alles-aus-muss-nicht-sein\/#breadcrumb\",\"itemListElement\":[{\"@type\":\"ListItem\",\"position\":1,\"name\":\"Risikomanagement\",\"item\":\"https:\/\/www.m-q.ch\/kategorie\/risikomanagement\/\"},{\"@type\":\"ListItem\",\"position\":2,\"name\":\"Betriebsst\u00f6rungen: Alles aus? Muss nicht sein!\"}]},{\"@type\":\"WebSite\",\"@id\":\"https:\/\/www.m-q.ch\/fr\/#website\",\"url\":\"https:\/\/www.m-q.ch\/fr\/\",\"name\":\"MQ Management und Qualit\u00e4t\",\"description\":\"Plattform f\u00fcr integrierte Managementsysteme.\",\"publisher\":{\"@id\":\"https:\/\/www.m-q.ch\/fr\/#organization\"},\"potentialAction\":[{\"@type\":\"SearchAction\",\"target\":{\"@type\":\"EntryPoint\",\"urlTemplate\":\"https:\/\/www.m-q.ch\/fr\/?s={search_term_string}\"},\"query-input\":{\"@type\":\"PropertyValueSpecification\",\"valueRequired\":true,\"valueName\":\"search_term_string\"}}],\"inLanguage\":\"it-IT\"},{\"@type\":\"Organization\",\"@id\":\"https:\/\/www.m-q.ch\/fr\/#organization\",\"name\":\"Galledia Fachmedien AG\",\"url\":\"https:\/\/www.m-q.ch\/fr\/\",\"logo\":{\"@type\":\"ImageObject\",\"inLanguage\":\"it-IT\",\"@id\":\"https:\/\/www.m-q.ch\/fr\/#\/schema\/logo\/image\/\",\"url\":\"https:\/\/www.m-q.ch\/wp-content\/uploads\/2020\/12\/cropped-logo_small.png\",\"contentUrl\":\"https:\/\/www.m-q.ch\/wp-content\/uploads\/2020\/12\/cropped-logo_small.png\",\"width\":512,\"height\":512,\"caption\":\"Galledia Fachmedien AG\"},\"image\":{\"@id\":\"https:\/\/www.m-q.ch\/fr\/#\/schema\/logo\/image\/\"},\"sameAs\":[\"https:\/\/www.facebook.com\/ManagementUndQualitaet\",\"https:\/\/www.linkedin.com\/showcase\/17982321\/admin\/\"]},{\"@type\":\"Person\",\"@id\":\"https:\/\/www.m-q.ch\/fr\/#\/schema\/person\/a8711938b1cfb3f056dec70eaa0b42ab\",\"name\":\"Thomas Berner\",\"image\":{\"@type\":\"ImageObject\",\"inLanguage\":\"it-IT\",\"@id\":\"https:\/\/www.m-q.ch\/fr\/#\/schema\/person\/image\/\",\"url\":\"https:\/\/secure.gravatar.com\/avatar\/faea7857408f70478f976d576da10f96?s=96&d=mm&r=g\",\"contentUrl\":\"https:\/\/secure.gravatar.com\/avatar\/faea7857408f70478f976d576da10f96?s=96&d=mm&r=g\",\"caption\":\"Thomas Berner\"},\"url\":\"https:\/\/www.m-q.ch\/it\/author\/thomas-berner\/\"}]}<\/script>\n<!-- \/ Yoast SEO plugin. -->","yoast_head_json":{"title":"Malfunzionamenti: Tutto spento? Non \u00e8 necessario! - MQ Gestione e qualit\u00e0","description":"Le interruzioni operative pongono nuove sfide per la gestione del rischio operativo, della sicurezza e delle crisi.","robots":{"index":"index","follow":"follow","max-snippet":"max-snippet:-1","max-image-preview":"max-image-preview:large","max-video-preview":"max-video-preview:-1"},"canonical":"https:\/\/www.m-q.ch\/it\/cancellazioni-operative-tutte-spente-non-deve-essere\/","og_locale":"it_IT","og_type":"article","og_title":"Krisenmanagement: Alles aus? Muss nicht sein!","og_description":"Betriebsst\u00f6rungen stellen neue Herausforderungen an das betriebliche Risiko-, Sicherheits- und Krisenmanagement.","og_url":"https:\/\/www.m-q.ch\/it\/cancellazioni-operative-tutte-spente-non-deve-essere\/","og_site_name":"MQ Management und Qualit\u00e4t","article_publisher":"https:\/\/www.facebook.com\/ManagementUndQualitaet","article_published_time":"2022-06-27T12:22:36+00:00","og_image":[{"width":680,"height":382,"url":"https:\/\/www.m-q.ch\/wp-content\/uploads\/2022\/06\/Krisenmanagement-Alles-aus-Muss-nicht-sein_MQ.jpg","type":"image\/jpeg"}],"author":"Thomas Berner","twitter_card":"summary_large_image","twitter_title":"#Krisenmanagement: Alles aus? Muss nicht sein!","twitter_description":"#Betriebsst\u00f6rungen stellen neue Herausforderungen an das betriebliche Risiko-, Sicherheits- und #Krisenmanagement.","twitter_image":"https:\/\/www.m-q.ch\/wp-content\/uploads\/2022\/06\/Krisenmanagement-Alles-aus-Muss-nicht-sein_MQ.jpg","twitter_misc":{"Scritto da":"Thomas Berner","Tempo di lettura stimato":"1 minuto"},"schema":{"@context":"https:\/\/schema.org","@graph":[{"@type":"Article","@id":"https:\/\/www.m-q.ch\/betriebsstoerungen-alles-aus-muss-nicht-sein\/#article","isPartOf":{"@id":"https:\/\/www.m-q.ch\/betriebsstoerungen-alles-aus-muss-nicht-sein\/"},"author":{"name":"Thomas Berner","@id":"https:\/\/www.m-q.ch\/fr\/#\/schema\/person\/a8711938b1cfb3f056dec70eaa0b42ab"},"headline":"Betriebsst\u00f6rungen: Alles aus? Muss nicht sein!","datePublished":"2022-06-27T12:22:36+00:00","mainEntityOfPage":{"@id":"https:\/\/www.m-q.ch\/betriebsstoerungen-alles-aus-muss-nicht-sein\/"},"wordCount":294,"publisher":{"@id":"https:\/\/www.m-q.ch\/fr\/#organization"},"image":{"@id":"https:\/\/www.m-q.ch\/betriebsstoerungen-alles-aus-muss-nicht-sein\/#primaryimage"},"thumbnailUrl":"https:\/\/www.m-q.ch\/wp-content\/uploads\/2022\/06\/Krisenmanagement-Alles-aus-Muss-nicht-sein_MQ.jpg","keywords":["Betriebsst\u00f6rungen","Krisenmanagement","Risk Management"],"articleSection":["Risikomanagement"],"inLanguage":"it-IT"},{"@type":"WebPage","@id":"https:\/\/www.m-q.ch\/betriebsstoerungen-alles-aus-muss-nicht-sein\/","url":"https:\/\/www.m-q.ch\/betriebsstoerungen-alles-aus-muss-nicht-sein\/","name":"Malfunzionamenti: Tutto spento? Non \u00e8 necessario! - MQ Gestione e qualit\u00e0","isPartOf":{"@id":"https:\/\/www.m-q.ch\/fr\/#website"},"primaryImageOfPage":{"@id":"https:\/\/www.m-q.ch\/betriebsstoerungen-alles-aus-muss-nicht-sein\/#primaryimage"},"image":{"@id":"https:\/\/www.m-q.ch\/betriebsstoerungen-alles-aus-muss-nicht-sein\/#primaryimage"},"thumbnailUrl":"https:\/\/www.m-q.ch\/wp-content\/uploads\/2022\/06\/Krisenmanagement-Alles-aus-Muss-nicht-sein_MQ.jpg","datePublished":"2022-06-27T12:22:36+00:00","description":"Le interruzioni operative pongono nuove sfide per la gestione del rischio operativo, della sicurezza e delle crisi.","breadcrumb":{"@id":"https:\/\/www.m-q.ch\/betriebsstoerungen-alles-aus-muss-nicht-sein\/#breadcrumb"},"inLanguage":"it-IT","potentialAction":[{"@type":"ReadAction","target":["https:\/\/www.m-q.ch\/betriebsstoerungen-alles-aus-muss-nicht-sein\/"]}]},{"@type":"ImageObject","inLanguage":"it-IT","@id":"https:\/\/www.m-q.ch\/betriebsstoerungen-alles-aus-muss-nicht-sein\/#primaryimage","url":"https:\/\/www.m-q.ch\/wp-content\/uploads\/2022\/06\/Krisenmanagement-Alles-aus-Muss-nicht-sein_MQ.jpg","contentUrl":"https:\/\/www.m-q.ch\/wp-content\/uploads\/2022\/06\/Krisenmanagement-Alles-aus-Muss-nicht-sein_MQ.jpg","width":680,"height":382,"caption":"Eine Fachtagung besch\u00e4ftigt sich am 27. Oktober 2022 mit Gesch\u00e4ftsrisiken und zugeh\u00f6rigem Krisenmanagement. (Bild: Save AG)"},{"@type":"BreadcrumbList","@id":"https:\/\/www.m-q.ch\/betriebsstoerungen-alles-aus-muss-nicht-sein\/#breadcrumb","itemListElement":[{"@type":"ListItem","position":1,"name":"Risikomanagement","item":"https:\/\/www.m-q.ch\/kategorie\/risikomanagement\/"},{"@type":"ListItem","position":2,"name":"Betriebsst\u00f6rungen: Alles aus? Muss nicht sein!"}]},{"@type":"WebSite","@id":"https:\/\/www.m-q.ch\/fr\/#website","url":"https:\/\/www.m-q.ch\/fr\/","name":"Gestione e qualit\u00e0 MQ","description":"Piattaforma per sistemi di gestione integrati.","publisher":{"@id":"https:\/\/www.m-q.ch\/fr\/#organization"},"potentialAction":[{"@type":"SearchAction","target":{"@type":"EntryPoint","urlTemplate":"https:\/\/www.m-q.ch\/fr\/?s={search_term_string}"},"query-input":{"@type":"PropertyValueSpecification","valueRequired":true,"valueName":"search_term_string"}}],"inLanguage":"it-IT"},{"@type":"Organization","@id":"https:\/\/www.m-q.ch\/fr\/#organization","name":"Galledia Fachmedien AG","url":"https:\/\/www.m-q.ch\/fr\/","logo":{"@type":"ImageObject","inLanguage":"it-IT","@id":"https:\/\/www.m-q.ch\/fr\/#\/schema\/logo\/image\/","url":"https:\/\/www.m-q.ch\/wp-content\/uploads\/2020\/12\/cropped-logo_small.png","contentUrl":"https:\/\/www.m-q.ch\/wp-content\/uploads\/2020\/12\/cropped-logo_small.png","width":512,"height":512,"caption":"Galledia Fachmedien AG"},"image":{"@id":"https:\/\/www.m-q.ch\/fr\/#\/schema\/logo\/image\/"},"sameAs":["https:\/\/www.facebook.com\/ManagementUndQualitaet","https:\/\/www.linkedin.com\/showcase\/17982321\/admin\/"]},{"@type":"Person","@id":"https:\/\/www.m-q.ch\/fr\/#\/schema\/person\/a8711938b1cfb3f056dec70eaa0b42ab","name":"Thomas Bernard","image":{"@type":"ImageObject","inLanguage":"it-IT","@id":"https:\/\/www.m-q.ch\/fr\/#\/schema\/person\/image\/","url":"https:\/\/secure.gravatar.com\/avatar\/faea7857408f70478f976d576da10f96?s=96&d=mm&r=g","contentUrl":"https:\/\/secure.gravatar.com\/avatar\/faea7857408f70478f976d576da10f96?s=96&d=mm&r=g","caption":"Thomas Berner"},"url":"https:\/\/www.m-q.ch\/it\/author\/thomas-berner\/"}]}},"_links":{"self":[{"href":"https:\/\/www.m-q.ch\/it\/wp-json\/wp\/v2\/posts\/16544","targetHints":{"allow":["GET"]}}],"collection":[{"href":"https:\/\/www.m-q.ch\/it\/wp-json\/wp\/v2\/posts"}],"about":[{"href":"https:\/\/www.m-q.ch\/it\/wp-json\/wp\/v2\/types\/post"}],"author":[{"embeddable":true,"href":"https:\/\/www.m-q.ch\/it\/wp-json\/wp\/v2\/users\/10"}],"replies":[{"embeddable":true,"href":"https:\/\/www.m-q.ch\/it\/wp-json\/wp\/v2\/comments?post=16544"}],"version-history":[{"count":1,"href":"https:\/\/www.m-q.ch\/it\/wp-json\/wp\/v2\/posts\/16544\/revisions"}],"predecessor-version":[{"id":16546,"href":"https:\/\/www.m-q.ch\/it\/wp-json\/wp\/v2\/posts\/16544\/revisions\/16546"}],"wp:featuredmedia":[{"embeddable":true,"href":"https:\/\/www.m-q.ch\/it\/wp-json\/wp\/v2\/media\/16545"}],"wp:attachment":[{"href":"https:\/\/www.m-q.ch\/it\/wp-json\/wp\/v2\/media?parent=16544"}],"wp:term":[{"taxonomy":"category","embeddable":true,"href":"https:\/\/www.m-q.ch\/it\/wp-json\/wp\/v2\/categories?post=16544"},{"taxonomy":"post_tag","embeddable":true,"href":"https:\/\/www.m-q.ch\/it\/wp-json\/wp\/v2\/tags?post=16544"}],"curies":[{"name":"wp","href":"https:\/\/api.w.org\/{rel}","templated":true}]}}