{"id":16766,"date":"2022-08-09T13:34:04","date_gmt":"2022-08-09T11:34:04","guid":{"rendered":"https:\/\/www.m-q.ch\/?p=16766"},"modified":"2022-08-29T09:46:45","modified_gmt":"2022-08-29T07:46:45","slug":"green-it-sostenibile-come-chiave-per-la-competitivita","status":"publish","type":"post","link":"https:\/\/www.m-q.ch\/it\/green-it-nachhaltige-it-als-schluessel-zur-wettbewerbsfaehigkeit\/","title":{"rendered":"Green IT: l'IT sostenibile come chiave per la competitivit\u00e0"},"content":{"rendered":"<figure id=\"attachment_16767\" aria-describedby=\"caption-attachment-16767\" style=\"width: 680px\" class=\"wp-caption alignnone\"><img loading=\"lazy\" decoding=\"async\" class=\"size-full wp-image-16767\" src=\"https:\/\/www.m-q.ch\/wp-content\/uploads\/2022\/08\/Green-IT-Nachhaltige-IT-als-Schluessel-zur-Wettbewerbsfaehigkeit_MQ.jpg\" alt=\"\" width=\"680\" height=\"453\" srcset=\"https:\/\/www.m-q.ch\/wp-content\/uploads\/2022\/08\/Green-IT-Nachhaltige-IT-als-Schluessel-zur-Wettbewerbsfaehigkeit_MQ.jpg 680w, https:\/\/www.m-q.ch\/wp-content\/uploads\/2022\/08\/Green-IT-Nachhaltige-IT-als-Schluessel-zur-Wettbewerbsfaehigkeit_MQ-18x12.jpg 18w, https:\/\/www.m-q.ch\/wp-content\/uploads\/2022\/08\/Green-IT-Nachhaltige-IT-als-Schluessel-zur-Wettbewerbsfaehigkeit_MQ-263x175.jpg 263w, https:\/\/www.m-q.ch\/wp-content\/uploads\/2022\/08\/Green-IT-Nachhaltige-IT-als-Schluessel-zur-Wettbewerbsfaehigkeit_MQ-525x350.jpg 525w, https:\/\/www.m-q.ch\/wp-content\/uploads\/2022\/08\/Green-IT-Nachhaltige-IT-als-Schluessel-zur-Wettbewerbsfaehigkeit_MQ-300x200.jpg 300w\" sizes=\"auto, (max-width: 680px) 100vw, 680px\" \/><figcaption id=\"caption-attachment-16767\" class=\"wp-caption-text\">Philippe Picalek di Cloudera afferma che, oltre alla cultura aziendale, l'IT \u00e8 al centro dell'attenzione quando si parla di sostenibilit\u00e0. (Immagine: pixabay, geralt)<\/figcaption><\/figure>\n<p>Se da un lato la digitalizzazione dei processi consente di risparmiare risorse nelle singole aziende, dall'altro la trasformazione digitale globale porta ad una <a href=\"https:\/\/www.m-q.ch\/it\/il-2019-porta-con-se-piu-dati-piu-cloud-e-piu-esigenze\/\">Utilizzo esponenziale delle risorse a livello globale<\/a>. Il motivo \u00e8 semplice: i crescenti flussi di lavoro virtuali generano quantit\u00e0 sempre maggiori di dati che vengono archiviati nei data center, i quali, a seconda delle dimensioni e della costituzione, producono pi\u00f9 o meno emissioni di CO2. <a href=\"https:\/\/www.climateneutralgroup.com\/en\/news\/carbon-emissions-of-data-centers\/\">Gli studi dimostrano che le operazioni dei centri dati rappresentano gi\u00e0 il 2% dell'energia mondiale.<\/a>.\u00a0<\/p>\n<p>\u00c8 ancora pi\u00f9 tragico quando i dati vengono archiviati ma non analizzati n\u00e9 utilizzati per il successo dell'azienda. Si crea una situazione di \"allentamento\". La scelta del luogo di archiviazione dei dati, la forma dei dati e la giusta piattaforma dati sono quindi un passo decisivo sia per il successo aziendale che per la salvaguardia dell'ambiente. Ci\u00f2 conferisce un'immensa importanza all'informatica verde, ossia ai servizi e ai prodotti delle tecnologie dell'informazione e della comunicazione (TIC) compatibili con l'ambiente e all'uso sostenibile.<\/p>\n<h3><strong>Iniziative, misure e certificazioni<\/strong><\/h3>\n<p>Misure come la Green IT Initiative del governo tedesco o la direttiva europea sulla progettazione ecocompatibile sono riuscite a mantenere il consumo di elettricit\u00e0 da parte dell'IT in Germania almeno relativamente costante dal 2017 - circa il due percento del consumo di elettricit\u00e0 del Paese. Ma la tecnologia blockchain o l'intelligenza artificiale (AI) stanno facendo aumentare la domanda di energia dei data center. Secondo un <a href=\"https:\/\/theshiftproject.org\/wp-content\/uploads\/2019\/03\/Lean-ICT-Report_The-Shift-Project_2019.pdf\">Studio del Progetto Shift<\/a> del 2019, tuttavia, le emissioni dell'economia digitale potrebbero gi\u00e0 rappresentare l'otto per cento delle emissioni totali di CO2 nei prossimi cinque anni.\u00a0<\/p>\n<p>Per contrastare questi scenari, le aziende devono prestare attenzione alla loro impronta di carbonio, soprattutto nei data center. Ad esempio, \u00e8 possibile risparmiare molta energia nel raffreddamento dei server, perch\u00e9 l'illuminazione e il raffreddamento esterno possono essere automatizzati e anche la posizione dei server gioca un ruolo importante: il pi\u00f9 lontano possibile e in un luogo fresco. <a href=\"https:\/\/www.nrel.gov\/computational-science\/measuring-efficiency-pue.html\">Complessivamente, si dovrebbe puntare a un'efficienza di consumo energetico pari o inferiore a 1,2.<\/a> Inoltre, molti processi e applicazioni possono essere spostati nel cloud. La fornitura di energia per i sistemi cloud tende a essere inferiore a causa della scalabilit\u00e0 delle dimensioni. In sostanza, le aziende possono anche prestare attenzione alle certificazioni di efficienza energetica al momento dell'acquisto. Organizzazioni come TCO Certified o Energy Star, ad esempio, testano e certificano fabbriche e dispositivi in relazione alla loro efficienza e alle pratiche sostenibili.\u00a0<\/p>\n<h3><strong>Che ruolo ha la Green IT nelle aziende?<\/strong><\/h3>\n<p>Secondo un\u00a0<a href=\"https:\/\/www.capgemini.com\/de-de\/news\/sustainable-it-nachhaltigkeit-studie-2021\/\">Studio di Capgemini<\/a> Tuttavia, l'IT verde gioca attualmente solo un ruolo minore nella maggior parte delle aziende: solo un'azienda su cinque con una strategia di sostenibilit\u00e0 tiene conto del contributo dell'IT al clima. Secondo il 53% degli intervistati, ci\u00f2 \u00e8 dovuto, tra l'altro, alla mancanza di competenze. E solo il 43% dei dirigenti \u00e8 a conoscenza della quantit\u00e0 di emissioni di CO2 causate dall'IT. Solo il 18% ha una strategia completa con scadenze e obiettivi concretamente definiti; solo il 6% sta gi\u00e0 implementando l'IT sostenibile. E la situazione non cambier\u00e0 nei prossimi anni: solo il 22% delle aziende prevede di ridurre la propria impronta di CO2 di oltre un quarto attraverso l'IT sostenibile. E questo nonostante il fatto che\u00a0<a href=\"https:\/\/www.climateneutralgroup.com\/en\/news\/carbon-emissions-of-data-centers\/\">Si stima che i data center consumino circa il 3% dell'elettricit\u00e0 mondiale.<\/a> e sono responsabili di circa il 2% delle emissioni totali di gas serra.<\/p>\n<h3><strong>L'uso sostenibile dei dati decide sulla competitivit\u00e0 e sull'abbandono del personale<\/strong><\/h3>\n<p>Le aziende hanno riconosciuto l'importanza di decisioni aziendali sostenibili basate sui dati. Secondo un\u00a0<a href=\"https:\/\/www.cloudera.com\/content\/dam\/www\/marketing\/resources\/whitepapers\/cloudera-global-ai-report.pdf?daqp=true\">Studio di Cloudera<\/a> pi\u00f9 di un quinto (21%) dei responsabili decisionali delle aziende tedesche d\u00e0 gi\u00e0 priorit\u00e0 a maggiori investimenti ambientali, sociali e di governance (ESG) rispetto allo sviluppo di nuovi prodotti e servizi (18%) o al mantenimento o all'aumento dei profitti (19%). Tuttavia, non si tratta di una scelta del tutto altruistica, perch\u00e9 oltre alla necessit\u00e0 ambientale, non si possono ignorare i vantaggi economici dell'IT sostenibile, sia in termini di prestazioni aziendali che di reputazione sociale, immagine del marchio e fedelt\u00e0 dei clienti.\u00a0<\/p>\n<p>Lo studio di Cloudera lo dimostra nel dettaglio: alla domanda su quale sarebbe l'impatto se la loro azienda non iniziasse a utilizzare i dati per prendere decisioni aziendali pi\u00f9 sostenibili nei prossimi 3 anni, quasi la met\u00e0 dei decision maker aziendali (47%) ha risposto che si aspetterebbe un calo della crescita. Altre conseguenze sono l'aumento della pressione sul consiglio di amministrazione e la perdita di affari. L'aspetto pi\u00f9 interessante \u00e8 che il 27% dei responsabili delle decisioni ritiene che i dipendenti lasceranno l'azienda, un criterio cruciale in tempi di carenza di competenze.<\/p>\n<p><em><strong>All'autore:<\/strong><br \/>\nPhilippe Picalek, Vicepresidente regionale per la Svizzera di Cloudera, un fornitore di servizi cloud. Cloudera Enterprise Data Cloud elabora tutti i dati, indipendentemente da dove sono archiviati, dall'edge alle applicazioni AI.\u00a0<\/em><\/p>","protected":false},"excerpt":{"rendered":"<p>W\u00e4hrend die Digitalisierung von Prozessen in einzelnen Unternehmen Ressourcen einspart, so f\u00fchrt die globale digitale Transformation zu einer weltweiten exponentiellen Ressourcennutzung. Das hat einen einfachen Grund: Durch steigende virtuelle Arbeitsabl\u00e4ufe entstehen immer gr\u00f6ssere Mengen an Daten, die in Rechenzentren gespeichert werden \u2013 die je nach Gr\u00f6sse und Konstitution mehr oder weniger CO2-Emissionen produzieren. Studien zeigen, [&hellip;]<\/p>\n","protected":false},"author":10,"featured_media":16767,"comment_status":"closed","ping_status":"closed","sticky":false,"template":"","format":"standard","meta":{"_acf_changed":false,"footnotes":""},"categories":[3303],"tags":[4192,3372,5302],"class_list":["post-16766","post","type-post","status-publish","format-standard","has-post-thumbnail","hentry","category-qualitaetsmanagement","tag-cloud-computing","tag-digitalisierung","tag-green-it"],"acf":[],"yoast_head":"<!-- This site is optimized with the Yoast SEO plugin v26.2 - https:\/\/yoast.com\/wordpress\/plugins\/seo\/ -->\n<title>Green IT: Nachhaltige IT als Schl\u00fcssel zur Wettbewerbsf\u00e4higkeit - MQ Management und Qualit\u00e4t<\/title>\n<meta name=\"description\" content=\"Bei der Nachhaltigkeit geht es auch um IT, denn gerade Rechenzentren tragen zum steigenden Energieverbrauch bei. Green IT lautet die Losung.\" \/>\n<meta name=\"robots\" content=\"index, follow, max-snippet:-1, max-image-preview:large, max-video-preview:-1\" \/>\n<link rel=\"canonical\" href=\"https:\/\/www.m-q.ch\/it\/green-it-sostenibile-come-chiave-per-la-competitivita\/\" \/>\n<meta property=\"og:locale\" content=\"it_IT\" \/>\n<meta property=\"og:type\" content=\"article\" \/>\n<meta property=\"og:title\" content=\"Green IT: Nachhaltige IT als Schl\u00fcssel zur Wettbewerbsf\u00e4higkeit\" \/>\n<meta property=\"og:description\" content=\"Bei der Nachhaltigkeit geht es auch um IT, denn gerade Rechenzentren tragen zum steigenden Energieverbrauch bei. Green IT lautet die Losung.\" \/>\n<meta property=\"og:url\" content=\"https:\/\/www.m-q.ch\/it\/green-it-sostenibile-come-chiave-per-la-competitivita\/\" \/>\n<meta property=\"og:site_name\" content=\"MQ Management und Qualit\u00e4t\" \/>\n<meta property=\"article:publisher\" content=\"https:\/\/www.facebook.com\/ManagementUndQualitaet\" \/>\n<meta property=\"article:published_time\" content=\"2022-08-09T11:34:04+00:00\" \/>\n<meta property=\"article:modified_time\" content=\"2022-08-29T07:46:45+00:00\" \/>\n<meta property=\"og:image\" content=\"https:\/\/www.m-q.ch\/wp-content\/uploads\/2022\/08\/Green-IT-Nachhaltige-IT-als-Schluessel-zur-Wettbewerbsfaehigkeit_MQ.jpg\" \/>\n\t<meta property=\"og:image:width\" content=\"680\" \/>\n\t<meta property=\"og:image:height\" content=\"453\" \/>\n\t<meta property=\"og:image:type\" content=\"image\/jpeg\" \/>\n<meta name=\"author\" content=\"Thomas Berner\" \/>\n<meta name=\"twitter:card\" content=\"summary_large_image\" \/>\n<meta name=\"twitter:title\" content=\"Green IT: Nachhaltige #IT als Schl\u00fcssel zur #Wettbewerbsf\u00e4higkeit\" \/>\n<meta name=\"twitter:description\" content=\"Bei der #Nachhaltigkeit geht es auch um #IT, denn gerade #Rechenzentren tragen zum steigenden #Energieverbrauch bei. Green IT lautet die Losung.\" \/>\n<meta name=\"twitter:image\" content=\"https:\/\/www.m-q.ch\/wp-content\/uploads\/2022\/08\/Green-IT-Nachhaltige-IT-als-Schluessel-zur-Wettbewerbsfaehigkeit_MQ.jpg\" \/>\n<meta name=\"twitter:label1\" content=\"Scritto da\" \/>\n\t<meta name=\"twitter:data1\" content=\"Thomas Berner\" \/>\n\t<meta name=\"twitter:label2\" content=\"Tempo di lettura stimato\" \/>\n\t<meta name=\"twitter:data2\" content=\"4 minuti\" \/>\n<script type=\"application\/ld+json\" class=\"yoast-schema-graph\">{\"@context\":\"https:\/\/schema.org\",\"@graph\":[{\"@type\":\"Article\",\"@id\":\"https:\/\/www.m-q.ch\/green-it-nachhaltige-it-als-schluessel-zur-wettbewerbsfaehigkeit\/#article\",\"isPartOf\":{\"@id\":\"https:\/\/www.m-q.ch\/green-it-nachhaltige-it-als-schluessel-zur-wettbewerbsfaehigkeit\/\"},\"author\":{\"name\":\"Thomas Berner\",\"@id\":\"https:\/\/www.m-q.ch\/fr\/#\/schema\/person\/a8711938b1cfb3f056dec70eaa0b42ab\"},\"headline\":\"Green IT: Nachhaltige IT als Schl\u00fcssel zur Wettbewerbsf\u00e4higkeit\",\"datePublished\":\"2022-08-09T11:34:04+00:00\",\"dateModified\":\"2022-08-29T07:46:45+00:00\",\"mainEntityOfPage\":{\"@id\":\"https:\/\/www.m-q.ch\/green-it-nachhaltige-it-als-schluessel-zur-wettbewerbsfaehigkeit\/\"},\"wordCount\":762,\"publisher\":{\"@id\":\"https:\/\/www.m-q.ch\/fr\/#organization\"},\"image\":{\"@id\":\"https:\/\/www.m-q.ch\/green-it-nachhaltige-it-als-schluessel-zur-wettbewerbsfaehigkeit\/#primaryimage\"},\"thumbnailUrl\":\"https:\/\/www.m-q.ch\/wp-content\/uploads\/2022\/08\/Green-IT-Nachhaltige-IT-als-Schluessel-zur-Wettbewerbsfaehigkeit_MQ.jpg\",\"keywords\":[\"Cloud Computing\",\"Digitalisierung\",\"Green IT\"],\"articleSection\":[\"Qualit\u00e4tsmanagement\"],\"inLanguage\":\"it-IT\"},{\"@type\":\"WebPage\",\"@id\":\"https:\/\/www.m-q.ch\/green-it-nachhaltige-it-als-schluessel-zur-wettbewerbsfaehigkeit\/\",\"url\":\"https:\/\/www.m-q.ch\/green-it-nachhaltige-it-als-schluessel-zur-wettbewerbsfaehigkeit\/\",\"name\":\"Green IT: Nachhaltige IT als Schl\u00fcssel zur Wettbewerbsf\u00e4higkeit - MQ Management und Qualit\u00e4t\",\"isPartOf\":{\"@id\":\"https:\/\/www.m-q.ch\/fr\/#website\"},\"primaryImageOfPage\":{\"@id\":\"https:\/\/www.m-q.ch\/green-it-nachhaltige-it-als-schluessel-zur-wettbewerbsfaehigkeit\/#primaryimage\"},\"image\":{\"@id\":\"https:\/\/www.m-q.ch\/green-it-nachhaltige-it-als-schluessel-zur-wettbewerbsfaehigkeit\/#primaryimage\"},\"thumbnailUrl\":\"https:\/\/www.m-q.ch\/wp-content\/uploads\/2022\/08\/Green-IT-Nachhaltige-IT-als-Schluessel-zur-Wettbewerbsfaehigkeit_MQ.jpg\",\"datePublished\":\"2022-08-09T11:34:04+00:00\",\"dateModified\":\"2022-08-29T07:46:45+00:00\",\"description\":\"Bei der Nachhaltigkeit geht es auch um IT, denn gerade Rechenzentren tragen zum steigenden Energieverbrauch bei. Green IT lautet die Losung.\",\"breadcrumb\":{\"@id\":\"https:\/\/www.m-q.ch\/green-it-nachhaltige-it-als-schluessel-zur-wettbewerbsfaehigkeit\/#breadcrumb\"},\"inLanguage\":\"it-IT\",\"potentialAction\":[{\"@type\":\"ReadAction\",\"target\":[\"https:\/\/www.m-q.ch\/green-it-nachhaltige-it-als-schluessel-zur-wettbewerbsfaehigkeit\/\"]}]},{\"@type\":\"ImageObject\",\"inLanguage\":\"it-IT\",\"@id\":\"https:\/\/www.m-q.ch\/green-it-nachhaltige-it-als-schluessel-zur-wettbewerbsfaehigkeit\/#primaryimage\",\"url\":\"https:\/\/www.m-q.ch\/wp-content\/uploads\/2022\/08\/Green-IT-Nachhaltige-IT-als-Schluessel-zur-Wettbewerbsfaehigkeit_MQ.jpg\",\"contentUrl\":\"https:\/\/www.m-q.ch\/wp-content\/uploads\/2022\/08\/Green-IT-Nachhaltige-IT-als-Schluessel-zur-Wettbewerbsfaehigkeit_MQ.jpg\",\"width\":680,\"height\":453,\"caption\":\"Philippe Picalek von Cloudera meint, dass neben der Unternehmenskultur, die IT beim Thema Nachhaltigkeit im Fokus steht. (Bild: pixabay, geralt)\"},{\"@type\":\"BreadcrumbList\",\"@id\":\"https:\/\/www.m-q.ch\/green-it-nachhaltige-it-als-schluessel-zur-wettbewerbsfaehigkeit\/#breadcrumb\",\"itemListElement\":[{\"@type\":\"ListItem\",\"position\":1,\"name\":\"Qualit\u00e4tsmanagement\",\"item\":\"https:\/\/www.m-q.ch\/kategorie\/qualitaetsmanagement\/\"},{\"@type\":\"ListItem\",\"position\":2,\"name\":\"Green IT: Nachhaltige IT als Schl\u00fcssel zur Wettbewerbsf\u00e4higkeit\"}]},{\"@type\":\"WebSite\",\"@id\":\"https:\/\/www.m-q.ch\/fr\/#website\",\"url\":\"https:\/\/www.m-q.ch\/fr\/\",\"name\":\"MQ Management und Qualit\u00e4t\",\"description\":\"Plattform f\u00fcr integrierte Managementsysteme.\",\"publisher\":{\"@id\":\"https:\/\/www.m-q.ch\/fr\/#organization\"},\"potentialAction\":[{\"@type\":\"SearchAction\",\"target\":{\"@type\":\"EntryPoint\",\"urlTemplate\":\"https:\/\/www.m-q.ch\/fr\/?s={search_term_string}\"},\"query-input\":{\"@type\":\"PropertyValueSpecification\",\"valueRequired\":true,\"valueName\":\"search_term_string\"}}],\"inLanguage\":\"it-IT\"},{\"@type\":\"Organization\",\"@id\":\"https:\/\/www.m-q.ch\/fr\/#organization\",\"name\":\"Galledia Fachmedien AG\",\"url\":\"https:\/\/www.m-q.ch\/fr\/\",\"logo\":{\"@type\":\"ImageObject\",\"inLanguage\":\"it-IT\",\"@id\":\"https:\/\/www.m-q.ch\/fr\/#\/schema\/logo\/image\/\",\"url\":\"https:\/\/www.m-q.ch\/wp-content\/uploads\/2020\/12\/cropped-logo_small.png\",\"contentUrl\":\"https:\/\/www.m-q.ch\/wp-content\/uploads\/2020\/12\/cropped-logo_small.png\",\"width\":512,\"height\":512,\"caption\":\"Galledia Fachmedien AG\"},\"image\":{\"@id\":\"https:\/\/www.m-q.ch\/fr\/#\/schema\/logo\/image\/\"},\"sameAs\":[\"https:\/\/www.facebook.com\/ManagementUndQualitaet\",\"https:\/\/www.linkedin.com\/showcase\/17982321\/admin\/\"]},{\"@type\":\"Person\",\"@id\":\"https:\/\/www.m-q.ch\/fr\/#\/schema\/person\/a8711938b1cfb3f056dec70eaa0b42ab\",\"name\":\"Thomas Berner\",\"image\":{\"@type\":\"ImageObject\",\"inLanguage\":\"it-IT\",\"@id\":\"https:\/\/www.m-q.ch\/fr\/#\/schema\/person\/image\/\",\"url\":\"https:\/\/secure.gravatar.com\/avatar\/faea7857408f70478f976d576da10f96?s=96&d=mm&r=g\",\"contentUrl\":\"https:\/\/secure.gravatar.com\/avatar\/faea7857408f70478f976d576da10f96?s=96&d=mm&r=g\",\"caption\":\"Thomas Berner\"},\"url\":\"https:\/\/www.m-q.ch\/it\/author\/thomas-berner\/\"}]}<\/script>\n<!-- \/ Yoast SEO plugin. -->","yoast_head_json":{"title":"Green IT: l'IT sostenibile come chiave per la competitivit\u00e0 - MQ Management und Qualit\u00e4t","description":"La sostenibilit\u00e0 riguarda anche l'IT, perch\u00e9 i data center in particolare contribuiscono all'aumento del consumo energetico. L'informatica verde \u00e8 la soluzione.","robots":{"index":"index","follow":"follow","max-snippet":"max-snippet:-1","max-image-preview":"max-image-preview:large","max-video-preview":"max-video-preview:-1"},"canonical":"https:\/\/www.m-q.ch\/it\/green-it-sostenibile-come-chiave-per-la-competitivita\/","og_locale":"it_IT","og_type":"article","og_title":"Green IT: Nachhaltige IT als Schl\u00fcssel zur Wettbewerbsf\u00e4higkeit","og_description":"Bei der Nachhaltigkeit geht es auch um IT, denn gerade Rechenzentren tragen zum steigenden Energieverbrauch bei. Green IT lautet die Losung.","og_url":"https:\/\/www.m-q.ch\/it\/green-it-sostenibile-come-chiave-per-la-competitivita\/","og_site_name":"MQ Management und Qualit\u00e4t","article_publisher":"https:\/\/www.facebook.com\/ManagementUndQualitaet","article_published_time":"2022-08-09T11:34:04+00:00","article_modified_time":"2022-08-29T07:46:45+00:00","og_image":[{"width":680,"height":453,"url":"https:\/\/www.m-q.ch\/wp-content\/uploads\/2022\/08\/Green-IT-Nachhaltige-IT-als-Schluessel-zur-Wettbewerbsfaehigkeit_MQ.jpg","type":"image\/jpeg"}],"author":"Thomas Berner","twitter_card":"summary_large_image","twitter_title":"Green IT: Nachhaltige #IT als Schl\u00fcssel zur #Wettbewerbsf\u00e4higkeit","twitter_description":"Bei der #Nachhaltigkeit geht es auch um #IT, denn gerade #Rechenzentren tragen zum steigenden #Energieverbrauch bei. Green IT lautet die Losung.","twitter_image":"https:\/\/www.m-q.ch\/wp-content\/uploads\/2022\/08\/Green-IT-Nachhaltige-IT-als-Schluessel-zur-Wettbewerbsfaehigkeit_MQ.jpg","twitter_misc":{"Scritto da":"Thomas Berner","Tempo di lettura stimato":"4 minuti"},"schema":{"@context":"https:\/\/schema.org","@graph":[{"@type":"Article","@id":"https:\/\/www.m-q.ch\/green-it-nachhaltige-it-als-schluessel-zur-wettbewerbsfaehigkeit\/#article","isPartOf":{"@id":"https:\/\/www.m-q.ch\/green-it-nachhaltige-it-als-schluessel-zur-wettbewerbsfaehigkeit\/"},"author":{"name":"Thomas Berner","@id":"https:\/\/www.m-q.ch\/fr\/#\/schema\/person\/a8711938b1cfb3f056dec70eaa0b42ab"},"headline":"Green IT: Nachhaltige IT als Schl\u00fcssel zur Wettbewerbsf\u00e4higkeit","datePublished":"2022-08-09T11:34:04+00:00","dateModified":"2022-08-29T07:46:45+00:00","mainEntityOfPage":{"@id":"https:\/\/www.m-q.ch\/green-it-nachhaltige-it-als-schluessel-zur-wettbewerbsfaehigkeit\/"},"wordCount":762,"publisher":{"@id":"https:\/\/www.m-q.ch\/fr\/#organization"},"image":{"@id":"https:\/\/www.m-q.ch\/green-it-nachhaltige-it-als-schluessel-zur-wettbewerbsfaehigkeit\/#primaryimage"},"thumbnailUrl":"https:\/\/www.m-q.ch\/wp-content\/uploads\/2022\/08\/Green-IT-Nachhaltige-IT-als-Schluessel-zur-Wettbewerbsfaehigkeit_MQ.jpg","keywords":["Cloud Computing","Digitalisierung","Green IT"],"articleSection":["Qualit\u00e4tsmanagement"],"inLanguage":"it-IT"},{"@type":"WebPage","@id":"https:\/\/www.m-q.ch\/green-it-nachhaltige-it-als-schluessel-zur-wettbewerbsfaehigkeit\/","url":"https:\/\/www.m-q.ch\/green-it-nachhaltige-it-als-schluessel-zur-wettbewerbsfaehigkeit\/","name":"Green IT: l'IT sostenibile come chiave per la competitivit\u00e0 - MQ Management und Qualit\u00e4t","isPartOf":{"@id":"https:\/\/www.m-q.ch\/fr\/#website"},"primaryImageOfPage":{"@id":"https:\/\/www.m-q.ch\/green-it-nachhaltige-it-als-schluessel-zur-wettbewerbsfaehigkeit\/#primaryimage"},"image":{"@id":"https:\/\/www.m-q.ch\/green-it-nachhaltige-it-als-schluessel-zur-wettbewerbsfaehigkeit\/#primaryimage"},"thumbnailUrl":"https:\/\/www.m-q.ch\/wp-content\/uploads\/2022\/08\/Green-IT-Nachhaltige-IT-als-Schluessel-zur-Wettbewerbsfaehigkeit_MQ.jpg","datePublished":"2022-08-09T11:34:04+00:00","dateModified":"2022-08-29T07:46:45+00:00","description":"La sostenibilit\u00e0 riguarda anche l'IT, perch\u00e9 i data center in particolare contribuiscono all'aumento del consumo energetico. L'informatica verde \u00e8 la soluzione.","breadcrumb":{"@id":"https:\/\/www.m-q.ch\/green-it-nachhaltige-it-als-schluessel-zur-wettbewerbsfaehigkeit\/#breadcrumb"},"inLanguage":"it-IT","potentialAction":[{"@type":"ReadAction","target":["https:\/\/www.m-q.ch\/green-it-nachhaltige-it-als-schluessel-zur-wettbewerbsfaehigkeit\/"]}]},{"@type":"ImageObject","inLanguage":"it-IT","@id":"https:\/\/www.m-q.ch\/green-it-nachhaltige-it-als-schluessel-zur-wettbewerbsfaehigkeit\/#primaryimage","url":"https:\/\/www.m-q.ch\/wp-content\/uploads\/2022\/08\/Green-IT-Nachhaltige-IT-als-Schluessel-zur-Wettbewerbsfaehigkeit_MQ.jpg","contentUrl":"https:\/\/www.m-q.ch\/wp-content\/uploads\/2022\/08\/Green-IT-Nachhaltige-IT-als-Schluessel-zur-Wettbewerbsfaehigkeit_MQ.jpg","width":680,"height":453,"caption":"Philippe Picalek von Cloudera meint, dass neben der Unternehmenskultur, die IT beim Thema Nachhaltigkeit im Fokus steht. (Bild: pixabay, geralt)"},{"@type":"BreadcrumbList","@id":"https:\/\/www.m-q.ch\/green-it-nachhaltige-it-als-schluessel-zur-wettbewerbsfaehigkeit\/#breadcrumb","itemListElement":[{"@type":"ListItem","position":1,"name":"Qualit\u00e4tsmanagement","item":"https:\/\/www.m-q.ch\/kategorie\/qualitaetsmanagement\/"},{"@type":"ListItem","position":2,"name":"Green IT: Nachhaltige IT als Schl\u00fcssel zur Wettbewerbsf\u00e4higkeit"}]},{"@type":"WebSite","@id":"https:\/\/www.m-q.ch\/fr\/#website","url":"https:\/\/www.m-q.ch\/fr\/","name":"Gestione e qualit\u00e0 MQ","description":"Piattaforma per sistemi di gestione integrati.","publisher":{"@id":"https:\/\/www.m-q.ch\/fr\/#organization"},"potentialAction":[{"@type":"SearchAction","target":{"@type":"EntryPoint","urlTemplate":"https:\/\/www.m-q.ch\/fr\/?s={search_term_string}"},"query-input":{"@type":"PropertyValueSpecification","valueRequired":true,"valueName":"search_term_string"}}],"inLanguage":"it-IT"},{"@type":"Organization","@id":"https:\/\/www.m-q.ch\/fr\/#organization","name":"Galledia Fachmedien AG","url":"https:\/\/www.m-q.ch\/fr\/","logo":{"@type":"ImageObject","inLanguage":"it-IT","@id":"https:\/\/www.m-q.ch\/fr\/#\/schema\/logo\/image\/","url":"https:\/\/www.m-q.ch\/wp-content\/uploads\/2020\/12\/cropped-logo_small.png","contentUrl":"https:\/\/www.m-q.ch\/wp-content\/uploads\/2020\/12\/cropped-logo_small.png","width":512,"height":512,"caption":"Galledia Fachmedien AG"},"image":{"@id":"https:\/\/www.m-q.ch\/fr\/#\/schema\/logo\/image\/"},"sameAs":["https:\/\/www.facebook.com\/ManagementUndQualitaet","https:\/\/www.linkedin.com\/showcase\/17982321\/admin\/"]},{"@type":"Person","@id":"https:\/\/www.m-q.ch\/fr\/#\/schema\/person\/a8711938b1cfb3f056dec70eaa0b42ab","name":"Thomas Bernard","image":{"@type":"ImageObject","inLanguage":"it-IT","@id":"https:\/\/www.m-q.ch\/fr\/#\/schema\/person\/image\/","url":"https:\/\/secure.gravatar.com\/avatar\/faea7857408f70478f976d576da10f96?s=96&d=mm&r=g","contentUrl":"https:\/\/secure.gravatar.com\/avatar\/faea7857408f70478f976d576da10f96?s=96&d=mm&r=g","caption":"Thomas Berner"},"url":"https:\/\/www.m-q.ch\/it\/author\/thomas-berner\/"}]}},"_links":{"self":[{"href":"https:\/\/www.m-q.ch\/it\/wp-json\/wp\/v2\/posts\/16766","targetHints":{"allow":["GET"]}}],"collection":[{"href":"https:\/\/www.m-q.ch\/it\/wp-json\/wp\/v2\/posts"}],"about":[{"href":"https:\/\/www.m-q.ch\/it\/wp-json\/wp\/v2\/types\/post"}],"author":[{"embeddable":true,"href":"https:\/\/www.m-q.ch\/it\/wp-json\/wp\/v2\/users\/10"}],"replies":[{"embeddable":true,"href":"https:\/\/www.m-q.ch\/it\/wp-json\/wp\/v2\/comments?post=16766"}],"version-history":[{"count":1,"href":"https:\/\/www.m-q.ch\/it\/wp-json\/wp\/v2\/posts\/16766\/revisions"}],"predecessor-version":[{"id":16768,"href":"https:\/\/www.m-q.ch\/it\/wp-json\/wp\/v2\/posts\/16766\/revisions\/16768"}],"wp:featuredmedia":[{"embeddable":true,"href":"https:\/\/www.m-q.ch\/it\/wp-json\/wp\/v2\/media\/16767"}],"wp:attachment":[{"href":"https:\/\/www.m-q.ch\/it\/wp-json\/wp\/v2\/media?parent=16766"}],"wp:term":[{"taxonomy":"category","embeddable":true,"href":"https:\/\/www.m-q.ch\/it\/wp-json\/wp\/v2\/categories?post=16766"},{"taxonomy":"post_tag","embeddable":true,"href":"https:\/\/www.m-q.ch\/it\/wp-json\/wp\/v2\/tags?post=16766"}],"curies":[{"name":"wp","href":"https:\/\/api.w.org\/{rel}","templated":true}]}}