{"id":16871,"date":"2022-09-08T09:02:07","date_gmt":"2022-09-08T07:02:07","guid":{"rendered":"https:\/\/www.m-q.ch\/?p=16871"},"modified":"2022-09-08T09:02:07","modified_gmt":"2022-09-08T07:02:07","slug":"previdenza-propria-la-mancanza-di-conoscenze-rende-difficile-una-maggiore-responsabilita-personale","status":"publish","type":"post","link":"https:\/\/www.m-q.ch\/it\/eigene-altersvorsorge-fehlendes-wissen-erschwert-mehr-selbstverantwortung\/","title":{"rendered":"Previdenza propria: la mancanza di conoscenze impedisce una maggiore autoresponsabilit\u00e0"},"content":{"rendered":"<figure id=\"attachment_16872\" aria-describedby=\"caption-attachment-16872\" style=\"width: 680px\" class=\"wp-caption alignnone\"><img loading=\"lazy\" decoding=\"async\" class=\"size-full wp-image-16872\" src=\"https:\/\/www.m-q.ch\/wp-content\/uploads\/2022\/09\/Eigene-Altersvorsorge-Fehlendes-Wissen-erschwert-mehr-Selbstverantwortung_MQ.jpg\" alt=\"\" width=\"680\" height=\"453\" srcset=\"https:\/\/www.m-q.ch\/wp-content\/uploads\/2022\/09\/Eigene-Altersvorsorge-Fehlendes-Wissen-erschwert-mehr-Selbstverantwortung_MQ.jpg 680w, https:\/\/www.m-q.ch\/wp-content\/uploads\/2022\/09\/Eigene-Altersvorsorge-Fehlendes-Wissen-erschwert-mehr-Selbstverantwortung_MQ-18x12.jpg 18w, https:\/\/www.m-q.ch\/wp-content\/uploads\/2022\/09\/Eigene-Altersvorsorge-Fehlendes-Wissen-erschwert-mehr-Selbstverantwortung_MQ-263x175.jpg 263w, https:\/\/www.m-q.ch\/wp-content\/uploads\/2022\/09\/Eigene-Altersvorsorge-Fehlendes-Wissen-erschwert-mehr-Selbstverantwortung_MQ-525x350.jpg 525w, https:\/\/www.m-q.ch\/wp-content\/uploads\/2022\/09\/Eigene-Altersvorsorge-Fehlendes-Wissen-erschwert-mehr-Selbstverantwortung_MQ-300x200.jpg 300w\" sizes=\"auto, (max-width: 680px) 100vw, 680px\" \/><figcaption id=\"caption-attachment-16872\" class=\"wp-caption-text\">La maggioranza della popolazione svizzera non crede che ricever\u00e0 abbastanza denaro dall'AVS e dal 2\u00b0 pilastro in et\u00e0 avanzata. Le alternative per la previdenza per la vecchiaia stanno suscitando interesse. Tuttavia, spesso mancano le conoscenze necessarie. (Immagine: Pixabay.com)<\/figcaption><\/figure>\n<p>Cambiamento demografico e rendimenti non sufficientemente elevati per finanziare in modo sostenibile il 2\u00b0 pilastro: I lavoratori in Svizzera sono consapevoli delle sfide della previdenza per la vecchiaia. Solo il 4% degli intervistati nello studio rappresentativo dell'HSLU si oppone a misure volte a risolvere i problemi di finanziamento dell'AVS e del 2\u00b0 pilastro. \"Di conseguenza, lo scetticismo degli intervistati nei confronti delle prestazioni pensionistiche \u00e8 elevato\", afferma Yvonne Seiler Zimmermann, responsabile dello studio e docente presso l'Universit\u00e0 di Scienze Applicate e Arti di Lucerna. Secondo lo studio dell'HSLU, circa tre intervistati su cinque non credono che riceveranno dall'AVS e dal 2\u00b0 pilastro denaro sufficiente per mantenere il loro abituale tenore di vita in et\u00e0 avanzata. Interessante: le donne si fidano del sistema pensionistico ancora meno degli uomini. Non sorprende che i pi\u00f9 giovani abbiano meno speranze di ricevere denaro sufficiente dall'AVS e dal 2\u00b0 pilastro rispetto ai pi\u00f9 anziani.<\/p>\n<h3>Le persone vogliono assumersi la responsabilit\u00e0 personale della propria previdenza per la vecchiaia.<\/h3>\n<p>Uno dei megatrend della futurologia \u00e8 l'individualizzazione in tutti i settori della vita. \"Questa tendenza porta in particolare le persone a vivere in modo pi\u00f9 autodeterminato e a voler organizzare le proprie attivit\u00e0 lavorative in modo flessibile e in base alle proprie esigenze\", afferma Seiler Zimmermann. Oltre alla flessibilit\u00e0 dell'orario e della sede di lavoro, molti dipendenti desiderano sempre pi\u00f9 spesso avere dei permessi durante il rapporto di lavoro per seguire una formazione continua, per un anno sabbatico, per un congedo parentale o per assistere dei parenti. Sempre pi\u00f9 persone esprimono il desiderio di andare in pensione prima dell'et\u00e0 pensionabile prevista dalla legge. Il responsabile dello studio \u00e8 sicuro: \"Il megatrend dell'individualizzazione fa s\u00ec che le persone debbano assumersi una maggiore responsabilit\u00e0 per la propria previdenza. Ci\u00f2 significa, in particolare, che la strategia di investimento del proprio capitale pensionistico pu\u00f2 essere stabilita autonomamente e che si possono fare le proprie disposizioni per il tempo libero. \"Altrimenti, un'interruzione dell'attivit\u00e0 lavorativa pu\u00f2 portare a una successiva riduzione della pensione\", spiega Seiler Zimmermann.<\/p>\n<figure id=\"attachment_16873\" aria-describedby=\"caption-attachment-16873\" style=\"width: 680px\" class=\"wp-caption alignnone\"><img loading=\"lazy\" decoding=\"async\" class=\"size-full wp-image-16873\" src=\"https:\/\/www.m-q.ch\/wp-content\/uploads\/2022\/09\/Eigene-Altersvorsorge-Fehlendes-Wissen-erschwert-mehr-Selbstverantwortung-2_MQ.jpg\" alt=\"\" width=\"680\" height=\"430\" srcset=\"https:\/\/www.m-q.ch\/wp-content\/uploads\/2022\/09\/Eigene-Altersvorsorge-Fehlendes-Wissen-erschwert-mehr-Selbstverantwortung-2_MQ.jpg 680w, https:\/\/www.m-q.ch\/wp-content\/uploads\/2022\/09\/Eigene-Altersvorsorge-Fehlendes-Wissen-erschwert-mehr-Selbstverantwortung-2_MQ-18x12.jpg 18w, https:\/\/www.m-q.ch\/wp-content\/uploads\/2022\/09\/Eigene-Altersvorsorge-Fehlendes-Wissen-erschwert-mehr-Selbstverantwortung-2_MQ-277x175.jpg 277w, https:\/\/www.m-q.ch\/wp-content\/uploads\/2022\/09\/Eigene-Altersvorsorge-Fehlendes-Wissen-erschwert-mehr-Selbstverantwortung-2_MQ-553x350.jpg 553w, https:\/\/www.m-q.ch\/wp-content\/uploads\/2022\/09\/Eigene-Altersvorsorge-Fehlendes-Wissen-erschwert-mehr-Selbstverantwortung-2_MQ-300x190.jpg 300w\" sizes=\"auto, (max-width: 680px) 100vw, 680px\" \/><figcaption id=\"caption-attachment-16873\" class=\"wp-caption-text\">(Fonte: Universit\u00e0 di Scienze Applicate e Arti di Lucerna)<\/figcaption><\/figure>\n<h3>Le soluzioni pensionistiche individuali riscuotono interesse<\/h3>\n<p>L'indagine mostra che la stragrande maggioranza degli intervistati (62%) ha un atteggiamento positivo nei confronti dell'idea di determinare autonomamente la strategia di investimento. Tuttavia, il 30% vorrebbe una buona consulenza per determinare la strategia d'investimento e un altro 24% vorrebbe poter scegliere tra una selezione predefinita di alternative.<\/p>\n<p>La netta maggioranza degli intervistati sarebbe favorevole alla possibilit\u00e0 di finanziare un'interruzione di carriera con un conto pensione speciale e aggiuntivo. L'82% di loro lo vorrebbe. \"La maggior parte delle persone sarebbe quindi disposta ad assumersi una maggiore responsabilit\u00e0 personale per la propria previdenza\", afferma Seiler Zimmermann. \"Le soluzioni pensionistiche individuali riscuotono interesse\". Gli intervistati vorrebbero utilizzare questo conto supplementare soprattutto per finanziare il pensionamento anticipato, seguito dagli anni sabbatici. Molti degli intervistati sarebbero anche soddisfatti di avere un conto di questo tipo senza sapere esattamente per cosa utilizzeranno il denaro in seguito.<\/p>\n<h3>Ignoranza delle proprie lacune di conoscenza<\/h3>\n<p>Per essere in grado di occuparsi della propria previdenza finanziaria, \u00e8 necessario un livello minimo di conoscenza delle finanze e della previdenza per la vecchiaia. I risultati dell'indagine mostrano che: La conoscenza del sistema pensionistico e del proprio regime pensionistico da parte degli intervistati \u00e8 piuttosto modesta. \"Il problema principale non \u00e8 la mancanza di conoscenze in s\u00e9, ma la mancanza di consapevolezza delle proprie lacune\", precisa Yvonne Seiler Zimmermann. \"Se qualcuno \u00e8 consapevole di non sapere qualcosa, pu\u00f2 chiedere consiglio o informarsi\", continua l'esperto dell'HSLU. Tuttavia, molte persone non sono consapevoli della propria ignoranza.<\/p>\n<p>Questa mancanza di conoscenza \u00e8 particolarmente evidente anche nei regolamenti sulla previdenza volontaria per la vecchiaia. \"Ad esempio, una persona che ha deciso di interrompere la propria carriera non pu\u00f2 pi\u00f9 pagare il pilastro 3a\", spiega Seiler Zimmermann. Ma molti non lo sanno. Solo il 35% degli intervistati sa che non tutte le persone in Svizzera hanno diritto a pagare il pilastro 3a. \"Chiunque decida di interrompere il proprio rapporto di lavoro dovrebbe considerare anche questi fattori\", afferma l'esperto dell'HSLU. Questo \u00e8 solo uno dei tanti esempi del perch\u00e9 vale la pena di acquisire conoscenze nel settore della previdenza per la vecchiaia. Con questo studio, gli autori intendono richiamare l'attenzione su questo tema. Seiler Zimmermann: \"Le discussioni pubbliche sui temi pensionistici possono contribuire a migliorare il livello di conoscenza e comprensione della popolazione generale.<\/p>\n<p><em>Fonte: <a href=\"http:\/\/www.hslu.ch\">Universit\u00e0 di Lucerna<\/a><\/em><\/p>","protected":false},"excerpt":{"rendered":"<p>Demographischer Wandel und ungen\u00fcgend hohe Renditen, um die 2. S\u00e4ule nachhaltig zu finanzieren: Die Arbeitnehmenden in der Schweiz sind sich den Herausforderungen in der Altersvorsorge bewusst. Nur gerade vier Prozent der Befragten, die an der repr\u00e4sentativen HSLU-Studie teilgenommen haben, stehen Massnahmen zur Behebung der Finanzierungsprobleme von AHV und 2. S\u00e4ule ablehnend gegen\u00fcber. \u00abEntsprechend ist die [&hellip;]<\/p>\n","protected":false},"author":10,"featured_media":16872,"comment_status":"closed","ping_status":"closed","sticky":false,"template":"","format":"standard","meta":{"_acf_changed":false,"footnotes":""},"categories":[5],"tags":[5314,3360,3362],"class_list":["post-16871","post","type-post","status-publish","format-standard","has-post-thumbnail","hentry","category-business_excellence","tag-altersvorsorge","tag-management-und-unternehmensfuehrung","tag-studie"],"acf":[],"yoast_head":"<!-- This site is optimized with the Yoast SEO plugin v26.2 - https:\/\/yoast.com\/wordpress\/plugins\/seo\/ -->\n<title>Eigene Altersvorsorge: Fehlendes Wissen erschwert mehr Selbstverantwortung - MQ Management und Qualit\u00e4t<\/title>\n<meta name=\"description\" content=\"Viele glauben nicht, im Alter gen\u00fcgend Geld aus der AHV und der 2. S\u00e4ule zu erhalten. Das Interesse an individueller Altersvorsorge steigt.\" \/>\n<meta name=\"robots\" content=\"index, follow, max-snippet:-1, max-image-preview:large, max-video-preview:-1\" \/>\n<link rel=\"canonical\" href=\"https:\/\/www.m-q.ch\/it\/previdenza-propria-la-mancanza-di-conoscenze-rende-difficile-una-maggiore-responsabilita-personale\/\" \/>\n<meta property=\"og:locale\" content=\"it_IT\" \/>\n<meta property=\"og:type\" content=\"article\" \/>\n<meta property=\"og:title\" content=\"Eigene Altersvorsorge: Fehlendes Wissen erschwert mehr Selbstverantwortung\" \/>\n<meta property=\"og:description\" content=\"Viele glauben nicht, im Alter gen\u00fcgend Geld aus der AHV und der 2. S\u00e4ule zu erhalten. Das Interesse an individueller Altersvorsorge steigt.\" \/>\n<meta property=\"og:url\" content=\"https:\/\/www.m-q.ch\/it\/previdenza-propria-la-mancanza-di-conoscenze-rende-difficile-una-maggiore-responsabilita-personale\/\" \/>\n<meta property=\"og:site_name\" content=\"MQ Management und Qualit\u00e4t\" \/>\n<meta property=\"article:publisher\" content=\"https:\/\/www.facebook.com\/ManagementUndQualitaet\" \/>\n<meta property=\"article:published_time\" content=\"2022-09-08T07:02:07+00:00\" \/>\n<meta property=\"og:image\" content=\"https:\/\/www.m-q.ch\/wp-content\/uploads\/2022\/09\/Eigene-Altersvorsorge-Fehlendes-Wissen-erschwert-mehr-Selbstverantwortung_MQ.jpg\" \/>\n\t<meta property=\"og:image:width\" content=\"680\" \/>\n\t<meta property=\"og:image:height\" content=\"453\" \/>\n\t<meta property=\"og:image:type\" content=\"image\/jpeg\" \/>\n<meta name=\"author\" content=\"Thomas Berner\" \/>\n<meta name=\"twitter:card\" content=\"summary_large_image\" \/>\n<meta name=\"twitter:title\" content=\"Eigene #Altersvorsorge: Fehlendes Wissen erschwert mehr #Selbstverantwortung\" \/>\n<meta name=\"twitter:description\" content=\"Viele glauben nicht, im Alter gen\u00fcgend Geld aus der #AHV und der 2. S\u00e4ule zu erhalten. Das Interesse an individueller #Altersvorsorge steigt.\" \/>\n<meta name=\"twitter:image\" content=\"https:\/\/www.m-q.ch\/wp-content\/uploads\/2022\/09\/Eigene-Altersvorsorge-Fehlendes-Wissen-erschwert-mehr-Selbstverantwortung_MQ.jpg\" \/>\n<meta name=\"twitter:label1\" content=\"Scritto da\" \/>\n\t<meta name=\"twitter:data1\" content=\"Thomas Berner\" \/>\n\t<meta name=\"twitter:label2\" content=\"Tempo di lettura stimato\" \/>\n\t<meta name=\"twitter:data2\" content=\"4 minuti\" \/>\n<script type=\"application\/ld+json\" class=\"yoast-schema-graph\">{\"@context\":\"https:\/\/schema.org\",\"@graph\":[{\"@type\":\"Article\",\"@id\":\"https:\/\/www.m-q.ch\/eigene-altersvorsorge-fehlendes-wissen-erschwert-mehr-selbstverantwortung\/#article\",\"isPartOf\":{\"@id\":\"https:\/\/www.m-q.ch\/eigene-altersvorsorge-fehlendes-wissen-erschwert-mehr-selbstverantwortung\/\"},\"author\":{\"name\":\"Thomas Berner\",\"@id\":\"https:\/\/www.m-q.ch\/fr\/#\/schema\/person\/a8711938b1cfb3f056dec70eaa0b42ab\"},\"headline\":\"Eigene Altersvorsorge: Fehlendes Wissen erschwert mehr Selbstverantwortung\",\"datePublished\":\"2022-09-08T07:02:07+00:00\",\"mainEntityOfPage\":{\"@id\":\"https:\/\/www.m-q.ch\/eigene-altersvorsorge-fehlendes-wissen-erschwert-mehr-selbstverantwortung\/\"},\"wordCount\":761,\"publisher\":{\"@id\":\"https:\/\/www.m-q.ch\/fr\/#organization\"},\"image\":{\"@id\":\"https:\/\/www.m-q.ch\/eigene-altersvorsorge-fehlendes-wissen-erschwert-mehr-selbstverantwortung\/#primaryimage\"},\"thumbnailUrl\":\"https:\/\/www.m-q.ch\/wp-content\/uploads\/2022\/09\/Eigene-Altersvorsorge-Fehlendes-Wissen-erschwert-mehr-Selbstverantwortung_MQ.jpg\",\"keywords\":[\"Altersvorsorge\",\"Management und Unternehmensf\u00fchrung\",\"Studie\"],\"articleSection\":[\"Business Excellence\"],\"inLanguage\":\"it-IT\"},{\"@type\":\"WebPage\",\"@id\":\"https:\/\/www.m-q.ch\/eigene-altersvorsorge-fehlendes-wissen-erschwert-mehr-selbstverantwortung\/\",\"url\":\"https:\/\/www.m-q.ch\/eigene-altersvorsorge-fehlendes-wissen-erschwert-mehr-selbstverantwortung\/\",\"name\":\"Eigene Altersvorsorge: Fehlendes Wissen erschwert mehr Selbstverantwortung - MQ Management und Qualit\u00e4t\",\"isPartOf\":{\"@id\":\"https:\/\/www.m-q.ch\/fr\/#website\"},\"primaryImageOfPage\":{\"@id\":\"https:\/\/www.m-q.ch\/eigene-altersvorsorge-fehlendes-wissen-erschwert-mehr-selbstverantwortung\/#primaryimage\"},\"image\":{\"@id\":\"https:\/\/www.m-q.ch\/eigene-altersvorsorge-fehlendes-wissen-erschwert-mehr-selbstverantwortung\/#primaryimage\"},\"thumbnailUrl\":\"https:\/\/www.m-q.ch\/wp-content\/uploads\/2022\/09\/Eigene-Altersvorsorge-Fehlendes-Wissen-erschwert-mehr-Selbstverantwortung_MQ.jpg\",\"datePublished\":\"2022-09-08T07:02:07+00:00\",\"description\":\"Viele glauben nicht, im Alter gen\u00fcgend Geld aus der AHV und der 2. S\u00e4ule zu erhalten. Das Interesse an individueller Altersvorsorge steigt.\",\"breadcrumb\":{\"@id\":\"https:\/\/www.m-q.ch\/eigene-altersvorsorge-fehlendes-wissen-erschwert-mehr-selbstverantwortung\/#breadcrumb\"},\"inLanguage\":\"it-IT\",\"potentialAction\":[{\"@type\":\"ReadAction\",\"target\":[\"https:\/\/www.m-q.ch\/eigene-altersvorsorge-fehlendes-wissen-erschwert-mehr-selbstverantwortung\/\"]}]},{\"@type\":\"ImageObject\",\"inLanguage\":\"it-IT\",\"@id\":\"https:\/\/www.m-q.ch\/eigene-altersvorsorge-fehlendes-wissen-erschwert-mehr-selbstverantwortung\/#primaryimage\",\"url\":\"https:\/\/www.m-q.ch\/wp-content\/uploads\/2022\/09\/Eigene-Altersvorsorge-Fehlendes-Wissen-erschwert-mehr-Selbstverantwortung_MQ.jpg\",\"contentUrl\":\"https:\/\/www.m-q.ch\/wp-content\/uploads\/2022\/09\/Eigene-Altersvorsorge-Fehlendes-Wissen-erschwert-mehr-Selbstverantwortung_MQ.jpg\",\"width\":680,\"height\":453,\"caption\":\"Eine Mehrheit der Schweizer Bev\u00f6lkerung glaubt nicht, im Alter gen\u00fcgend Geld aus der AHV und der 2. S\u00e4ule zu erhalten. Alternativen f\u00fcr die Altersvorsorge stossen auf Interesse. Oft fehlt aber das dazu notwendige Wissen. (Bild: Pixabay.com)\"},{\"@type\":\"BreadcrumbList\",\"@id\":\"https:\/\/www.m-q.ch\/eigene-altersvorsorge-fehlendes-wissen-erschwert-mehr-selbstverantwortung\/#breadcrumb\",\"itemListElement\":[{\"@type\":\"ListItem\",\"position\":1,\"name\":\"Business Excellence\",\"item\":\"https:\/\/www.m-q.ch\/kategorie\/business_excellence\/\"},{\"@type\":\"ListItem\",\"position\":2,\"name\":\"Eigene Altersvorsorge: Fehlendes Wissen erschwert mehr Selbstverantwortung\"}]},{\"@type\":\"WebSite\",\"@id\":\"https:\/\/www.m-q.ch\/fr\/#website\",\"url\":\"https:\/\/www.m-q.ch\/fr\/\",\"name\":\"MQ Management und Qualit\u00e4t\",\"description\":\"Plattform f\u00fcr integrierte Managementsysteme.\",\"publisher\":{\"@id\":\"https:\/\/www.m-q.ch\/fr\/#organization\"},\"potentialAction\":[{\"@type\":\"SearchAction\",\"target\":{\"@type\":\"EntryPoint\",\"urlTemplate\":\"https:\/\/www.m-q.ch\/fr\/?s={search_term_string}\"},\"query-input\":{\"@type\":\"PropertyValueSpecification\",\"valueRequired\":true,\"valueName\":\"search_term_string\"}}],\"inLanguage\":\"it-IT\"},{\"@type\":\"Organization\",\"@id\":\"https:\/\/www.m-q.ch\/fr\/#organization\",\"name\":\"Galledia Fachmedien AG\",\"url\":\"https:\/\/www.m-q.ch\/fr\/\",\"logo\":{\"@type\":\"ImageObject\",\"inLanguage\":\"it-IT\",\"@id\":\"https:\/\/www.m-q.ch\/fr\/#\/schema\/logo\/image\/\",\"url\":\"https:\/\/www.m-q.ch\/wp-content\/uploads\/2020\/12\/cropped-logo_small.png\",\"contentUrl\":\"https:\/\/www.m-q.ch\/wp-content\/uploads\/2020\/12\/cropped-logo_small.png\",\"width\":512,\"height\":512,\"caption\":\"Galledia Fachmedien AG\"},\"image\":{\"@id\":\"https:\/\/www.m-q.ch\/fr\/#\/schema\/logo\/image\/\"},\"sameAs\":[\"https:\/\/www.facebook.com\/ManagementUndQualitaet\",\"https:\/\/www.linkedin.com\/showcase\/17982321\/admin\/\"]},{\"@type\":\"Person\",\"@id\":\"https:\/\/www.m-q.ch\/fr\/#\/schema\/person\/a8711938b1cfb3f056dec70eaa0b42ab\",\"name\":\"Thomas Berner\",\"image\":{\"@type\":\"ImageObject\",\"inLanguage\":\"it-IT\",\"@id\":\"https:\/\/www.m-q.ch\/fr\/#\/schema\/person\/image\/\",\"url\":\"https:\/\/secure.gravatar.com\/avatar\/faea7857408f70478f976d576da10f96?s=96&d=mm&r=g\",\"contentUrl\":\"https:\/\/secure.gravatar.com\/avatar\/faea7857408f70478f976d576da10f96?s=96&d=mm&r=g\",\"caption\":\"Thomas Berner\"},\"url\":\"https:\/\/www.m-q.ch\/it\/author\/thomas-berner\/\"}]}<\/script>\n<!-- \/ Yoast SEO plugin. -->","yoast_head_json":{"title":"Previdenza propria: la mancanza di conoscenze ostacola una maggiore autoresponsabilit\u00e0 - MQ Management und Qualit\u00e4t","description":"Molti non credono che riceveranno abbastanza denaro dall'AVS e dal 2\u00b0 pilastro in et\u00e0 avanzata. L'interesse per la previdenza individuale per la vecchiaia \u00e8 in aumento.","robots":{"index":"index","follow":"follow","max-snippet":"max-snippet:-1","max-image-preview":"max-image-preview:large","max-video-preview":"max-video-preview:-1"},"canonical":"https:\/\/www.m-q.ch\/it\/previdenza-propria-la-mancanza-di-conoscenze-rende-difficile-una-maggiore-responsabilita-personale\/","og_locale":"it_IT","og_type":"article","og_title":"Eigene Altersvorsorge: Fehlendes Wissen erschwert mehr Selbstverantwortung","og_description":"Viele glauben nicht, im Alter gen\u00fcgend Geld aus der AHV und der 2. S\u00e4ule zu erhalten. Das Interesse an individueller Altersvorsorge steigt.","og_url":"https:\/\/www.m-q.ch\/it\/previdenza-propria-la-mancanza-di-conoscenze-rende-difficile-una-maggiore-responsabilita-personale\/","og_site_name":"MQ Management und Qualit\u00e4t","article_publisher":"https:\/\/www.facebook.com\/ManagementUndQualitaet","article_published_time":"2022-09-08T07:02:07+00:00","og_image":[{"width":680,"height":453,"url":"https:\/\/www.m-q.ch\/wp-content\/uploads\/2022\/09\/Eigene-Altersvorsorge-Fehlendes-Wissen-erschwert-mehr-Selbstverantwortung_MQ.jpg","type":"image\/jpeg"}],"author":"Thomas Berner","twitter_card":"summary_large_image","twitter_title":"Eigene #Altersvorsorge: Fehlendes Wissen erschwert mehr #Selbstverantwortung","twitter_description":"Viele glauben nicht, im Alter gen\u00fcgend Geld aus der #AHV und der 2. S\u00e4ule zu erhalten. Das Interesse an individueller #Altersvorsorge steigt.","twitter_image":"https:\/\/www.m-q.ch\/wp-content\/uploads\/2022\/09\/Eigene-Altersvorsorge-Fehlendes-Wissen-erschwert-mehr-Selbstverantwortung_MQ.jpg","twitter_misc":{"Scritto da":"Thomas Berner","Tempo di lettura stimato":"4 minuti"},"schema":{"@context":"https:\/\/schema.org","@graph":[{"@type":"Article","@id":"https:\/\/www.m-q.ch\/eigene-altersvorsorge-fehlendes-wissen-erschwert-mehr-selbstverantwortung\/#article","isPartOf":{"@id":"https:\/\/www.m-q.ch\/eigene-altersvorsorge-fehlendes-wissen-erschwert-mehr-selbstverantwortung\/"},"author":{"name":"Thomas Berner","@id":"https:\/\/www.m-q.ch\/fr\/#\/schema\/person\/a8711938b1cfb3f056dec70eaa0b42ab"},"headline":"Eigene Altersvorsorge: Fehlendes Wissen erschwert mehr Selbstverantwortung","datePublished":"2022-09-08T07:02:07+00:00","mainEntityOfPage":{"@id":"https:\/\/www.m-q.ch\/eigene-altersvorsorge-fehlendes-wissen-erschwert-mehr-selbstverantwortung\/"},"wordCount":761,"publisher":{"@id":"https:\/\/www.m-q.ch\/fr\/#organization"},"image":{"@id":"https:\/\/www.m-q.ch\/eigene-altersvorsorge-fehlendes-wissen-erschwert-mehr-selbstverantwortung\/#primaryimage"},"thumbnailUrl":"https:\/\/www.m-q.ch\/wp-content\/uploads\/2022\/09\/Eigene-Altersvorsorge-Fehlendes-Wissen-erschwert-mehr-Selbstverantwortung_MQ.jpg","keywords":["Altersvorsorge","Management und Unternehmensf\u00fchrung","Studie"],"articleSection":["Business Excellence"],"inLanguage":"it-IT"},{"@type":"WebPage","@id":"https:\/\/www.m-q.ch\/eigene-altersvorsorge-fehlendes-wissen-erschwert-mehr-selbstverantwortung\/","url":"https:\/\/www.m-q.ch\/eigene-altersvorsorge-fehlendes-wissen-erschwert-mehr-selbstverantwortung\/","name":"Previdenza propria: la mancanza di conoscenze ostacola una maggiore autoresponsabilit\u00e0 - MQ Management und Qualit\u00e4t","isPartOf":{"@id":"https:\/\/www.m-q.ch\/fr\/#website"},"primaryImageOfPage":{"@id":"https:\/\/www.m-q.ch\/eigene-altersvorsorge-fehlendes-wissen-erschwert-mehr-selbstverantwortung\/#primaryimage"},"image":{"@id":"https:\/\/www.m-q.ch\/eigene-altersvorsorge-fehlendes-wissen-erschwert-mehr-selbstverantwortung\/#primaryimage"},"thumbnailUrl":"https:\/\/www.m-q.ch\/wp-content\/uploads\/2022\/09\/Eigene-Altersvorsorge-Fehlendes-Wissen-erschwert-mehr-Selbstverantwortung_MQ.jpg","datePublished":"2022-09-08T07:02:07+00:00","description":"Molti non credono che riceveranno abbastanza denaro dall'AVS e dal 2\u00b0 pilastro in et\u00e0 avanzata. L'interesse per la previdenza individuale per la vecchiaia \u00e8 in aumento.","breadcrumb":{"@id":"https:\/\/www.m-q.ch\/eigene-altersvorsorge-fehlendes-wissen-erschwert-mehr-selbstverantwortung\/#breadcrumb"},"inLanguage":"it-IT","potentialAction":[{"@type":"ReadAction","target":["https:\/\/www.m-q.ch\/eigene-altersvorsorge-fehlendes-wissen-erschwert-mehr-selbstverantwortung\/"]}]},{"@type":"ImageObject","inLanguage":"it-IT","@id":"https:\/\/www.m-q.ch\/eigene-altersvorsorge-fehlendes-wissen-erschwert-mehr-selbstverantwortung\/#primaryimage","url":"https:\/\/www.m-q.ch\/wp-content\/uploads\/2022\/09\/Eigene-Altersvorsorge-Fehlendes-Wissen-erschwert-mehr-Selbstverantwortung_MQ.jpg","contentUrl":"https:\/\/www.m-q.ch\/wp-content\/uploads\/2022\/09\/Eigene-Altersvorsorge-Fehlendes-Wissen-erschwert-mehr-Selbstverantwortung_MQ.jpg","width":680,"height":453,"caption":"Eine Mehrheit der Schweizer Bev\u00f6lkerung glaubt nicht, im Alter gen\u00fcgend Geld aus der AHV und der 2. S\u00e4ule zu erhalten. Alternativen f\u00fcr die Altersvorsorge stossen auf Interesse. Oft fehlt aber das dazu notwendige Wissen. (Bild: Pixabay.com)"},{"@type":"BreadcrumbList","@id":"https:\/\/www.m-q.ch\/eigene-altersvorsorge-fehlendes-wissen-erschwert-mehr-selbstverantwortung\/#breadcrumb","itemListElement":[{"@type":"ListItem","position":1,"name":"Business Excellence","item":"https:\/\/www.m-q.ch\/kategorie\/business_excellence\/"},{"@type":"ListItem","position":2,"name":"Eigene Altersvorsorge: Fehlendes Wissen erschwert mehr Selbstverantwortung"}]},{"@type":"WebSite","@id":"https:\/\/www.m-q.ch\/fr\/#website","url":"https:\/\/www.m-q.ch\/fr\/","name":"Gestione e qualit\u00e0 MQ","description":"Piattaforma per sistemi di gestione integrati.","publisher":{"@id":"https:\/\/www.m-q.ch\/fr\/#organization"},"potentialAction":[{"@type":"SearchAction","target":{"@type":"EntryPoint","urlTemplate":"https:\/\/www.m-q.ch\/fr\/?s={search_term_string}"},"query-input":{"@type":"PropertyValueSpecification","valueRequired":true,"valueName":"search_term_string"}}],"inLanguage":"it-IT"},{"@type":"Organization","@id":"https:\/\/www.m-q.ch\/fr\/#organization","name":"Galledia Fachmedien AG","url":"https:\/\/www.m-q.ch\/fr\/","logo":{"@type":"ImageObject","inLanguage":"it-IT","@id":"https:\/\/www.m-q.ch\/fr\/#\/schema\/logo\/image\/","url":"https:\/\/www.m-q.ch\/wp-content\/uploads\/2020\/12\/cropped-logo_small.png","contentUrl":"https:\/\/www.m-q.ch\/wp-content\/uploads\/2020\/12\/cropped-logo_small.png","width":512,"height":512,"caption":"Galledia Fachmedien AG"},"image":{"@id":"https:\/\/www.m-q.ch\/fr\/#\/schema\/logo\/image\/"},"sameAs":["https:\/\/www.facebook.com\/ManagementUndQualitaet","https:\/\/www.linkedin.com\/showcase\/17982321\/admin\/"]},{"@type":"Person","@id":"https:\/\/www.m-q.ch\/fr\/#\/schema\/person\/a8711938b1cfb3f056dec70eaa0b42ab","name":"Thomas Bernard","image":{"@type":"ImageObject","inLanguage":"it-IT","@id":"https:\/\/www.m-q.ch\/fr\/#\/schema\/person\/image\/","url":"https:\/\/secure.gravatar.com\/avatar\/faea7857408f70478f976d576da10f96?s=96&d=mm&r=g","contentUrl":"https:\/\/secure.gravatar.com\/avatar\/faea7857408f70478f976d576da10f96?s=96&d=mm&r=g","caption":"Thomas Berner"},"url":"https:\/\/www.m-q.ch\/it\/author\/thomas-berner\/"}]}},"_links":{"self":[{"href":"https:\/\/www.m-q.ch\/it\/wp-json\/wp\/v2\/posts\/16871","targetHints":{"allow":["GET"]}}],"collection":[{"href":"https:\/\/www.m-q.ch\/it\/wp-json\/wp\/v2\/posts"}],"about":[{"href":"https:\/\/www.m-q.ch\/it\/wp-json\/wp\/v2\/types\/post"}],"author":[{"embeddable":true,"href":"https:\/\/www.m-q.ch\/it\/wp-json\/wp\/v2\/users\/10"}],"replies":[{"embeddable":true,"href":"https:\/\/www.m-q.ch\/it\/wp-json\/wp\/v2\/comments?post=16871"}],"version-history":[{"count":1,"href":"https:\/\/www.m-q.ch\/it\/wp-json\/wp\/v2\/posts\/16871\/revisions"}],"predecessor-version":[{"id":16874,"href":"https:\/\/www.m-q.ch\/it\/wp-json\/wp\/v2\/posts\/16871\/revisions\/16874"}],"wp:featuredmedia":[{"embeddable":true,"href":"https:\/\/www.m-q.ch\/it\/wp-json\/wp\/v2\/media\/16872"}],"wp:attachment":[{"href":"https:\/\/www.m-q.ch\/it\/wp-json\/wp\/v2\/media?parent=16871"}],"wp:term":[{"taxonomy":"category","embeddable":true,"href":"https:\/\/www.m-q.ch\/it\/wp-json\/wp\/v2\/categories?post=16871"},{"taxonomy":"post_tag","embeddable":true,"href":"https:\/\/www.m-q.ch\/it\/wp-json\/wp\/v2\/tags?post=16871"}],"curies":[{"name":"wp","href":"https:\/\/api.w.org\/{rel}","templated":true}]}}