{"id":16933,"date":"2022-09-28T09:18:23","date_gmt":"2022-09-28T07:18:23","guid":{"rendered":"https:\/\/www.m-q.ch\/?p=16933"},"modified":"2022-09-28T09:18:23","modified_gmt":"2022-09-28T07:18:23","slug":"lanciato-lo-starter-kit-per-la-responsabilita-digitale","status":"publish","type":"post","link":"https:\/\/www.m-q.ch\/it\/starter-kit-fuer-digitale-verantwortung-lanciert\/","title":{"rendered":"Lancio dello Starter Kit per la responsabilit\u00e0 digitale"},"content":{"rendered":"<figure id=\"attachment_16934\" aria-describedby=\"caption-attachment-16934\" style=\"width: 680px\" class=\"wp-caption alignnone\"><img loading=\"lazy\" decoding=\"async\" class=\"size-full wp-image-16934\" src=\"https:\/\/www.m-q.ch\/wp-content\/uploads\/2022\/09\/Starter-Kit-fuer-digitale-Verantwortung-lanciert_MQ.jpg\" alt=\"\" width=\"680\" height=\"371\" srcset=\"https:\/\/www.m-q.ch\/wp-content\/uploads\/2022\/09\/Starter-Kit-fuer-digitale-Verantwortung-lanciert_MQ.jpg 680w, https:\/\/www.m-q.ch\/wp-content\/uploads\/2022\/09\/Starter-Kit-fuer-digitale-Verantwortung-lanciert_MQ-18x10.jpg 18w, https:\/\/www.m-q.ch\/wp-content\/uploads\/2022\/09\/Starter-Kit-fuer-digitale-Verantwortung-lanciert_MQ-321x175.jpg 321w, https:\/\/www.m-q.ch\/wp-content\/uploads\/2022\/09\/Starter-Kit-fuer-digitale-Verantwortung-lanciert_MQ-642x350.jpg 642w, https:\/\/www.m-q.ch\/wp-content\/uploads\/2022\/09\/Starter-Kit-fuer-digitale-Verantwortung-lanciert_MQ-300x164.jpg 300w\" sizes=\"auto, (max-width: 680px) 100vw, 680px\" \/><figcaption id=\"caption-attachment-16934\" class=\"wp-caption-text\">Sulla strada di una maggiore responsabilit\u00e0 digitale: uno starter kit di SDI e IMD rende pi\u00f9 facile iniziare. (Immagine: SDI \/ IMD)<\/figcaption><\/figure>\n<p>A fronte del ritmo dello sviluppo tecnologico e della rapida adozione di varie tecnologie digitali su larga scala, il discorso sulla responsabilit\u00e0 e la tracciabilit\u00e0 digitale ha tardato a prendere piede. Ci\u00f2 si riflette anche in un paradigma di innovazione prevalente che promuove cicli di sviluppo rapidi. Tuttavia, i lati negativi di questo paradigma stanno diventando sempre pi\u00f9 evidenti: alimentati da vari scandali, la consapevolezza dei clienti e delle autorit\u00e0 di regolamentazione sta crescendo e la fiducia nei servizi digitali \u00e8 sempre pi\u00f9 persa. La responsabilit\u00e0 digitale d'impresa potrebbe quindi trasformarsi da nicchia a vantaggio competitivo.<\/p>\n<h3>Responsabilit\u00e0 digitale d'impresa: da sfida a opportunit\u00e0<\/h3>\n<p>\"Lo Starter Kit \u00e8 stato creato come guida per ridurre le barriere che impediscono alle organizzazioni di affrontare importanti questioni di responsabilit\u00e0 digitale. In termini di messa in pratica dei principi, la piattaforma serve come semplice punto di ingresso per l'implementazione di soluzioni concrete\", afferma Niniane Paeffgen, <a href=\"https:\/\/www.m-q.ch\/it\/swiss-digital-initiative-sdi-con-la-nuova-direzione\/\">Direttore generale dell'Iniziativa Digitale Svizzera<\/a>.<\/p>\n<p>Con lo Starter Kit per la Responsabilit\u00e0 Digitale d'Impresa, l'Iniziativa Digitale Svizzera e l'Istituto per lo Sviluppo Manageriale forniscono alle organizzazioni le conoscenze e gli strumenti necessari per avviare un dialogo sulle pratiche digitali responsabili e per creare linee guida che possano essere applicate nel contesto delle loro specifiche realt\u00e0.<br \/>\nle strutture organizzative hanno senso. La risorsa gratuita \u00e8 stata progettata per essere adatta a tutte le strutture organizzative e a tutte le dimensioni, richiedendo risorse finanziarie e umane minime. La nostra ricerca condensata e il nostro rapporto dettagliato consentono alle organizzazioni di riconoscere il valore delle pratiche digitali responsabili, di trovare soluzioni alle sfide comuni e, in ultima analisi, di partire da dove si trovano, con le risorse che gi\u00e0 possiedono. \"Se gestita in modo efficace, la responsabilit\u00e0 digitale pu\u00f2 proteggere le organizzazioni dalle minacce e consentire loro di differenziarsi nella mente dei consumatori. La chiave \u00e8 iniziare\", spiega il professor Michael Wade dell'Institute for Management Development.<\/p>\n<h3>Lo Starter Kit abbassa la soglia di ingresso<\/h3>\n<p>Lo Starter Kit dimostra che, sebbene il tema della responsabilit\u00e0 digitale d'impresa possa sembrare inizialmente molto complesso, qualsiasi organizzazione pu\u00f2 iniziare. Le sfide comuni possono essere affrontate imparando dalle esperienze di altre organizzazioni e i primi passi possono essere compiuti in qualsiasi momento, con un numero crescente di risorse aggiuntive a disposizione delle organizzazioni. Data l'importanza dell'assunzione di responsabilit\u00e0 digitale per l'innovazione sostenibile, lo Starter Kit abbassa le barriere per le organizzazioni che si assumono la responsabilit\u00e0 digitale.<\/p>\n<p><em>Fare clic qui per lo Starter Kit: <a href=\"https:\/\/cdr-starterkit.ch\/\">https:\/\/cdr-starterkit.ch\/<\/a><\/em><\/p>","protected":false},"excerpt":{"rendered":"<p>Angesichts des Tempos der technologischen Entwicklung und der raschen \u00dcbernahme verschiedener digitaler Technologien in grossem Massstab hat der Diskurs \u00fcber digitale Verantwortung und Nachhaltung nur langsam aufgeholt. Dies spiegelt sich auch in einem vorherrschenden Innovationsparadigma wider, das schnelle Entwicklungszyklen f\u00f6rdert. Die negativen Seiten dieses Paradigmas werden jedoch immer deutlicher: Angeheizt durch verschiedene Skandale w\u00e4chst das [&hellip;]<\/p>\n","protected":false},"author":10,"featured_media":16934,"comment_status":"closed","ping_status":"closed","sticky":false,"template":"","format":"standard","meta":{"_acf_changed":false,"footnotes":""},"categories":[5],"tags":[5323,3372,3329],"class_list":["post-16933","post","type-post","status-publish","format-standard","has-post-thumbnail","hentry","category-business_excellence","tag-digitale-verantwortung","tag-digitalisierung","tag-produkte"],"acf":[],"yoast_head":"<!-- This site is optimized with the Yoast SEO plugin v26.2 - https:\/\/yoast.com\/wordpress\/plugins\/seo\/ -->\n<title>Starter Kit f\u00fcr digitale Verantwortung lanciert - MQ Management und Qualit\u00e4t<\/title>\n<meta name=\"description\" content=\"Die Swiss Digital Initiative und das Institute for Management Development haben ein Corporate Digital Responsibility Starter Kit entwickelt.\" \/>\n<meta name=\"robots\" content=\"index, follow, max-snippet:-1, max-image-preview:large, max-video-preview:-1\" \/>\n<link rel=\"canonical\" href=\"https:\/\/www.m-q.ch\/it\/lanciato-lo-starter-kit-per-la-responsabilita-digitale\/\" \/>\n<meta property=\"og:locale\" content=\"it_IT\" \/>\n<meta property=\"og:type\" content=\"article\" \/>\n<meta property=\"og:title\" content=\"Starter Kit f\u00fcr digitale Verantwortung lanciert\" \/>\n<meta property=\"og:description\" content=\"Die Swiss Digital Initiative und das Institute for Management Development haben ein Corporate Digital Responsibility Starter Kit entwickelt.\" \/>\n<meta property=\"og:url\" content=\"https:\/\/www.m-q.ch\/it\/lanciato-lo-starter-kit-per-la-responsabilita-digitale\/\" \/>\n<meta property=\"og:site_name\" content=\"MQ Management und Qualit\u00e4t\" \/>\n<meta property=\"article:publisher\" content=\"https:\/\/www.facebook.com\/ManagementUndQualitaet\" \/>\n<meta property=\"article:published_time\" content=\"2022-09-28T07:18:23+00:00\" \/>\n<meta property=\"og:image\" content=\"https:\/\/www.m-q.ch\/wp-content\/uploads\/2022\/09\/Starter-Kit-fuer-digitale-Verantwortung-lanciert_MQ.jpg\" \/>\n\t<meta property=\"og:image:width\" content=\"680\" \/>\n\t<meta property=\"og:image:height\" content=\"371\" \/>\n\t<meta property=\"og:image:type\" content=\"image\/jpeg\" \/>\n<meta name=\"author\" content=\"Thomas Berner\" \/>\n<meta name=\"twitter:card\" content=\"summary_large_image\" \/>\n<meta name=\"twitter:title\" content=\"#StarterKit f\u00fcr digitale #Verantwortung lanciert\" \/>\n<meta name=\"twitter:description\" content=\"Die Swiss Digital Initiative und das Institute for Management Development haben ein Corporate Digital Responsibility #StarterKit entwickelt.\" \/>\n<meta name=\"twitter:image\" content=\"https:\/\/www.m-q.ch\/wp-content\/uploads\/2022\/09\/Starter-Kit-fuer-digitale-Verantwortung-lanciert_MQ.jpg\" \/>\n<meta name=\"twitter:label1\" content=\"Scritto da\" \/>\n\t<meta name=\"twitter:data1\" content=\"Thomas Berner\" \/>\n\t<meta name=\"twitter:label2\" content=\"Tempo di lettura stimato\" \/>\n\t<meta name=\"twitter:data2\" content=\"2 minuti\" \/>\n<script type=\"application\/ld+json\" class=\"yoast-schema-graph\">{\"@context\":\"https:\/\/schema.org\",\"@graph\":[{\"@type\":\"Article\",\"@id\":\"https:\/\/www.m-q.ch\/starter-kit-fuer-digitale-verantwortung-lanciert\/#article\",\"isPartOf\":{\"@id\":\"https:\/\/www.m-q.ch\/starter-kit-fuer-digitale-verantwortung-lanciert\/\"},\"author\":{\"name\":\"Thomas Berner\",\"@id\":\"https:\/\/www.m-q.ch\/fr\/#\/schema\/person\/a8711938b1cfb3f056dec70eaa0b42ab\"},\"headline\":\"Starter Kit f\u00fcr digitale Verantwortung lanciert\",\"datePublished\":\"2022-09-28T07:18:23+00:00\",\"mainEntityOfPage\":{\"@id\":\"https:\/\/www.m-q.ch\/starter-kit-fuer-digitale-verantwortung-lanciert\/\"},\"wordCount\":453,\"publisher\":{\"@id\":\"https:\/\/www.m-q.ch\/fr\/#organization\"},\"image\":{\"@id\":\"https:\/\/www.m-q.ch\/starter-kit-fuer-digitale-verantwortung-lanciert\/#primaryimage\"},\"thumbnailUrl\":\"https:\/\/www.m-q.ch\/wp-content\/uploads\/2022\/09\/Starter-Kit-fuer-digitale-Verantwortung-lanciert_MQ.jpg\",\"keywords\":[\"Digitale Verantwortung\",\"Digitalisierung\",\"Produkte\"],\"articleSection\":[\"Business Excellence\"],\"inLanguage\":\"it-IT\"},{\"@type\":\"WebPage\",\"@id\":\"https:\/\/www.m-q.ch\/starter-kit-fuer-digitale-verantwortung-lanciert\/\",\"url\":\"https:\/\/www.m-q.ch\/starter-kit-fuer-digitale-verantwortung-lanciert\/\",\"name\":\"Starter Kit f\u00fcr digitale Verantwortung lanciert - MQ Management und Qualit\u00e4t\",\"isPartOf\":{\"@id\":\"https:\/\/www.m-q.ch\/fr\/#website\"},\"primaryImageOfPage\":{\"@id\":\"https:\/\/www.m-q.ch\/starter-kit-fuer-digitale-verantwortung-lanciert\/#primaryimage\"},\"image\":{\"@id\":\"https:\/\/www.m-q.ch\/starter-kit-fuer-digitale-verantwortung-lanciert\/#primaryimage\"},\"thumbnailUrl\":\"https:\/\/www.m-q.ch\/wp-content\/uploads\/2022\/09\/Starter-Kit-fuer-digitale-Verantwortung-lanciert_MQ.jpg\",\"datePublished\":\"2022-09-28T07:18:23+00:00\",\"description\":\"Die Swiss Digital Initiative und das Institute for Management Development haben ein Corporate Digital Responsibility Starter Kit entwickelt.\",\"breadcrumb\":{\"@id\":\"https:\/\/www.m-q.ch\/starter-kit-fuer-digitale-verantwortung-lanciert\/#breadcrumb\"},\"inLanguage\":\"it-IT\",\"potentialAction\":[{\"@type\":\"ReadAction\",\"target\":[\"https:\/\/www.m-q.ch\/starter-kit-fuer-digitale-verantwortung-lanciert\/\"]}]},{\"@type\":\"ImageObject\",\"inLanguage\":\"it-IT\",\"@id\":\"https:\/\/www.m-q.ch\/starter-kit-fuer-digitale-verantwortung-lanciert\/#primaryimage\",\"url\":\"https:\/\/www.m-q.ch\/wp-content\/uploads\/2022\/09\/Starter-Kit-fuer-digitale-Verantwortung-lanciert_MQ.jpg\",\"contentUrl\":\"https:\/\/www.m-q.ch\/wp-content\/uploads\/2022\/09\/Starter-Kit-fuer-digitale-Verantwortung-lanciert_MQ.jpg\",\"width\":680,\"height\":371,\"caption\":\"Auf dem Weg zu mehr digitaler Verantwortung: Ein Starter Kit f\u00fcr digitale Verantwortung von SDI und IMD erleichtert den Einstieg. (Bild: SDI \/ IMD)\"},{\"@type\":\"BreadcrumbList\",\"@id\":\"https:\/\/www.m-q.ch\/starter-kit-fuer-digitale-verantwortung-lanciert\/#breadcrumb\",\"itemListElement\":[{\"@type\":\"ListItem\",\"position\":1,\"name\":\"Business Excellence\",\"item\":\"https:\/\/www.m-q.ch\/kategorie\/business_excellence\/\"},{\"@type\":\"ListItem\",\"position\":2,\"name\":\"Starter Kit f\u00fcr digitale Verantwortung lanciert\"}]},{\"@type\":\"WebSite\",\"@id\":\"https:\/\/www.m-q.ch\/fr\/#website\",\"url\":\"https:\/\/www.m-q.ch\/fr\/\",\"name\":\"MQ Management und Qualit\u00e4t\",\"description\":\"Plattform f\u00fcr integrierte Managementsysteme.\",\"publisher\":{\"@id\":\"https:\/\/www.m-q.ch\/fr\/#organization\"},\"potentialAction\":[{\"@type\":\"SearchAction\",\"target\":{\"@type\":\"EntryPoint\",\"urlTemplate\":\"https:\/\/www.m-q.ch\/fr\/?s={search_term_string}\"},\"query-input\":{\"@type\":\"PropertyValueSpecification\",\"valueRequired\":true,\"valueName\":\"search_term_string\"}}],\"inLanguage\":\"it-IT\"},{\"@type\":\"Organization\",\"@id\":\"https:\/\/www.m-q.ch\/fr\/#organization\",\"name\":\"Galledia Fachmedien AG\",\"url\":\"https:\/\/www.m-q.ch\/fr\/\",\"logo\":{\"@type\":\"ImageObject\",\"inLanguage\":\"it-IT\",\"@id\":\"https:\/\/www.m-q.ch\/fr\/#\/schema\/logo\/image\/\",\"url\":\"https:\/\/www.m-q.ch\/wp-content\/uploads\/2020\/12\/cropped-logo_small.png\",\"contentUrl\":\"https:\/\/www.m-q.ch\/wp-content\/uploads\/2020\/12\/cropped-logo_small.png\",\"width\":512,\"height\":512,\"caption\":\"Galledia Fachmedien AG\"},\"image\":{\"@id\":\"https:\/\/www.m-q.ch\/fr\/#\/schema\/logo\/image\/\"},\"sameAs\":[\"https:\/\/www.facebook.com\/ManagementUndQualitaet\",\"https:\/\/www.linkedin.com\/showcase\/17982321\/admin\/\"]},{\"@type\":\"Person\",\"@id\":\"https:\/\/www.m-q.ch\/fr\/#\/schema\/person\/a8711938b1cfb3f056dec70eaa0b42ab\",\"name\":\"Thomas Berner\",\"image\":{\"@type\":\"ImageObject\",\"inLanguage\":\"it-IT\",\"@id\":\"https:\/\/www.m-q.ch\/fr\/#\/schema\/person\/image\/\",\"url\":\"https:\/\/secure.gravatar.com\/avatar\/faea7857408f70478f976d576da10f96?s=96&d=mm&r=g\",\"contentUrl\":\"https:\/\/secure.gravatar.com\/avatar\/faea7857408f70478f976d576da10f96?s=96&d=mm&r=g\",\"caption\":\"Thomas Berner\"},\"url\":\"https:\/\/www.m-q.ch\/it\/author\/thomas-berner\/\"}]}<\/script>\n<!-- \/ Yoast SEO plugin. -->","yoast_head_json":{"title":"Lancio dello Starter Kit per la responsabilit\u00e0 digitale - MQ Gestione e Qualit\u00e0","description":"L'Iniziativa Digitale Svizzera e l'Istituto per lo Sviluppo Manageriale hanno sviluppato uno Starter Kit per la Responsabilit\u00e0 Digitale d'Impresa.","robots":{"index":"index","follow":"follow","max-snippet":"max-snippet:-1","max-image-preview":"max-image-preview:large","max-video-preview":"max-video-preview:-1"},"canonical":"https:\/\/www.m-q.ch\/it\/lanciato-lo-starter-kit-per-la-responsabilita-digitale\/","og_locale":"it_IT","og_type":"article","og_title":"Starter Kit f\u00fcr digitale Verantwortung lanciert","og_description":"Die Swiss Digital Initiative und das Institute for Management Development haben ein Corporate Digital Responsibility Starter Kit entwickelt.","og_url":"https:\/\/www.m-q.ch\/it\/lanciato-lo-starter-kit-per-la-responsabilita-digitale\/","og_site_name":"MQ Management und Qualit\u00e4t","article_publisher":"https:\/\/www.facebook.com\/ManagementUndQualitaet","article_published_time":"2022-09-28T07:18:23+00:00","og_image":[{"width":680,"height":371,"url":"https:\/\/www.m-q.ch\/wp-content\/uploads\/2022\/09\/Starter-Kit-fuer-digitale-Verantwortung-lanciert_MQ.jpg","type":"image\/jpeg"}],"author":"Thomas Berner","twitter_card":"summary_large_image","twitter_title":"#StarterKit f\u00fcr digitale #Verantwortung lanciert","twitter_description":"Die Swiss Digital Initiative und das Institute for Management Development haben ein Corporate Digital Responsibility #StarterKit entwickelt.","twitter_image":"https:\/\/www.m-q.ch\/wp-content\/uploads\/2022\/09\/Starter-Kit-fuer-digitale-Verantwortung-lanciert_MQ.jpg","twitter_misc":{"Scritto da":"Thomas Berner","Tempo di lettura stimato":"2 minuti"},"schema":{"@context":"https:\/\/schema.org","@graph":[{"@type":"Article","@id":"https:\/\/www.m-q.ch\/starter-kit-fuer-digitale-verantwortung-lanciert\/#article","isPartOf":{"@id":"https:\/\/www.m-q.ch\/starter-kit-fuer-digitale-verantwortung-lanciert\/"},"author":{"name":"Thomas Berner","@id":"https:\/\/www.m-q.ch\/fr\/#\/schema\/person\/a8711938b1cfb3f056dec70eaa0b42ab"},"headline":"Starter Kit f\u00fcr digitale Verantwortung lanciert","datePublished":"2022-09-28T07:18:23+00:00","mainEntityOfPage":{"@id":"https:\/\/www.m-q.ch\/starter-kit-fuer-digitale-verantwortung-lanciert\/"},"wordCount":453,"publisher":{"@id":"https:\/\/www.m-q.ch\/fr\/#organization"},"image":{"@id":"https:\/\/www.m-q.ch\/starter-kit-fuer-digitale-verantwortung-lanciert\/#primaryimage"},"thumbnailUrl":"https:\/\/www.m-q.ch\/wp-content\/uploads\/2022\/09\/Starter-Kit-fuer-digitale-Verantwortung-lanciert_MQ.jpg","keywords":["Digitale Verantwortung","Digitalisierung","Produkte"],"articleSection":["Business Excellence"],"inLanguage":"it-IT"},{"@type":"WebPage","@id":"https:\/\/www.m-q.ch\/starter-kit-fuer-digitale-verantwortung-lanciert\/","url":"https:\/\/www.m-q.ch\/starter-kit-fuer-digitale-verantwortung-lanciert\/","name":"Lancio dello Starter Kit per la responsabilit\u00e0 digitale - MQ Gestione e Qualit\u00e0","isPartOf":{"@id":"https:\/\/www.m-q.ch\/fr\/#website"},"primaryImageOfPage":{"@id":"https:\/\/www.m-q.ch\/starter-kit-fuer-digitale-verantwortung-lanciert\/#primaryimage"},"image":{"@id":"https:\/\/www.m-q.ch\/starter-kit-fuer-digitale-verantwortung-lanciert\/#primaryimage"},"thumbnailUrl":"https:\/\/www.m-q.ch\/wp-content\/uploads\/2022\/09\/Starter-Kit-fuer-digitale-Verantwortung-lanciert_MQ.jpg","datePublished":"2022-09-28T07:18:23+00:00","description":"L'Iniziativa Digitale Svizzera e l'Istituto per lo Sviluppo Manageriale hanno sviluppato uno Starter Kit per la Responsabilit\u00e0 Digitale d'Impresa.","breadcrumb":{"@id":"https:\/\/www.m-q.ch\/starter-kit-fuer-digitale-verantwortung-lanciert\/#breadcrumb"},"inLanguage":"it-IT","potentialAction":[{"@type":"ReadAction","target":["https:\/\/www.m-q.ch\/starter-kit-fuer-digitale-verantwortung-lanciert\/"]}]},{"@type":"ImageObject","inLanguage":"it-IT","@id":"https:\/\/www.m-q.ch\/starter-kit-fuer-digitale-verantwortung-lanciert\/#primaryimage","url":"https:\/\/www.m-q.ch\/wp-content\/uploads\/2022\/09\/Starter-Kit-fuer-digitale-Verantwortung-lanciert_MQ.jpg","contentUrl":"https:\/\/www.m-q.ch\/wp-content\/uploads\/2022\/09\/Starter-Kit-fuer-digitale-Verantwortung-lanciert_MQ.jpg","width":680,"height":371,"caption":"Auf dem Weg zu mehr digitaler Verantwortung: Ein Starter Kit f\u00fcr digitale Verantwortung von SDI und IMD erleichtert den Einstieg. (Bild: SDI \/ IMD)"},{"@type":"BreadcrumbList","@id":"https:\/\/www.m-q.ch\/starter-kit-fuer-digitale-verantwortung-lanciert\/#breadcrumb","itemListElement":[{"@type":"ListItem","position":1,"name":"Business Excellence","item":"https:\/\/www.m-q.ch\/kategorie\/business_excellence\/"},{"@type":"ListItem","position":2,"name":"Starter Kit f\u00fcr digitale Verantwortung lanciert"}]},{"@type":"WebSite","@id":"https:\/\/www.m-q.ch\/fr\/#website","url":"https:\/\/www.m-q.ch\/fr\/","name":"Gestione e qualit\u00e0 MQ","description":"Piattaforma per sistemi di gestione integrati.","publisher":{"@id":"https:\/\/www.m-q.ch\/fr\/#organization"},"potentialAction":[{"@type":"SearchAction","target":{"@type":"EntryPoint","urlTemplate":"https:\/\/www.m-q.ch\/fr\/?s={search_term_string}"},"query-input":{"@type":"PropertyValueSpecification","valueRequired":true,"valueName":"search_term_string"}}],"inLanguage":"it-IT"},{"@type":"Organization","@id":"https:\/\/www.m-q.ch\/fr\/#organization","name":"Galledia Fachmedien AG","url":"https:\/\/www.m-q.ch\/fr\/","logo":{"@type":"ImageObject","inLanguage":"it-IT","@id":"https:\/\/www.m-q.ch\/fr\/#\/schema\/logo\/image\/","url":"https:\/\/www.m-q.ch\/wp-content\/uploads\/2020\/12\/cropped-logo_small.png","contentUrl":"https:\/\/www.m-q.ch\/wp-content\/uploads\/2020\/12\/cropped-logo_small.png","width":512,"height":512,"caption":"Galledia Fachmedien AG"},"image":{"@id":"https:\/\/www.m-q.ch\/fr\/#\/schema\/logo\/image\/"},"sameAs":["https:\/\/www.facebook.com\/ManagementUndQualitaet","https:\/\/www.linkedin.com\/showcase\/17982321\/admin\/"]},{"@type":"Person","@id":"https:\/\/www.m-q.ch\/fr\/#\/schema\/person\/a8711938b1cfb3f056dec70eaa0b42ab","name":"Thomas Bernard","image":{"@type":"ImageObject","inLanguage":"it-IT","@id":"https:\/\/www.m-q.ch\/fr\/#\/schema\/person\/image\/","url":"https:\/\/secure.gravatar.com\/avatar\/faea7857408f70478f976d576da10f96?s=96&d=mm&r=g","contentUrl":"https:\/\/secure.gravatar.com\/avatar\/faea7857408f70478f976d576da10f96?s=96&d=mm&r=g","caption":"Thomas Berner"},"url":"https:\/\/www.m-q.ch\/it\/author\/thomas-berner\/"}]}},"_links":{"self":[{"href":"https:\/\/www.m-q.ch\/it\/wp-json\/wp\/v2\/posts\/16933","targetHints":{"allow":["GET"]}}],"collection":[{"href":"https:\/\/www.m-q.ch\/it\/wp-json\/wp\/v2\/posts"}],"about":[{"href":"https:\/\/www.m-q.ch\/it\/wp-json\/wp\/v2\/types\/post"}],"author":[{"embeddable":true,"href":"https:\/\/www.m-q.ch\/it\/wp-json\/wp\/v2\/users\/10"}],"replies":[{"embeddable":true,"href":"https:\/\/www.m-q.ch\/it\/wp-json\/wp\/v2\/comments?post=16933"}],"version-history":[{"count":1,"href":"https:\/\/www.m-q.ch\/it\/wp-json\/wp\/v2\/posts\/16933\/revisions"}],"predecessor-version":[{"id":16935,"href":"https:\/\/www.m-q.ch\/it\/wp-json\/wp\/v2\/posts\/16933\/revisions\/16935"}],"wp:featuredmedia":[{"embeddable":true,"href":"https:\/\/www.m-q.ch\/it\/wp-json\/wp\/v2\/media\/16934"}],"wp:attachment":[{"href":"https:\/\/www.m-q.ch\/it\/wp-json\/wp\/v2\/media?parent=16933"}],"wp:term":[{"taxonomy":"category","embeddable":true,"href":"https:\/\/www.m-q.ch\/it\/wp-json\/wp\/v2\/categories?post=16933"},{"taxonomy":"post_tag","embeddable":true,"href":"https:\/\/www.m-q.ch\/it\/wp-json\/wp\/v2\/tags?post=16933"}],"curies":[{"name":"wp","href":"https:\/\/api.w.org\/{rel}","templated":true}]}}