{"id":17167,"date":"2022-11-15T11:17:09","date_gmt":"2022-11-15T10:17:09","guid":{"rendered":"https:\/\/www.m-q.ch\/?p=17167"},"modified":"2022-11-15T11:17:09","modified_gmt":"2022-11-15T10:17:09","slug":"orange-cyberdefence-rileva-scrt-e-telsys","status":"publish","type":"post","link":"https:\/\/www.m-q.ch\/it\/orange-cyberdefense-uebernimmt-scrt-und-telsys\/","title":{"rendered":"Orange Cyberdefense acquisisce SCRT e Telsys"},"content":{"rendered":"<figure id=\"attachment_17168\" aria-describedby=\"caption-attachment-17168\" style=\"width: 680px\" class=\"wp-caption alignnone\"><img loading=\"lazy\" decoding=\"async\" class=\"size-full wp-image-17168\" src=\"https:\/\/www.m-q.ch\/wp-content\/uploads\/2022\/11\/Orange-Cyberdefense-uebernimmt-SCRT-und-Telsys_MQ.jpg\" alt=\"\" width=\"680\" height=\"512\" srcset=\"https:\/\/www.m-q.ch\/wp-content\/uploads\/2022\/11\/Orange-Cyberdefense-uebernimmt-SCRT-und-Telsys_MQ.jpg 680w, https:\/\/www.m-q.ch\/wp-content\/uploads\/2022\/11\/Orange-Cyberdefense-uebernimmt-SCRT-und-Telsys_MQ-16x12.jpg 16w, https:\/\/www.m-q.ch\/wp-content\/uploads\/2022\/11\/Orange-Cyberdefense-uebernimmt-SCRT-und-Telsys_MQ-375x282.jpg 375w, https:\/\/www.m-q.ch\/wp-content\/uploads\/2022\/11\/Orange-Cyberdefense-uebernimmt-SCRT-und-Telsys_MQ-465x350.jpg 465w\" sizes=\"auto, (max-width: 680px) 100vw, 680px\" \/><figcaption id=\"caption-attachment-17168\" class=\"wp-caption-text\">Hugues Foulon, amministratore delegato di Orange Cyberdefense, in merito all'acquisizione di SCRT e Telsys: \"Siamo molto soddisfatti di questa acquisizione. Questo \u00e8 un altro passo verso il nostro obiettivo di espandere ulteriormente la nostra leadership nel mercato europeo della sicurezza informatica\". (Immagine: zVg \/ Orange)<\/figcaption><\/figure>\n<p>L'8 novembre 2022, Orange Cyberdefense, una filiale del fornitore di servizi di telecomunicazioni Orange, ha acquisito le societ\u00e0 svizzere SCRT e Telsys per 100 %. Le due societ\u00e0 sorelle hanno la loro sede comune a Morges, vicino a Losanna, e impiegano circa 100 persone, tutte esperte in sicurezza informatica e servizi correlati, distribuite anche nelle sedi di Ginevra e Berna. SCRT, che si dichiara leader nel mercato della cybersecurity nella Svizzera francese, supporta i propri clienti da 20 anni con una gamma di soluzioni complete di cybersecurity per servizi gestiti, consulenza, pen test e bonifica delle vulnerabilit\u00e0 in caso di attacchi informatici. Telsys, invece, \u00e8 specializzata nella gestione di soluzioni IT.\u00a0\u00a0<\/p>\n<p>Secondo quanto riportato, l'ulteriore sviluppo della filiale di cybersecurity \u00e8 una priorit\u00e0 strategica per il Gruppo Orange. In un mercato che cresce di oltre 10 % all'anno, la filiale di Orange ha registrato un aumento dei ricavi di 14 % nel 2021, con un obiettivo di un miliardo di euro nel 2023. Con l'acquisizione di queste aziende, Orange Cyberdefense espande la sua esperienza nel campo delle minacce informatiche e il suo peso unico nel campo dell'hacking etico a 200 specialisti. Quest'ultima transazione \u00e8 un altro passo nell'ambiziosa strategia di crescita organica e inorganica di Orange Cyberdefense. SecureLink e SecureData sono gi\u00e0 state acquisite nel 2019. Con una presenza in nove Paesi (Francia, Belgio, Danimarca, Germania, Paesi Bassi, Norvegia, Svezia, Regno Unito e ora Svizzera), oltre 2700 esperti e 8500 clienti, Orange Cyberdefense mira a espandere la propria leadership di mercato in Europa nel campo della cybersecurity.<\/p>\n<p>Il team di gestione e le strutture esistenti di SCRT e Telsys manterranno la loro autonomia locale per accelerare i piani di espansione, in particolare nel territorio svizzero-tedesco, in sinergia con la gi\u00e0 consolidata Orange Business Services. Con l'aiuto dell'esperienza e delle risorse del Gruppo Orange, SCRT e Telsys saranno in grado di ampliare il loro catalogo di servizi e di offrire ai loro clienti una gamma ancora pi\u00f9 ampia di servizi SOC 24 ore su 24 o una gamma pi\u00f9 estesa di benefici e servizi gestiti. I dettagli finanziari della transazione non sono stati resi noti.<\/p>\n<p><em>Fonte: <a href=\"http:\/\/www.orange.com\">www.orange.com<\/a><\/em><\/p>","protected":false},"excerpt":{"rendered":"<p>Am 8. November 2022 hat Orange Cyberdefense, Tochterunternehmen des Telekommunikations-Dienstleisters Orange, die Schweizer Firmen SCRT und Telsys zu 100 % \u00fcbernommen. Die beiden Schwesterunternehmen haben ihre gemeinsame Zentrale in Morges in der N\u00e4he von Lausanne und besch\u00e4ftigen circa 100 Mitarbeitende, alles Experten f\u00fcr Cybersicherheit und verbundene Dienstleistungen, die sich auch auf die B\u00fcros von Genf [&hellip;]<\/p>\n","protected":false},"author":10,"featured_media":17168,"comment_status":"closed","ping_status":"closed","sticky":false,"template":"","format":"standard","meta":{"_acf_changed":false,"footnotes":""},"categories":[4448],"tags":[3560,3352],"class_list":["post-17167","post","type-post","status-publish","format-standard","has-post-thumbnail","hentry","category-allgemein","tag-cybersicherheit","tag-unternehmen"],"acf":[],"yoast_head":"<!-- This site is optimized with the Yoast SEO plugin v26.2 - https:\/\/yoast.com\/wordpress\/plugins\/seo\/ -->\n<title>Orange Cyberdefense \u00fcbernimmt SCRT und Telsys - MQ Management und Qualit\u00e4t<\/title>\n<meta name=\"description\" content=\"Die Cybersecurity-Tochter von Orange \u201eOrange Cyberdefense\u201c hat die beiden Schweizer Firmen SCRT und Telsys \u00fcbernommen.\" \/>\n<meta name=\"robots\" content=\"index, follow, max-snippet:-1, max-image-preview:large, max-video-preview:-1\" \/>\n<link rel=\"canonical\" href=\"https:\/\/www.m-q.ch\/it\/orange-cyberdefence-rileva-scrt-e-telsys\/\" \/>\n<meta property=\"og:locale\" content=\"it_IT\" \/>\n<meta property=\"og:type\" content=\"article\" \/>\n<meta property=\"og:title\" content=\"Orange Cyberdefense \u00fcbernimmt SCRT und Telsys\" \/>\n<meta property=\"og:description\" content=\"Die Cybersecurity-Tochter von Orange \u201eOrange Cyberdefense\u201c hat die beiden Schweizer Firmen SCRT und Telsys \u00fcbernommen.\" \/>\n<meta property=\"og:url\" content=\"https:\/\/www.m-q.ch\/it\/orange-cyberdefence-rileva-scrt-e-telsys\/\" \/>\n<meta property=\"og:site_name\" content=\"MQ Management und Qualit\u00e4t\" \/>\n<meta property=\"article:publisher\" content=\"https:\/\/www.facebook.com\/ManagementUndQualitaet\" \/>\n<meta property=\"article:published_time\" content=\"2022-11-15T10:17:09+00:00\" \/>\n<meta property=\"og:image\" content=\"https:\/\/www.m-q.ch\/wp-content\/uploads\/2022\/11\/Orange-Cyberdefense-uebernimmt-SCRT-und-Telsys_MQ.jpg\" \/>\n\t<meta property=\"og:image:width\" content=\"680\" \/>\n\t<meta property=\"og:image:height\" content=\"512\" \/>\n\t<meta property=\"og:image:type\" content=\"image\/jpeg\" \/>\n<meta name=\"author\" content=\"Thomas Berner\" \/>\n<meta name=\"twitter:card\" content=\"summary_large_image\" \/>\n<meta name=\"twitter:title\" content=\"#Orange #Cyberdefense \u00fcbernimmt #SCRT und #Telsys\" \/>\n<meta name=\"twitter:description\" content=\"Die #Cybersecurity-Tochter von #Orange \u201eOrange Cyberdefense\u201c hat die beiden Schweizer Firmen #SCRT und #Telsys \u00fcbernommen.\" \/>\n<meta name=\"twitter:image\" content=\"https:\/\/www.m-q.ch\/wp-content\/uploads\/2022\/11\/Orange-Cyberdefense-uebernimmt-SCRT-und-Telsys_MQ.jpg\" \/>\n<meta name=\"twitter:label1\" content=\"Scritto da\" \/>\n\t<meta name=\"twitter:data1\" content=\"Thomas Berner\" \/>\n\t<meta name=\"twitter:label2\" content=\"Tempo di lettura stimato\" \/>\n\t<meta name=\"twitter:data2\" content=\"2 minuti\" \/>\n<script type=\"application\/ld+json\" class=\"yoast-schema-graph\">{\"@context\":\"https:\/\/schema.org\",\"@graph\":[{\"@type\":\"Article\",\"@id\":\"https:\/\/www.m-q.ch\/orange-cyberdefense-uebernimmt-scrt-und-telsys\/#article\",\"isPartOf\":{\"@id\":\"https:\/\/www.m-q.ch\/orange-cyberdefense-uebernimmt-scrt-und-telsys\/\"},\"author\":{\"name\":\"Thomas Berner\",\"@id\":\"https:\/\/www.m-q.ch\/fr\/#\/schema\/person\/a8711938b1cfb3f056dec70eaa0b42ab\"},\"headline\":\"Orange Cyberdefense \u00fcbernimmt SCRT und Telsys\",\"datePublished\":\"2022-11-15T10:17:09+00:00\",\"mainEntityOfPage\":{\"@id\":\"https:\/\/www.m-q.ch\/orange-cyberdefense-uebernimmt-scrt-und-telsys\/\"},\"wordCount\":374,\"publisher\":{\"@id\":\"https:\/\/www.m-q.ch\/fr\/#organization\"},\"image\":{\"@id\":\"https:\/\/www.m-q.ch\/orange-cyberdefense-uebernimmt-scrt-und-telsys\/#primaryimage\"},\"thumbnailUrl\":\"https:\/\/www.m-q.ch\/wp-content\/uploads\/2022\/11\/Orange-Cyberdefense-uebernimmt-SCRT-und-Telsys_MQ.jpg\",\"keywords\":[\"Cybersicherheit\",\"Unternehmen\"],\"articleSection\":[\"Allgemein\"],\"inLanguage\":\"it-IT\"},{\"@type\":\"WebPage\",\"@id\":\"https:\/\/www.m-q.ch\/orange-cyberdefense-uebernimmt-scrt-und-telsys\/\",\"url\":\"https:\/\/www.m-q.ch\/orange-cyberdefense-uebernimmt-scrt-und-telsys\/\",\"name\":\"Orange Cyberdefense \u00fcbernimmt SCRT und Telsys - MQ Management und Qualit\u00e4t\",\"isPartOf\":{\"@id\":\"https:\/\/www.m-q.ch\/fr\/#website\"},\"primaryImageOfPage\":{\"@id\":\"https:\/\/www.m-q.ch\/orange-cyberdefense-uebernimmt-scrt-und-telsys\/#primaryimage\"},\"image\":{\"@id\":\"https:\/\/www.m-q.ch\/orange-cyberdefense-uebernimmt-scrt-und-telsys\/#primaryimage\"},\"thumbnailUrl\":\"https:\/\/www.m-q.ch\/wp-content\/uploads\/2022\/11\/Orange-Cyberdefense-uebernimmt-SCRT-und-Telsys_MQ.jpg\",\"datePublished\":\"2022-11-15T10:17:09+00:00\",\"description\":\"Die Cybersecurity-Tochter von Orange \u201eOrange Cyberdefense\u201c hat die beiden Schweizer Firmen SCRT und Telsys \u00fcbernommen.\",\"breadcrumb\":{\"@id\":\"https:\/\/www.m-q.ch\/orange-cyberdefense-uebernimmt-scrt-und-telsys\/#breadcrumb\"},\"inLanguage\":\"it-IT\",\"potentialAction\":[{\"@type\":\"ReadAction\",\"target\":[\"https:\/\/www.m-q.ch\/orange-cyberdefense-uebernimmt-scrt-und-telsys\/\"]}]},{\"@type\":\"ImageObject\",\"inLanguage\":\"it-IT\",\"@id\":\"https:\/\/www.m-q.ch\/orange-cyberdefense-uebernimmt-scrt-und-telsys\/#primaryimage\",\"url\":\"https:\/\/www.m-q.ch\/wp-content\/uploads\/2022\/11\/Orange-Cyberdefense-uebernimmt-SCRT-und-Telsys_MQ.jpg\",\"contentUrl\":\"https:\/\/www.m-q.ch\/wp-content\/uploads\/2022\/11\/Orange-Cyberdefense-uebernimmt-SCRT-und-Telsys_MQ.jpg\",\"width\":680,\"height\":512,\"caption\":\"Hugues Foulon, Gesch\u00e4ftsf\u00fchrer von Orange Cyberdefense: \u201eWir freuen uns \u00fcber diese \u00dcbernahme und insbesondere dar\u00fcber, neue erstklassige Teams bei uns begr\u00fcssen zu d\u00fcrfen mit Mitarbeitenden, die unsere Leistungsst\u00e4rke verbessern. Das ist ein weiterer Schritt hin zu unserem Ziel, die europ\u00e4ische Marktf\u00fchrerschaft f\u00fcr Cybersicherheit weiter auszubauen. Wir dringen in den siebtgr\u00f6ssten Cybersecurity-Markt Europas vor und festigen gleichzeitig die Position der Gruppe Orange auf dem Schweizer Markt.\u201c (Bild: zVg \/ Orange)\"},{\"@type\":\"BreadcrumbList\",\"@id\":\"https:\/\/www.m-q.ch\/orange-cyberdefense-uebernimmt-scrt-und-telsys\/#breadcrumb\",\"itemListElement\":[{\"@type\":\"ListItem\",\"position\":1,\"name\":\"Allgemein\",\"item\":\"https:\/\/www.m-q.ch\/kategorie\/allgemein\/\"},{\"@type\":\"ListItem\",\"position\":2,\"name\":\"Orange Cyberdefense \u00fcbernimmt SCRT und Telsys\"}]},{\"@type\":\"WebSite\",\"@id\":\"https:\/\/www.m-q.ch\/fr\/#website\",\"url\":\"https:\/\/www.m-q.ch\/fr\/\",\"name\":\"MQ Management und Qualit\u00e4t\",\"description\":\"Plattform f\u00fcr integrierte Managementsysteme.\",\"publisher\":{\"@id\":\"https:\/\/www.m-q.ch\/fr\/#organization\"},\"potentialAction\":[{\"@type\":\"SearchAction\",\"target\":{\"@type\":\"EntryPoint\",\"urlTemplate\":\"https:\/\/www.m-q.ch\/fr\/?s={search_term_string}\"},\"query-input\":{\"@type\":\"PropertyValueSpecification\",\"valueRequired\":true,\"valueName\":\"search_term_string\"}}],\"inLanguage\":\"it-IT\"},{\"@type\":\"Organization\",\"@id\":\"https:\/\/www.m-q.ch\/fr\/#organization\",\"name\":\"Galledia Fachmedien AG\",\"url\":\"https:\/\/www.m-q.ch\/fr\/\",\"logo\":{\"@type\":\"ImageObject\",\"inLanguage\":\"it-IT\",\"@id\":\"https:\/\/www.m-q.ch\/fr\/#\/schema\/logo\/image\/\",\"url\":\"https:\/\/www.m-q.ch\/wp-content\/uploads\/2020\/12\/cropped-logo_small.png\",\"contentUrl\":\"https:\/\/www.m-q.ch\/wp-content\/uploads\/2020\/12\/cropped-logo_small.png\",\"width\":512,\"height\":512,\"caption\":\"Galledia Fachmedien AG\"},\"image\":{\"@id\":\"https:\/\/www.m-q.ch\/fr\/#\/schema\/logo\/image\/\"},\"sameAs\":[\"https:\/\/www.facebook.com\/ManagementUndQualitaet\",\"https:\/\/www.linkedin.com\/showcase\/17982321\/admin\/\"]},{\"@type\":\"Person\",\"@id\":\"https:\/\/www.m-q.ch\/fr\/#\/schema\/person\/a8711938b1cfb3f056dec70eaa0b42ab\",\"name\":\"Thomas Berner\",\"image\":{\"@type\":\"ImageObject\",\"inLanguage\":\"it-IT\",\"@id\":\"https:\/\/www.m-q.ch\/fr\/#\/schema\/person\/image\/\",\"url\":\"https:\/\/secure.gravatar.com\/avatar\/faea7857408f70478f976d576da10f96?s=96&d=mm&r=g\",\"contentUrl\":\"https:\/\/secure.gravatar.com\/avatar\/faea7857408f70478f976d576da10f96?s=96&d=mm&r=g\",\"caption\":\"Thomas Berner\"},\"url\":\"https:\/\/www.m-q.ch\/it\/author\/thomas-berner\/\"}]}<\/script>\n<!-- \/ Yoast SEO plugin. -->","yoast_head_json":{"title":"Orange Cyberdefense acquisisce SCRT e Telsys - MQ Gestione e Qualit\u00e0","description":"La filiale di Orange per la sicurezza informatica \"Orange Cyberdefense\" ha rilevato le due societ\u00e0 svizzere SCRT e Telsys.","robots":{"index":"index","follow":"follow","max-snippet":"max-snippet:-1","max-image-preview":"max-image-preview:large","max-video-preview":"max-video-preview:-1"},"canonical":"https:\/\/www.m-q.ch\/it\/orange-cyberdefence-rileva-scrt-e-telsys\/","og_locale":"it_IT","og_type":"article","og_title":"Orange Cyberdefense \u00fcbernimmt SCRT und Telsys","og_description":"Die Cybersecurity-Tochter von Orange \u201eOrange Cyberdefense\u201c hat die beiden Schweizer Firmen SCRT und Telsys \u00fcbernommen.","og_url":"https:\/\/www.m-q.ch\/it\/orange-cyberdefence-rileva-scrt-e-telsys\/","og_site_name":"MQ Management und Qualit\u00e4t","article_publisher":"https:\/\/www.facebook.com\/ManagementUndQualitaet","article_published_time":"2022-11-15T10:17:09+00:00","og_image":[{"width":680,"height":512,"url":"https:\/\/www.m-q.ch\/wp-content\/uploads\/2022\/11\/Orange-Cyberdefense-uebernimmt-SCRT-und-Telsys_MQ.jpg","type":"image\/jpeg"}],"author":"Thomas Berner","twitter_card":"summary_large_image","twitter_title":"#Orange #Cyberdefense \u00fcbernimmt #SCRT und #Telsys","twitter_description":"Die #Cybersecurity-Tochter von #Orange \u201eOrange Cyberdefense\u201c hat die beiden Schweizer Firmen #SCRT und #Telsys \u00fcbernommen.","twitter_image":"https:\/\/www.m-q.ch\/wp-content\/uploads\/2022\/11\/Orange-Cyberdefense-uebernimmt-SCRT-und-Telsys_MQ.jpg","twitter_misc":{"Scritto da":"Thomas Berner","Tempo di lettura stimato":"2 minuti"},"schema":{"@context":"https:\/\/schema.org","@graph":[{"@type":"Article","@id":"https:\/\/www.m-q.ch\/orange-cyberdefense-uebernimmt-scrt-und-telsys\/#article","isPartOf":{"@id":"https:\/\/www.m-q.ch\/orange-cyberdefense-uebernimmt-scrt-und-telsys\/"},"author":{"name":"Thomas Berner","@id":"https:\/\/www.m-q.ch\/fr\/#\/schema\/person\/a8711938b1cfb3f056dec70eaa0b42ab"},"headline":"Orange Cyberdefense \u00fcbernimmt SCRT und Telsys","datePublished":"2022-11-15T10:17:09+00:00","mainEntityOfPage":{"@id":"https:\/\/www.m-q.ch\/orange-cyberdefense-uebernimmt-scrt-und-telsys\/"},"wordCount":374,"publisher":{"@id":"https:\/\/www.m-q.ch\/fr\/#organization"},"image":{"@id":"https:\/\/www.m-q.ch\/orange-cyberdefense-uebernimmt-scrt-und-telsys\/#primaryimage"},"thumbnailUrl":"https:\/\/www.m-q.ch\/wp-content\/uploads\/2022\/11\/Orange-Cyberdefense-uebernimmt-SCRT-und-Telsys_MQ.jpg","keywords":["Cybersicherheit","Unternehmen"],"articleSection":["Allgemein"],"inLanguage":"it-IT"},{"@type":"WebPage","@id":"https:\/\/www.m-q.ch\/orange-cyberdefense-uebernimmt-scrt-und-telsys\/","url":"https:\/\/www.m-q.ch\/orange-cyberdefense-uebernimmt-scrt-und-telsys\/","name":"Orange Cyberdefense acquisisce SCRT e Telsys - MQ Gestione e Qualit\u00e0","isPartOf":{"@id":"https:\/\/www.m-q.ch\/fr\/#website"},"primaryImageOfPage":{"@id":"https:\/\/www.m-q.ch\/orange-cyberdefense-uebernimmt-scrt-und-telsys\/#primaryimage"},"image":{"@id":"https:\/\/www.m-q.ch\/orange-cyberdefense-uebernimmt-scrt-und-telsys\/#primaryimage"},"thumbnailUrl":"https:\/\/www.m-q.ch\/wp-content\/uploads\/2022\/11\/Orange-Cyberdefense-uebernimmt-SCRT-und-Telsys_MQ.jpg","datePublished":"2022-11-15T10:17:09+00:00","description":"La filiale di Orange per la sicurezza informatica \"Orange Cyberdefense\" ha rilevato le due societ\u00e0 svizzere SCRT e Telsys.","breadcrumb":{"@id":"https:\/\/www.m-q.ch\/orange-cyberdefense-uebernimmt-scrt-und-telsys\/#breadcrumb"},"inLanguage":"it-IT","potentialAction":[{"@type":"ReadAction","target":["https:\/\/www.m-q.ch\/orange-cyberdefense-uebernimmt-scrt-und-telsys\/"]}]},{"@type":"ImageObject","inLanguage":"it-IT","@id":"https:\/\/www.m-q.ch\/orange-cyberdefense-uebernimmt-scrt-und-telsys\/#primaryimage","url":"https:\/\/www.m-q.ch\/wp-content\/uploads\/2022\/11\/Orange-Cyberdefense-uebernimmt-SCRT-und-Telsys_MQ.jpg","contentUrl":"https:\/\/www.m-q.ch\/wp-content\/uploads\/2022\/11\/Orange-Cyberdefense-uebernimmt-SCRT-und-Telsys_MQ.jpg","width":680,"height":512,"caption":"Hugues Foulon, Gesch\u00e4ftsf\u00fchrer von Orange Cyberdefense: \u201eWir freuen uns \u00fcber diese \u00dcbernahme und insbesondere dar\u00fcber, neue erstklassige Teams bei uns begr\u00fcssen zu d\u00fcrfen mit Mitarbeitenden, die unsere Leistungsst\u00e4rke verbessern. Das ist ein weiterer Schritt hin zu unserem Ziel, die europ\u00e4ische Marktf\u00fchrerschaft f\u00fcr Cybersicherheit weiter auszubauen. Wir dringen in den siebtgr\u00f6ssten Cybersecurity-Markt Europas vor und festigen gleichzeitig die Position der Gruppe Orange auf dem Schweizer Markt.\u201c (Bild: zVg \/ Orange)"},{"@type":"BreadcrumbList","@id":"https:\/\/www.m-q.ch\/orange-cyberdefense-uebernimmt-scrt-und-telsys\/#breadcrumb","itemListElement":[{"@type":"ListItem","position":1,"name":"Allgemein","item":"https:\/\/www.m-q.ch\/kategorie\/allgemein\/"},{"@type":"ListItem","position":2,"name":"Orange Cyberdefense \u00fcbernimmt SCRT und Telsys"}]},{"@type":"WebSite","@id":"https:\/\/www.m-q.ch\/fr\/#website","url":"https:\/\/www.m-q.ch\/fr\/","name":"Gestione e qualit\u00e0 MQ","description":"Piattaforma per sistemi di gestione integrati.","publisher":{"@id":"https:\/\/www.m-q.ch\/fr\/#organization"},"potentialAction":[{"@type":"SearchAction","target":{"@type":"EntryPoint","urlTemplate":"https:\/\/www.m-q.ch\/fr\/?s={search_term_string}"},"query-input":{"@type":"PropertyValueSpecification","valueRequired":true,"valueName":"search_term_string"}}],"inLanguage":"it-IT"},{"@type":"Organization","@id":"https:\/\/www.m-q.ch\/fr\/#organization","name":"Galledia Fachmedien AG","url":"https:\/\/www.m-q.ch\/fr\/","logo":{"@type":"ImageObject","inLanguage":"it-IT","@id":"https:\/\/www.m-q.ch\/fr\/#\/schema\/logo\/image\/","url":"https:\/\/www.m-q.ch\/wp-content\/uploads\/2020\/12\/cropped-logo_small.png","contentUrl":"https:\/\/www.m-q.ch\/wp-content\/uploads\/2020\/12\/cropped-logo_small.png","width":512,"height":512,"caption":"Galledia Fachmedien AG"},"image":{"@id":"https:\/\/www.m-q.ch\/fr\/#\/schema\/logo\/image\/"},"sameAs":["https:\/\/www.facebook.com\/ManagementUndQualitaet","https:\/\/www.linkedin.com\/showcase\/17982321\/admin\/"]},{"@type":"Person","@id":"https:\/\/www.m-q.ch\/fr\/#\/schema\/person\/a8711938b1cfb3f056dec70eaa0b42ab","name":"Thomas Bernard","image":{"@type":"ImageObject","inLanguage":"it-IT","@id":"https:\/\/www.m-q.ch\/fr\/#\/schema\/person\/image\/","url":"https:\/\/secure.gravatar.com\/avatar\/faea7857408f70478f976d576da10f96?s=96&d=mm&r=g","contentUrl":"https:\/\/secure.gravatar.com\/avatar\/faea7857408f70478f976d576da10f96?s=96&d=mm&r=g","caption":"Thomas Berner"},"url":"https:\/\/www.m-q.ch\/it\/author\/thomas-berner\/"}]}},"_links":{"self":[{"href":"https:\/\/www.m-q.ch\/it\/wp-json\/wp\/v2\/posts\/17167","targetHints":{"allow":["GET"]}}],"collection":[{"href":"https:\/\/www.m-q.ch\/it\/wp-json\/wp\/v2\/posts"}],"about":[{"href":"https:\/\/www.m-q.ch\/it\/wp-json\/wp\/v2\/types\/post"}],"author":[{"embeddable":true,"href":"https:\/\/www.m-q.ch\/it\/wp-json\/wp\/v2\/users\/10"}],"replies":[{"embeddable":true,"href":"https:\/\/www.m-q.ch\/it\/wp-json\/wp\/v2\/comments?post=17167"}],"version-history":[{"count":1,"href":"https:\/\/www.m-q.ch\/it\/wp-json\/wp\/v2\/posts\/17167\/revisions"}],"predecessor-version":[{"id":17169,"href":"https:\/\/www.m-q.ch\/it\/wp-json\/wp\/v2\/posts\/17167\/revisions\/17169"}],"wp:featuredmedia":[{"embeddable":true,"href":"https:\/\/www.m-q.ch\/it\/wp-json\/wp\/v2\/media\/17168"}],"wp:attachment":[{"href":"https:\/\/www.m-q.ch\/it\/wp-json\/wp\/v2\/media?parent=17167"}],"wp:term":[{"taxonomy":"category","embeddable":true,"href":"https:\/\/www.m-q.ch\/it\/wp-json\/wp\/v2\/categories?post=17167"},{"taxonomy":"post_tag","embeddable":true,"href":"https:\/\/www.m-q.ch\/it\/wp-json\/wp\/v2\/tags?post=17167"}],"curies":[{"name":"wp","href":"https:\/\/api.w.org\/{rel}","templated":true}]}}