{"id":17396,"date":"2023-01-10T08:30:47","date_gmt":"2023-01-10T07:30:47","guid":{"rendered":"https:\/\/www.m-q.ch\/?p=17396"},"modified":"2023-01-10T08:27:35","modified_gmt":"2023-01-10T07:27:35","slug":"la-confederazione-promuove-altri-due-centri-tecnologici","status":"publish","type":"post","link":"https:\/\/www.m-q.ch\/it\/eidgenossenschaft-foerdert-zwei-weitere-technologiezentren\/","title":{"rendered":"La Confederazione promuove altri due centri tecnologici"},"content":{"rendered":"<figure id=\"attachment_17397\" aria-describedby=\"caption-attachment-17397\" style=\"width: 680px\" class=\"wp-caption alignnone\"><img loading=\"lazy\" decoding=\"async\" class=\"size-full wp-image-17397\" src=\"https:\/\/www.m-q.ch\/wp-content\/uploads\/2023\/01\/Eidgenossenschaft-foerdert-zwei-weitere-Technologiezentren_MQ.jpg\" alt=\"\" width=\"680\" height=\"442\" srcset=\"https:\/\/www.m-q.ch\/wp-content\/uploads\/2023\/01\/Eidgenossenschaft-foerdert-zwei-weitere-Technologiezentren_MQ.jpg 680w, https:\/\/www.m-q.ch\/wp-content\/uploads\/2023\/01\/Eidgenossenschaft-foerdert-zwei-weitere-Technologiezentren_MQ-18x12.jpg 18w, https:\/\/www.m-q.ch\/wp-content\/uploads\/2023\/01\/Eidgenossenschaft-foerdert-zwei-weitere-Technologiezentren_MQ-375x244.jpg 375w, https:\/\/www.m-q.ch\/wp-content\/uploads\/2023\/01\/Eidgenossenschaft-foerdert-zwei-weitere-Technologiezentren_MQ-538x350.jpg 538w\" sizes=\"auto, (max-width: 680px) 100vw, 680px\" \/><figcaption id=\"caption-attachment-17397\" class=\"wp-caption-text\">L'Alleanza AM-TTC \u00e8 stata fondata su iniziativa dell'Empa ed \u00e8 incaricata dalla Segreteria di Stato per la formazione, la ricerca e l'innovazione di valutare le domande e accompagnare lo sviluppo dei centri AM-TTC. (Immagine: Envato)<\/figcaption><\/figure>\n<p>Le universit\u00e0 e gli istituti di ricerca svizzeri sono leader mondiali in molti settori. La Svizzera \u00e8 anche una delle nazioni leader in termini di risultati della ricerca e di brevetti che ne derivano. Tuttavia, le nuove tecnologie di produzione spesso non riescono a passare dai laboratori di ricerca locali alle applicazioni industriali. Il loro percorso termina poi nella \"valle della morte\" per le innovazioni.<\/p>\n<h3>Mantenere la Svizzera come luogo di produzione di alta qualit\u00e0<\/h3>\n<p>\u00c8 qui che si inserisce l'iniziativa di creare una rete di centri svizzeri per il trasferimento tecnologico, gli \"Advanced Manufacturing Technology Transfer Centres\" (AM-TTC). L'iniziativa fa parte del piano d'azione \"Digitalizzazione\" del governo federale e mira a mantenere la Svizzera come luogo di produzione moderno e di alta qualit\u00e0 nel lungo periodo. L'iniziativa AM-TTC mira a creare e rendere accessibili infrastrutture che consentano all'industria svizzera - in particolare alle PMI locali - di conoscere, sperimentare e trasferire nella produzione nuove tecnologie di produzione.<\/p>\n<p>I singoli centri tecnologici sono fondati e finanziati da un partenariato tra il settore pubblico e l'industria (\"partenariato pubblico-privato\"). Gli sponsor e i consorzi dei centri sono costituiti da istituti di ricerca e aziende industriali svizzere. Pertanto, questi centri sono anche luoghi in cui i partner scientifici e industriali possono sviluppare congiuntamente nuove tecnologie di produzione e renderle adatte all'uso industriale.<\/p>\n<div class=\"std-paragraph-block\">\n<h3>I primi centri verranno istituiti nel 2019<\/h3>\n<div class=\"std-art-paragraph\">\n<p>Nel 2019 sono gi\u00e0 stati istituiti due centri tecnologici: il centro \"ANAXAM\", che facilita alle aziende industriali l'utilizzo delle linee di fascio dell'Istituto Paul Scherrer (PSI) per studiare i loro materiali e prodotti; e lo \"Swiss m4m Center\", che consente alle aziende del settore MedTech di accedere a una linea di produzione pilota certificata ISO 13485 per impianti medici stampati in 3D. Nella fase di avvio, fino alla fine del 2020, questi due centri sono stati sostenuti con finanziamenti del Consiglio dei PF; dall'inizio del 2021, sono sostenuti con finanziamenti del governo federale in quanto istituti di ricerca di importanza nazionale (ai sensi dell'art. 15 della Legge sulla promozione della ricerca e dell'innovazione (LFPr)).<\/p>\n<\/div>\n<\/div>\n<div class=\"std-paragraph-block\">\n<h3>Finanziamento di altri due centri tecnologici<\/h3>\n<div class=\"std-art-paragraph\">\n<p>Alla fine di novembre di quest'anno, il Dipartimento federale dell'economia, dell'istruzione e della ricerca (DEFR) e la \"AM-TTC Alliance\", l'organizzazione ombrello dell'iniziativa AM-TTC, hanno deciso, al termine di un'ampia procedura di selezione, di finanziare altri due centri tecnologici nei settori della robotica collaborativa e della fotonica fino alla fine del 2024 con un totale di 6,5 milioni di franchi svizzeri. Da un lato, il finanziamento proviene dal Consiglio dei PF, che ha definito lo sviluppo dell'AM-TTC in Svizzera come una misura della sua pianificazione strategica 2021-2024. D'altra parte, i centri ricevono anche finanziamenti dal governo federale, ai sensi dell'art. 15 dello SFOP.<\/p>\n<p>Lo \"Swiss Cobotics Competence Center\" (S3C) di Bienne mira a mettere in luce le opportunit\u00e0 di collaborazione tra esseri umani e robot. Il suo obiettivo \u00e8 quello di colmare il divario tra le capacit\u00e0 teoriche dei robot e la realt\u00e0 industriale, portando cos\u00ec i robot collaborativi in modo pi\u00f9 incisivo nelle applicazioni industriali. Con l'S3C, le aziende svizzere hanno accesso al know-how e a una piattaforma di dimostrazione e test per soluzioni cobotiche innovative. Oltre al Parco Svizzero dell'Innovazione di Biel\/Bienne e alla \"Swiss Smart Factory\" che vi ha sede, il <a href=\"https:\/\/www.bfh.ch\/de\/\">Universit\u00e0 di Scienze Applicate di Berna<\/a> \u00e8 uno dei membri fondatori dell'S3C. E dalla sua fondazione, nel novembre 2022, molti altri partner dell'industria e della scienza si sono gi\u00e0 uniti come membri.<\/p>\n<p>Il secondo AM-TTC di recente costituzione, lo \"Swiss Photonics Integration Center\" (\"Swiss PIC\"), si trova nello Swiss Innovation Park \"<a href=\"https:\/\/www.parkinnovaare.ch\/de\">InnovAre<\/a>\" si trova qui. Il centro si concentra su componenti e sistemi ottici che trasportano ed elaborano particelle di luce, i cosiddetti fotoni. Il \"PITC svizzero\" costruir\u00e0 strutture che permetteranno di integrare anche i pi\u00f9 piccoli componenti ottici in sistemi o dispositivi pi\u00f9 grandi e di testarli. In Svizzera ci sono molte aziende e gruppi di ricerca che sviluppano e producono nuovi componenti fotonici innovativi. Spesso non hanno accesso a tali strutture. Il \"PITC svizzero\" mira a colmare questa lacuna rendendo accessibili tali strutture e aiutando le aziende a costruire le proprie soluzioni di integrazione e imballaggio nella loro produzione.<\/p>\n<p><em>Fonte: <a href=\"http:\/\/www.empa.ch\">Empa<\/a><\/em><\/p>\n<\/div>\n<\/div>\n<div class=\"std-paragraph-block\">\n<blockquote>\n<h3>L'\"Alleanza AM-TTC<\/h3>\n<\/blockquote>\n<div class=\"std-art-paragraph\">\n<blockquote>\n<p>Il 4 febbraio 2019, presso l'Empa di D\u00fcbendorf, 22 istituti di ricerca e aziende industriali svizzere hanno fondato l'associazione \"AM-TTC Alliance\", l'organizzazione ombrello di questi centri di trasferimento tecnologico. Tra i membri figurano istituzioni del settore dei PF, universit\u00e0 di scienze applicate e altri istituti di ricerca, aziende industriali come ABB, BASF, B\u00fchler, Hilti, Oerlikon, Rolex e Siemens, nonch\u00e9 l'associazione industriale Swissmem. L'attuale direttore generale \u00e8 il ricercatore dell'Empa Lars Sommerh\u00e4user.<\/p>\n<\/blockquote>\n<\/div>\n<\/div>","protected":false},"excerpt":{"rendered":"<p>Die Schweizer Hochschulen und Forschungseinrichtungen sind in vielen Gebieten weltweit f\u00fchrend. Auch hinsichtlich der Forschungsergebnisse und den daraus resultierenden Patenten geh\u00f6rt die Schweiz zu den f\u00fchrenden Nationen. Doch oftmals finden neue Herstellungstechnologien nicht ihren Weg aus den hiesigen Forschungslaboren in die industrielle Anwendung. Ihr Weg endet dann im \u00abTal des Todes\u00bb f\u00fcr Innovationen. Schweiz als [&hellip;]<\/p>\n","protected":false},"author":10,"featured_media":17397,"comment_status":"closed","ping_status":"closed","sticky":false,"template":"","format":"standard","meta":{"_acf_changed":false,"footnotes":""},"categories":[4448],"tags":[3743,3490,4143],"class_list":["post-17396","post","type-post","status-publish","format-standard","has-post-thumbnail","hentry","category-allgemein","tag-forschung","tag-schweiz","tag-technologiezentren"],"acf":[],"yoast_head":"<!-- This site is optimized with the Yoast SEO plugin v26.2 - https:\/\/yoast.com\/wordpress\/plugins\/seo\/ -->\n<title>Eidgenossenschaft f\u00f6rdert zwei weitere Technologiezentren - MQ Management und Qualit\u00e4t<\/title>\n<meta name=\"description\" content=\"Das Eidgen\u00f6ssisches Departement f\u00fcr Wirtschaft, Bildung und Forschung (WBF) und die \u00abAM-TTC Alliance\u00bb f\u00f6rdern zwei weitere Technologiezentren.\" \/>\n<meta name=\"robots\" content=\"index, follow, max-snippet:-1, max-image-preview:large, max-video-preview:-1\" \/>\n<link rel=\"canonical\" href=\"https:\/\/www.m-q.ch\/it\/la-confederazione-promuove-altri-due-centri-tecnologici\/\" \/>\n<meta property=\"og:locale\" content=\"it_IT\" \/>\n<meta property=\"og:type\" content=\"article\" \/>\n<meta property=\"og:title\" content=\"Eidgenossenschaft f\u00f6rdert zwei weitere Technologiezentren\" \/>\n<meta property=\"og:description\" content=\"Das Eidgen\u00f6ssisches Departement f\u00fcr Wirtschaft, Bildung und Forschung (WBF) und die \u00abAM-TTC Alliance\u00bb f\u00f6rdern zwei weitere Technologiezentren.\" \/>\n<meta property=\"og:url\" content=\"https:\/\/www.m-q.ch\/it\/la-confederazione-promuove-altri-due-centri-tecnologici\/\" \/>\n<meta property=\"og:site_name\" content=\"MQ Management und Qualit\u00e4t\" \/>\n<meta property=\"article:publisher\" content=\"https:\/\/www.facebook.com\/ManagementUndQualitaet\" \/>\n<meta property=\"article:published_time\" content=\"2023-01-10T07:30:47+00:00\" \/>\n<meta property=\"og:image\" content=\"https:\/\/www.m-q.ch\/wp-content\/uploads\/2023\/01\/Eidgenossenschaft-foerdert-zwei-weitere-Technologiezentren_MQ.jpg\" \/>\n\t<meta property=\"og:image:width\" content=\"680\" \/>\n\t<meta property=\"og:image:height\" content=\"442\" \/>\n\t<meta property=\"og:image:type\" content=\"image\/jpeg\" \/>\n<meta name=\"author\" content=\"Thomas Berner\" \/>\n<meta name=\"twitter:card\" content=\"summary_large_image\" \/>\n<meta name=\"twitter:title\" content=\"#Eidgenossenschaft f\u00f6rdert zwei weitere #Technologiezentren\" \/>\n<meta name=\"twitter:description\" content=\"Das Eidgen\u00f6ssisches Departement f\u00fcr Wirtschaft, Bildung und Forschung (#WBF) und die \u00ab#AM-TTC Alliance\u00bb f\u00f6rdern zwei weitere #Technologiezentren.\" \/>\n<meta name=\"twitter:image\" content=\"https:\/\/www.m-q.ch\/wp-content\/uploads\/2023\/01\/Eidgenossenschaft-foerdert-zwei-weitere-Technologiezentren_MQ.jpg\" \/>\n<meta name=\"twitter:label1\" content=\"Scritto da\" \/>\n\t<meta name=\"twitter:data1\" content=\"Thomas Berner\" \/>\n\t<meta name=\"twitter:label2\" content=\"Tempo di lettura stimato\" \/>\n\t<meta name=\"twitter:data2\" content=\"4 minuti\" \/>\n<script type=\"application\/ld+json\" class=\"yoast-schema-graph\">{\"@context\":\"https:\/\/schema.org\",\"@graph\":[{\"@type\":\"Article\",\"@id\":\"https:\/\/www.m-q.ch\/eidgenossenschaft-foerdert-zwei-weitere-technologiezentren\/#article\",\"isPartOf\":{\"@id\":\"https:\/\/www.m-q.ch\/eidgenossenschaft-foerdert-zwei-weitere-technologiezentren\/\"},\"author\":{\"name\":\"Thomas Berner\",\"@id\":\"https:\/\/www.m-q.ch\/fr\/#\/schema\/person\/a8711938b1cfb3f056dec70eaa0b42ab\"},\"headline\":\"Eidgenossenschaft f\u00f6rdert zwei weitere Technologiezentren\",\"datePublished\":\"2023-01-10T07:30:47+00:00\",\"mainEntityOfPage\":{\"@id\":\"https:\/\/www.m-q.ch\/eidgenossenschaft-foerdert-zwei-weitere-technologiezentren\/\"},\"wordCount\":748,\"publisher\":{\"@id\":\"https:\/\/www.m-q.ch\/fr\/#organization\"},\"image\":{\"@id\":\"https:\/\/www.m-q.ch\/eidgenossenschaft-foerdert-zwei-weitere-technologiezentren\/#primaryimage\"},\"thumbnailUrl\":\"https:\/\/www.m-q.ch\/wp-content\/uploads\/2023\/01\/Eidgenossenschaft-foerdert-zwei-weitere-Technologiezentren_MQ.jpg\",\"keywords\":[\"Forschung\",\"Schweiz\",\"Technologiezentren\"],\"articleSection\":[\"Allgemein\"],\"inLanguage\":\"it-IT\"},{\"@type\":\"WebPage\",\"@id\":\"https:\/\/www.m-q.ch\/eidgenossenschaft-foerdert-zwei-weitere-technologiezentren\/\",\"url\":\"https:\/\/www.m-q.ch\/eidgenossenschaft-foerdert-zwei-weitere-technologiezentren\/\",\"name\":\"Eidgenossenschaft f\u00f6rdert zwei weitere Technologiezentren - MQ Management und Qualit\u00e4t\",\"isPartOf\":{\"@id\":\"https:\/\/www.m-q.ch\/fr\/#website\"},\"primaryImageOfPage\":{\"@id\":\"https:\/\/www.m-q.ch\/eidgenossenschaft-foerdert-zwei-weitere-technologiezentren\/#primaryimage\"},\"image\":{\"@id\":\"https:\/\/www.m-q.ch\/eidgenossenschaft-foerdert-zwei-weitere-technologiezentren\/#primaryimage\"},\"thumbnailUrl\":\"https:\/\/www.m-q.ch\/wp-content\/uploads\/2023\/01\/Eidgenossenschaft-foerdert-zwei-weitere-Technologiezentren_MQ.jpg\",\"datePublished\":\"2023-01-10T07:30:47+00:00\",\"description\":\"Das Eidgen\u00f6ssisches Departement f\u00fcr Wirtschaft, Bildung und Forschung (WBF) und die \u00abAM-TTC Alliance\u00bb f\u00f6rdern zwei weitere Technologiezentren.\",\"breadcrumb\":{\"@id\":\"https:\/\/www.m-q.ch\/eidgenossenschaft-foerdert-zwei-weitere-technologiezentren\/#breadcrumb\"},\"inLanguage\":\"it-IT\",\"potentialAction\":[{\"@type\":\"ReadAction\",\"target\":[\"https:\/\/www.m-q.ch\/eidgenossenschaft-foerdert-zwei-weitere-technologiezentren\/\"]}]},{\"@type\":\"ImageObject\",\"inLanguage\":\"it-IT\",\"@id\":\"https:\/\/www.m-q.ch\/eidgenossenschaft-foerdert-zwei-weitere-technologiezentren\/#primaryimage\",\"url\":\"https:\/\/www.m-q.ch\/wp-content\/uploads\/2023\/01\/Eidgenossenschaft-foerdert-zwei-weitere-Technologiezentren_MQ.jpg\",\"contentUrl\":\"https:\/\/www.m-q.ch\/wp-content\/uploads\/2023\/01\/Eidgenossenschaft-foerdert-zwei-weitere-Technologiezentren_MQ.jpg\",\"width\":680,\"height\":442,\"caption\":\"Die AM-TTC Alliance wurde auf Initiative der Empa gegr\u00fcndet und hat vom Staatssekretariat f\u00fcr Bildung, Forschung und Innovation den Auftrag, Gesuche zu evaluieren und die Entwicklung von AM-TTC-Zentren zu begleiten. (Bild: Envato)\"},{\"@type\":\"BreadcrumbList\",\"@id\":\"https:\/\/www.m-q.ch\/eidgenossenschaft-foerdert-zwei-weitere-technologiezentren\/#breadcrumb\",\"itemListElement\":[{\"@type\":\"ListItem\",\"position\":1,\"name\":\"Allgemein\",\"item\":\"https:\/\/www.m-q.ch\/kategorie\/allgemein\/\"},{\"@type\":\"ListItem\",\"position\":2,\"name\":\"Eidgenossenschaft f\u00f6rdert zwei weitere Technologiezentren\"}]},{\"@type\":\"WebSite\",\"@id\":\"https:\/\/www.m-q.ch\/fr\/#website\",\"url\":\"https:\/\/www.m-q.ch\/fr\/\",\"name\":\"MQ Management und Qualit\u00e4t\",\"description\":\"Plattform f\u00fcr integrierte Managementsysteme.\",\"publisher\":{\"@id\":\"https:\/\/www.m-q.ch\/fr\/#organization\"},\"potentialAction\":[{\"@type\":\"SearchAction\",\"target\":{\"@type\":\"EntryPoint\",\"urlTemplate\":\"https:\/\/www.m-q.ch\/fr\/?s={search_term_string}\"},\"query-input\":{\"@type\":\"PropertyValueSpecification\",\"valueRequired\":true,\"valueName\":\"search_term_string\"}}],\"inLanguage\":\"it-IT\"},{\"@type\":\"Organization\",\"@id\":\"https:\/\/www.m-q.ch\/fr\/#organization\",\"name\":\"Galledia Fachmedien AG\",\"url\":\"https:\/\/www.m-q.ch\/fr\/\",\"logo\":{\"@type\":\"ImageObject\",\"inLanguage\":\"it-IT\",\"@id\":\"https:\/\/www.m-q.ch\/fr\/#\/schema\/logo\/image\/\",\"url\":\"https:\/\/www.m-q.ch\/wp-content\/uploads\/2020\/12\/cropped-logo_small.png\",\"contentUrl\":\"https:\/\/www.m-q.ch\/wp-content\/uploads\/2020\/12\/cropped-logo_small.png\",\"width\":512,\"height\":512,\"caption\":\"Galledia Fachmedien AG\"},\"image\":{\"@id\":\"https:\/\/www.m-q.ch\/fr\/#\/schema\/logo\/image\/\"},\"sameAs\":[\"https:\/\/www.facebook.com\/ManagementUndQualitaet\",\"https:\/\/www.linkedin.com\/showcase\/17982321\/admin\/\"]},{\"@type\":\"Person\",\"@id\":\"https:\/\/www.m-q.ch\/fr\/#\/schema\/person\/a8711938b1cfb3f056dec70eaa0b42ab\",\"name\":\"Thomas Berner\",\"image\":{\"@type\":\"ImageObject\",\"inLanguage\":\"it-IT\",\"@id\":\"https:\/\/www.m-q.ch\/fr\/#\/schema\/person\/image\/\",\"url\":\"https:\/\/secure.gravatar.com\/avatar\/faea7857408f70478f976d576da10f96?s=96&d=mm&r=g\",\"contentUrl\":\"https:\/\/secure.gravatar.com\/avatar\/faea7857408f70478f976d576da10f96?s=96&d=mm&r=g\",\"caption\":\"Thomas Berner\"},\"url\":\"https:\/\/www.m-q.ch\/it\/author\/thomas-berner\/\"}]}<\/script>\n<!-- \/ Yoast SEO plugin. -->","yoast_head_json":{"title":"La Confederazione promuove altri due centri tecnologici - MQ Management e Qualit\u00e0","description":"Il Dipartimento federale dell'economia, della formazione e della ricerca (EAER) e la \"AM-TTC Alliance\" promuovono altri due centri tecnologici.","robots":{"index":"index","follow":"follow","max-snippet":"max-snippet:-1","max-image-preview":"max-image-preview:large","max-video-preview":"max-video-preview:-1"},"canonical":"https:\/\/www.m-q.ch\/it\/la-confederazione-promuove-altri-due-centri-tecnologici\/","og_locale":"it_IT","og_type":"article","og_title":"Eidgenossenschaft f\u00f6rdert zwei weitere Technologiezentren","og_description":"Das Eidgen\u00f6ssisches Departement f\u00fcr Wirtschaft, Bildung und Forschung (WBF) und die \u00abAM-TTC Alliance\u00bb f\u00f6rdern zwei weitere Technologiezentren.","og_url":"https:\/\/www.m-q.ch\/it\/la-confederazione-promuove-altri-due-centri-tecnologici\/","og_site_name":"MQ Management und Qualit\u00e4t","article_publisher":"https:\/\/www.facebook.com\/ManagementUndQualitaet","article_published_time":"2023-01-10T07:30:47+00:00","og_image":[{"width":680,"height":442,"url":"https:\/\/www.m-q.ch\/wp-content\/uploads\/2023\/01\/Eidgenossenschaft-foerdert-zwei-weitere-Technologiezentren_MQ.jpg","type":"image\/jpeg"}],"author":"Thomas Berner","twitter_card":"summary_large_image","twitter_title":"#Eidgenossenschaft f\u00f6rdert zwei weitere #Technologiezentren","twitter_description":"Das Eidgen\u00f6ssisches Departement f\u00fcr Wirtschaft, Bildung und Forschung (#WBF) und die \u00ab#AM-TTC Alliance\u00bb f\u00f6rdern zwei weitere #Technologiezentren.","twitter_image":"https:\/\/www.m-q.ch\/wp-content\/uploads\/2023\/01\/Eidgenossenschaft-foerdert-zwei-weitere-Technologiezentren_MQ.jpg","twitter_misc":{"Scritto da":"Thomas Berner","Tempo di lettura stimato":"4 minuti"},"schema":{"@context":"https:\/\/schema.org","@graph":[{"@type":"Article","@id":"https:\/\/www.m-q.ch\/eidgenossenschaft-foerdert-zwei-weitere-technologiezentren\/#article","isPartOf":{"@id":"https:\/\/www.m-q.ch\/eidgenossenschaft-foerdert-zwei-weitere-technologiezentren\/"},"author":{"name":"Thomas Berner","@id":"https:\/\/www.m-q.ch\/fr\/#\/schema\/person\/a8711938b1cfb3f056dec70eaa0b42ab"},"headline":"Eidgenossenschaft f\u00f6rdert zwei weitere Technologiezentren","datePublished":"2023-01-10T07:30:47+00:00","mainEntityOfPage":{"@id":"https:\/\/www.m-q.ch\/eidgenossenschaft-foerdert-zwei-weitere-technologiezentren\/"},"wordCount":748,"publisher":{"@id":"https:\/\/www.m-q.ch\/fr\/#organization"},"image":{"@id":"https:\/\/www.m-q.ch\/eidgenossenschaft-foerdert-zwei-weitere-technologiezentren\/#primaryimage"},"thumbnailUrl":"https:\/\/www.m-q.ch\/wp-content\/uploads\/2023\/01\/Eidgenossenschaft-foerdert-zwei-weitere-Technologiezentren_MQ.jpg","keywords":["Forschung","Schweiz","Technologiezentren"],"articleSection":["Allgemein"],"inLanguage":"it-IT"},{"@type":"WebPage","@id":"https:\/\/www.m-q.ch\/eidgenossenschaft-foerdert-zwei-weitere-technologiezentren\/","url":"https:\/\/www.m-q.ch\/eidgenossenschaft-foerdert-zwei-weitere-technologiezentren\/","name":"La Confederazione promuove altri due centri tecnologici - MQ Management e Qualit\u00e0","isPartOf":{"@id":"https:\/\/www.m-q.ch\/fr\/#website"},"primaryImageOfPage":{"@id":"https:\/\/www.m-q.ch\/eidgenossenschaft-foerdert-zwei-weitere-technologiezentren\/#primaryimage"},"image":{"@id":"https:\/\/www.m-q.ch\/eidgenossenschaft-foerdert-zwei-weitere-technologiezentren\/#primaryimage"},"thumbnailUrl":"https:\/\/www.m-q.ch\/wp-content\/uploads\/2023\/01\/Eidgenossenschaft-foerdert-zwei-weitere-Technologiezentren_MQ.jpg","datePublished":"2023-01-10T07:30:47+00:00","description":"Il Dipartimento federale dell'economia, della formazione e della ricerca (EAER) e la \"AM-TTC Alliance\" promuovono altri due centri tecnologici.","breadcrumb":{"@id":"https:\/\/www.m-q.ch\/eidgenossenschaft-foerdert-zwei-weitere-technologiezentren\/#breadcrumb"},"inLanguage":"it-IT","potentialAction":[{"@type":"ReadAction","target":["https:\/\/www.m-q.ch\/eidgenossenschaft-foerdert-zwei-weitere-technologiezentren\/"]}]},{"@type":"ImageObject","inLanguage":"it-IT","@id":"https:\/\/www.m-q.ch\/eidgenossenschaft-foerdert-zwei-weitere-technologiezentren\/#primaryimage","url":"https:\/\/www.m-q.ch\/wp-content\/uploads\/2023\/01\/Eidgenossenschaft-foerdert-zwei-weitere-Technologiezentren_MQ.jpg","contentUrl":"https:\/\/www.m-q.ch\/wp-content\/uploads\/2023\/01\/Eidgenossenschaft-foerdert-zwei-weitere-Technologiezentren_MQ.jpg","width":680,"height":442,"caption":"Die AM-TTC Alliance wurde auf Initiative der Empa gegr\u00fcndet und hat vom Staatssekretariat f\u00fcr Bildung, Forschung und Innovation den Auftrag, Gesuche zu evaluieren und die Entwicklung von AM-TTC-Zentren zu begleiten. (Bild: Envato)"},{"@type":"BreadcrumbList","@id":"https:\/\/www.m-q.ch\/eidgenossenschaft-foerdert-zwei-weitere-technologiezentren\/#breadcrumb","itemListElement":[{"@type":"ListItem","position":1,"name":"Allgemein","item":"https:\/\/www.m-q.ch\/kategorie\/allgemein\/"},{"@type":"ListItem","position":2,"name":"Eidgenossenschaft f\u00f6rdert zwei weitere Technologiezentren"}]},{"@type":"WebSite","@id":"https:\/\/www.m-q.ch\/fr\/#website","url":"https:\/\/www.m-q.ch\/fr\/","name":"Gestione e qualit\u00e0 MQ","description":"Piattaforma per sistemi di gestione integrati.","publisher":{"@id":"https:\/\/www.m-q.ch\/fr\/#organization"},"potentialAction":[{"@type":"SearchAction","target":{"@type":"EntryPoint","urlTemplate":"https:\/\/www.m-q.ch\/fr\/?s={search_term_string}"},"query-input":{"@type":"PropertyValueSpecification","valueRequired":true,"valueName":"search_term_string"}}],"inLanguage":"it-IT"},{"@type":"Organization","@id":"https:\/\/www.m-q.ch\/fr\/#organization","name":"Galledia Fachmedien AG","url":"https:\/\/www.m-q.ch\/fr\/","logo":{"@type":"ImageObject","inLanguage":"it-IT","@id":"https:\/\/www.m-q.ch\/fr\/#\/schema\/logo\/image\/","url":"https:\/\/www.m-q.ch\/wp-content\/uploads\/2020\/12\/cropped-logo_small.png","contentUrl":"https:\/\/www.m-q.ch\/wp-content\/uploads\/2020\/12\/cropped-logo_small.png","width":512,"height":512,"caption":"Galledia Fachmedien AG"},"image":{"@id":"https:\/\/www.m-q.ch\/fr\/#\/schema\/logo\/image\/"},"sameAs":["https:\/\/www.facebook.com\/ManagementUndQualitaet","https:\/\/www.linkedin.com\/showcase\/17982321\/admin\/"]},{"@type":"Person","@id":"https:\/\/www.m-q.ch\/fr\/#\/schema\/person\/a8711938b1cfb3f056dec70eaa0b42ab","name":"Thomas Bernard","image":{"@type":"ImageObject","inLanguage":"it-IT","@id":"https:\/\/www.m-q.ch\/fr\/#\/schema\/person\/image\/","url":"https:\/\/secure.gravatar.com\/avatar\/faea7857408f70478f976d576da10f96?s=96&d=mm&r=g","contentUrl":"https:\/\/secure.gravatar.com\/avatar\/faea7857408f70478f976d576da10f96?s=96&d=mm&r=g","caption":"Thomas Berner"},"url":"https:\/\/www.m-q.ch\/it\/author\/thomas-berner\/"}]}},"_links":{"self":[{"href":"https:\/\/www.m-q.ch\/it\/wp-json\/wp\/v2\/posts\/17396","targetHints":{"allow":["GET"]}}],"collection":[{"href":"https:\/\/www.m-q.ch\/it\/wp-json\/wp\/v2\/posts"}],"about":[{"href":"https:\/\/www.m-q.ch\/it\/wp-json\/wp\/v2\/types\/post"}],"author":[{"embeddable":true,"href":"https:\/\/www.m-q.ch\/it\/wp-json\/wp\/v2\/users\/10"}],"replies":[{"embeddable":true,"href":"https:\/\/www.m-q.ch\/it\/wp-json\/wp\/v2\/comments?post=17396"}],"version-history":[{"count":1,"href":"https:\/\/www.m-q.ch\/it\/wp-json\/wp\/v2\/posts\/17396\/revisions"}],"predecessor-version":[{"id":17398,"href":"https:\/\/www.m-q.ch\/it\/wp-json\/wp\/v2\/posts\/17396\/revisions\/17398"}],"wp:featuredmedia":[{"embeddable":true,"href":"https:\/\/www.m-q.ch\/it\/wp-json\/wp\/v2\/media\/17397"}],"wp:attachment":[{"href":"https:\/\/www.m-q.ch\/it\/wp-json\/wp\/v2\/media?parent=17396"}],"wp:term":[{"taxonomy":"category","embeddable":true,"href":"https:\/\/www.m-q.ch\/it\/wp-json\/wp\/v2\/categories?post=17396"},{"taxonomy":"post_tag","embeddable":true,"href":"https:\/\/www.m-q.ch\/it\/wp-json\/wp\/v2\/tags?post=17396"}],"curies":[{"name":"wp","href":"https:\/\/api.w.org\/{rel}","templated":true}]}}