{"id":17606,"date":"2023-02-27T14:03:33","date_gmt":"2023-02-27T13:03:33","guid":{"rendered":"https:\/\/www.m-q.ch\/?p=17606"},"modified":"2023-03-21T13:30:46","modified_gmt":"2023-03-21T12:30:46","slug":"limperativo-digitale-sostituisce-la-trasformazione-digitale","status":"publish","type":"post","link":"https:\/\/www.m-q.ch\/it\/der-digitale-imperativ-ersetzt-die-digitale-transformation\/","title":{"rendered":"L'imperativo digitale sostituisce la trasformazione digitale"},"content":{"rendered":"<figure id=\"attachment_17608\" aria-describedby=\"caption-attachment-17608\" style=\"width: 680px\" class=\"wp-caption alignnone\"><img loading=\"lazy\" decoding=\"async\" class=\"size-full wp-image-17608\" src=\"https:\/\/www.m-q.ch\/wp-content\/uploads\/2023\/02\/Der-digitale-Imperativ-ersetzt-die-digitale-Transformation_MQ.jpg\" alt=\"\" width=\"680\" height=\"483\" srcset=\"https:\/\/www.m-q.ch\/wp-content\/uploads\/2023\/02\/Der-digitale-Imperativ-ersetzt-die-digitale-Transformation_MQ.jpg 680w, https:\/\/www.m-q.ch\/wp-content\/uploads\/2023\/02\/Der-digitale-Imperativ-ersetzt-die-digitale-Transformation_MQ-18x12.jpg 18w, https:\/\/www.m-q.ch\/wp-content\/uploads\/2023\/02\/Der-digitale-Imperativ-ersetzt-die-digitale-Transformation_MQ-375x266.jpg 375w, https:\/\/www.m-q.ch\/wp-content\/uploads\/2023\/02\/Der-digitale-Imperativ-ersetzt-die-digitale-Transformation_MQ-493x350.jpg 493w\" sizes=\"auto, (max-width: 680px) 100vw, 680px\" \/><figcaption id=\"caption-attachment-17608\" class=\"wp-caption-text\">Secondo Cosima von Kries, il proseguimento della trasformazione digitale \u00e8 l'imperativo digitale. (Immagine: Nintex)<\/figcaption><\/figure>\n<p>Grazie alla sua forte posizione nel settore tecnologico, Microsoft \u00e8 in una buona posizione per stabilire nuove tendenze. <a href=\"https:\/\/www.linkedin.com\/pulse\/digital-imperative-every-organization-satya-nadella\/?trackingId=3FHeuQsbQSSIXOtFbjepbg%3D%3D\">Quindi, quando Satya Nadella dice<\/a>che i leader aziendali devono andare oltre la trasformazione digitale, allora \u00e8 proprio cos\u00ec. L'imperativo digitale implica pi\u00f9 che un'urgenza. Implica una necessit\u00e0. Gli sforzi di digitalizzazione non sono riservati alle aziende sofisticate con grandi budget tecnologici. Sono necessari per \"ogni organizzazione in ogni settore\".<\/p>\n<p>Il passaggio alla digitalizzazione come necessit\u00e0 segnala il nuovo ruolo di primo piano che la tecnologia svolge nel nostro mondo. La tecnologia non esiste pi\u00f9 solo alla periferia della vita aziendale. Si \u00e8 fusa con cos\u00ec tanti processi, funzioni e persone da essere al centro delle operazioni quotidiane. Questo \u00e8 il vero significato dell'imperativo digitale. \u00c8 parte integrante delle funzioni aziendali e centrale per la crescita del business.<\/p>\n<h3><strong>E la trasformazione digitale?<\/strong><\/h3>\n<p><strong>\u00a0<\/strong>Nell'ultimo decennio, la trasformazione digitale ha portato le aziende all'avanguardia ad adottare un approccio basato sulla tecnologia. Ha dato il via a un ripensamento delle aziende moderne e ha guidato in modo significativo il cambiamento tecnologico.<\/p>\n<p>Ci\u00f2 che \u00e8 cambiato non \u00e8 il bisogno di tecnologia. \u00c8 l'idea perenne di cambiamento. Secondo Nadella, i leader non hanno bisogno di ripensare, riscoprire o trasformare costantemente le loro aziende. La necessit\u00e0 di un cambiamento \u00e8 stata riconosciuta e i primi ingranaggi digitali dovrebbero essere gi\u00e0 al loro posto. La trasformazione digitale dovrebbe essere gi\u00e0 in pieno svolgimento a livello aziendale.\u00a0\u00a0<\/p>\n<h3><strong>Perch\u00e9 l'imperativo digitale \u00e8 necessariamente adesso?<\/strong><\/h3>\n<p>La domanda che molti si pongono \u00e8: perch\u00e9 ora? Perch\u00e9 la digitalizzazione \u00e8 diventata cos\u00ec importante ora (e non, ad esempio, dieci anni fa)?<\/p>\n<p>Il passaggio a un imperativo digitale \u00e8 in realt\u00e0 un'eredit\u00e0 del movimento di trasformazione digitale. I leader aziendali hanno effettuato investimenti nel digitale. I CIO e il personale IT hanno implementato nuove soluzioni e formato i dipendenti. E i benefici aziendali sono stati rapidamente e chiaramente visibili. Per le aziende che sono salite sul carro della digitalizzazione dieci anni fa, la \"trasformazione\" ha dato i suoi frutti.\u00a0<a href=\"https:\/\/www.forbes.com\/sites\/forbestechcouncil\/2021\/04\/07\/digital-transformation-is-coming-of-age\/?sh=5db842274eee\">Gli studi mostrano<\/a>che le aziende che hanno scelto la trasformazione digitale in anticipo sono state in grado di accelerare i loro sforzi di digitalizzazione, adattarsi rapidamente e continuare ad avere successo. I ritardatari hanno riscontrato un ritardo nei progressi rispetto a coloro che erano pi\u00f9 preparati.<\/p>\n<p>\"Se un tempo la trasformazione digitale era una strategia per le aziende per distinguersi e stare davanti ai concorrenti, oggi \u00e8 una questione di sopravvivenza. La digitalizzazione \u00e8 diventata urgente e necessaria. Ora \u00e8 un must\", sostiene Cosima von Kries.\u00a0<\/p>\n<h3><strong>In quali settori la digitalizzazione \u00e8 inevitabile?<\/strong><\/h3>\n<p>L'imperativo digitale, come la trasformazione digitale, riguarda aree chiave dell'azienda. Non tutte le aziende seguono lo stesso percorso, ma in genere la digitalizzazione \u00e8 fondamentale per:<\/p>\n<ul>\n<li><strong>Archiviazione\/gestione dei dati:<\/strong> Recentemente, il cloud \u00e8 diventato la chiave per l'archiviazione e la gestione dei dati, sostituendo i vecchi sistemi on-site. L'archiviazione nel cloud offre agli utenti maggiore sicurezza e flessibilit\u00e0, in quanto pu\u00f2 essere scalata rapidamente e gli aggiornamenti e le patch di sicurezza vengono gestiti.<\/li>\n<li><strong>Sistemi per la collaborazione:<\/strong> Le vendite di app di collaborazione hanno avuto un boom durante la pandemia, quando i lavoratori remoti avevano bisogno di nuovi strumenti per collaborare in modo efficace. Gli strumenti di collaborazione facilitano un modello di lavoro remoto\/ibrido, consentendo al contempo una comunicazione pi\u00f9 strutturata in ufficio.<\/li>\n<li><strong>Strumenti di produttivit\u00e0:\u00a0<\/strong>Le tecnologie che favoriscono la produttivit\u00e0 sono attualmente in cima all'agenda aziendale. Queste includono strumenti di automazione, strumenti per il flusso di lavoro e applicazioni in grado di monitorare la produttivit\u00e0 durante l'intero ciclo di vita di un progetto. Questi strumenti non solo aumentano la produttivit\u00e0 dei dipendenti, ma in genere includono anche profili di dati che consentono di prendere decisioni migliori.<\/li>\n<\/ul>\n<h3><strong>L'imperativo digitale: una chiamata all'azione<\/strong><\/h3>\n<p>Finora la digitalizzazione \u00e8 stata una decisione del management. Il termine \"trasformazione\" \u00e8 stato utilizzato per aiutare i manager a iniziare il processo di digitalizzazione. Descrive la metamorfosi da metodi obsoleti a nuove tecnologie. Ora che molti sistemi digitali sono gi\u00e0 in funzione, sta iniziando una nuova era di digitalizzazione. Un'azienda che utilizza con successo gli strumenti di automazione, le app di collaborazione, le tecnologie basate sull'intelligenza artificiale e i sistemi basati sul cloud sar\u00e0 competitiva, in molti e diversi modi.\u00a0<\/p>\n<p>La trasformazione digitale non \u00e8 pi\u00f9 un'opzione per i leader aziendali. N\u00e9 la digitalizzazione \u00e8 qualcosa di radicale, sofisticato o facilmente attuabile da un giorno all'altro. L'imperativo digitale \u00e8 soprattutto una chiamata all'azione. Preannuncia una nuova era. E invita i ritardatari della digitalizzazione ad adattarsi, e in fretta.<\/p>\n<p>Riferimento alla fonte:\u00a0<\/p>\n<ul>\n<li><a href=\"https:\/\/www.linkedin.com\/pulse\/digital-imperative-every-organization-satya-nadella\/?trackingId=3FHeuQsbQSSIXOtFbjepbg%3D%3D\">https:\/\/www.linkedin.com\/pulse\/digital-imperative-every-organization-satya-nadella\/?trackingId=3FHeuQsbQSSIXOtFbjepbg%3D%3D<\/a><\/li>\n<li><a href=\"https:\/\/www.forbes.com\/sites\/forbestechcouncil\/2021\/04\/07\/digital-transformation-is-coming-of-age\/?sh=6c77e35a74ee\">https:\/\/www.forbes.com\/sites\/forbestechcouncil\/2021\/04\/07\/digital-transformation-is-coming-of-age\/?sh=6c77e35a74ee<\/a><\/li>\n<\/ul>\n<p><em>Fonte: <a href=\"https:\/\/www.nintex.de\/\">Nintex<\/a><\/em><\/p>","protected":false},"excerpt":{"rendered":"<p>Dank dessen starker Stellung in der Technologiebranche ist Microsoft in einer guten Position, um neue Trends zu setzen. Wenn Satya Nadella also sagt, dass Unternehmensleiter \u00fcber die digitale Transformation hinausgehen m\u00fcssen, dann ist das durchaus zutreffend. Der digitale Imperativ impliziert mehr als nur Dringlichkeit. Er impliziert eine Notwendigkeit. Digitalisierungsbem\u00fchungen sind nicht nur f\u00fcr anspruchsvolle Unternehmen [&hellip;]<\/p>\n","protected":false},"author":10,"featured_media":17608,"comment_status":"closed","ping_status":"closed","sticky":false,"template":"","format":"standard","meta":{"_acf_changed":false,"footnotes":""},"categories":[5],"tags":[3328,3372,3360],"class_list":["post-17606","post","type-post","status-publish","format-standard","has-post-thumbnail","hentry","category-business_excellence","tag-business-excellence","tag-digitalisierung","tag-management-und-unternehmensfuehrung"],"acf":[],"yoast_head":"<!-- This site is optimized with the Yoast SEO plugin v26.2 - https:\/\/yoast.com\/wordpress\/plugins\/seo\/ -->\n<title>Der digitale Imperativ ersetzt die digitale Transformation - MQ Management und Qualit\u00e4t<\/title>\n<meta name=\"description\" content=\"Laut Cosima von Kries, Nintex Director, Solution Engineering EMEA, folgt auf die digitale Transformation der digitale Imperativ.\" \/>\n<meta name=\"robots\" content=\"index, follow, max-snippet:-1, max-image-preview:large, max-video-preview:-1\" \/>\n<link rel=\"canonical\" href=\"https:\/\/www.m-q.ch\/it\/limperativo-digitale-sostituisce-la-trasformazione-digitale\/\" \/>\n<meta property=\"og:locale\" content=\"it_IT\" \/>\n<meta property=\"og:type\" content=\"article\" \/>\n<meta property=\"og:title\" content=\"Der digitale Imperativ ersetzt die digitale Transformation\" \/>\n<meta property=\"og:description\" content=\"Laut Cosima von Kries, Nintex Director, Solution Engineering EMEA, folgt auf die digitale Transformation der digitale Imperativ.\" \/>\n<meta property=\"og:url\" content=\"https:\/\/www.m-q.ch\/it\/limperativo-digitale-sostituisce-la-trasformazione-digitale\/\" \/>\n<meta property=\"og:site_name\" content=\"MQ Management und Qualit\u00e4t\" \/>\n<meta property=\"article:publisher\" content=\"https:\/\/www.facebook.com\/ManagementUndQualitaet\" \/>\n<meta property=\"article:published_time\" content=\"2023-02-27T13:03:33+00:00\" \/>\n<meta property=\"article:modified_time\" content=\"2023-03-21T12:30:46+00:00\" \/>\n<meta property=\"og:image\" content=\"https:\/\/www.m-q.ch\/wp-content\/uploads\/2023\/02\/Der-digitale-Imperativ-ersetzt-die-digitale-Transformation_MQ.jpg\" \/>\n\t<meta property=\"og:image:width\" content=\"680\" \/>\n\t<meta property=\"og:image:height\" content=\"483\" \/>\n\t<meta property=\"og:image:type\" content=\"image\/jpeg\" \/>\n<meta name=\"author\" content=\"Thomas Berner\" \/>\n<meta name=\"twitter:card\" content=\"summary_large_image\" \/>\n<meta name=\"twitter:title\" content=\"Der digitale #Imperativ ersetzt die digitale #Transformation\" \/>\n<meta name=\"twitter:description\" content=\"Laut Cosima von Kries, #Nintex Director, Solution Engineering EMEA, folgt auf die digitale #Transformation der digitale #Imperativ.\" \/>\n<meta name=\"twitter:image\" content=\"https:\/\/www.m-q.ch\/wp-content\/uploads\/2023\/02\/Der-digitale-Imperativ-ersetzt-die-digitale-Transformation_MQ.jpg\" \/>\n<meta name=\"twitter:label1\" content=\"Scritto da\" \/>\n\t<meta name=\"twitter:data1\" content=\"Thomas Berner\" \/>\n\t<meta name=\"twitter:label2\" content=\"Tempo di lettura stimato\" \/>\n\t<meta name=\"twitter:data2\" content=\"4 minuti\" \/>\n<script type=\"application\/ld+json\" class=\"yoast-schema-graph\">{\"@context\":\"https:\/\/schema.org\",\"@graph\":[{\"@type\":\"Article\",\"@id\":\"https:\/\/www.m-q.ch\/der-digitale-imperativ-ersetzt-die-digitale-transformation\/#article\",\"isPartOf\":{\"@id\":\"https:\/\/www.m-q.ch\/der-digitale-imperativ-ersetzt-die-digitale-transformation\/\"},\"author\":{\"name\":\"Thomas Berner\",\"@id\":\"https:\/\/www.m-q.ch\/fr\/#\/schema\/person\/a8711938b1cfb3f056dec70eaa0b42ab\"},\"headline\":\"Der digitale Imperativ ersetzt die digitale Transformation\",\"datePublished\":\"2023-02-27T13:03:33+00:00\",\"dateModified\":\"2023-03-21T12:30:46+00:00\",\"mainEntityOfPage\":{\"@id\":\"https:\/\/www.m-q.ch\/der-digitale-imperativ-ersetzt-die-digitale-transformation\/\"},\"wordCount\":832,\"publisher\":{\"@id\":\"https:\/\/www.m-q.ch\/fr\/#organization\"},\"image\":{\"@id\":\"https:\/\/www.m-q.ch\/der-digitale-imperativ-ersetzt-die-digitale-transformation\/#primaryimage\"},\"thumbnailUrl\":\"https:\/\/www.m-q.ch\/wp-content\/uploads\/2023\/02\/Der-digitale-Imperativ-ersetzt-die-digitale-Transformation_MQ.jpg\",\"keywords\":[\"Business Excellence\",\"Digitalisierung\",\"Management und Unternehmensf\u00fchrung\"],\"articleSection\":[\"Business Excellence\"],\"inLanguage\":\"it-IT\"},{\"@type\":\"WebPage\",\"@id\":\"https:\/\/www.m-q.ch\/der-digitale-imperativ-ersetzt-die-digitale-transformation\/\",\"url\":\"https:\/\/www.m-q.ch\/der-digitale-imperativ-ersetzt-die-digitale-transformation\/\",\"name\":\"Der digitale Imperativ ersetzt die digitale Transformation - MQ Management und Qualit\u00e4t\",\"isPartOf\":{\"@id\":\"https:\/\/www.m-q.ch\/fr\/#website\"},\"primaryImageOfPage\":{\"@id\":\"https:\/\/www.m-q.ch\/der-digitale-imperativ-ersetzt-die-digitale-transformation\/#primaryimage\"},\"image\":{\"@id\":\"https:\/\/www.m-q.ch\/der-digitale-imperativ-ersetzt-die-digitale-transformation\/#primaryimage\"},\"thumbnailUrl\":\"https:\/\/www.m-q.ch\/wp-content\/uploads\/2023\/02\/Der-digitale-Imperativ-ersetzt-die-digitale-Transformation_MQ.jpg\",\"datePublished\":\"2023-02-27T13:03:33+00:00\",\"dateModified\":\"2023-03-21T12:30:46+00:00\",\"description\":\"Laut Cosima von Kries, Nintex Director, Solution Engineering EMEA, folgt auf die digitale Transformation der digitale Imperativ.\",\"breadcrumb\":{\"@id\":\"https:\/\/www.m-q.ch\/der-digitale-imperativ-ersetzt-die-digitale-transformation\/#breadcrumb\"},\"inLanguage\":\"it-IT\",\"potentialAction\":[{\"@type\":\"ReadAction\",\"target\":[\"https:\/\/www.m-q.ch\/der-digitale-imperativ-ersetzt-die-digitale-transformation\/\"]}]},{\"@type\":\"ImageObject\",\"inLanguage\":\"it-IT\",\"@id\":\"https:\/\/www.m-q.ch\/der-digitale-imperativ-ersetzt-die-digitale-transformation\/#primaryimage\",\"url\":\"https:\/\/www.m-q.ch\/wp-content\/uploads\/2023\/02\/Der-digitale-Imperativ-ersetzt-die-digitale-Transformation_MQ.jpg\",\"contentUrl\":\"https:\/\/www.m-q.ch\/wp-content\/uploads\/2023\/02\/Der-digitale-Imperativ-ersetzt-die-digitale-Transformation_MQ.jpg\",\"width\":680,\"height\":483,\"caption\":\"In den Augen von Cosima von Kries steht als Fortsetzung der digitalen Transformation der digitale Imperativ. (Bild: Nintex)\"},{\"@type\":\"BreadcrumbList\",\"@id\":\"https:\/\/www.m-q.ch\/der-digitale-imperativ-ersetzt-die-digitale-transformation\/#breadcrumb\",\"itemListElement\":[{\"@type\":\"ListItem\",\"position\":1,\"name\":\"Business Excellence\",\"item\":\"https:\/\/www.m-q.ch\/kategorie\/business_excellence\/\"},{\"@type\":\"ListItem\",\"position\":2,\"name\":\"Der digitale Imperativ ersetzt die digitale Transformation\"}]},{\"@type\":\"WebSite\",\"@id\":\"https:\/\/www.m-q.ch\/fr\/#website\",\"url\":\"https:\/\/www.m-q.ch\/fr\/\",\"name\":\"MQ Management und Qualit\u00e4t\",\"description\":\"Plattform f\u00fcr integrierte Managementsysteme.\",\"publisher\":{\"@id\":\"https:\/\/www.m-q.ch\/fr\/#organization\"},\"potentialAction\":[{\"@type\":\"SearchAction\",\"target\":{\"@type\":\"EntryPoint\",\"urlTemplate\":\"https:\/\/www.m-q.ch\/fr\/?s={search_term_string}\"},\"query-input\":{\"@type\":\"PropertyValueSpecification\",\"valueRequired\":true,\"valueName\":\"search_term_string\"}}],\"inLanguage\":\"it-IT\"},{\"@type\":\"Organization\",\"@id\":\"https:\/\/www.m-q.ch\/fr\/#organization\",\"name\":\"Galledia Fachmedien AG\",\"url\":\"https:\/\/www.m-q.ch\/fr\/\",\"logo\":{\"@type\":\"ImageObject\",\"inLanguage\":\"it-IT\",\"@id\":\"https:\/\/www.m-q.ch\/fr\/#\/schema\/logo\/image\/\",\"url\":\"https:\/\/www.m-q.ch\/wp-content\/uploads\/2020\/12\/cropped-logo_small.png\",\"contentUrl\":\"https:\/\/www.m-q.ch\/wp-content\/uploads\/2020\/12\/cropped-logo_small.png\",\"width\":512,\"height\":512,\"caption\":\"Galledia Fachmedien AG\"},\"image\":{\"@id\":\"https:\/\/www.m-q.ch\/fr\/#\/schema\/logo\/image\/\"},\"sameAs\":[\"https:\/\/www.facebook.com\/ManagementUndQualitaet\",\"https:\/\/www.linkedin.com\/showcase\/17982321\/admin\/\"]},{\"@type\":\"Person\",\"@id\":\"https:\/\/www.m-q.ch\/fr\/#\/schema\/person\/a8711938b1cfb3f056dec70eaa0b42ab\",\"name\":\"Thomas Berner\",\"image\":{\"@type\":\"ImageObject\",\"inLanguage\":\"it-IT\",\"@id\":\"https:\/\/www.m-q.ch\/fr\/#\/schema\/person\/image\/\",\"url\":\"https:\/\/secure.gravatar.com\/avatar\/faea7857408f70478f976d576da10f96?s=96&d=mm&r=g\",\"contentUrl\":\"https:\/\/secure.gravatar.com\/avatar\/faea7857408f70478f976d576da10f96?s=96&d=mm&r=g\",\"caption\":\"Thomas Berner\"},\"url\":\"https:\/\/www.m-q.ch\/it\/author\/thomas-berner\/\"}]}<\/script>\n<!-- \/ Yoast SEO plugin. -->","yoast_head_json":{"title":"L'imperativo digitale sostituisce la trasformazione digitale - MQ Gestione e Qualit\u00e0","description":"Secondo Cosima von Kries, Nintex Director, Solution Engineering EMEA, la trasformazione digitale \u00e8 seguita dall'imperativo digitale.","robots":{"index":"index","follow":"follow","max-snippet":"max-snippet:-1","max-image-preview":"max-image-preview:large","max-video-preview":"max-video-preview:-1"},"canonical":"https:\/\/www.m-q.ch\/it\/limperativo-digitale-sostituisce-la-trasformazione-digitale\/","og_locale":"it_IT","og_type":"article","og_title":"Der digitale Imperativ ersetzt die digitale Transformation","og_description":"Laut Cosima von Kries, Nintex Director, Solution Engineering EMEA, folgt auf die digitale Transformation der digitale Imperativ.","og_url":"https:\/\/www.m-q.ch\/it\/limperativo-digitale-sostituisce-la-trasformazione-digitale\/","og_site_name":"MQ Management und Qualit\u00e4t","article_publisher":"https:\/\/www.facebook.com\/ManagementUndQualitaet","article_published_time":"2023-02-27T13:03:33+00:00","article_modified_time":"2023-03-21T12:30:46+00:00","og_image":[{"width":680,"height":483,"url":"https:\/\/www.m-q.ch\/wp-content\/uploads\/2023\/02\/Der-digitale-Imperativ-ersetzt-die-digitale-Transformation_MQ.jpg","type":"image\/jpeg"}],"author":"Thomas Berner","twitter_card":"summary_large_image","twitter_title":"Der digitale #Imperativ ersetzt die digitale #Transformation","twitter_description":"Laut Cosima von Kries, #Nintex Director, Solution Engineering EMEA, folgt auf die digitale #Transformation der digitale #Imperativ.","twitter_image":"https:\/\/www.m-q.ch\/wp-content\/uploads\/2023\/02\/Der-digitale-Imperativ-ersetzt-die-digitale-Transformation_MQ.jpg","twitter_misc":{"Scritto da":"Thomas Berner","Tempo di lettura stimato":"4 minuti"},"schema":{"@context":"https:\/\/schema.org","@graph":[{"@type":"Article","@id":"https:\/\/www.m-q.ch\/der-digitale-imperativ-ersetzt-die-digitale-transformation\/#article","isPartOf":{"@id":"https:\/\/www.m-q.ch\/der-digitale-imperativ-ersetzt-die-digitale-transformation\/"},"author":{"name":"Thomas Berner","@id":"https:\/\/www.m-q.ch\/fr\/#\/schema\/person\/a8711938b1cfb3f056dec70eaa0b42ab"},"headline":"Der digitale Imperativ ersetzt die digitale Transformation","datePublished":"2023-02-27T13:03:33+00:00","dateModified":"2023-03-21T12:30:46+00:00","mainEntityOfPage":{"@id":"https:\/\/www.m-q.ch\/der-digitale-imperativ-ersetzt-die-digitale-transformation\/"},"wordCount":832,"publisher":{"@id":"https:\/\/www.m-q.ch\/fr\/#organization"},"image":{"@id":"https:\/\/www.m-q.ch\/der-digitale-imperativ-ersetzt-die-digitale-transformation\/#primaryimage"},"thumbnailUrl":"https:\/\/www.m-q.ch\/wp-content\/uploads\/2023\/02\/Der-digitale-Imperativ-ersetzt-die-digitale-Transformation_MQ.jpg","keywords":["Business Excellence","Digitalisierung","Management und Unternehmensf\u00fchrung"],"articleSection":["Business Excellence"],"inLanguage":"it-IT"},{"@type":"WebPage","@id":"https:\/\/www.m-q.ch\/der-digitale-imperativ-ersetzt-die-digitale-transformation\/","url":"https:\/\/www.m-q.ch\/der-digitale-imperativ-ersetzt-die-digitale-transformation\/","name":"L'imperativo digitale sostituisce la trasformazione digitale - MQ Gestione e Qualit\u00e0","isPartOf":{"@id":"https:\/\/www.m-q.ch\/fr\/#website"},"primaryImageOfPage":{"@id":"https:\/\/www.m-q.ch\/der-digitale-imperativ-ersetzt-die-digitale-transformation\/#primaryimage"},"image":{"@id":"https:\/\/www.m-q.ch\/der-digitale-imperativ-ersetzt-die-digitale-transformation\/#primaryimage"},"thumbnailUrl":"https:\/\/www.m-q.ch\/wp-content\/uploads\/2023\/02\/Der-digitale-Imperativ-ersetzt-die-digitale-Transformation_MQ.jpg","datePublished":"2023-02-27T13:03:33+00:00","dateModified":"2023-03-21T12:30:46+00:00","description":"Secondo Cosima von Kries, Nintex Director, Solution Engineering EMEA, la trasformazione digitale \u00e8 seguita dall'imperativo digitale.","breadcrumb":{"@id":"https:\/\/www.m-q.ch\/der-digitale-imperativ-ersetzt-die-digitale-transformation\/#breadcrumb"},"inLanguage":"it-IT","potentialAction":[{"@type":"ReadAction","target":["https:\/\/www.m-q.ch\/der-digitale-imperativ-ersetzt-die-digitale-transformation\/"]}]},{"@type":"ImageObject","inLanguage":"it-IT","@id":"https:\/\/www.m-q.ch\/der-digitale-imperativ-ersetzt-die-digitale-transformation\/#primaryimage","url":"https:\/\/www.m-q.ch\/wp-content\/uploads\/2023\/02\/Der-digitale-Imperativ-ersetzt-die-digitale-Transformation_MQ.jpg","contentUrl":"https:\/\/www.m-q.ch\/wp-content\/uploads\/2023\/02\/Der-digitale-Imperativ-ersetzt-die-digitale-Transformation_MQ.jpg","width":680,"height":483,"caption":"In den Augen von Cosima von Kries steht als Fortsetzung der digitalen Transformation der digitale Imperativ. (Bild: Nintex)"},{"@type":"BreadcrumbList","@id":"https:\/\/www.m-q.ch\/der-digitale-imperativ-ersetzt-die-digitale-transformation\/#breadcrumb","itemListElement":[{"@type":"ListItem","position":1,"name":"Business Excellence","item":"https:\/\/www.m-q.ch\/kategorie\/business_excellence\/"},{"@type":"ListItem","position":2,"name":"Der digitale Imperativ ersetzt die digitale Transformation"}]},{"@type":"WebSite","@id":"https:\/\/www.m-q.ch\/fr\/#website","url":"https:\/\/www.m-q.ch\/fr\/","name":"Gestione e qualit\u00e0 MQ","description":"Piattaforma per sistemi di gestione integrati.","publisher":{"@id":"https:\/\/www.m-q.ch\/fr\/#organization"},"potentialAction":[{"@type":"SearchAction","target":{"@type":"EntryPoint","urlTemplate":"https:\/\/www.m-q.ch\/fr\/?s={search_term_string}"},"query-input":{"@type":"PropertyValueSpecification","valueRequired":true,"valueName":"search_term_string"}}],"inLanguage":"it-IT"},{"@type":"Organization","@id":"https:\/\/www.m-q.ch\/fr\/#organization","name":"Galledia Fachmedien AG","url":"https:\/\/www.m-q.ch\/fr\/","logo":{"@type":"ImageObject","inLanguage":"it-IT","@id":"https:\/\/www.m-q.ch\/fr\/#\/schema\/logo\/image\/","url":"https:\/\/www.m-q.ch\/wp-content\/uploads\/2020\/12\/cropped-logo_small.png","contentUrl":"https:\/\/www.m-q.ch\/wp-content\/uploads\/2020\/12\/cropped-logo_small.png","width":512,"height":512,"caption":"Galledia Fachmedien AG"},"image":{"@id":"https:\/\/www.m-q.ch\/fr\/#\/schema\/logo\/image\/"},"sameAs":["https:\/\/www.facebook.com\/ManagementUndQualitaet","https:\/\/www.linkedin.com\/showcase\/17982321\/admin\/"]},{"@type":"Person","@id":"https:\/\/www.m-q.ch\/fr\/#\/schema\/person\/a8711938b1cfb3f056dec70eaa0b42ab","name":"Thomas Bernard","image":{"@type":"ImageObject","inLanguage":"it-IT","@id":"https:\/\/www.m-q.ch\/fr\/#\/schema\/person\/image\/","url":"https:\/\/secure.gravatar.com\/avatar\/faea7857408f70478f976d576da10f96?s=96&d=mm&r=g","contentUrl":"https:\/\/secure.gravatar.com\/avatar\/faea7857408f70478f976d576da10f96?s=96&d=mm&r=g","caption":"Thomas Berner"},"url":"https:\/\/www.m-q.ch\/it\/author\/thomas-berner\/"}]}},"_links":{"self":[{"href":"https:\/\/www.m-q.ch\/it\/wp-json\/wp\/v2\/posts\/17606","targetHints":{"allow":["GET"]}}],"collection":[{"href":"https:\/\/www.m-q.ch\/it\/wp-json\/wp\/v2\/posts"}],"about":[{"href":"https:\/\/www.m-q.ch\/it\/wp-json\/wp\/v2\/types\/post"}],"author":[{"embeddable":true,"href":"https:\/\/www.m-q.ch\/it\/wp-json\/wp\/v2\/users\/10"}],"replies":[{"embeddable":true,"href":"https:\/\/www.m-q.ch\/it\/wp-json\/wp\/v2\/comments?post=17606"}],"version-history":[{"count":2,"href":"https:\/\/www.m-q.ch\/it\/wp-json\/wp\/v2\/posts\/17606\/revisions"}],"predecessor-version":[{"id":17609,"href":"https:\/\/www.m-q.ch\/it\/wp-json\/wp\/v2\/posts\/17606\/revisions\/17609"}],"wp:featuredmedia":[{"embeddable":true,"href":"https:\/\/www.m-q.ch\/it\/wp-json\/wp\/v2\/media\/17608"}],"wp:attachment":[{"href":"https:\/\/www.m-q.ch\/it\/wp-json\/wp\/v2\/media?parent=17606"}],"wp:term":[{"taxonomy":"category","embeddable":true,"href":"https:\/\/www.m-q.ch\/it\/wp-json\/wp\/v2\/categories?post=17606"},{"taxonomy":"post_tag","embeddable":true,"href":"https:\/\/www.m-q.ch\/it\/wp-json\/wp\/v2\/tags?post=17606"}],"curies":[{"name":"wp","href":"https:\/\/api.w.org\/{rel}","templated":true}]}}