{"id":18938,"date":"2023-11-28T11:10:01","date_gmt":"2023-11-28T10:10:01","guid":{"rendered":"https:\/\/www.m-q.ch\/?p=18938"},"modified":"2023-12-13T16:41:43","modified_gmt":"2023-12-13T15:41:43","slug":"larea-dello-swiss-innovation-park-basel-continua-a-crescere","status":"publish","type":"post","link":"https:\/\/www.m-q.ch\/it\/schweizer-innovation-park-basel-area-waechst-weiter\/","title":{"rendered":"Lo Swiss Innovation Park Basel Area continua a crescere"},"content":{"rendered":"<figure id=\"attachment_18944\" aria-describedby=\"caption-attachment-18944\" style=\"width: 680px\" class=\"wp-caption alignnone\"><img loading=\"lazy\" decoding=\"async\" class=\"size-full wp-image-18944\" src=\"https:\/\/www.m-q.ch\/wp-content\/uploads\/2023\/11\/Switzerland-Innovation-Park-Basel-Area-Main-Campus_Source_-Jean-Jacques-Schaffner.jpg\" alt=\"\" width=\"680\" height=\"509\" srcset=\"https:\/\/www.m-q.ch\/wp-content\/uploads\/2023\/11\/Switzerland-Innovation-Park-Basel-Area-Main-Campus_Source_-Jean-Jacques-Schaffner.jpg 680w, https:\/\/www.m-q.ch\/wp-content\/uploads\/2023\/11\/Switzerland-Innovation-Park-Basel-Area-Main-Campus_Source_-Jean-Jacques-Schaffner-16x12.jpg 16w, https:\/\/www.m-q.ch\/wp-content\/uploads\/2023\/11\/Switzerland-Innovation-Park-Basel-Area-Main-Campus_Source_-Jean-Jacques-Schaffner-375x281.jpg 375w, https:\/\/www.m-q.ch\/wp-content\/uploads\/2023\/11\/Switzerland-Innovation-Park-Basel-Area-Main-Campus_Source_-Jean-Jacques-Schaffner-468x350.jpg 468w\" sizes=\"auto, (max-width: 680px) 100vw, 680px\" \/><figcaption id=\"caption-attachment-18944\" class=\"wp-caption-text\">I quattro nuovi edifici, che saranno costruiti nei prossimi anni e integrati nello Switzerland Innovation Park Basel Area di Allschwil, costituiranno il sito del Main Campus insieme all'edificio principale esistente. (Immagine: www.baselarea.swiss - Jean Jacques Schaffner)<\/figcaption><\/figure>\n<p>I quattro nuovi edifici, che saranno costruiti nei prossimi anni e integrati nello Switzerland Innovation Park Basel Area di Allschwil, costituiranno il sito del Main Campus insieme all'edificio principale esistente. L'investitore e promotore Senn Resources AG \u00e8 responsabile della realizzazione. L'azienda di San Gallo ha gi\u00e0 sviluppato e realizzato l'edificio principale del Main Campus, inaugurato un anno fa dal Consigliere federale Guy Parmelin. Come l'edificio principale, anche tre dei quattro nuovi edifici sono stati progettati da Herzog &amp; de Meuron. L'edificio per uffici HORTUS, radicalmente sostenibile, \u00e8 gi\u00e0 in costruzione (trasferimento nel 2025). Gli edifici ibridi per laboratori e uffici ALL (2026) e CLOUD (2028) sono in fase di progettazione. Senn sta costruendo l'edificio pubblico HOPE, sviluppato insieme alla svizzera TPH, con gli architetti di Basilea Felippi Wyssen, che hanno vinto il concorso anonimo.<\/p>\n<figure id=\"attachment_18940\" aria-describedby=\"caption-attachment-18940\" style=\"width: 680px\" class=\"wp-caption alignnone\"><img loading=\"lazy\" decoding=\"async\" class=\"size-full wp-image-18940\" src=\"https:\/\/www.m-q.ch\/wp-content\/uploads\/2023\/11\/Arealkarte_Bild1_ps.jpg\" alt=\"\" width=\"680\" height=\"707\" srcset=\"https:\/\/www.m-q.ch\/wp-content\/uploads\/2023\/11\/Arealkarte_Bild1_ps.jpg 680w, https:\/\/www.m-q.ch\/wp-content\/uploads\/2023\/11\/Arealkarte_Bild1_ps-12x12.jpg 12w, https:\/\/www.m-q.ch\/wp-content\/uploads\/2023\/11\/Arealkarte_Bild1_ps-289x300.jpg 289w, https:\/\/www.m-q.ch\/wp-content\/uploads\/2023\/11\/Arealkarte_Bild1_ps-337x350.jpg 337w\" sizes=\"auto, (max-width: 680px) 100vw, 680px\" \/><figcaption id=\"caption-attachment-18940\" class=\"wp-caption-text\">(Immagine: www.baselarea.swiss)<\/figcaption><\/figure>\n<p>L'espansione del Campus principale \u00e8 stata realizzata in collaborazione con Senn Resources AG e lo Switzerland Innovation Park Basel Area. \"\u00c8 estremamente gratificante che la partnership tra un'istituzione pubblica e una privata permetta la creazione di un distretto dell'innovazione di queste dimensioni\", afferma Raymond Cron, direttore generale dell'organizzazione nazionale mantello Switzerland Innovation, \"Questo non solo rafforza ulteriormente l'importanza di Basilea come sede per le scienze della vita, ma anche della rete svizzera dei sei parchi di Switzerland Innovation\".<\/p>\n<p>A partire dal 2028, il Campus principale dello Switzerland Innovation Park Basel Area sar\u00e0 pi\u00f9 che raddoppiato rispetto a quello attuale e offrir\u00e0 un numero significativamente maggiore di spazi di lavoro. Il parco dell'innovazione passer\u00e0 dai 50.000 m2 di spazio utilizzabile attualmente offerti dal Campus principale a circa 115.000 m2. Allschwil ospiter\u00e0 quindi l'area di gran lunga pi\u00f9 grande di un parco di innovazione svizzero incentrato sulle scienze della vita. Christof Kl\u00f6pper, CEO dello Switzerland Innovation Park Basel Area, afferma: \"Sono molto soddisfatto che siamo riusciti a costruire il parco di innovazione a beneficio dell'intera regione grazie al sostegno dei cantoni di Basilea Campagna, Basilea Citt\u00e0 e Giura e che ora possiamo realizzare questa espansione senza ulteriori finanziamenti cantonali. Con Senn, un partner privato sta dando un contributo importante per attirare aziende innovative nella regione e sostenere gli obiettivi di Switzerland Innovation.\"<\/p>\n<p>Con il trasferimento dell'azienda farmaceutica statunitense Johnson &amp; Johnson, l'edificio principale \u00e8 quasi completamente occupato a un anno dall'apertura. Anche gli altri siti dello Switzerland Innovation Park Basel Area sono fiorenti: il Novartis Campus ha gi\u00e0 completato la sua terza fase di espansione. Ora si estende su tre piani. Anche il sito di Jura \u00e8 gi\u00e0 stato ampliato di un piano. L'occupazione \u00e8 in costante aumento e solo pochi uffici sono ancora disponibili.<\/p>\n<p><em>Fonte: <a href=\"https:\/\/baselarea.swiss\/\">www.baselarea.swiss<\/a><\/em><\/p>","protected":false},"excerpt":{"rendered":"<p>L'area del Campus principale dello Switzerland Innovation Park Basel Area, inaugurato un anno fa, sta pi\u00f9 che raddoppiando. Entro il 2028, il parco di innovazione di Allschwil crescer\u00e0 gradualmente dagli attuali 50.000 m2 a circa 115.000 m2. In questo modo il Campus principale dello Switzerland Innovation Park Basel Area diventer\u00e0 il pi\u00f9 grande parco di innovazione della Svizzera incentrato sulle scienze della vita. L'investitore privato Senn Resources AG sta investendo circa 350 milioni di franchi svizzeri nei quattro nuovi edifici che faranno parte del sito del Campus principale.<\/p>","protected":false},"author":380,"featured_media":18944,"comment_status":"closed","ping_status":"closed","sticky":false,"template":"","format":"standard","meta":{"_acf_changed":false,"footnotes":""},"categories":[5],"tags":[3328,4822,3490,3352,5226],"class_list":["post-18938","post","type-post","status-publish","format-standard","has-post-thumbnail","hentry","category-business_excellence","tag-business-excellence","tag-innovationspark","tag-schweiz","tag-unternehmen","tag-wachstum"],"acf":[],"yoast_head":"<!-- This site is optimized with the Yoast SEO plugin v26.2 - https:\/\/yoast.com\/wordpress\/plugins\/seo\/ -->\n<title>Schweizer Innovation Park Basel Area w\u00e4chst weiter - MQ Management und Qualit\u00e4t<\/title>\n<meta name=\"description\" content=\"Das Areal des Main Campus des Switzerland Innovation Park Basel Area vergr\u00f6ssert sich um mehr als die doppelte Fl\u00e4che.\" \/>\n<meta name=\"robots\" content=\"index, follow, max-snippet:-1, max-image-preview:large, max-video-preview:-1\" \/>\n<link rel=\"canonical\" href=\"https:\/\/www.m-q.ch\/it\/larea-dello-swiss-innovation-park-basel-continua-a-crescere\/\" \/>\n<meta property=\"og:locale\" content=\"it_IT\" \/>\n<meta property=\"og:type\" content=\"article\" \/>\n<meta property=\"og:title\" content=\"Schweizer Innovation Park Basel Area w\u00e4chst weiter\" \/>\n<meta property=\"og:description\" content=\"Das Areal des Main Campus des Switzerland Innovation Park Basel Area vergr\u00f6ssert sich um mehr als die doppelte Fl\u00e4che.\" \/>\n<meta property=\"og:url\" content=\"https:\/\/www.m-q.ch\/it\/larea-dello-swiss-innovation-park-basel-continua-a-crescere\/\" \/>\n<meta property=\"og:site_name\" content=\"MQ Management und Qualit\u00e4t\" \/>\n<meta property=\"article:publisher\" content=\"https:\/\/www.facebook.com\/ManagementUndQualitaet\" \/>\n<meta property=\"article:published_time\" content=\"2023-11-28T10:10:01+00:00\" \/>\n<meta property=\"article:modified_time\" content=\"2023-12-13T15:41:43+00:00\" \/>\n<meta property=\"og:image\" content=\"https:\/\/www.m-q.ch\/wp-content\/uploads\/2023\/11\/Arealkarte_Bild1_ps.jpg\" \/>\n\t<meta property=\"og:image:width\" content=\"680\" \/>\n\t<meta property=\"og:image:height\" content=\"707\" \/>\n\t<meta property=\"og:image:type\" content=\"image\/jpeg\" \/>\n<meta name=\"author\" content=\"Adelisa Kalajdzini\" \/>\n<meta name=\"twitter:card\" content=\"summary_large_image\" \/>\n<meta name=\"twitter:title\" content=\"Schweizer Innovation Park Basel Area w\u00e4chst weiter\" \/>\n<meta name=\"twitter:description\" content=\"Das #Areal des #Main Campus des Switzerland #Innovation Park Basel Area vergr\u00f6ssert sich um mehr als die doppelte Fl\u00e4che.\" \/>\n<meta name=\"twitter:image\" content=\"https:\/\/www.m-q.ch\/wp-content\/uploads\/2023\/11\/Arealkarte_Bild1_ps.jpg\" \/>\n<meta name=\"twitter:label1\" content=\"Scritto da\" \/>\n\t<meta name=\"twitter:data1\" content=\"Adelisa Kalajdzini\" \/>\n\t<meta name=\"twitter:label2\" content=\"Tempo di lettura stimato\" \/>\n\t<meta name=\"twitter:data2\" content=\"3 minuti\" \/>\n<script type=\"application\/ld+json\" class=\"yoast-schema-graph\">{\"@context\":\"https:\/\/schema.org\",\"@graph\":[{\"@type\":\"Article\",\"@id\":\"https:\/\/www.m-q.ch\/schweizer-innovation-park-basel-area-waechst-weiter\/#article\",\"isPartOf\":{\"@id\":\"https:\/\/www.m-q.ch\/schweizer-innovation-park-basel-area-waechst-weiter\/\"},\"author\":{\"name\":\"Adelisa Kalajdzini\",\"@id\":\"https:\/\/www.m-q.ch\/fr\/#\/schema\/person\/4ebe2e04afdd80427ae9c9069dde7175\"},\"headline\":\"Schweizer Innovation Park Basel Area w\u00e4chst weiter\",\"datePublished\":\"2023-11-28T10:10:01+00:00\",\"dateModified\":\"2023-12-13T15:41:43+00:00\",\"mainEntityOfPage\":{\"@id\":\"https:\/\/www.m-q.ch\/schweizer-innovation-park-basel-area-waechst-weiter\/\"},\"wordCount\":502,\"publisher\":{\"@id\":\"https:\/\/www.m-q.ch\/fr\/#organization\"},\"image\":{\"@id\":\"https:\/\/www.m-q.ch\/schweizer-innovation-park-basel-area-waechst-weiter\/#primaryimage\"},\"thumbnailUrl\":\"https:\/\/www.m-q.ch\/wp-content\/uploads\/2023\/11\/Switzerland-Innovation-Park-Basel-Area-Main-Campus_Source_-Jean-Jacques-Schaffner.jpg\",\"keywords\":[\"Business Excellence\",\"Innovationspark\",\"Schweiz\",\"Unternehmen\",\"Wachstum\"],\"articleSection\":[\"Business Excellence\"],\"inLanguage\":\"it-IT\"},{\"@type\":\"WebPage\",\"@id\":\"https:\/\/www.m-q.ch\/schweizer-innovation-park-basel-area-waechst-weiter\/\",\"url\":\"https:\/\/www.m-q.ch\/schweizer-innovation-park-basel-area-waechst-weiter\/\",\"name\":\"Schweizer Innovation Park Basel Area w\u00e4chst weiter - MQ Management und Qualit\u00e4t\",\"isPartOf\":{\"@id\":\"https:\/\/www.m-q.ch\/fr\/#website\"},\"primaryImageOfPage\":{\"@id\":\"https:\/\/www.m-q.ch\/schweizer-innovation-park-basel-area-waechst-weiter\/#primaryimage\"},\"image\":{\"@id\":\"https:\/\/www.m-q.ch\/schweizer-innovation-park-basel-area-waechst-weiter\/#primaryimage\"},\"thumbnailUrl\":\"https:\/\/www.m-q.ch\/wp-content\/uploads\/2023\/11\/Switzerland-Innovation-Park-Basel-Area-Main-Campus_Source_-Jean-Jacques-Schaffner.jpg\",\"datePublished\":\"2023-11-28T10:10:01+00:00\",\"dateModified\":\"2023-12-13T15:41:43+00:00\",\"description\":\"Das Areal des Main Campus des Switzerland Innovation Park Basel Area vergr\u00f6ssert sich um mehr als die doppelte Fl\u00e4che.\",\"breadcrumb\":{\"@id\":\"https:\/\/www.m-q.ch\/schweizer-innovation-park-basel-area-waechst-weiter\/#breadcrumb\"},\"inLanguage\":\"it-IT\",\"potentialAction\":[{\"@type\":\"ReadAction\",\"target\":[\"https:\/\/www.m-q.ch\/schweizer-innovation-park-basel-area-waechst-weiter\/\"]}]},{\"@type\":\"ImageObject\",\"inLanguage\":\"it-IT\",\"@id\":\"https:\/\/www.m-q.ch\/schweizer-innovation-park-basel-area-waechst-weiter\/#primaryimage\",\"url\":\"https:\/\/www.m-q.ch\/wp-content\/uploads\/2023\/11\/Switzerland-Innovation-Park-Basel-Area-Main-Campus_Source_-Jean-Jacques-Schaffner.jpg\",\"contentUrl\":\"https:\/\/www.m-q.ch\/wp-content\/uploads\/2023\/11\/Switzerland-Innovation-Park-Basel-Area-Main-Campus_Source_-Jean-Jacques-Schaffner.jpg\",\"width\":680,\"height\":509,\"caption\":\"Die vier Neubauten, die in den kommenden Jahren errichtet und in den Switzerland Innovation Park Basel Area in Allschwil integriert werden, werden zusammen mit dem bestehenden Hauptgeb\u00e4ude das Areal Main Campus bilden. (Bild: www.baselarea.swiss - Jean Jacques Schaffner)\"},{\"@type\":\"BreadcrumbList\",\"@id\":\"https:\/\/www.m-q.ch\/schweizer-innovation-park-basel-area-waechst-weiter\/#breadcrumb\",\"itemListElement\":[{\"@type\":\"ListItem\",\"position\":1,\"name\":\"Business Excellence\",\"item\":\"https:\/\/www.m-q.ch\/kategorie\/business_excellence\/\"},{\"@type\":\"ListItem\",\"position\":2,\"name\":\"Schweizer Innovation Park Basel Area w\u00e4chst weiter\"}]},{\"@type\":\"WebSite\",\"@id\":\"https:\/\/www.m-q.ch\/fr\/#website\",\"url\":\"https:\/\/www.m-q.ch\/fr\/\",\"name\":\"MQ Management und Qualit\u00e4t\",\"description\":\"Plattform f\u00fcr integrierte Managementsysteme.\",\"publisher\":{\"@id\":\"https:\/\/www.m-q.ch\/fr\/#organization\"},\"potentialAction\":[{\"@type\":\"SearchAction\",\"target\":{\"@type\":\"EntryPoint\",\"urlTemplate\":\"https:\/\/www.m-q.ch\/fr\/?s={search_term_string}\"},\"query-input\":{\"@type\":\"PropertyValueSpecification\",\"valueRequired\":true,\"valueName\":\"search_term_string\"}}],\"inLanguage\":\"it-IT\"},{\"@type\":\"Organization\",\"@id\":\"https:\/\/www.m-q.ch\/fr\/#organization\",\"name\":\"Galledia Fachmedien AG\",\"url\":\"https:\/\/www.m-q.ch\/fr\/\",\"logo\":{\"@type\":\"ImageObject\",\"inLanguage\":\"it-IT\",\"@id\":\"https:\/\/www.m-q.ch\/fr\/#\/schema\/logo\/image\/\",\"url\":\"https:\/\/www.m-q.ch\/wp-content\/uploads\/2020\/12\/cropped-logo_small.png\",\"contentUrl\":\"https:\/\/www.m-q.ch\/wp-content\/uploads\/2020\/12\/cropped-logo_small.png\",\"width\":512,\"height\":512,\"caption\":\"Galledia Fachmedien AG\"},\"image\":{\"@id\":\"https:\/\/www.m-q.ch\/fr\/#\/schema\/logo\/image\/\"},\"sameAs\":[\"https:\/\/www.facebook.com\/ManagementUndQualitaet\",\"https:\/\/www.linkedin.com\/showcase\/17982321\/admin\/\"]},{\"@type\":\"Person\",\"@id\":\"https:\/\/www.m-q.ch\/fr\/#\/schema\/person\/4ebe2e04afdd80427ae9c9069dde7175\",\"name\":\"Adelisa Kalajdzini\",\"image\":{\"@type\":\"ImageObject\",\"inLanguage\":\"it-IT\",\"@id\":\"https:\/\/www.m-q.ch\/fr\/#\/schema\/person\/image\/\",\"url\":\"https:\/\/secure.gravatar.com\/avatar\/2b95b0122f29123fee33229802f3b16b?s=96&d=mm&r=g\",\"contentUrl\":\"https:\/\/secure.gravatar.com\/avatar\/2b95b0122f29123fee33229802f3b16b?s=96&d=mm&r=g\",\"caption\":\"Adelisa Kalajdzini\"},\"url\":\"https:\/\/www.m-q.ch\/it\/author\/adelisa-kalajdzini\/\"}]}<\/script>\n<!-- \/ Yoast SEO plugin. -->","yoast_head_json":{"title":"L'area dello Swiss Innovation Park di Basilea continua a crescere - MQ Management e Qualit\u00e0","description":"L'area del Campus principale dello Switzerland Innovation Park Basel Area sta pi\u00f9 che raddoppiando.","robots":{"index":"index","follow":"follow","max-snippet":"max-snippet:-1","max-image-preview":"max-image-preview:large","max-video-preview":"max-video-preview:-1"},"canonical":"https:\/\/www.m-q.ch\/it\/larea-dello-swiss-innovation-park-basel-continua-a-crescere\/","og_locale":"it_IT","og_type":"article","og_title":"Schweizer Innovation Park Basel Area w\u00e4chst weiter","og_description":"Das Areal des Main Campus des Switzerland Innovation Park Basel Area vergr\u00f6ssert sich um mehr als die doppelte Fl\u00e4che.","og_url":"https:\/\/www.m-q.ch\/it\/larea-dello-swiss-innovation-park-basel-continua-a-crescere\/","og_site_name":"MQ Management und Qualit\u00e4t","article_publisher":"https:\/\/www.facebook.com\/ManagementUndQualitaet","article_published_time":"2023-11-28T10:10:01+00:00","article_modified_time":"2023-12-13T15:41:43+00:00","og_image":[{"width":680,"height":707,"url":"https:\/\/www.m-q.ch\/wp-content\/uploads\/2023\/11\/Arealkarte_Bild1_ps.jpg","type":"image\/jpeg"}],"author":"Adelisa Kalajdzini","twitter_card":"summary_large_image","twitter_title":"Schweizer Innovation Park Basel Area w\u00e4chst weiter","twitter_description":"Das #Areal des #Main Campus des Switzerland #Innovation Park Basel Area vergr\u00f6ssert sich um mehr als die doppelte Fl\u00e4che.","twitter_image":"https:\/\/www.m-q.ch\/wp-content\/uploads\/2023\/11\/Arealkarte_Bild1_ps.jpg","twitter_misc":{"Scritto da":"Adelisa Kalajdzini","Tempo di lettura stimato":"3 minuti"},"schema":{"@context":"https:\/\/schema.org","@graph":[{"@type":"Article","@id":"https:\/\/www.m-q.ch\/schweizer-innovation-park-basel-area-waechst-weiter\/#article","isPartOf":{"@id":"https:\/\/www.m-q.ch\/schweizer-innovation-park-basel-area-waechst-weiter\/"},"author":{"name":"Adelisa Kalajdzini","@id":"https:\/\/www.m-q.ch\/fr\/#\/schema\/person\/4ebe2e04afdd80427ae9c9069dde7175"},"headline":"Schweizer Innovation Park Basel Area w\u00e4chst weiter","datePublished":"2023-11-28T10:10:01+00:00","dateModified":"2023-12-13T15:41:43+00:00","mainEntityOfPage":{"@id":"https:\/\/www.m-q.ch\/schweizer-innovation-park-basel-area-waechst-weiter\/"},"wordCount":502,"publisher":{"@id":"https:\/\/www.m-q.ch\/fr\/#organization"},"image":{"@id":"https:\/\/www.m-q.ch\/schweizer-innovation-park-basel-area-waechst-weiter\/#primaryimage"},"thumbnailUrl":"https:\/\/www.m-q.ch\/wp-content\/uploads\/2023\/11\/Switzerland-Innovation-Park-Basel-Area-Main-Campus_Source_-Jean-Jacques-Schaffner.jpg","keywords":["Business Excellence","Innovationspark","Schweiz","Unternehmen","Wachstum"],"articleSection":["Business Excellence"],"inLanguage":"it-IT"},{"@type":"WebPage","@id":"https:\/\/www.m-q.ch\/schweizer-innovation-park-basel-area-waechst-weiter\/","url":"https:\/\/www.m-q.ch\/schweizer-innovation-park-basel-area-waechst-weiter\/","name":"L'area dello Swiss Innovation Park di Basilea continua a crescere - MQ Management e Qualit\u00e0","isPartOf":{"@id":"https:\/\/www.m-q.ch\/fr\/#website"},"primaryImageOfPage":{"@id":"https:\/\/www.m-q.ch\/schweizer-innovation-park-basel-area-waechst-weiter\/#primaryimage"},"image":{"@id":"https:\/\/www.m-q.ch\/schweizer-innovation-park-basel-area-waechst-weiter\/#primaryimage"},"thumbnailUrl":"https:\/\/www.m-q.ch\/wp-content\/uploads\/2023\/11\/Switzerland-Innovation-Park-Basel-Area-Main-Campus_Source_-Jean-Jacques-Schaffner.jpg","datePublished":"2023-11-28T10:10:01+00:00","dateModified":"2023-12-13T15:41:43+00:00","description":"L'area del Campus principale dello Switzerland Innovation Park Basel Area sta pi\u00f9 che raddoppiando.","breadcrumb":{"@id":"https:\/\/www.m-q.ch\/schweizer-innovation-park-basel-area-waechst-weiter\/#breadcrumb"},"inLanguage":"it-IT","potentialAction":[{"@type":"ReadAction","target":["https:\/\/www.m-q.ch\/schweizer-innovation-park-basel-area-waechst-weiter\/"]}]},{"@type":"ImageObject","inLanguage":"it-IT","@id":"https:\/\/www.m-q.ch\/schweizer-innovation-park-basel-area-waechst-weiter\/#primaryimage","url":"https:\/\/www.m-q.ch\/wp-content\/uploads\/2023\/11\/Switzerland-Innovation-Park-Basel-Area-Main-Campus_Source_-Jean-Jacques-Schaffner.jpg","contentUrl":"https:\/\/www.m-q.ch\/wp-content\/uploads\/2023\/11\/Switzerland-Innovation-Park-Basel-Area-Main-Campus_Source_-Jean-Jacques-Schaffner.jpg","width":680,"height":509,"caption":"Die vier Neubauten, die in den kommenden Jahren errichtet und in den Switzerland Innovation Park Basel Area in Allschwil integriert werden, werden zusammen mit dem bestehenden Hauptgeb\u00e4ude das Areal Main Campus bilden. (Bild: www.baselarea.swiss - Jean Jacques Schaffner)"},{"@type":"BreadcrumbList","@id":"https:\/\/www.m-q.ch\/schweizer-innovation-park-basel-area-waechst-weiter\/#breadcrumb","itemListElement":[{"@type":"ListItem","position":1,"name":"Business Excellence","item":"https:\/\/www.m-q.ch\/kategorie\/business_excellence\/"},{"@type":"ListItem","position":2,"name":"Schweizer Innovation Park Basel Area w\u00e4chst weiter"}]},{"@type":"WebSite","@id":"https:\/\/www.m-q.ch\/fr\/#website","url":"https:\/\/www.m-q.ch\/fr\/","name":"Gestione e qualit\u00e0 MQ","description":"Piattaforma per sistemi di gestione integrati.","publisher":{"@id":"https:\/\/www.m-q.ch\/fr\/#organization"},"potentialAction":[{"@type":"SearchAction","target":{"@type":"EntryPoint","urlTemplate":"https:\/\/www.m-q.ch\/fr\/?s={search_term_string}"},"query-input":{"@type":"PropertyValueSpecification","valueRequired":true,"valueName":"search_term_string"}}],"inLanguage":"it-IT"},{"@type":"Organization","@id":"https:\/\/www.m-q.ch\/fr\/#organization","name":"Galledia Fachmedien AG","url":"https:\/\/www.m-q.ch\/fr\/","logo":{"@type":"ImageObject","inLanguage":"it-IT","@id":"https:\/\/www.m-q.ch\/fr\/#\/schema\/logo\/image\/","url":"https:\/\/www.m-q.ch\/wp-content\/uploads\/2020\/12\/cropped-logo_small.png","contentUrl":"https:\/\/www.m-q.ch\/wp-content\/uploads\/2020\/12\/cropped-logo_small.png","width":512,"height":512,"caption":"Galledia Fachmedien AG"},"image":{"@id":"https:\/\/www.m-q.ch\/fr\/#\/schema\/logo\/image\/"},"sameAs":["https:\/\/www.facebook.com\/ManagementUndQualitaet","https:\/\/www.linkedin.com\/showcase\/17982321\/admin\/"]},{"@type":"Person","@id":"https:\/\/www.m-q.ch\/fr\/#\/schema\/person\/4ebe2e04afdd80427ae9c9069dde7175","name":"Adelisa Kalajdzini","image":{"@type":"ImageObject","inLanguage":"it-IT","@id":"https:\/\/www.m-q.ch\/fr\/#\/schema\/person\/image\/","url":"https:\/\/secure.gravatar.com\/avatar\/2b95b0122f29123fee33229802f3b16b?s=96&d=mm&r=g","contentUrl":"https:\/\/secure.gravatar.com\/avatar\/2b95b0122f29123fee33229802f3b16b?s=96&d=mm&r=g","caption":"Adelisa Kalajdzini"},"url":"https:\/\/www.m-q.ch\/it\/author\/adelisa-kalajdzini\/"}]}},"_links":{"self":[{"href":"https:\/\/www.m-q.ch\/it\/wp-json\/wp\/v2\/posts\/18938","targetHints":{"allow":["GET"]}}],"collection":[{"href":"https:\/\/www.m-q.ch\/it\/wp-json\/wp\/v2\/posts"}],"about":[{"href":"https:\/\/www.m-q.ch\/it\/wp-json\/wp\/v2\/types\/post"}],"author":[{"embeddable":true,"href":"https:\/\/www.m-q.ch\/it\/wp-json\/wp\/v2\/users\/380"}],"replies":[{"embeddable":true,"href":"https:\/\/www.m-q.ch\/it\/wp-json\/wp\/v2\/comments?post=18938"}],"version-history":[{"count":6,"href":"https:\/\/www.m-q.ch\/it\/wp-json\/wp\/v2\/posts\/18938\/revisions"}],"predecessor-version":[{"id":18946,"href":"https:\/\/www.m-q.ch\/it\/wp-json\/wp\/v2\/posts\/18938\/revisions\/18946"}],"wp:featuredmedia":[{"embeddable":true,"href":"https:\/\/www.m-q.ch\/it\/wp-json\/wp\/v2\/media\/18944"}],"wp:attachment":[{"href":"https:\/\/www.m-q.ch\/it\/wp-json\/wp\/v2\/media?parent=18938"}],"wp:term":[{"taxonomy":"category","embeddable":true,"href":"https:\/\/www.m-q.ch\/it\/wp-json\/wp\/v2\/categories?post=18938"},{"taxonomy":"post_tag","embeddable":true,"href":"https:\/\/www.m-q.ch\/it\/wp-json\/wp\/v2\/tags?post=18938"}],"curies":[{"name":"wp","href":"https:\/\/api.w.org\/{rel}","templated":true}]}}