{"id":260,"date":"2015-12-08T16:30:20","date_gmt":"2015-12-08T15:30:20","guid":{"rendered":"http:\/\/dev.m-q.ch\/?p=260"},"modified":"2017-02-23T11:00:01","modified_gmt":"2017-02-23T10:00:01","slug":"forum-esprix-2016-eccellente-perche-no","status":"publish","type":"post","link":"https:\/\/www.m-q.ch\/it\/esprix-forum-2016-excellent-why-not\/","title":{"rendered":"ESPRIX Forum 2016: \"Eccellente - perch\u00e9 no!"},"content":{"rendered":"<p><a href=\"https:\/\/m-q.ch\/wp-content\/uploads\/2016\/12\/ESPRIX-Forum-2016-Excellent-management-und-qualitaet.jpg\"><img loading=\"lazy\" decoding=\"async\" class=\"alignnone wp-image-113 size-full\" src=\"https:\/\/www.m-q.ch\/wp-content\/uploads\/2016\/12\/ESPRIX-Forum-2016-Excellent-management-und-qualitaet.jpg\" width=\"340\" height=\"148\" srcset=\"https:\/\/www.m-q.ch\/wp-content\/uploads\/2016\/12\/ESPRIX-Forum-2016-Excellent-management-und-qualitaet.jpg 340w, https:\/\/www.m-q.ch\/wp-content\/uploads\/2016\/12\/ESPRIX-Forum-2016-Excellent-management-und-qualitaet-16x7.jpg 16w, https:\/\/www.m-q.ch\/wp-content\/uploads\/2016\/12\/ESPRIX-Forum-2016-Excellent-management-und-qualitaet-300x131.jpg 300w\" sizes=\"auto, (max-width: 340px) 100vw, 340px\" \/><\/a><\/p>\n<p>Chi cerca la perfezione pu\u00f2 raggiungere l'eccellenza. Allo stesso tempo, non c'\u00e8 una pallottola d'argento. Ecco perch\u00e9 al Forum ESPRIX, eccellenti relatori affrontano sempre il tema dell'\"eccellenza\" nel contesto dell'economia e della societ\u00e0 svizzera.  I seguenti oratori principali, tra gli altri, sono stati assicurati per il prossimo Forum:<\/p>\n<p><em>Katrin Theodoli<\/em><\/p>\n<p>\"Il successo non \u00e8 una questione di sesso, ma di passione!\", questa \u00e8 la massima di Katrin Theodoli, proprietaria di Magnum Marine, il produttore di yacht di lusso probabilmente pi\u00f9 costosi, eleganti e veloci.<\/p>\n<p><em>Cristi\u00e1n G\u00e1lvez<\/em><\/p>\n<p>Esperto di personalit\u00e0, motivazione, effetto: mostrer\u00e0 al pubblico che dietro ogni eccellente storia di successo ci sono modelli e strutture del cosiddetto viaggio dell'eroe.<\/p>\n<p><em>Raul Krauthausen<\/em><\/p>\n<p>fondatore della campagna \"Social Heroes\", come annunciato, \"romper\u00e0 le barriere\" e \"semplicemente lo far\u00e0\". Soffre della cosiddetta malattia delle ossa fragili e dipende da una sedia a rotelle.<\/p>\n<p><em>Sabine Holbrook<\/em><\/p>\n<p>\"Power of Excellence\" sar\u00e0 il filo conduttore della presentazione di von. Per il pilota della classe Superbike - un classico dominio maschile - c'\u00e8 solo una cosa per lei: \"A tutto gas\".<\/p>\n<p><strong>I cinque finalisti<\/strong><\/p>\n<p>In termini di eccellenza aziendale, anche i cinque finalisti di quest'anno per l'ESPRIX Swiss Award for Excellence sono impressionanti. Essi sono:<\/p>\n<ul>\n<li>La filiale BMW Zurich Dielsdorf, una divisione di BMW (Schweiz) AG. - La loro visione: \"Trasformiamo i clienti in fan e i fan in clienti\".<\/li>\n<\/ul>\n<ul>\n<li>Universit\u00e0 di scienze applicate e arti di Lucerna: \u00e8 l'universit\u00e0 di scienze applicate dei sei cantoni della Svizzera centrale. - Circa 5900 studenti completano un bachelor o un master l\u00ec, e poco meno di 4400 completano ulteriori studi.<\/li>\n<\/ul>\n<ul>\n<li>\u00a0Scuola professionale di Coira (GBC). - Offre ai giovani diplomati della scuola elementare una formazione professionale di base nel quadro del sistema educativo duale. \"L'attenzione al cliente\" \u00e8 la massima dell'azienda.<\/li>\n<\/ul>\n<ul>\n<li>Formazione superiore dei quadri delle forze armate (HKA). - L'Alta formazione dei quadri \u00e8 il principale fornitore riconosciuto di formazione della leadership e del personale per i quadri di milizia e per la formazione di ufficiali e sottufficiali di professione nelle forze armate.<\/li>\n<\/ul>\n<ul>\n<li>CKW Conex. - La CKW Conex AG \u00e8 una filiale interamente controllata dalla Centralschweizerische Kraftwerke AG e, con 550 dipendenti, \u00e8 un fornitore di servizi leader nella tecnologia degli edifici.<\/li>\n<\/ul>\n<p>I CEO delle aziende nominate prenderanno parte al CEO Excellence Talk e daranno una visione delle loro ricette di successo. L'evento sar\u00e0 condotto dalla presentatrice televisiva di successo, cantante e performer musicale Sandra Studer.<\/p>\n<p><em>Stabilite contatti stimolanti e sperimentate un rinvigorente scambio di conoscenze ed esperienze. Registrati ora (prezzo CHF 750.00, escl. 8 % IVA; termine di registrazione 12 febbraio 2016) su<\/em><\/p>\n<p><a href=\"http:\/\/www.esprixforum.ch\" target=\"_blank\" data-cke-saved-href=\"http:\/\/www.esprixforum.ch\">www.esprixforum.ch<\/a><\/p>","protected":false},"excerpt":{"rendered":"<p>Wer Perfektion anstrebt, kann Exzellenz erreichen. Gleichwohl gibt es nicht den K\u00f6nigsweg hierf\u00fcr. Am ESPRIX Forum thematisieren deswegen immer sehr gute Referenten \u201eExzellenz\u201c im Kontext der Schweizer Wirtschaft und Gesellschaft.\u00a0 F\u00fcrs kommende Forum konnten unter anderem diese Hauptredner gewonnen werden: Katrin Theodoli \u201eErfolg ist keine Frage des Geschlechts, sondern der Leidenschaft!\u201c, dies ist die Maxime [&hellip;]<\/p>\n","protected":false},"author":1,"featured_media":0,"comment_status":"open","ping_status":"open","sticky":false,"template":"","format":"standard","meta":{"_acf_changed":false,"footnotes":""},"categories":[5],"tags":[3328],"class_list":["post-260","post","type-post","status-publish","format-standard","hentry","category-business_excellence","tag-business-excellence"],"acf":[],"yoast_head":"<!-- This site is optimized with the Yoast SEO plugin v26.2 - https:\/\/yoast.com\/wordpress\/plugins\/seo\/ -->\n<title>ESPRIX Forum 2016: \u201eExcellent \u2013 why not!\u201c - MQ Management und Qualit\u00e4t<\/title>\n<meta name=\"description\" content=\"Am 10. M\u00e4rz 2016 findet einmal mehr das ESPRIX Forum f\u00fcr Excellence in Luzern statt.\" \/>\n<meta name=\"robots\" content=\"index, follow, max-snippet:-1, max-image-preview:large, max-video-preview:-1\" \/>\n<link rel=\"canonical\" href=\"https:\/\/www.m-q.ch\/it\/forum-esprix-2016-eccellente-perche-no\/\" \/>\n<meta property=\"og:locale\" content=\"it_IT\" \/>\n<meta property=\"og:type\" content=\"article\" \/>\n<meta property=\"og:title\" content=\"ESPRIX Forum 2016: \u201eExcellent \u2013 why not!\u201c\" \/>\n<meta property=\"og:description\" content=\"Am 10. M\u00e4rz 2016 findet einmal mehr das ESPRIX Forum f\u00fcr Excellence in Luzern statt. Namhafte Referenten aus Wirtschaft und Gesellschaft, nicht zuletzt die Verleihung des ESPRIX Swiss Award for Excellence 2016 bilden die Fixpunkte des Programms, welches im KKL Luzern pr\u00e4sentiert wird.\" \/>\n<meta property=\"og:url\" content=\"https:\/\/www.m-q.ch\/it\/forum-esprix-2016-eccellente-perche-no\/\" \/>\n<meta property=\"og:site_name\" content=\"MQ Management und Qualit\u00e4t\" \/>\n<meta property=\"article:publisher\" content=\"https:\/\/www.facebook.com\/ManagementUndQualitaet\" \/>\n<meta property=\"article:published_time\" content=\"2015-12-08T15:30:20+00:00\" \/>\n<meta property=\"article:modified_time\" content=\"2017-02-23T10:00:01+00:00\" \/>\n<meta property=\"og:image\" content=\"https:\/\/www.m-q.ch\/wp-content\/uploads\/2016\/12\/ESPRIX-Forum-2016-Excellent-management-und-qualitaet.jpg\" \/>\n<meta name=\"author\" content=\"galledia\" \/>\n<meta name=\"twitter:card\" content=\"summary_large_image\" \/>\n<meta name=\"twitter:label1\" content=\"Scritto da\" \/>\n\t<meta name=\"twitter:data1\" content=\"galledia\" \/>\n\t<meta name=\"twitter:label2\" content=\"Tempo di lettura stimato\" \/>\n\t<meta name=\"twitter:data2\" content=\"2 minuti\" \/>\n<script type=\"application\/ld+json\" class=\"yoast-schema-graph\">{\"@context\":\"https:\/\/schema.org\",\"@graph\":[{\"@type\":\"Article\",\"@id\":\"https:\/\/www.m-q.ch\/esprix-forum-2016-excellent-why-not\/#article\",\"isPartOf\":{\"@id\":\"https:\/\/www.m-q.ch\/esprix-forum-2016-excellent-why-not\/\"},\"author\":{\"name\":\"galledia\",\"@id\":\"https:\/\/www.m-q.ch\/fr\/#\/schema\/person\/c0139a2c55a374db6df2cde78ec87148\"},\"headline\":\"ESPRIX Forum 2016: \u201eExcellent \u2013 why not!\u201c\",\"datePublished\":\"2015-12-08T15:30:20+00:00\",\"dateModified\":\"2017-02-23T10:00:01+00:00\",\"mainEntityOfPage\":{\"@id\":\"https:\/\/www.m-q.ch\/esprix-forum-2016-excellent-why-not\/\"},\"wordCount\":399,\"commentCount\":0,\"publisher\":{\"@id\":\"https:\/\/www.m-q.ch\/fr\/#organization\"},\"image\":{\"@id\":\"https:\/\/www.m-q.ch\/esprix-forum-2016-excellent-why-not\/#primaryimage\"},\"thumbnailUrl\":\"https:\/\/www.m-q.ch\/wp-content\/uploads\/2016\/12\/ESPRIX-Forum-2016-Excellent-management-und-qualitaet.jpg\",\"keywords\":[\"Business Excellence\"],\"articleSection\":[\"Business Excellence\"],\"inLanguage\":\"it-IT\"},{\"@type\":\"WebPage\",\"@id\":\"https:\/\/www.m-q.ch\/esprix-forum-2016-excellent-why-not\/\",\"url\":\"https:\/\/www.m-q.ch\/esprix-forum-2016-excellent-why-not\/\",\"name\":\"ESPRIX Forum 2016: \u201eExcellent \u2013 why not!\u201c - MQ Management und Qualit\u00e4t\",\"isPartOf\":{\"@id\":\"https:\/\/www.m-q.ch\/fr\/#website\"},\"primaryImageOfPage\":{\"@id\":\"https:\/\/www.m-q.ch\/esprix-forum-2016-excellent-why-not\/#primaryimage\"},\"image\":{\"@id\":\"https:\/\/www.m-q.ch\/esprix-forum-2016-excellent-why-not\/#primaryimage\"},\"thumbnailUrl\":\"https:\/\/www.m-q.ch\/wp-content\/uploads\/2016\/12\/ESPRIX-Forum-2016-Excellent-management-und-qualitaet.jpg\",\"datePublished\":\"2015-12-08T15:30:20+00:00\",\"dateModified\":\"2017-02-23T10:00:01+00:00\",\"description\":\"Am 10. M\u00e4rz 2016 findet einmal mehr das ESPRIX Forum f\u00fcr Excellence in Luzern statt.\",\"breadcrumb\":{\"@id\":\"https:\/\/www.m-q.ch\/esprix-forum-2016-excellent-why-not\/#breadcrumb\"},\"inLanguage\":\"it-IT\",\"potentialAction\":[{\"@type\":\"ReadAction\",\"target\":[\"https:\/\/www.m-q.ch\/esprix-forum-2016-excellent-why-not\/\"]}]},{\"@type\":\"ImageObject\",\"inLanguage\":\"it-IT\",\"@id\":\"https:\/\/www.m-q.ch\/esprix-forum-2016-excellent-why-not\/#primaryimage\",\"url\":\"https:\/\/www.m-q.ch\/wp-content\/uploads\/2016\/12\/ESPRIX-Forum-2016-Excellent-management-und-qualitaet.jpg\",\"contentUrl\":\"https:\/\/www.m-q.ch\/wp-content\/uploads\/2016\/12\/ESPRIX-Forum-2016-Excellent-management-und-qualitaet.jpg\"},{\"@type\":\"BreadcrumbList\",\"@id\":\"https:\/\/www.m-q.ch\/esprix-forum-2016-excellent-why-not\/#breadcrumb\",\"itemListElement\":[{\"@type\":\"ListItem\",\"position\":1,\"name\":\"Business Excellence\",\"item\":\"https:\/\/www.m-q.ch\/kategorie\/business_excellence\/\"},{\"@type\":\"ListItem\",\"position\":2,\"name\":\"ESPRIX Forum 2016: \u201eExcellent \u2013 why not!\u201c\"}]},{\"@type\":\"WebSite\",\"@id\":\"https:\/\/www.m-q.ch\/fr\/#website\",\"url\":\"https:\/\/www.m-q.ch\/fr\/\",\"name\":\"MQ Management und Qualit\u00e4t\",\"description\":\"Plattform f\u00fcr integrierte Managementsysteme.\",\"publisher\":{\"@id\":\"https:\/\/www.m-q.ch\/fr\/#organization\"},\"potentialAction\":[{\"@type\":\"SearchAction\",\"target\":{\"@type\":\"EntryPoint\",\"urlTemplate\":\"https:\/\/www.m-q.ch\/fr\/?s={search_term_string}\"},\"query-input\":{\"@type\":\"PropertyValueSpecification\",\"valueRequired\":true,\"valueName\":\"search_term_string\"}}],\"inLanguage\":\"it-IT\"},{\"@type\":\"Organization\",\"@id\":\"https:\/\/www.m-q.ch\/fr\/#organization\",\"name\":\"Galledia Fachmedien AG\",\"url\":\"https:\/\/www.m-q.ch\/fr\/\",\"logo\":{\"@type\":\"ImageObject\",\"inLanguage\":\"it-IT\",\"@id\":\"https:\/\/www.m-q.ch\/fr\/#\/schema\/logo\/image\/\",\"url\":\"https:\/\/www.m-q.ch\/wp-content\/uploads\/2020\/12\/cropped-logo_small.png\",\"contentUrl\":\"https:\/\/www.m-q.ch\/wp-content\/uploads\/2020\/12\/cropped-logo_small.png\",\"width\":512,\"height\":512,\"caption\":\"Galledia Fachmedien AG\"},\"image\":{\"@id\":\"https:\/\/www.m-q.ch\/fr\/#\/schema\/logo\/image\/\"},\"sameAs\":[\"https:\/\/www.facebook.com\/ManagementUndQualitaet\",\"https:\/\/www.linkedin.com\/showcase\/17982321\/admin\/\"]},{\"@type\":\"Person\",\"@id\":\"https:\/\/www.m-q.ch\/fr\/#\/schema\/person\/c0139a2c55a374db6df2cde78ec87148\",\"name\":\"galledia\",\"image\":{\"@type\":\"ImageObject\",\"inLanguage\":\"it-IT\",\"@id\":\"https:\/\/www.m-q.ch\/fr\/#\/schema\/person\/image\/\",\"url\":\"https:\/\/secure.gravatar.com\/avatar\/66edf527eac29e9a5eb25bcada01f61a?s=96&d=mm&r=g\",\"contentUrl\":\"https:\/\/secure.gravatar.com\/avatar\/66edf527eac29e9a5eb25bcada01f61a?s=96&d=mm&r=g\",\"caption\":\"galledia\"},\"url\":\"https:\/\/www.m-q.ch\/it\/author\/galledia\/\"}]}<\/script>\n<!-- \/ Yoast SEO plugin. -->","yoast_head_json":{"title":"ESPRIX Forum 2016: \"Eccellente - perch\u00e9 no!\" - MQ Gestione e qualit\u00e0","description":"Il 10 marzo 2016, il Forum ESPRIX per l'eccellenza si terr\u00e0 ancora una volta a Lucerna.","robots":{"index":"index","follow":"follow","max-snippet":"max-snippet:-1","max-image-preview":"max-image-preview:large","max-video-preview":"max-video-preview:-1"},"canonical":"https:\/\/www.m-q.ch\/it\/forum-esprix-2016-eccellente-perche-no\/","og_locale":"it_IT","og_type":"article","og_title":"ESPRIX Forum 2016: \u201eExcellent \u2013 why not!\u201c","og_description":"Am 10. M\u00e4rz 2016 findet einmal mehr das ESPRIX Forum f\u00fcr Excellence in Luzern statt. Namhafte Referenten aus Wirtschaft und Gesellschaft, nicht zuletzt die Verleihung des ESPRIX Swiss Award for Excellence 2016 bilden die Fixpunkte des Programms, welches im KKL Luzern pr\u00e4sentiert wird.","og_url":"https:\/\/www.m-q.ch\/it\/forum-esprix-2016-eccellente-perche-no\/","og_site_name":"MQ Management und Qualit\u00e4t","article_publisher":"https:\/\/www.facebook.com\/ManagementUndQualitaet","article_published_time":"2015-12-08T15:30:20+00:00","article_modified_time":"2017-02-23T10:00:01+00:00","og_image":[{"url":"https:\/\/www.m-q.ch\/wp-content\/uploads\/2016\/12\/ESPRIX-Forum-2016-Excellent-management-und-qualitaet.jpg","type":"","width":"","height":""}],"author":"galledia","twitter_card":"summary_large_image","twitter_misc":{"Scritto da":"galledia","Tempo di lettura stimato":"2 minuti"},"schema":{"@context":"https:\/\/schema.org","@graph":[{"@type":"Article","@id":"https:\/\/www.m-q.ch\/esprix-forum-2016-excellent-why-not\/#article","isPartOf":{"@id":"https:\/\/www.m-q.ch\/esprix-forum-2016-excellent-why-not\/"},"author":{"name":"galledia","@id":"https:\/\/www.m-q.ch\/fr\/#\/schema\/person\/c0139a2c55a374db6df2cde78ec87148"},"headline":"ESPRIX Forum 2016: \u201eExcellent \u2013 why not!\u201c","datePublished":"2015-12-08T15:30:20+00:00","dateModified":"2017-02-23T10:00:01+00:00","mainEntityOfPage":{"@id":"https:\/\/www.m-q.ch\/esprix-forum-2016-excellent-why-not\/"},"wordCount":399,"commentCount":0,"publisher":{"@id":"https:\/\/www.m-q.ch\/fr\/#organization"},"image":{"@id":"https:\/\/www.m-q.ch\/esprix-forum-2016-excellent-why-not\/#primaryimage"},"thumbnailUrl":"https:\/\/www.m-q.ch\/wp-content\/uploads\/2016\/12\/ESPRIX-Forum-2016-Excellent-management-und-qualitaet.jpg","keywords":["Business Excellence"],"articleSection":["Business Excellence"],"inLanguage":"it-IT"},{"@type":"WebPage","@id":"https:\/\/www.m-q.ch\/esprix-forum-2016-excellent-why-not\/","url":"https:\/\/www.m-q.ch\/esprix-forum-2016-excellent-why-not\/","name":"ESPRIX Forum 2016: \"Eccellente - perch\u00e9 no!\" - MQ Gestione e qualit\u00e0","isPartOf":{"@id":"https:\/\/www.m-q.ch\/fr\/#website"},"primaryImageOfPage":{"@id":"https:\/\/www.m-q.ch\/esprix-forum-2016-excellent-why-not\/#primaryimage"},"image":{"@id":"https:\/\/www.m-q.ch\/esprix-forum-2016-excellent-why-not\/#primaryimage"},"thumbnailUrl":"https:\/\/www.m-q.ch\/wp-content\/uploads\/2016\/12\/ESPRIX-Forum-2016-Excellent-management-und-qualitaet.jpg","datePublished":"2015-12-08T15:30:20+00:00","dateModified":"2017-02-23T10:00:01+00:00","description":"Il 10 marzo 2016, il Forum ESPRIX per l'eccellenza si terr\u00e0 ancora una volta a Lucerna.","breadcrumb":{"@id":"https:\/\/www.m-q.ch\/esprix-forum-2016-excellent-why-not\/#breadcrumb"},"inLanguage":"it-IT","potentialAction":[{"@type":"ReadAction","target":["https:\/\/www.m-q.ch\/esprix-forum-2016-excellent-why-not\/"]}]},{"@type":"ImageObject","inLanguage":"it-IT","@id":"https:\/\/www.m-q.ch\/esprix-forum-2016-excellent-why-not\/#primaryimage","url":"https:\/\/www.m-q.ch\/wp-content\/uploads\/2016\/12\/ESPRIX-Forum-2016-Excellent-management-und-qualitaet.jpg","contentUrl":"https:\/\/www.m-q.ch\/wp-content\/uploads\/2016\/12\/ESPRIX-Forum-2016-Excellent-management-und-qualitaet.jpg"},{"@type":"BreadcrumbList","@id":"https:\/\/www.m-q.ch\/esprix-forum-2016-excellent-why-not\/#breadcrumb","itemListElement":[{"@type":"ListItem","position":1,"name":"Business Excellence","item":"https:\/\/www.m-q.ch\/kategorie\/business_excellence\/"},{"@type":"ListItem","position":2,"name":"ESPRIX Forum 2016: \u201eExcellent \u2013 why not!\u201c"}]},{"@type":"WebSite","@id":"https:\/\/www.m-q.ch\/fr\/#website","url":"https:\/\/www.m-q.ch\/fr\/","name":"Gestione e qualit\u00e0 MQ","description":"Piattaforma per sistemi di gestione integrati.","publisher":{"@id":"https:\/\/www.m-q.ch\/fr\/#organization"},"potentialAction":[{"@type":"SearchAction","target":{"@type":"EntryPoint","urlTemplate":"https:\/\/www.m-q.ch\/fr\/?s={search_term_string}"},"query-input":{"@type":"PropertyValueSpecification","valueRequired":true,"valueName":"search_term_string"}}],"inLanguage":"it-IT"},{"@type":"Organization","@id":"https:\/\/www.m-q.ch\/fr\/#organization","name":"Galledia Fachmedien AG","url":"https:\/\/www.m-q.ch\/fr\/","logo":{"@type":"ImageObject","inLanguage":"it-IT","@id":"https:\/\/www.m-q.ch\/fr\/#\/schema\/logo\/image\/","url":"https:\/\/www.m-q.ch\/wp-content\/uploads\/2020\/12\/cropped-logo_small.png","contentUrl":"https:\/\/www.m-q.ch\/wp-content\/uploads\/2020\/12\/cropped-logo_small.png","width":512,"height":512,"caption":"Galledia Fachmedien AG"},"image":{"@id":"https:\/\/www.m-q.ch\/fr\/#\/schema\/logo\/image\/"},"sameAs":["https:\/\/www.facebook.com\/ManagementUndQualitaet","https:\/\/www.linkedin.com\/showcase\/17982321\/admin\/"]},{"@type":"Person","@id":"https:\/\/www.m-q.ch\/fr\/#\/schema\/person\/c0139a2c55a374db6df2cde78ec87148","name":"galleria","image":{"@type":"ImageObject","inLanguage":"it-IT","@id":"https:\/\/www.m-q.ch\/fr\/#\/schema\/person\/image\/","url":"https:\/\/secure.gravatar.com\/avatar\/66edf527eac29e9a5eb25bcada01f61a?s=96&d=mm&r=g","contentUrl":"https:\/\/secure.gravatar.com\/avatar\/66edf527eac29e9a5eb25bcada01f61a?s=96&d=mm&r=g","caption":"galledia"},"url":"https:\/\/www.m-q.ch\/it\/author\/galledia\/"}]}},"_links":{"self":[{"href":"https:\/\/www.m-q.ch\/it\/wp-json\/wp\/v2\/posts\/260","targetHints":{"allow":["GET"]}}],"collection":[{"href":"https:\/\/www.m-q.ch\/it\/wp-json\/wp\/v2\/posts"}],"about":[{"href":"https:\/\/www.m-q.ch\/it\/wp-json\/wp\/v2\/types\/post"}],"author":[{"embeddable":true,"href":"https:\/\/www.m-q.ch\/it\/wp-json\/wp\/v2\/users\/1"}],"replies":[{"embeddable":true,"href":"https:\/\/www.m-q.ch\/it\/wp-json\/wp\/v2\/comments?post=260"}],"version-history":[{"count":3,"href":"https:\/\/www.m-q.ch\/it\/wp-json\/wp\/v2\/posts\/260\/revisions"}],"predecessor-version":[{"id":931,"href":"https:\/\/www.m-q.ch\/it\/wp-json\/wp\/v2\/posts\/260\/revisions\/931"}],"wp:attachment":[{"href":"https:\/\/www.m-q.ch\/it\/wp-json\/wp\/v2\/media?parent=260"}],"wp:term":[{"taxonomy":"category","embeddable":true,"href":"https:\/\/www.m-q.ch\/it\/wp-json\/wp\/v2\/categories?post=260"},{"taxonomy":"post_tag","embeddable":true,"href":"https:\/\/www.m-q.ch\/it\/wp-json\/wp\/v2\/tags?post=260"}],"curies":[{"name":"wp","href":"https:\/\/api.w.org\/{rel}","templated":true}]}}