{"id":292,"date":"2016-01-22T16:53:58","date_gmt":"2016-01-22T15:53:58","guid":{"rendered":"http:\/\/dev.m-q.ch\/?p=292"},"modified":"2017-03-01T15:34:51","modified_gmt":"2017-03-01T14:34:51","slug":"primo-marchio-svizzero-di-fotovoltaico","status":"publish","type":"post","link":"https:\/\/www.m-q.ch\/it\/erstes-swiss-pv-label\/","title":{"rendered":"Prima etichetta FV svizzera"},"content":{"rendered":"<figure id=\"attachment_112\" aria-describedby=\"caption-attachment-112\" style=\"width: 680px\" class=\"wp-caption alignnone\"><a href=\"https:\/\/m-q.ch\/wp-content\/uploads\/2016\/12\/Erstes-Swiss-PV-Label-management-und-qualitaet.jpg\"><img loading=\"lazy\" decoding=\"async\" class=\"wp-image-112 size-medium\" src=\"https:\/\/www.m-q.ch\/wp-content\/uploads\/2016\/12\/Erstes-Swiss-PV-Label-management-und-qualitaet-680x396.jpg\" width=\"680\" height=\"396\" srcset=\"https:\/\/www.m-q.ch\/wp-content\/uploads\/2016\/12\/Erstes-Swiss-PV-Label-management-und-qualitaet-680x396.jpg 680w, https:\/\/www.m-q.ch\/wp-content\/uploads\/2016\/12\/Erstes-Swiss-PV-Label-management-und-qualitaet-768x447.jpg 768w, https:\/\/www.m-q.ch\/wp-content\/uploads\/2016\/12\/Erstes-Swiss-PV-Label-management-und-qualitaet-1536x894.jpg 1536w, https:\/\/www.m-q.ch\/wp-content\/uploads\/2016\/12\/Erstes-Swiss-PV-Label-management-und-qualitaet-2048x1192.jpg 2048w, https:\/\/www.m-q.ch\/wp-content\/uploads\/2016\/12\/Erstes-Swiss-PV-Label-management-und-qualitaet-16x9.jpg 16w, https:\/\/www.m-q.ch\/wp-content\/uploads\/2016\/12\/Erstes-Swiss-PV-Label-management-und-qualitaet-301x175.jpg 301w, https:\/\/www.m-q.ch\/wp-content\/uploads\/2016\/12\/Erstes-Swiss-PV-Label-management-und-qualitaet-601x350.jpg 601w, https:\/\/www.m-q.ch\/wp-content\/uploads\/2016\/12\/Erstes-Swiss-PV-Label-management-und-qualitaet-1375x800.jpg 1375w, https:\/\/www.m-q.ch\/wp-content\/uploads\/2016\/12\/Erstes-Swiss-PV-Label-management-und-qualitaet-920x535.jpg 920w, https:\/\/www.m-q.ch\/wp-content\/uploads\/2016\/12\/Erstes-Swiss-PV-Label-management-und-qualitaet-1400x815.jpg 1400w, https:\/\/www.m-q.ch\/wp-content\/uploads\/2016\/12\/Erstes-Swiss-PV-Label-management-und-qualitaet-300x175.jpg 300w, https:\/\/www.m-q.ch\/wp-content\/uploads\/2016\/12\/Erstes-Swiss-PV-Label-management-und-qualitaet-1024x596.jpg 1024w, https:\/\/www.m-q.ch\/wp-content\/uploads\/2016\/12\/Erstes-Swiss-PV-Label-management-und-qualitaet-624x363.jpg 624w\" sizes=\"auto, (max-width: 680px) 100vw, 680px\" \/><\/a><figcaption id=\"caption-attachment-112\" class=\"wp-caption-text\">L'impianto fotovoltaico sul tetto del palazzetto dello sport di Rafz genera 150.000 kWh di energia all'anno. \u00c8 il primo impianto ad aver ricevuto il marchio Swiss PV.<\/figcaption><\/figure>\n<p>La base per il marchio Swiss PV \u00e8 la norma europea per gli impianti fotovoltaici collegati alla rete, la IEC 62446. Inoltre, per la certificazione vengono presi in considerazione requisiti specifici del paese, come la norma di installazione a bassa tensione NIN 2015, l'EMC (norme per la compatibilit\u00e0 elettromagnetica) o le norme relative a vento, carico di neve, grandine, fulmini e protezione antincendio. Questi ultimi sono estremamente importanti per la durata degli impianti fotovoltaici in Svizzera. Con un impianto solare che porta il marchio Swiss PV, questi problemi possono essere evitati. La certificazione ha anche lo scopo di aiutare a far rispettare degli standard di qualit\u00e0 vincolanti nel mercato solare ancora relativamente giovane e dinamico - paragonabile agli standard che gi\u00e0 esistono nel campo delle sonde geotermiche e delle pompe di calore.<\/p>\n<p>Dettagli sull'etichetta Swiss PV su <a href=\"http:\/\/www.electrosuisse.ch\/pv-label\" target=\"_blank\" data-cke-saved-href=\"http:\/\/www.electrosuisse.ch\/pv-label\">www.electrosuisse.ch\/pv-label<\/a><\/p>\n<p>&nbsp;<\/p>","protected":false},"excerpt":{"rendered":"<p>Die Grundlage f\u00fcr das Swiss-PV-Label ist die europ\u00e4ische Norm f\u00fcr netzgekoppelte Photovoltaik-Systeme, IEC 62446. Zus\u00e4tzlich werden f\u00fcr die Zertifizierung landesspezifische Anforderungen, wie etwa die Niederspannungsinstallationsnorm NIN 2015, EMV (Normen zur elektromagnetischen Vertr\u00e4glichkeit) oder die Bestimmungen bez\u00fcglich Wind-, Schneelast-, Hagel-, Blitz- und Brandschutz ber\u00fccksichtigt. Letztere sind f\u00fcr die Lebensdauer von PV-Installationen in der Schweiz ausserordentlich wichtig. [&hellip;]<\/p>\n","protected":false},"author":1,"featured_media":112,"comment_status":"open","ping_status":"open","sticky":false,"template":"","format":"standard","meta":{"_acf_changed":false,"footnotes":""},"categories":[1],"tags":[3341],"class_list":["post-292","post","type-post","status-publish","format-standard","has-post-thumbnail","hentry","category-unkategorisiert","tag-zertifizierungs-pruefstellen"],"acf":[],"yoast_head":"<!-- This site is optimized with the Yoast SEO plugin v26.2 - https:\/\/yoast.com\/wordpress\/plugins\/seo\/ -->\n<title>Erstes Swiss-PV-Label - MQ Management und Qualit\u00e4t<\/title>\n<meta name=\"description\" content=\"Eine Anlage, welche das Swiss-PV-Label tr\u00e4gt zeugt von einem hohen Nutzen.\" \/>\n<meta name=\"robots\" content=\"index, follow, max-snippet:-1, max-image-preview:large, max-video-preview:-1\" \/>\n<link rel=\"canonical\" href=\"https:\/\/www.m-q.ch\/it\/first-swiss-pv-label\/\" \/>\n<meta property=\"og:locale\" content=\"it_IT\" \/>\n<meta property=\"og:type\" content=\"article\" \/>\n<meta property=\"og:title\" content=\"Erstes Swiss-PV-Label - MQ Management und Qualit\u00e4t\" \/>\n<meta property=\"og:description\" content=\"Eine Anlage, welche das Swiss-PV-Label tr\u00e4gt zeugt von einem hohen Nutzen.\" \/>\n<meta property=\"og:url\" content=\"https:\/\/www.m-q.ch\/it\/first-swiss-pv-label\/\" \/>\n<meta property=\"og:site_name\" content=\"MQ Management und Qualit\u00e4t\" \/>\n<meta property=\"article:publisher\" content=\"https:\/\/www.facebook.com\/ManagementUndQualitaet\" \/>\n<meta property=\"article:published_time\" content=\"2016-01-22T15:53:58+00:00\" \/>\n<meta property=\"article:modified_time\" content=\"2017-03-01T14:34:51+00:00\" \/>\n<meta property=\"og:image\" content=\"https:\/\/www.m-q.ch\/wp-content\/uploads\/2016\/12\/Erstes-Swiss-PV-Label-management-und-qualitaet-scaled.jpg\" \/>\n\t<meta property=\"og:image:width\" content=\"2560\" \/>\n\t<meta property=\"og:image:height\" content=\"1490\" \/>\n\t<meta property=\"og:image:type\" content=\"image\/jpeg\" \/>\n<meta name=\"author\" content=\"galledia\" \/>\n<meta name=\"twitter:card\" content=\"summary_large_image\" \/>\n<meta name=\"twitter:label1\" content=\"Scritto da\" \/>\n\t<meta name=\"twitter:data1\" content=\"galledia\" \/>\n\t<meta name=\"twitter:label2\" content=\"Tempo di lettura stimato\" \/>\n\t<meta name=\"twitter:data2\" content=\"1 minuto\" \/>\n<script type=\"application\/ld+json\" class=\"yoast-schema-graph\">{\"@context\":\"https:\/\/schema.org\",\"@graph\":[{\"@type\":\"Article\",\"@id\":\"https:\/\/www.m-q.ch\/fr\/first-swiss-pv-label\/#article\",\"isPartOf\":{\"@id\":\"https:\/\/www.m-q.ch\/fr\/first-swiss-pv-label\/\"},\"author\":{\"name\":\"galledia\",\"@id\":\"https:\/\/www.m-q.ch\/fr\/#\/schema\/person\/c0139a2c55a374db6df2cde78ec87148\"},\"headline\":\"Erstes Swiss-PV-Label\",\"datePublished\":\"2016-01-22T15:53:58+00:00\",\"dateModified\":\"2017-03-01T14:34:51+00:00\",\"mainEntityOfPage\":{\"@id\":\"https:\/\/www.m-q.ch\/fr\/first-swiss-pv-label\/\"},\"wordCount\":150,\"commentCount\":0,\"publisher\":{\"@id\":\"https:\/\/www.m-q.ch\/fr\/#organization\"},\"image\":{\"@id\":\"https:\/\/www.m-q.ch\/fr\/first-swiss-pv-label\/#primaryimage\"},\"thumbnailUrl\":\"https:\/\/www.m-q.ch\/wp-content\/uploads\/2016\/12\/Erstes-Swiss-PV-Label-management-und-qualitaet-scaled.jpg\",\"keywords\":[\"Zertifizierungs-\/Pr\u00fcfstellen\"],\"articleSection\":[\"Unkategorisiert\"],\"inLanguage\":\"it-IT\"},{\"@type\":\"WebPage\",\"@id\":\"https:\/\/www.m-q.ch\/fr\/first-swiss-pv-label\/\",\"url\":\"https:\/\/www.m-q.ch\/fr\/first-swiss-pv-label\/\",\"name\":\"Erstes Swiss-PV-Label - MQ Management und Qualit\u00e4t\",\"isPartOf\":{\"@id\":\"https:\/\/www.m-q.ch\/fr\/#website\"},\"primaryImageOfPage\":{\"@id\":\"https:\/\/www.m-q.ch\/fr\/first-swiss-pv-label\/#primaryimage\"},\"image\":{\"@id\":\"https:\/\/www.m-q.ch\/fr\/first-swiss-pv-label\/#primaryimage\"},\"thumbnailUrl\":\"https:\/\/www.m-q.ch\/wp-content\/uploads\/2016\/12\/Erstes-Swiss-PV-Label-management-und-qualitaet-scaled.jpg\",\"datePublished\":\"2016-01-22T15:53:58+00:00\",\"dateModified\":\"2017-03-01T14:34:51+00:00\",\"description\":\"Eine Anlage, welche das Swiss-PV-Label tr\u00e4gt zeugt von einem hohen Nutzen.\",\"breadcrumb\":{\"@id\":\"https:\/\/www.m-q.ch\/fr\/first-swiss-pv-label\/#breadcrumb\"},\"inLanguage\":\"it-IT\",\"potentialAction\":[{\"@type\":\"ReadAction\",\"target\":[\"https:\/\/www.m-q.ch\/fr\/first-swiss-pv-label\/\"]}]},{\"@type\":\"ImageObject\",\"inLanguage\":\"it-IT\",\"@id\":\"https:\/\/www.m-q.ch\/fr\/first-swiss-pv-label\/#primaryimage\",\"url\":\"https:\/\/www.m-q.ch\/wp-content\/uploads\/2016\/12\/Erstes-Swiss-PV-Label-management-und-qualitaet-scaled.jpg\",\"contentUrl\":\"https:\/\/www.m-q.ch\/wp-content\/uploads\/2016\/12\/Erstes-Swiss-PV-Label-management-und-qualitaet-scaled.jpg\",\"width\":2560,\"height\":1490,\"caption\":\"Die Photovoltaikanlage auf dem Dach der Saalsporthalle Rafz erzeugt j\u00e4hrlich 150\u2018000 kWh Energie. Sie ist die erste Anlage, die das Swiss-PV-Label erh\u00e4lt.\"},{\"@type\":\"BreadcrumbList\",\"@id\":\"https:\/\/www.m-q.ch\/fr\/first-swiss-pv-label\/#breadcrumb\",\"itemListElement\":[{\"@type\":\"ListItem\",\"position\":1,\"name\":\"Unkategorisiert\",\"item\":\"https:\/\/www.m-q.ch\/it\/categoria\/senza-categoria\/\"},{\"@type\":\"ListItem\",\"position\":2,\"name\":\"Erstes Swiss-PV-Label\"}]},{\"@type\":\"WebSite\",\"@id\":\"https:\/\/www.m-q.ch\/fr\/#website\",\"url\":\"https:\/\/www.m-q.ch\/fr\/\",\"name\":\"MQ Management und Qualit\u00e4t\",\"description\":\"Plattform f\u00fcr integrierte Managementsysteme.\",\"publisher\":{\"@id\":\"https:\/\/www.m-q.ch\/fr\/#organization\"},\"potentialAction\":[{\"@type\":\"SearchAction\",\"target\":{\"@type\":\"EntryPoint\",\"urlTemplate\":\"https:\/\/www.m-q.ch\/fr\/?s={search_term_string}\"},\"query-input\":{\"@type\":\"PropertyValueSpecification\",\"valueRequired\":true,\"valueName\":\"search_term_string\"}}],\"inLanguage\":\"it-IT\"},{\"@type\":\"Organization\",\"@id\":\"https:\/\/www.m-q.ch\/fr\/#organization\",\"name\":\"Galledia Fachmedien AG\",\"url\":\"https:\/\/www.m-q.ch\/fr\/\",\"logo\":{\"@type\":\"ImageObject\",\"inLanguage\":\"it-IT\",\"@id\":\"https:\/\/www.m-q.ch\/fr\/#\/schema\/logo\/image\/\",\"url\":\"https:\/\/www.m-q.ch\/wp-content\/uploads\/2020\/12\/cropped-logo_small.png\",\"contentUrl\":\"https:\/\/www.m-q.ch\/wp-content\/uploads\/2020\/12\/cropped-logo_small.png\",\"width\":512,\"height\":512,\"caption\":\"Galledia Fachmedien AG\"},\"image\":{\"@id\":\"https:\/\/www.m-q.ch\/fr\/#\/schema\/logo\/image\/\"},\"sameAs\":[\"https:\/\/www.facebook.com\/ManagementUndQualitaet\",\"https:\/\/www.linkedin.com\/showcase\/17982321\/admin\/\"]},{\"@type\":\"Person\",\"@id\":\"https:\/\/www.m-q.ch\/fr\/#\/schema\/person\/c0139a2c55a374db6df2cde78ec87148\",\"name\":\"galledia\",\"image\":{\"@type\":\"ImageObject\",\"inLanguage\":\"it-IT\",\"@id\":\"https:\/\/www.m-q.ch\/fr\/#\/schema\/person\/image\/\",\"url\":\"https:\/\/secure.gravatar.com\/avatar\/66edf527eac29e9a5eb25bcada01f61a?s=96&d=mm&r=g\",\"contentUrl\":\"https:\/\/secure.gravatar.com\/avatar\/66edf527eac29e9a5eb25bcada01f61a?s=96&d=mm&r=g\",\"caption\":\"galledia\"},\"url\":\"https:\/\/www.m-q.ch\/it\/author\/galledia\/\"}]}<\/script>\n<!-- \/ Yoast SEO plugin. -->","yoast_head_json":{"title":"Primo marchio Swiss-PV - MQ Gestione e Qualit\u00e0","description":"Un sistema che porta il marchio Swiss-PV dimostra un alto livello di beneficio.","robots":{"index":"index","follow":"follow","max-snippet":"max-snippet:-1","max-image-preview":"max-image-preview:large","max-video-preview":"max-video-preview:-1"},"canonical":"https:\/\/www.m-q.ch\/it\/first-swiss-pv-label\/","og_locale":"it_IT","og_type":"article","og_title":"Erstes Swiss-PV-Label - MQ Management und Qualit\u00e4t","og_description":"Eine Anlage, welche das Swiss-PV-Label tr\u00e4gt zeugt von einem hohen Nutzen.","og_url":"https:\/\/www.m-q.ch\/it\/first-swiss-pv-label\/","og_site_name":"MQ Management und Qualit\u00e4t","article_publisher":"https:\/\/www.facebook.com\/ManagementUndQualitaet","article_published_time":"2016-01-22T15:53:58+00:00","article_modified_time":"2017-03-01T14:34:51+00:00","og_image":[{"width":2560,"height":1490,"url":"https:\/\/www.m-q.ch\/wp-content\/uploads\/2016\/12\/Erstes-Swiss-PV-Label-management-und-qualitaet-scaled.jpg","type":"image\/jpeg"}],"author":"galledia","twitter_card":"summary_large_image","twitter_misc":{"Scritto da":"galledia","Tempo di lettura stimato":"1 minuto"},"schema":{"@context":"https:\/\/schema.org","@graph":[{"@type":"Article","@id":"https:\/\/www.m-q.ch\/fr\/first-swiss-pv-label\/#article","isPartOf":{"@id":"https:\/\/www.m-q.ch\/fr\/first-swiss-pv-label\/"},"author":{"name":"galledia","@id":"https:\/\/www.m-q.ch\/fr\/#\/schema\/person\/c0139a2c55a374db6df2cde78ec87148"},"headline":"Erstes Swiss-PV-Label","datePublished":"2016-01-22T15:53:58+00:00","dateModified":"2017-03-01T14:34:51+00:00","mainEntityOfPage":{"@id":"https:\/\/www.m-q.ch\/fr\/first-swiss-pv-label\/"},"wordCount":150,"commentCount":0,"publisher":{"@id":"https:\/\/www.m-q.ch\/fr\/#organization"},"image":{"@id":"https:\/\/www.m-q.ch\/fr\/first-swiss-pv-label\/#primaryimage"},"thumbnailUrl":"https:\/\/www.m-q.ch\/wp-content\/uploads\/2016\/12\/Erstes-Swiss-PV-Label-management-und-qualitaet-scaled.jpg","keywords":["Zertifizierungs-\/Pr\u00fcfstellen"],"articleSection":["Unkategorisiert"],"inLanguage":"it-IT"},{"@type":"WebPage","@id":"https:\/\/www.m-q.ch\/fr\/first-swiss-pv-label\/","url":"https:\/\/www.m-q.ch\/fr\/first-swiss-pv-label\/","name":"Primo marchio Swiss-PV - MQ Gestione e Qualit\u00e0","isPartOf":{"@id":"https:\/\/www.m-q.ch\/fr\/#website"},"primaryImageOfPage":{"@id":"https:\/\/www.m-q.ch\/fr\/first-swiss-pv-label\/#primaryimage"},"image":{"@id":"https:\/\/www.m-q.ch\/fr\/first-swiss-pv-label\/#primaryimage"},"thumbnailUrl":"https:\/\/www.m-q.ch\/wp-content\/uploads\/2016\/12\/Erstes-Swiss-PV-Label-management-und-qualitaet-scaled.jpg","datePublished":"2016-01-22T15:53:58+00:00","dateModified":"2017-03-01T14:34:51+00:00","description":"Un sistema che porta il marchio Swiss-PV dimostra un alto livello di beneficio.","breadcrumb":{"@id":"https:\/\/www.m-q.ch\/fr\/first-swiss-pv-label\/#breadcrumb"},"inLanguage":"it-IT","potentialAction":[{"@type":"ReadAction","target":["https:\/\/www.m-q.ch\/fr\/first-swiss-pv-label\/"]}]},{"@type":"ImageObject","inLanguage":"it-IT","@id":"https:\/\/www.m-q.ch\/fr\/first-swiss-pv-label\/#primaryimage","url":"https:\/\/www.m-q.ch\/wp-content\/uploads\/2016\/12\/Erstes-Swiss-PV-Label-management-und-qualitaet-scaled.jpg","contentUrl":"https:\/\/www.m-q.ch\/wp-content\/uploads\/2016\/12\/Erstes-Swiss-PV-Label-management-und-qualitaet-scaled.jpg","width":2560,"height":1490,"caption":"Die Photovoltaikanlage auf dem Dach der Saalsporthalle Rafz erzeugt j\u00e4hrlich 150\u2018000 kWh Energie. Sie ist die erste Anlage, die das Swiss-PV-Label erh\u00e4lt."},{"@type":"BreadcrumbList","@id":"https:\/\/www.m-q.ch\/fr\/first-swiss-pv-label\/#breadcrumb","itemListElement":[{"@type":"ListItem","position":1,"name":"Unkategorisiert","item":"https:\/\/www.m-q.ch\/it\/categoria\/senza-categoria\/"},{"@type":"ListItem","position":2,"name":"Erstes Swiss-PV-Label"}]},{"@type":"WebSite","@id":"https:\/\/www.m-q.ch\/fr\/#website","url":"https:\/\/www.m-q.ch\/fr\/","name":"Gestione e qualit\u00e0 MQ","description":"Piattaforma per sistemi di gestione integrati.","publisher":{"@id":"https:\/\/www.m-q.ch\/fr\/#organization"},"potentialAction":[{"@type":"SearchAction","target":{"@type":"EntryPoint","urlTemplate":"https:\/\/www.m-q.ch\/fr\/?s={search_term_string}"},"query-input":{"@type":"PropertyValueSpecification","valueRequired":true,"valueName":"search_term_string"}}],"inLanguage":"it-IT"},{"@type":"Organization","@id":"https:\/\/www.m-q.ch\/fr\/#organization","name":"Galledia Fachmedien AG","url":"https:\/\/www.m-q.ch\/fr\/","logo":{"@type":"ImageObject","inLanguage":"it-IT","@id":"https:\/\/www.m-q.ch\/fr\/#\/schema\/logo\/image\/","url":"https:\/\/www.m-q.ch\/wp-content\/uploads\/2020\/12\/cropped-logo_small.png","contentUrl":"https:\/\/www.m-q.ch\/wp-content\/uploads\/2020\/12\/cropped-logo_small.png","width":512,"height":512,"caption":"Galledia Fachmedien AG"},"image":{"@id":"https:\/\/www.m-q.ch\/fr\/#\/schema\/logo\/image\/"},"sameAs":["https:\/\/www.facebook.com\/ManagementUndQualitaet","https:\/\/www.linkedin.com\/showcase\/17982321\/admin\/"]},{"@type":"Person","@id":"https:\/\/www.m-q.ch\/fr\/#\/schema\/person\/c0139a2c55a374db6df2cde78ec87148","name":"galleria","image":{"@type":"ImageObject","inLanguage":"it-IT","@id":"https:\/\/www.m-q.ch\/fr\/#\/schema\/person\/image\/","url":"https:\/\/secure.gravatar.com\/avatar\/66edf527eac29e9a5eb25bcada01f61a?s=96&d=mm&r=g","contentUrl":"https:\/\/secure.gravatar.com\/avatar\/66edf527eac29e9a5eb25bcada01f61a?s=96&d=mm&r=g","caption":"galledia"},"url":"https:\/\/www.m-q.ch\/it\/author\/galledia\/"}]}},"_links":{"self":[{"href":"https:\/\/www.m-q.ch\/it\/wp-json\/wp\/v2\/posts\/292","targetHints":{"allow":["GET"]}}],"collection":[{"href":"https:\/\/www.m-q.ch\/it\/wp-json\/wp\/v2\/posts"}],"about":[{"href":"https:\/\/www.m-q.ch\/it\/wp-json\/wp\/v2\/types\/post"}],"author":[{"embeddable":true,"href":"https:\/\/www.m-q.ch\/it\/wp-json\/wp\/v2\/users\/1"}],"replies":[{"embeddable":true,"href":"https:\/\/www.m-q.ch\/it\/wp-json\/wp\/v2\/comments?post=292"}],"version-history":[{"count":2,"href":"https:\/\/www.m-q.ch\/it\/wp-json\/wp\/v2\/posts\/292\/revisions"}],"predecessor-version":[{"id":1199,"href":"https:\/\/www.m-q.ch\/it\/wp-json\/wp\/v2\/posts\/292\/revisions\/1199"}],"wp:featuredmedia":[{"embeddable":true,"href":"https:\/\/www.m-q.ch\/it\/wp-json\/wp\/v2\/media\/112"}],"wp:attachment":[{"href":"https:\/\/www.m-q.ch\/it\/wp-json\/wp\/v2\/media?parent=292"}],"wp:term":[{"taxonomy":"category","embeddable":true,"href":"https:\/\/www.m-q.ch\/it\/wp-json\/wp\/v2\/categories?post=292"},{"taxonomy":"post_tag","embeddable":true,"href":"https:\/\/www.m-q.ch\/it\/wp-json\/wp\/v2\/tags?post=292"}],"curies":[{"name":"wp","href":"https:\/\/api.w.org\/{rel}","templated":true}]}}