{"id":329,"date":"2016-02-24T10:32:34","date_gmt":"2016-02-24T09:32:34","guid":{"rendered":"http:\/\/dev.m-q.ch\/?p=329"},"modified":"2016-12-09T10:33:39","modified_gmt":"2016-12-09T09:33:39","slug":"pomconsulting-ag-compie-20-anni","status":"publish","type":"post","link":"https:\/\/www.m-q.ch\/it\/die-pomconsulting-ag-wird-20-jahre\/","title":{"rendered":"pom+Consulting AG festeggia il suo 20\u00b0 anniversario"},"content":{"rendered":"<figure id=\"attachment_85\" aria-describedby=\"caption-attachment-85\" style=\"width: 680px\" class=\"wp-caption alignnone\"><a href=\"https:\/\/m-q.ch\/wp-content\/uploads\/2016\/12\/Die-pomConsulting-AG-wird-20-Jahre-management-und-qualitaet.jpg\"><img loading=\"lazy\" decoding=\"async\" class=\"size-medium wp-image-85\" src=\"https:\/\/m-q.ch\/wp-content\/uploads\/2016\/12\/Die-pomConsulting-AG-wird-20-Jahre-management-und-qualitaet-680x490.jpg\" alt=\"\" width=\"680\" height=\"490\" srcset=\"https:\/\/www.m-q.ch\/wp-content\/uploads\/2016\/12\/Die-pomConsulting-AG-wird-20-Jahre-management-und-qualitaet-680x490.jpg 680w, https:\/\/www.m-q.ch\/wp-content\/uploads\/2016\/12\/Die-pomConsulting-AG-wird-20-Jahre-management-und-qualitaet-16x12.jpg 16w, https:\/\/www.m-q.ch\/wp-content\/uploads\/2016\/12\/Die-pomConsulting-AG-wird-20-Jahre-management-und-qualitaet-243x175.jpg 243w, https:\/\/www.m-q.ch\/wp-content\/uploads\/2016\/12\/Die-pomConsulting-AG-wird-20-Jahre-management-und-qualitaet-485x350.jpg 485w, https:\/\/www.m-q.ch\/wp-content\/uploads\/2016\/12\/Die-pomConsulting-AG-wird-20-Jahre-management-und-qualitaet-300x216.jpg 300w, https:\/\/www.m-q.ch\/wp-content\/uploads\/2016\/12\/Die-pomConsulting-AG-wird-20-Jahre-management-und-qualitaet-624x450.jpg 624w, https:\/\/www.m-q.ch\/wp-content\/uploads\/2016\/12\/Die-pomConsulting-AG-wird-20-Jahre-management-und-qualitaet.jpg 742w\" sizes=\"auto, (max-width: 680px) 100vw, 680px\" \/><\/a><figcaption id=\"caption-attachment-85\" class=\"wp-caption-text\">pom+ pubblica anche numeri speciali sul tema \"Digital Real Estate\".<\/figcaption><\/figure>\n<blockquote><p>pom+ \u00e8 stata la prima societ\u00e0 di consulenza in Svizzera ad essere certificata secondo ISO 9001 nel 2000. Nel frattempo sono seguiti altri voti e riconoscimenti.<\/p><\/blockquote>\n<p>Negli ultimi vent'anni, i fondatori Dr. Peter Staub e Prof. Dr. Hans-Rudolf Schalcher hanno trasformato lo spin-off dell'ETH in un'azienda di successo con pi\u00f9 di 60 dipendenti e circa 5.000 progetti completati con successo per oltre 400 clienti.  Oggi, le competenze principali dell'azienda includono la misurazione delle prestazioni, lo sviluppo della strategia, l'ottimizzazione delle risorse e l'uso della tecnologia durante l'intero ciclo di vita degli immobili e delle infrastrutture.<\/p>\n<p>La maggior parte degli oltre 60 dipendenti altamente qualificati sono in possesso di diplomi universitari o di istituti tecnici e impressionano con un mix di competenze e mentalit\u00e0, know-how ed esperienza con pi\u00f9 di 400 clienti dalla Svizzera e dall'estero. Numerose aziende rinomate e istituzioni pubbliche come F. Hoffmann-La Roche, Migros, Helvetia, Swiss Re, UBS e armasuisse ricorrono regolarmente ai servizi del team guidato dal direttore Peter Staub:<\/p>\n<p>\"I nostri fattori di successo sono le eccellenti relazioni con i clienti, l'elevata forza innovativa, la cultura aziendale aperta e i dipendenti competenti e motivati\".<\/p>\n<p><strong>Rappresentato in tutta la Svizzera<\/strong><\/p>\n<p>Dal 2003 pom+ \u00e8 presente con una filiale a Berna, nel 2009 \u00e8 stato aperto l'ufficio di Losanna, nel 2011 quello di San Gallo e nel 2012 la sede di Basilea. Grazie a collaborazioni con universit\u00e0 come il Politecnico di Zurigo, il Politecnico di Losanna, l'Universit\u00e0 di San Gallo o l'Universit\u00e0 di Scienze Applicate di Zurigo ZHAW, l'azienda garantisce che l'innovazione sia una parte centrale della cultura aziendale. Un esempio di successo \u00e8 il Monitor FM.<\/p>\n<p><strong>Monitor FM<\/strong><\/p>\n<p>La pubblicazione \u00e8 stata lanciata 15 anni fa insieme all'ETH di Zurigo e potrebbe affermarsi come la pi\u00f9 importante analisi del mercato FM in Svizzera con numerose cifre chiave immobiliari e tendenze di sviluppo ampiamente supportate. Anche nell'ambito della gestione della qualit\u00e0 pom+ riscuote grande successo: cos\u00ec nel 2000 pom+ \u00e8 stata la prima societ\u00e0 di consulenza in Svizzera ad essere certificata secondo ISO 9001, nel 2004 ha ottenuto la certificazione secondo il marchio di qualit\u00e0 GoodPriv@cy, nel 2005 pom+ \u00e8 risultata vincitrice del premio ESPRIX per apprendimento continuo, innovazione e miglioramento e nel 2012 ha ricevuto lo Swiss HR Award.<\/p>\n<p>I punti salienti sono stati la vittoria del premio ESPRIX nel 2008 e il premio europeo EFQM Excellence nel 2012 per aver guidato con visione, ispirazione e integrit\u00e0.<\/p>\n<p><a href=\"http:\/\/www.pom.ch\" target=\"_blank\" data-cke-saved-href=\"http:\/\/www.pom.ch\">http:\/\/www.pom.ch<\/a><\/p>","protected":false},"excerpt":{"rendered":"<p>pom+ wurde als erstes Beratungsunternehmen der Schweiz 2000 nach ISO 9001 zertifiziert. Weitere Bestnoten und Auszeichnungen folgten inzwischen. Die Gr\u00fcnder Dr. Peter Staub und Prof. Dr. Hans-Rudolf Schalcher haben in den letzten zwanzig Jahren aus dem ETH Spin-off ein erfolgreiches Unternehmen mit mehr als 60 Mitarbeitenden und rund 5\u2018000 erfolgreich abgeschlossenen Projekten bei \u00fcber 400 [&hellip;]<\/p>\n","protected":false},"author":1,"featured_media":85,"comment_status":"open","ping_status":"open","sticky":false,"template":"","format":"standard","meta":{"_acf_changed":false,"footnotes":""},"categories":[1],"tags":[3352],"class_list":["post-329","post","type-post","status-publish","format-standard","has-post-thumbnail","hentry","category-unkategorisiert","tag-unternehmen"],"acf":[],"yoast_head":"<!-- This site is optimized with the Yoast SEO plugin v26.2 - https:\/\/yoast.com\/wordpress\/plugins\/seo\/ -->\n<title>Die pom+Consulting AG wird 20 Jahre - MQ Management und Qualit\u00e4t<\/title>\n<meta name=\"description\" content=\"Die pom+Consulting AG, ein f\u00fcr Immobilien, Infrastrukturen und Organisationen t\u00e4tiges Schweizer Beratungsunternehmen, feiert 2016 sein 20-j\u00e4hriges Bestehen.\" \/>\n<meta name=\"robots\" content=\"index, follow, max-snippet:-1, max-image-preview:large, max-video-preview:-1\" \/>\n<link rel=\"canonical\" href=\"https:\/\/www.m-q.ch\/it\/la-pomconsulenza-ag-avra-20-anni\/\" \/>\n<meta property=\"og:locale\" content=\"it_IT\" \/>\n<meta property=\"og:type\" content=\"article\" \/>\n<meta property=\"og:title\" content=\"Die pom+Consulting AG wird 20 Jahre - MQ Management und Qualit\u00e4t\" \/>\n<meta property=\"og:description\" content=\"Die pom+Consulting AG, ein f\u00fcr Immobilien, Infrastrukturen und Organisationen t\u00e4tiges Schweizer Beratungsunternehmen, feiert 2016 sein 20-j\u00e4hriges Bestehen.\" \/>\n<meta property=\"og:url\" content=\"https:\/\/www.m-q.ch\/it\/la-pomconsulenza-ag-avra-20-anni\/\" \/>\n<meta property=\"og:site_name\" content=\"MQ Management und Qualit\u00e4t\" \/>\n<meta property=\"article:publisher\" content=\"https:\/\/www.facebook.com\/ManagementUndQualitaet\" \/>\n<meta property=\"article:published_time\" content=\"2016-02-24T09:32:34+00:00\" \/>\n<meta property=\"article:modified_time\" content=\"2016-12-09T09:33:39+00:00\" \/>\n<meta property=\"og:image\" content=\"https:\/\/www.m-q.ch\/wp-content\/uploads\/2016\/12\/Die-pomConsulting-AG-wird-20-Jahre-management-und-qualitaet.jpg\" \/>\n\t<meta property=\"og:image:width\" content=\"742\" \/>\n\t<meta property=\"og:image:height\" content=\"535\" \/>\n\t<meta property=\"og:image:type\" content=\"image\/jpeg\" \/>\n<meta name=\"author\" content=\"galledia\" \/>\n<meta name=\"twitter:card\" content=\"summary_large_image\" \/>\n<meta name=\"twitter:label1\" content=\"Scritto da\" \/>\n\t<meta name=\"twitter:data1\" content=\"galledia\" \/>\n\t<meta name=\"twitter:label2\" content=\"Tempo di lettura stimato\" \/>\n\t<meta name=\"twitter:data2\" content=\"2 minuti\" \/>\n<script type=\"application\/ld+json\" class=\"yoast-schema-graph\">{\"@context\":\"https:\/\/schema.org\",\"@graph\":[{\"@type\":\"Article\",\"@id\":\"https:\/\/www.m-q.ch\/fr\/la-pom-consultation-aux-vingt-ans\/#article\",\"isPartOf\":{\"@id\":\"https:\/\/www.m-q.ch\/fr\/la-pom-consultation-aux-vingt-ans\/\"},\"author\":{\"name\":\"galledia\",\"@id\":\"https:\/\/www.m-q.ch\/fr\/#\/schema\/person\/c0139a2c55a374db6df2cde78ec87148\"},\"headline\":\"Die pom+Consulting AG wird 20 Jahre\",\"datePublished\":\"2016-02-24T09:32:34+00:00\",\"dateModified\":\"2016-12-09T09:33:39+00:00\",\"mainEntityOfPage\":{\"@id\":\"https:\/\/www.m-q.ch\/fr\/la-pom-consultation-aux-vingt-ans\/\"},\"wordCount\":376,\"commentCount\":0,\"publisher\":{\"@id\":\"https:\/\/www.m-q.ch\/fr\/#organization\"},\"image\":{\"@id\":\"https:\/\/www.m-q.ch\/fr\/la-pom-consultation-aux-vingt-ans\/#primaryimage\"},\"thumbnailUrl\":\"https:\/\/www.m-q.ch\/wp-content\/uploads\/2016\/12\/Die-pomConsulting-AG-wird-20-Jahre-management-und-qualitaet.jpg\",\"keywords\":[\"Unternehmen\"],\"articleSection\":[\"Unkategorisiert\"],\"inLanguage\":\"it-IT\"},{\"@type\":\"WebPage\",\"@id\":\"https:\/\/www.m-q.ch\/fr\/la-pom-consultation-aux-vingt-ans\/\",\"url\":\"https:\/\/www.m-q.ch\/fr\/la-pom-consultation-aux-vingt-ans\/\",\"name\":\"Die pom+Consulting AG wird 20 Jahre - MQ Management und Qualit\u00e4t\",\"isPartOf\":{\"@id\":\"https:\/\/www.m-q.ch\/fr\/#website\"},\"primaryImageOfPage\":{\"@id\":\"https:\/\/www.m-q.ch\/fr\/la-pom-consultation-aux-vingt-ans\/#primaryimage\"},\"image\":{\"@id\":\"https:\/\/www.m-q.ch\/fr\/la-pom-consultation-aux-vingt-ans\/#primaryimage\"},\"thumbnailUrl\":\"https:\/\/www.m-q.ch\/wp-content\/uploads\/2016\/12\/Die-pomConsulting-AG-wird-20-Jahre-management-und-qualitaet.jpg\",\"datePublished\":\"2016-02-24T09:32:34+00:00\",\"dateModified\":\"2016-12-09T09:33:39+00:00\",\"description\":\"Die pom+Consulting AG, ein f\u00fcr Immobilien, Infrastrukturen und Organisationen t\u00e4tiges Schweizer Beratungsunternehmen, feiert 2016 sein 20-j\u00e4hriges Bestehen.\",\"breadcrumb\":{\"@id\":\"https:\/\/www.m-q.ch\/fr\/la-pom-consultation-aux-vingt-ans\/#breadcrumb\"},\"inLanguage\":\"it-IT\",\"potentialAction\":[{\"@type\":\"ReadAction\",\"target\":[\"https:\/\/www.m-q.ch\/fr\/la-pom-consultation-aux-vingt-ans\/\"]}]},{\"@type\":\"ImageObject\",\"inLanguage\":\"it-IT\",\"@id\":\"https:\/\/www.m-q.ch\/fr\/la-pom-consultation-aux-vingt-ans\/#primaryimage\",\"url\":\"https:\/\/www.m-q.ch\/wp-content\/uploads\/2016\/12\/Die-pomConsulting-AG-wird-20-Jahre-management-und-qualitaet.jpg\",\"contentUrl\":\"https:\/\/www.m-q.ch\/wp-content\/uploads\/2016\/12\/Die-pomConsulting-AG-wird-20-Jahre-management-und-qualitaet.jpg\",\"width\":742,\"height\":535,\"caption\":\"pom+ ver\u00f6ffentlicht auch Sonderausgaben zum Thema \\\"Digital Real Estate\\\".\"},{\"@type\":\"BreadcrumbList\",\"@id\":\"https:\/\/www.m-q.ch\/fr\/la-pom-consultation-aux-vingt-ans\/#breadcrumb\",\"itemListElement\":[{\"@type\":\"ListItem\",\"position\":1,\"name\":\"Unkategorisiert\",\"item\":\"https:\/\/www.m-q.ch\/it\/categoria\/senza-categoria\/\"},{\"@type\":\"ListItem\",\"position\":2,\"name\":\"Die pom+Consulting AG wird 20 Jahre\"}]},{\"@type\":\"WebSite\",\"@id\":\"https:\/\/www.m-q.ch\/fr\/#website\",\"url\":\"https:\/\/www.m-q.ch\/fr\/\",\"name\":\"MQ Management und Qualit\u00e4t\",\"description\":\"Plattform f\u00fcr integrierte Managementsysteme.\",\"publisher\":{\"@id\":\"https:\/\/www.m-q.ch\/fr\/#organization\"},\"potentialAction\":[{\"@type\":\"SearchAction\",\"target\":{\"@type\":\"EntryPoint\",\"urlTemplate\":\"https:\/\/www.m-q.ch\/fr\/?s={search_term_string}\"},\"query-input\":{\"@type\":\"PropertyValueSpecification\",\"valueRequired\":true,\"valueName\":\"search_term_string\"}}],\"inLanguage\":\"it-IT\"},{\"@type\":\"Organization\",\"@id\":\"https:\/\/www.m-q.ch\/fr\/#organization\",\"name\":\"Galledia Fachmedien AG\",\"url\":\"https:\/\/www.m-q.ch\/fr\/\",\"logo\":{\"@type\":\"ImageObject\",\"inLanguage\":\"it-IT\",\"@id\":\"https:\/\/www.m-q.ch\/fr\/#\/schema\/logo\/image\/\",\"url\":\"https:\/\/www.m-q.ch\/wp-content\/uploads\/2020\/12\/cropped-logo_small.png\",\"contentUrl\":\"https:\/\/www.m-q.ch\/wp-content\/uploads\/2020\/12\/cropped-logo_small.png\",\"width\":512,\"height\":512,\"caption\":\"Galledia Fachmedien AG\"},\"image\":{\"@id\":\"https:\/\/www.m-q.ch\/fr\/#\/schema\/logo\/image\/\"},\"sameAs\":[\"https:\/\/www.facebook.com\/ManagementUndQualitaet\",\"https:\/\/www.linkedin.com\/showcase\/17982321\/admin\/\"]},{\"@type\":\"Person\",\"@id\":\"https:\/\/www.m-q.ch\/fr\/#\/schema\/person\/c0139a2c55a374db6df2cde78ec87148\",\"name\":\"galledia\",\"image\":{\"@type\":\"ImageObject\",\"inLanguage\":\"it-IT\",\"@id\":\"https:\/\/www.m-q.ch\/fr\/#\/schema\/person\/image\/\",\"url\":\"https:\/\/secure.gravatar.com\/avatar\/66edf527eac29e9a5eb25bcada01f61a?s=96&d=mm&r=g\",\"contentUrl\":\"https:\/\/secure.gravatar.com\/avatar\/66edf527eac29e9a5eb25bcada01f61a?s=96&d=mm&r=g\",\"caption\":\"galledia\"},\"url\":\"https:\/\/www.m-q.ch\/it\/author\/galledia\/\"}]}<\/script>\n<!-- \/ Yoast SEO plugin. -->","yoast_head_json":{"title":"pom+Consulting AG compie 20 anni - MQ Management und Qualit\u00e4t","description":"pom+Consulting AG, una societ\u00e0 di consulenza svizzera che lavora per immobili, infrastrutture e organizzazioni, festeggia nel 2016 il suo 20\u00b0 anniversario.","robots":{"index":"index","follow":"follow","max-snippet":"max-snippet:-1","max-image-preview":"max-image-preview:large","max-video-preview":"max-video-preview:-1"},"canonical":"https:\/\/www.m-q.ch\/it\/la-pomconsulenza-ag-avra-20-anni\/","og_locale":"it_IT","og_type":"article","og_title":"Die pom+Consulting AG wird 20 Jahre - MQ Management und Qualit\u00e4t","og_description":"Die pom+Consulting AG, ein f\u00fcr Immobilien, Infrastrukturen und Organisationen t\u00e4tiges Schweizer Beratungsunternehmen, feiert 2016 sein 20-j\u00e4hriges Bestehen.","og_url":"https:\/\/www.m-q.ch\/it\/la-pomconsulenza-ag-avra-20-anni\/","og_site_name":"MQ Management und Qualit\u00e4t","article_publisher":"https:\/\/www.facebook.com\/ManagementUndQualitaet","article_published_time":"2016-02-24T09:32:34+00:00","article_modified_time":"2016-12-09T09:33:39+00:00","og_image":[{"width":742,"height":535,"url":"https:\/\/www.m-q.ch\/wp-content\/uploads\/2016\/12\/Die-pomConsulting-AG-wird-20-Jahre-management-und-qualitaet.jpg","type":"image\/jpeg"}],"author":"galledia","twitter_card":"summary_large_image","twitter_misc":{"Scritto da":"galledia","Tempo di lettura stimato":"2 minuti"},"schema":{"@context":"https:\/\/schema.org","@graph":[{"@type":"Article","@id":"https:\/\/www.m-q.ch\/fr\/la-pom-consultation-aux-vingt-ans\/#article","isPartOf":{"@id":"https:\/\/www.m-q.ch\/fr\/la-pom-consultation-aux-vingt-ans\/"},"author":{"name":"galledia","@id":"https:\/\/www.m-q.ch\/fr\/#\/schema\/person\/c0139a2c55a374db6df2cde78ec87148"},"headline":"Die pom+Consulting AG wird 20 Jahre","datePublished":"2016-02-24T09:32:34+00:00","dateModified":"2016-12-09T09:33:39+00:00","mainEntityOfPage":{"@id":"https:\/\/www.m-q.ch\/fr\/la-pom-consultation-aux-vingt-ans\/"},"wordCount":376,"commentCount":0,"publisher":{"@id":"https:\/\/www.m-q.ch\/fr\/#organization"},"image":{"@id":"https:\/\/www.m-q.ch\/fr\/la-pom-consultation-aux-vingt-ans\/#primaryimage"},"thumbnailUrl":"https:\/\/www.m-q.ch\/wp-content\/uploads\/2016\/12\/Die-pomConsulting-AG-wird-20-Jahre-management-und-qualitaet.jpg","keywords":["Unternehmen"],"articleSection":["Unkategorisiert"],"inLanguage":"it-IT"},{"@type":"WebPage","@id":"https:\/\/www.m-q.ch\/fr\/la-pom-consultation-aux-vingt-ans\/","url":"https:\/\/www.m-q.ch\/fr\/la-pom-consultation-aux-vingt-ans\/","name":"pom+Consulting AG compie 20 anni - MQ Management und Qualit\u00e4t","isPartOf":{"@id":"https:\/\/www.m-q.ch\/fr\/#website"},"primaryImageOfPage":{"@id":"https:\/\/www.m-q.ch\/fr\/la-pom-consultation-aux-vingt-ans\/#primaryimage"},"image":{"@id":"https:\/\/www.m-q.ch\/fr\/la-pom-consultation-aux-vingt-ans\/#primaryimage"},"thumbnailUrl":"https:\/\/www.m-q.ch\/wp-content\/uploads\/2016\/12\/Die-pomConsulting-AG-wird-20-Jahre-management-und-qualitaet.jpg","datePublished":"2016-02-24T09:32:34+00:00","dateModified":"2016-12-09T09:33:39+00:00","description":"pom+Consulting AG, una societ\u00e0 di consulenza svizzera che lavora per immobili, infrastrutture e organizzazioni, festeggia nel 2016 il suo 20\u00b0 anniversario.","breadcrumb":{"@id":"https:\/\/www.m-q.ch\/fr\/la-pom-consultation-aux-vingt-ans\/#breadcrumb"},"inLanguage":"it-IT","potentialAction":[{"@type":"ReadAction","target":["https:\/\/www.m-q.ch\/fr\/la-pom-consultation-aux-vingt-ans\/"]}]},{"@type":"ImageObject","inLanguage":"it-IT","@id":"https:\/\/www.m-q.ch\/fr\/la-pom-consultation-aux-vingt-ans\/#primaryimage","url":"https:\/\/www.m-q.ch\/wp-content\/uploads\/2016\/12\/Die-pomConsulting-AG-wird-20-Jahre-management-und-qualitaet.jpg","contentUrl":"https:\/\/www.m-q.ch\/wp-content\/uploads\/2016\/12\/Die-pomConsulting-AG-wird-20-Jahre-management-und-qualitaet.jpg","width":742,"height":535,"caption":"pom+ ver\u00f6ffentlicht auch Sonderausgaben zum Thema \"Digital Real Estate\"."},{"@type":"BreadcrumbList","@id":"https:\/\/www.m-q.ch\/fr\/la-pom-consultation-aux-vingt-ans\/#breadcrumb","itemListElement":[{"@type":"ListItem","position":1,"name":"Unkategorisiert","item":"https:\/\/www.m-q.ch\/it\/categoria\/senza-categoria\/"},{"@type":"ListItem","position":2,"name":"Die pom+Consulting AG wird 20 Jahre"}]},{"@type":"WebSite","@id":"https:\/\/www.m-q.ch\/fr\/#website","url":"https:\/\/www.m-q.ch\/fr\/","name":"Gestione e qualit\u00e0 MQ","description":"Piattaforma per sistemi di gestione integrati.","publisher":{"@id":"https:\/\/www.m-q.ch\/fr\/#organization"},"potentialAction":[{"@type":"SearchAction","target":{"@type":"EntryPoint","urlTemplate":"https:\/\/www.m-q.ch\/fr\/?s={search_term_string}"},"query-input":{"@type":"PropertyValueSpecification","valueRequired":true,"valueName":"search_term_string"}}],"inLanguage":"it-IT"},{"@type":"Organization","@id":"https:\/\/www.m-q.ch\/fr\/#organization","name":"Galledia Fachmedien AG","url":"https:\/\/www.m-q.ch\/fr\/","logo":{"@type":"ImageObject","inLanguage":"it-IT","@id":"https:\/\/www.m-q.ch\/fr\/#\/schema\/logo\/image\/","url":"https:\/\/www.m-q.ch\/wp-content\/uploads\/2020\/12\/cropped-logo_small.png","contentUrl":"https:\/\/www.m-q.ch\/wp-content\/uploads\/2020\/12\/cropped-logo_small.png","width":512,"height":512,"caption":"Galledia Fachmedien AG"},"image":{"@id":"https:\/\/www.m-q.ch\/fr\/#\/schema\/logo\/image\/"},"sameAs":["https:\/\/www.facebook.com\/ManagementUndQualitaet","https:\/\/www.linkedin.com\/showcase\/17982321\/admin\/"]},{"@type":"Person","@id":"https:\/\/www.m-q.ch\/fr\/#\/schema\/person\/c0139a2c55a374db6df2cde78ec87148","name":"galleria","image":{"@type":"ImageObject","inLanguage":"it-IT","@id":"https:\/\/www.m-q.ch\/fr\/#\/schema\/person\/image\/","url":"https:\/\/secure.gravatar.com\/avatar\/66edf527eac29e9a5eb25bcada01f61a?s=96&d=mm&r=g","contentUrl":"https:\/\/secure.gravatar.com\/avatar\/66edf527eac29e9a5eb25bcada01f61a?s=96&d=mm&r=g","caption":"galledia"},"url":"https:\/\/www.m-q.ch\/it\/author\/galledia\/"}]}},"_links":{"self":[{"href":"https:\/\/www.m-q.ch\/it\/wp-json\/wp\/v2\/posts\/329","targetHints":{"allow":["GET"]}}],"collection":[{"href":"https:\/\/www.m-q.ch\/it\/wp-json\/wp\/v2\/posts"}],"about":[{"href":"https:\/\/www.m-q.ch\/it\/wp-json\/wp\/v2\/types\/post"}],"author":[{"embeddable":true,"href":"https:\/\/www.m-q.ch\/it\/wp-json\/wp\/v2\/users\/1"}],"replies":[{"embeddable":true,"href":"https:\/\/www.m-q.ch\/it\/wp-json\/wp\/v2\/comments?post=329"}],"version-history":[{"count":1,"href":"https:\/\/www.m-q.ch\/it\/wp-json\/wp\/v2\/posts\/329\/revisions"}],"predecessor-version":[{"id":330,"href":"https:\/\/www.m-q.ch\/it\/wp-json\/wp\/v2\/posts\/329\/revisions\/330"}],"wp:featuredmedia":[{"embeddable":true,"href":"https:\/\/www.m-q.ch\/it\/wp-json\/wp\/v2\/media\/85"}],"wp:attachment":[{"href":"https:\/\/www.m-q.ch\/it\/wp-json\/wp\/v2\/media?parent=329"}],"wp:term":[{"taxonomy":"category","embeddable":true,"href":"https:\/\/www.m-q.ch\/it\/wp-json\/wp\/v2\/categories?post=329"},{"taxonomy":"post_tag","embeddable":true,"href":"https:\/\/www.m-q.ch\/it\/wp-json\/wp\/v2\/tags?post=329"}],"curies":[{"name":"wp","href":"https:\/\/api.w.org\/{rel}","templated":true}]}}