{"id":343,"date":"2016-03-09T10:44:06","date_gmt":"2016-03-09T09:44:06","guid":{"rendered":"http:\/\/dev.m-q.ch\/?p=343"},"modified":"2017-03-01T15:12:54","modified_gmt":"2017-03-01T14:12:54","slug":"iso-9001-nellaegida-di-tuev-austria","status":"publish","type":"post","link":"https:\/\/www.m-q.ch\/it\/iso-9001-in-der-aegide-von-tuev-austria\/","title":{"rendered":"ISO 9001 sotto l'egida di T\u00dcV AUSTRIA"},"content":{"rendered":"<figure id=\"attachment_147\" aria-describedby=\"caption-attachment-147\" style=\"width: 680px\" class=\"wp-caption alignnone\"><a href=\"https:\/\/m-q.ch\/wp-content\/uploads\/2016\/12\/ISO-9001-in-der-\u00c4gide-von-T\u00dcV-AUSTRIA-management-und-qualitaet.jpg\"><img loading=\"lazy\" decoding=\"async\" class=\"wp-image-147 size-medium\" src=\"https:\/\/www.m-q.ch\/wp-content\/uploads\/2016\/12\/ISO-9001-in-der-\u00c4gide-von-T\u00dcV-AUSTRIA-management-und-qualitaet-680x350.jpg\" width=\"680\" height=\"350\" srcset=\"https:\/\/www.m-q.ch\/wp-content\/uploads\/2016\/12\/ISO-9001-in-der-\u00c4gide-von-T\u00dcV-AUSTRIA-management-und-qualitaet-680x350.jpg 680w, https:\/\/www.m-q.ch\/wp-content\/uploads\/2016\/12\/ISO-9001-in-der-\u00c4gide-von-T\u00dcV-AUSTRIA-management-und-qualitaet-768x395.jpg 768w, https:\/\/www.m-q.ch\/wp-content\/uploads\/2016\/12\/ISO-9001-in-der-\u00c4gide-von-T\u00dcV-AUSTRIA-management-und-qualitaet-16x8.jpg 16w, https:\/\/www.m-q.ch\/wp-content\/uploads\/2016\/12\/ISO-9001-in-der-\u00c4gide-von-T\u00dcV-AUSTRIA-management-und-qualitaet-340x175.jpg 340w, https:\/\/www.m-q.ch\/wp-content\/uploads\/2016\/12\/ISO-9001-in-der-\u00c4gide-von-T\u00dcV-AUSTRIA-management-und-qualitaet-920x473.jpg 920w, https:\/\/www.m-q.ch\/wp-content\/uploads\/2016\/12\/ISO-9001-in-der-\u00c4gide-von-T\u00dcV-AUSTRIA-management-und-qualitaet-300x154.jpg 300w, https:\/\/www.m-q.ch\/wp-content\/uploads\/2016\/12\/ISO-9001-in-der-\u00c4gide-von-T\u00dcV-AUSTRIA-management-und-qualitaet-1024x527.jpg 1024w, https:\/\/www.m-q.ch\/wp-content\/uploads\/2016\/12\/ISO-9001-in-der-\u00c4gide-von-T\u00dcV-AUSTRIA-management-und-qualitaet-624x321.jpg 624w, https:\/\/www.m-q.ch\/wp-content\/uploads\/2016\/12\/ISO-9001-in-der-\u00c4gide-von-T\u00dcV-AUSTRIA-management-und-qualitaet.jpg 1063w\" sizes=\"auto, (max-width: 680px) 100vw, 680px\" \/><\/a><figcaption id=\"caption-attachment-147\" class=\"wp-caption-text\">Esperti di rischio (da sinistra): Ebner, Wallner, Buser, Eichinger, Neta.<\/figcaption><\/figure>\n<p>Stefan Wallner, amministratore delegato di T\u00dcV AUSTRIA CERT GMBH, insieme al revisore DI Gerhard Eichinger ha consegnato i documenti agli amministratori delegati di Risk Experts DI Gerhart Ebner e Dr. Michael Buser. L'azienda \u00e8 specializzata nella gestione del rischio operativo; ingegneri del rischio con esperienza internazionale preparano analisi e valutazioni del rischio qualificate per aziende, compagnie di assicurazione e broker.<\/p>\n<p>Forniscono servizi di esperti, coordinano la liquidazione dei sinistri e trasmettono le loro conoscenze attraverso la Risk Experts Academy. Risk Experts ha un totale di oltre 75 dipendenti nelle sue sedi di Vienna, Kufstein, Varsavia, Bratislava, Bucarest, Sofia e Istanbul.<\/p>\n<p><strong>Fare da apripista <\/strong><\/p>\n<p>Wallner era soddisfatto del ruolo pionieristico che Risk Experts ha assunto con la certificazione: \"EN ISO 9001:2015 descrive i requisiti per il sistema di gestione della qualit\u00e0 di un'organizzazione al fine di fornire prodotti e servizi di alta qualit\u00e0 e orientati al cliente. Affrontare i rischi e le opportunit\u00e0 \u00e8, per cos\u00ec dire, il \"pane quotidiano\" in azienda. Il rapporto di audit evidenzia l'alto livello di qualificazione dei dipendenti e il sistema di gestione della qualit\u00e0 molto orientato alla pratica\".<\/p>\n<p>Ebner e Buser hanno spiegato: \"Raccomandiamo di integrare la gestione dei rischi nel sistema di gestione della qualit\u00e0 in ogni azienda. Con la revisione dello standard, che ora richiede anche un approccio alla gestione della qualit\u00e0 basato sul rischio, era il momento giusto per ottenere la certificazione. Lo vediamo come una spinta importante all'uso della gestione del rischio\".<\/p>\n<p><strong>ISO 9001:2015<\/strong><\/p>\n<p>La nuova ISO 9001:2015 \u00e8 in vigore dall'autunno 2015. Oltre ai cambiamenti strutturali e alla nuova terminologia, l'orientamento strategico dell'organizzazione \u00e8 sempre pi\u00f9 preso in considerazione. L'attenzione \u00e8 anche sull'orientamento ai processi, cos\u00ec come l'approccio basato sul rischio e la gestione dei rischi e delle opportunit\u00e0. Anche la conoscenza dell'organizzazione e la leadership si stanno mettendo a fuoco. I fornitori di servizi si riflettono ora nella nuova ISO 9001:2015 attraverso nuove formulazioni concrete.<\/p>\n<p>I link a questo rapporto si chiamano:<\/p>\n<p><a href=\"http:\/\/www.tuv.at\/cert,%20www.tuv.at\/services\" target=\"_blank\" data-cke-saved-href=\"http:\/\/www.tuv.at\/cert,%20www.tuv.at\/services\">www.tuv.at\/cert<\/a>,<\/p>\n<p><a href=\"http:\/\/www.tuv.at\/services\" target=\"_blank\" data-cke-saved-href=\"http:\/\/www.tuv.at\/services\">www.tuv.at\/services<\/a><\/p>\n<p><a href=\"http:\/\/www.riskexperts.at\" target=\"_blank\" data-cke-saved-href=\"http:\/\/www.riskexperts.at\">www.riskexperts.at<\/a><\/p>","protected":false},"excerpt":{"rendered":"<p>Stefan Wallner, Gesch\u00e4ftsf\u00fchrer der T\u00dcV AUSTRIA CERT GMBH, \u00fcbergab gemeinsam mit Auditor DI Gerhard Eichinger die Dokumente an die Risk Experts Gesch\u00e4ftsf\u00fchrer DI Gerhart Ebner und Dr. Michael Buser. Das Unternehmen ist auf operatives Risikomanagement spezialisiert; international erfahrene Risikoingenieure erstellen qualifizierte Risikoanalysen und -bewertungen f\u00fcr Unternehmen, Versicherungen und Makler. Sie erbringen Sachverst\u00e4ndigenleistungen, koordinieren Schadenabwicklungen und [&hellip;]<\/p>\n","protected":false},"author":1,"featured_media":147,"comment_status":"open","ping_status":"open","sticky":false,"template":"","format":"standard","meta":{"_acf_changed":false,"footnotes":""},"categories":[1],"tags":[3356],"class_list":["post-343","post","type-post","status-publish","format-standard","has-post-thumbnail","hentry","category-unkategorisiert","tag-normenstandards"],"acf":[],"yoast_head":"<!-- This site is optimized with the Yoast SEO plugin v26.2 - https:\/\/yoast.com\/wordpress\/plugins\/seo\/ -->\n<title>ISO 9001 in der \u00c4gide von T\u00dcV AUSTRIA - MQ Management und Qualit\u00e4t<\/title>\n<meta name=\"description\" content=\"Die Unternehmensberatung Risk Experts in Wien bekam als erstes europ\u00e4isches Beratungsunternehmen von T\u00dcV AUSTRIA das Zertifikat f\u00fcr Qualit\u00e4tsmanagement.\" \/>\n<meta name=\"robots\" content=\"index, follow, max-snippet:-1, max-image-preview:large, max-video-preview:-1\" \/>\n<link rel=\"canonical\" href=\"https:\/\/www.m-q.ch\/it\/iso-9001-nellaegida-di-tuev-austria\/\" \/>\n<meta property=\"og:locale\" content=\"it_IT\" \/>\n<meta property=\"og:type\" content=\"article\" \/>\n<meta property=\"og:title\" content=\"ISO 9001 in der \u00c4gide von T\u00dcV AUSTRIA - MQ Management und Qualit\u00e4t\" \/>\n<meta property=\"og:description\" content=\"Die Unternehmensberatung Risk Experts in Wien bekam als erstes europ\u00e4isches Beratungsunternehmen von T\u00dcV AUSTRIA das Zertifikat f\u00fcr Qualit\u00e4tsmanagement.\" \/>\n<meta property=\"og:url\" content=\"https:\/\/www.m-q.ch\/it\/iso-9001-nellaegida-di-tuev-austria\/\" \/>\n<meta property=\"og:site_name\" content=\"MQ Management und Qualit\u00e4t\" \/>\n<meta property=\"article:publisher\" content=\"https:\/\/www.facebook.com\/ManagementUndQualitaet\" \/>\n<meta property=\"article:published_time\" content=\"2016-03-09T09:44:06+00:00\" \/>\n<meta property=\"article:modified_time\" content=\"2017-03-01T14:12:54+00:00\" \/>\n<meta property=\"og:image\" content=\"https:\/\/www.m-q.ch\/wp-content\/uploads\/2016\/12\/ISO-9001-in-der-\u00c4gide-von-T\u00dcV-AUSTRIA-management-und-qualitaet.jpg\" \/>\n\t<meta property=\"og:image:width\" content=\"1063\" \/>\n\t<meta property=\"og:image:height\" content=\"547\" \/>\n\t<meta property=\"og:image:type\" content=\"image\/jpeg\" \/>\n<meta name=\"author\" content=\"galledia\" \/>\n<meta name=\"twitter:card\" content=\"summary_large_image\" \/>\n<meta name=\"twitter:label1\" content=\"Scritto da\" \/>\n\t<meta name=\"twitter:data1\" content=\"galledia\" \/>\n\t<meta name=\"twitter:label2\" content=\"Tempo di lettura stimato\" \/>\n\t<meta name=\"twitter:data2\" content=\"2 minuti\" \/>\n<script type=\"application\/ld+json\" class=\"yoast-schema-graph\">{\"@context\":\"https:\/\/schema.org\",\"@graph\":[{\"@type\":\"Article\",\"@id\":\"https:\/\/www.m-q.ch\/de\/iso-9001-in-der-aegide-von-tuev-austria\/#article\",\"isPartOf\":{\"@id\":\"https:\/\/www.m-q.ch\/de\/iso-9001-in-der-aegide-von-tuev-austria\/\"},\"author\":{\"name\":\"galledia\",\"@id\":\"https:\/\/www.m-q.ch\/fr\/#\/schema\/person\/c0139a2c55a374db6df2cde78ec87148\"},\"headline\":\"ISO 9001 in der \u00c4gide von T\u00dcV AUSTRIA\",\"datePublished\":\"2016-03-09T09:44:06+00:00\",\"dateModified\":\"2017-03-01T14:12:54+00:00\",\"mainEntityOfPage\":{\"@id\":\"https:\/\/www.m-q.ch\/de\/iso-9001-in-der-aegide-von-tuev-austria\/\"},\"wordCount\":321,\"commentCount\":0,\"publisher\":{\"@id\":\"https:\/\/www.m-q.ch\/fr\/#organization\"},\"image\":{\"@id\":\"https:\/\/www.m-q.ch\/de\/iso-9001-in-der-aegide-von-tuev-austria\/#primaryimage\"},\"thumbnailUrl\":\"https:\/\/www.m-q.ch\/wp-content\/uploads\/2016\/12\/ISO-9001-in-der-\u00c4gide-von-T\u00dcV-AUSTRIA-management-und-qualitaet.jpg\",\"keywords\":[\"Normen\/Standards\"],\"articleSection\":[\"Unkategorisiert\"],\"inLanguage\":\"it-IT\"},{\"@type\":\"WebPage\",\"@id\":\"https:\/\/www.m-q.ch\/de\/iso-9001-in-der-aegide-von-tuev-austria\/\",\"url\":\"https:\/\/www.m-q.ch\/de\/iso-9001-in-der-aegide-von-tuev-austria\/\",\"name\":\"ISO 9001 in der \u00c4gide von T\u00dcV AUSTRIA - MQ Management und Qualit\u00e4t\",\"isPartOf\":{\"@id\":\"https:\/\/www.m-q.ch\/fr\/#website\"},\"primaryImageOfPage\":{\"@id\":\"https:\/\/www.m-q.ch\/de\/iso-9001-in-der-aegide-von-tuev-austria\/#primaryimage\"},\"image\":{\"@id\":\"https:\/\/www.m-q.ch\/de\/iso-9001-in-der-aegide-von-tuev-austria\/#primaryimage\"},\"thumbnailUrl\":\"https:\/\/www.m-q.ch\/wp-content\/uploads\/2016\/12\/ISO-9001-in-der-\u00c4gide-von-T\u00dcV-AUSTRIA-management-und-qualitaet.jpg\",\"datePublished\":\"2016-03-09T09:44:06+00:00\",\"dateModified\":\"2017-03-01T14:12:54+00:00\",\"description\":\"Die Unternehmensberatung Risk Experts in Wien bekam als erstes europ\u00e4isches Beratungsunternehmen von T\u00dcV AUSTRIA das Zertifikat f\u00fcr Qualit\u00e4tsmanagement.\",\"breadcrumb\":{\"@id\":\"https:\/\/www.m-q.ch\/de\/iso-9001-in-der-aegide-von-tuev-austria\/#breadcrumb\"},\"inLanguage\":\"it-IT\",\"potentialAction\":[{\"@type\":\"ReadAction\",\"target\":[\"https:\/\/www.m-q.ch\/de\/iso-9001-in-der-aegide-von-tuev-austria\/\"]}]},{\"@type\":\"ImageObject\",\"inLanguage\":\"it-IT\",\"@id\":\"https:\/\/www.m-q.ch\/de\/iso-9001-in-der-aegide-von-tuev-austria\/#primaryimage\",\"url\":\"https:\/\/www.m-q.ch\/wp-content\/uploads\/2016\/12\/ISO-9001-in-der-\u00c4gide-von-T\u00dcV-AUSTRIA-management-und-qualitaet.jpg\",\"contentUrl\":\"https:\/\/www.m-q.ch\/wp-content\/uploads\/2016\/12\/ISO-9001-in-der-\u00c4gide-von-T\u00dcV-AUSTRIA-management-und-qualitaet.jpg\",\"width\":1063,\"height\":547,\"caption\":\"Erfahrene Risk Experts (vlnr): Ebner, Wallner, Buser, Eichinger, Neta.\"},{\"@type\":\"BreadcrumbList\",\"@id\":\"https:\/\/www.m-q.ch\/de\/iso-9001-in-der-aegide-von-tuev-austria\/#breadcrumb\",\"itemListElement\":[{\"@type\":\"ListItem\",\"position\":1,\"name\":\"Unkategorisiert\",\"item\":\"https:\/\/www.m-q.ch\/it\/categoria\/senza-categoria\/\"},{\"@type\":\"ListItem\",\"position\":2,\"name\":\"ISO 9001 in der \u00c4gide von T\u00dcV AUSTRIA\"}]},{\"@type\":\"WebSite\",\"@id\":\"https:\/\/www.m-q.ch\/fr\/#website\",\"url\":\"https:\/\/www.m-q.ch\/fr\/\",\"name\":\"MQ Management und Qualit\u00e4t\",\"description\":\"Plattform f\u00fcr integrierte Managementsysteme.\",\"publisher\":{\"@id\":\"https:\/\/www.m-q.ch\/fr\/#organization\"},\"potentialAction\":[{\"@type\":\"SearchAction\",\"target\":{\"@type\":\"EntryPoint\",\"urlTemplate\":\"https:\/\/www.m-q.ch\/fr\/?s={search_term_string}\"},\"query-input\":{\"@type\":\"PropertyValueSpecification\",\"valueRequired\":true,\"valueName\":\"search_term_string\"}}],\"inLanguage\":\"it-IT\"},{\"@type\":\"Organization\",\"@id\":\"https:\/\/www.m-q.ch\/fr\/#organization\",\"name\":\"Galledia Fachmedien AG\",\"url\":\"https:\/\/www.m-q.ch\/fr\/\",\"logo\":{\"@type\":\"ImageObject\",\"inLanguage\":\"it-IT\",\"@id\":\"https:\/\/www.m-q.ch\/fr\/#\/schema\/logo\/image\/\",\"url\":\"https:\/\/www.m-q.ch\/wp-content\/uploads\/2020\/12\/cropped-logo_small.png\",\"contentUrl\":\"https:\/\/www.m-q.ch\/wp-content\/uploads\/2020\/12\/cropped-logo_small.png\",\"width\":512,\"height\":512,\"caption\":\"Galledia Fachmedien AG\"},\"image\":{\"@id\":\"https:\/\/www.m-q.ch\/fr\/#\/schema\/logo\/image\/\"},\"sameAs\":[\"https:\/\/www.facebook.com\/ManagementUndQualitaet\",\"https:\/\/www.linkedin.com\/showcase\/17982321\/admin\/\"]},{\"@type\":\"Person\",\"@id\":\"https:\/\/www.m-q.ch\/fr\/#\/schema\/person\/c0139a2c55a374db6df2cde78ec87148\",\"name\":\"galledia\",\"image\":{\"@type\":\"ImageObject\",\"inLanguage\":\"it-IT\",\"@id\":\"https:\/\/www.m-q.ch\/fr\/#\/schema\/person\/image\/\",\"url\":\"https:\/\/secure.gravatar.com\/avatar\/66edf527eac29e9a5eb25bcada01f61a?s=96&d=mm&r=g\",\"contentUrl\":\"https:\/\/secure.gravatar.com\/avatar\/66edf527eac29e9a5eb25bcada01f61a?s=96&d=mm&r=g\",\"caption\":\"galledia\"},\"url\":\"https:\/\/www.m-q.ch\/it\/author\/galledia\/\"}]}<\/script>\n<!-- \/ Yoast SEO plugin. -->","yoast_head_json":{"title":"ISO 9001 sotto l'egida di T\u00dcV AUSTRIA - MQ Management und Qualit\u00e4t","description":"La societ\u00e0 di consulenza gestionale Risk Experts di Vienna \u00e8 stata la prima societ\u00e0 di consulenza europea a ricevere il certificato per la gestione della qualit\u00e0 dal T\u00dcV AUSTRIA.","robots":{"index":"index","follow":"follow","max-snippet":"max-snippet:-1","max-image-preview":"max-image-preview:large","max-video-preview":"max-video-preview:-1"},"canonical":"https:\/\/www.m-q.ch\/it\/iso-9001-nellaegida-di-tuev-austria\/","og_locale":"it_IT","og_type":"article","og_title":"ISO 9001 in der \u00c4gide von T\u00dcV AUSTRIA - MQ Management und Qualit\u00e4t","og_description":"Die Unternehmensberatung Risk Experts in Wien bekam als erstes europ\u00e4isches Beratungsunternehmen von T\u00dcV AUSTRIA das Zertifikat f\u00fcr Qualit\u00e4tsmanagement.","og_url":"https:\/\/www.m-q.ch\/it\/iso-9001-nellaegida-di-tuev-austria\/","og_site_name":"MQ Management und Qualit\u00e4t","article_publisher":"https:\/\/www.facebook.com\/ManagementUndQualitaet","article_published_time":"2016-03-09T09:44:06+00:00","article_modified_time":"2017-03-01T14:12:54+00:00","og_image":[{"width":1063,"height":547,"url":"https:\/\/www.m-q.ch\/wp-content\/uploads\/2016\/12\/ISO-9001-in-der-\u00c4gide-von-T\u00dcV-AUSTRIA-management-und-qualitaet.jpg","type":"image\/jpeg"}],"author":"galledia","twitter_card":"summary_large_image","twitter_misc":{"Scritto da":"galledia","Tempo di lettura stimato":"2 minuti"},"schema":{"@context":"https:\/\/schema.org","@graph":[{"@type":"Article","@id":"https:\/\/www.m-q.ch\/de\/iso-9001-in-der-aegide-von-tuev-austria\/#article","isPartOf":{"@id":"https:\/\/www.m-q.ch\/de\/iso-9001-in-der-aegide-von-tuev-austria\/"},"author":{"name":"galledia","@id":"https:\/\/www.m-q.ch\/fr\/#\/schema\/person\/c0139a2c55a374db6df2cde78ec87148"},"headline":"ISO 9001 in der \u00c4gide von T\u00dcV AUSTRIA","datePublished":"2016-03-09T09:44:06+00:00","dateModified":"2017-03-01T14:12:54+00:00","mainEntityOfPage":{"@id":"https:\/\/www.m-q.ch\/de\/iso-9001-in-der-aegide-von-tuev-austria\/"},"wordCount":321,"commentCount":0,"publisher":{"@id":"https:\/\/www.m-q.ch\/fr\/#organization"},"image":{"@id":"https:\/\/www.m-q.ch\/de\/iso-9001-in-der-aegide-von-tuev-austria\/#primaryimage"},"thumbnailUrl":"https:\/\/www.m-q.ch\/wp-content\/uploads\/2016\/12\/ISO-9001-in-der-\u00c4gide-von-T\u00dcV-AUSTRIA-management-und-qualitaet.jpg","keywords":["Normen\/Standards"],"articleSection":["Unkategorisiert"],"inLanguage":"it-IT"},{"@type":"WebPage","@id":"https:\/\/www.m-q.ch\/de\/iso-9001-in-der-aegide-von-tuev-austria\/","url":"https:\/\/www.m-q.ch\/de\/iso-9001-in-der-aegide-von-tuev-austria\/","name":"ISO 9001 sotto l'egida di T\u00dcV AUSTRIA - MQ Management und Qualit\u00e4t","isPartOf":{"@id":"https:\/\/www.m-q.ch\/fr\/#website"},"primaryImageOfPage":{"@id":"https:\/\/www.m-q.ch\/de\/iso-9001-in-der-aegide-von-tuev-austria\/#primaryimage"},"image":{"@id":"https:\/\/www.m-q.ch\/de\/iso-9001-in-der-aegide-von-tuev-austria\/#primaryimage"},"thumbnailUrl":"https:\/\/www.m-q.ch\/wp-content\/uploads\/2016\/12\/ISO-9001-in-der-\u00c4gide-von-T\u00dcV-AUSTRIA-management-und-qualitaet.jpg","datePublished":"2016-03-09T09:44:06+00:00","dateModified":"2017-03-01T14:12:54+00:00","description":"La societ\u00e0 di consulenza gestionale Risk Experts di Vienna \u00e8 stata la prima societ\u00e0 di consulenza europea a ricevere il certificato per la gestione della qualit\u00e0 dal T\u00dcV AUSTRIA.","breadcrumb":{"@id":"https:\/\/www.m-q.ch\/de\/iso-9001-in-der-aegide-von-tuev-austria\/#breadcrumb"},"inLanguage":"it-IT","potentialAction":[{"@type":"ReadAction","target":["https:\/\/www.m-q.ch\/de\/iso-9001-in-der-aegide-von-tuev-austria\/"]}]},{"@type":"ImageObject","inLanguage":"it-IT","@id":"https:\/\/www.m-q.ch\/de\/iso-9001-in-der-aegide-von-tuev-austria\/#primaryimage","url":"https:\/\/www.m-q.ch\/wp-content\/uploads\/2016\/12\/ISO-9001-in-der-\u00c4gide-von-T\u00dcV-AUSTRIA-management-und-qualitaet.jpg","contentUrl":"https:\/\/www.m-q.ch\/wp-content\/uploads\/2016\/12\/ISO-9001-in-der-\u00c4gide-von-T\u00dcV-AUSTRIA-management-und-qualitaet.jpg","width":1063,"height":547,"caption":"Erfahrene Risk Experts (vlnr): Ebner, Wallner, Buser, Eichinger, Neta."},{"@type":"BreadcrumbList","@id":"https:\/\/www.m-q.ch\/de\/iso-9001-in-der-aegide-von-tuev-austria\/#breadcrumb","itemListElement":[{"@type":"ListItem","position":1,"name":"Unkategorisiert","item":"https:\/\/www.m-q.ch\/it\/categoria\/senza-categoria\/"},{"@type":"ListItem","position":2,"name":"ISO 9001 in der \u00c4gide von T\u00dcV AUSTRIA"}]},{"@type":"WebSite","@id":"https:\/\/www.m-q.ch\/fr\/#website","url":"https:\/\/www.m-q.ch\/fr\/","name":"Gestione e qualit\u00e0 MQ","description":"Piattaforma per sistemi di gestione integrati.","publisher":{"@id":"https:\/\/www.m-q.ch\/fr\/#organization"},"potentialAction":[{"@type":"SearchAction","target":{"@type":"EntryPoint","urlTemplate":"https:\/\/www.m-q.ch\/fr\/?s={search_term_string}"},"query-input":{"@type":"PropertyValueSpecification","valueRequired":true,"valueName":"search_term_string"}}],"inLanguage":"it-IT"},{"@type":"Organization","@id":"https:\/\/www.m-q.ch\/fr\/#organization","name":"Galledia Fachmedien AG","url":"https:\/\/www.m-q.ch\/fr\/","logo":{"@type":"ImageObject","inLanguage":"it-IT","@id":"https:\/\/www.m-q.ch\/fr\/#\/schema\/logo\/image\/","url":"https:\/\/www.m-q.ch\/wp-content\/uploads\/2020\/12\/cropped-logo_small.png","contentUrl":"https:\/\/www.m-q.ch\/wp-content\/uploads\/2020\/12\/cropped-logo_small.png","width":512,"height":512,"caption":"Galledia Fachmedien AG"},"image":{"@id":"https:\/\/www.m-q.ch\/fr\/#\/schema\/logo\/image\/"},"sameAs":["https:\/\/www.facebook.com\/ManagementUndQualitaet","https:\/\/www.linkedin.com\/showcase\/17982321\/admin\/"]},{"@type":"Person","@id":"https:\/\/www.m-q.ch\/fr\/#\/schema\/person\/c0139a2c55a374db6df2cde78ec87148","name":"galleria","image":{"@type":"ImageObject","inLanguage":"it-IT","@id":"https:\/\/www.m-q.ch\/fr\/#\/schema\/person\/image\/","url":"https:\/\/secure.gravatar.com\/avatar\/66edf527eac29e9a5eb25bcada01f61a?s=96&d=mm&r=g","contentUrl":"https:\/\/secure.gravatar.com\/avatar\/66edf527eac29e9a5eb25bcada01f61a?s=96&d=mm&r=g","caption":"galledia"},"url":"https:\/\/www.m-q.ch\/it\/author\/galledia\/"}]}},"_links":{"self":[{"href":"https:\/\/www.m-q.ch\/it\/wp-json\/wp\/v2\/posts\/343","targetHints":{"allow":["GET"]}}],"collection":[{"href":"https:\/\/www.m-q.ch\/it\/wp-json\/wp\/v2\/posts"}],"about":[{"href":"https:\/\/www.m-q.ch\/it\/wp-json\/wp\/v2\/types\/post"}],"author":[{"embeddable":true,"href":"https:\/\/www.m-q.ch\/it\/wp-json\/wp\/v2\/users\/1"}],"replies":[{"embeddable":true,"href":"https:\/\/www.m-q.ch\/it\/wp-json\/wp\/v2\/comments?post=343"}],"version-history":[{"count":3,"href":"https:\/\/www.m-q.ch\/it\/wp-json\/wp\/v2\/posts\/343\/revisions"}],"predecessor-version":[{"id":1178,"href":"https:\/\/www.m-q.ch\/it\/wp-json\/wp\/v2\/posts\/343\/revisions\/1178"}],"wp:featuredmedia":[{"embeddable":true,"href":"https:\/\/www.m-q.ch\/it\/wp-json\/wp\/v2\/media\/147"}],"wp:attachment":[{"href":"https:\/\/www.m-q.ch\/it\/wp-json\/wp\/v2\/media?parent=343"}],"wp:term":[{"taxonomy":"category","embeddable":true,"href":"https:\/\/www.m-q.ch\/it\/wp-json\/wp\/v2\/categories?post=343"},{"taxonomy":"post_tag","embeddable":true,"href":"https:\/\/www.m-q.ch\/it\/wp-json\/wp\/v2\/tags?post=343"}],"curies":[{"name":"wp","href":"https:\/\/api.w.org\/{rel}","templated":true}]}}