{"id":347,"date":"2016-03-11T10:47:42","date_gmt":"2016-03-11T09:47:42","guid":{"rendered":"http:\/\/dev.m-q.ch\/?p=347"},"modified":"2017-03-01T15:05:56","modified_gmt":"2017-03-01T14:05:56","slug":"i-vincitori-del-premio-svizzero-esprix-per-leccellenza-2016","status":"publish","type":"post","link":"https:\/\/www.m-q.ch\/it\/die-sieger-des-esprix-swiss-award-for-excellence-2016\/","title":{"rendered":"I vincitori dell'ESPRIX Swiss Award for Excellence 2016"},"content":{"rendered":"<figure id=\"attachment_91\" aria-describedby=\"caption-attachment-91\" style=\"width: 680px\" class=\"wp-caption alignnone\"><a href=\"https:\/\/m-q.ch\/wp-content\/uploads\/2016\/12\/Die-Sieger-des-ESPRIX-Swiss-Award-for-Excellence-2016-management-und-qualitaet.jpg\"><img loading=\"lazy\" decoding=\"async\" class=\"wp-image-91 size-medium\" src=\"https:\/\/www.m-q.ch\/wp-content\/uploads\/2016\/12\/Die-Sieger-des-ESPRIX-Swiss-Award-for-Excellence-2016-management-und-qualitaet-680x477.jpg\" width=\"680\" height=\"477\" srcset=\"https:\/\/www.m-q.ch\/wp-content\/uploads\/2016\/12\/Die-Sieger-des-ESPRIX-Swiss-Award-for-Excellence-2016-management-und-qualitaet-680x477.jpg 680w, https:\/\/www.m-q.ch\/wp-content\/uploads\/2016\/12\/Die-Sieger-des-ESPRIX-Swiss-Award-for-Excellence-2016-management-und-qualitaet-768x539.jpg 768w, https:\/\/www.m-q.ch\/wp-content\/uploads\/2016\/12\/Die-Sieger-des-ESPRIX-Swiss-Award-for-Excellence-2016-management-und-qualitaet-1536x1077.jpg 1536w, https:\/\/www.m-q.ch\/wp-content\/uploads\/2016\/12\/Die-Sieger-des-ESPRIX-Swiss-Award-for-Excellence-2016-management-und-qualitaet-2048x1437.jpg 2048w, https:\/\/www.m-q.ch\/wp-content\/uploads\/2016\/12\/Die-Sieger-des-ESPRIX-Swiss-Award-for-Excellence-2016-management-und-qualitaet-16x12.jpg 16w, https:\/\/www.m-q.ch\/wp-content\/uploads\/2016\/12\/Die-Sieger-des-ESPRIX-Swiss-Award-for-Excellence-2016-management-und-qualitaet-249x175.jpg 249w, https:\/\/www.m-q.ch\/wp-content\/uploads\/2016\/12\/Die-Sieger-des-ESPRIX-Swiss-Award-for-Excellence-2016-management-und-qualitaet-499x350.jpg 499w, https:\/\/www.m-q.ch\/wp-content\/uploads\/2016\/12\/Die-Sieger-des-ESPRIX-Swiss-Award-for-Excellence-2016-management-und-qualitaet-1141x800.jpg 1141w, https:\/\/www.m-q.ch\/wp-content\/uploads\/2016\/12\/Die-Sieger-des-ESPRIX-Swiss-Award-for-Excellence-2016-management-und-qualitaet-920x645.jpg 920w, https:\/\/www.m-q.ch\/wp-content\/uploads\/2016\/12\/Die-Sieger-des-ESPRIX-Swiss-Award-for-Excellence-2016-management-und-qualitaet-1400x982.jpg 1400w, https:\/\/www.m-q.ch\/wp-content\/uploads\/2016\/12\/Die-Sieger-des-ESPRIX-Swiss-Award-for-Excellence-2016-management-und-qualitaet-1996x1400.jpg 1996w, https:\/\/www.m-q.ch\/wp-content\/uploads\/2016\/12\/Die-Sieger-des-ESPRIX-Swiss-Award-for-Excellence-2016-management-und-qualitaet-300x210.jpg 300w, https:\/\/www.m-q.ch\/wp-content\/uploads\/2016\/12\/Die-Sieger-des-ESPRIX-Swiss-Award-for-Excellence-2016-management-und-qualitaet-1024x718.jpg 1024w, https:\/\/www.m-q.ch\/wp-content\/uploads\/2016\/12\/Die-Sieger-des-ESPRIX-Swiss-Award-for-Excellence-2016-management-und-qualitaet-624x438.jpg 624w\" sizes=\"auto, (max-width: 680px) 100vw, 680px\" \/><\/a><figcaption id=\"caption-attachment-91\" class=\"wp-caption-text\">Filiale BMW di Zurigo-Dielsdorf.<\/figcaption><\/figure>\n<p>\"Il premio ESPRIX \u00e8 un risultato significativo per tutti i dipendenti\", sottolinea l'amministratore delegato Reinhard Ahlborn.<\/p>\n<p>L'eccellenza della filiale BMW di Zurigo-Dielsdorf si basa su una strategia a lungo termine e su una chiara dichiarazione di missione. Questo quadro descrive ci\u00f2 che i dipendenti e i manager sono guidati per fornire un servizio per i veicoli premium al pi\u00f9 alto livello di qualit\u00e0 e in modo efficiente dal punto di vista dei costi. Non \u00e8 lasciato al caso se, quando e come i processi vengono migliorati.<\/p>\n<p>I cambiamenti sono gestiti sistematicamente e il loro successo \u00e8 misurato. Grazie a questo sforzo congiunto di manager e dipendenti, i compiti di oggi possono essere gestiti in modo cos\u00ec efficiente che le soluzioni per il futuro possono essere sviluppate allo stesso tempo. La gioia del vincitore di quest'anno, la filiale BMW di Zurigo-Dielsdorf, dimostra che \"la filosofia dell'eccellenza in cui viviamo funziona nel suo insieme, come una squadra.<\/p>\n<p><strong>Il premio ESPRIX<\/strong><\/p>\n<p>\"Il premio ESPRIX \u00e8 un risultato significativo per tutti i dipendenti\", elogia l'amministratore delegato Reinhard Ahlborn. \"Il premio \u00e8 un grande onore e dimostra che abbiamo un alto livello di innovazione nelle vendite. Una competenza di servizio su cui anche i nostri clienti possono contare\".<\/p>\n<p>Sulla loro strada verso l'eccellenza aziendale, tutte le aziende hanno preparato una domanda completa. Squadre di 5-7 valutatori ESPRIX - tutti manager ed esperti con esperienza pratica - mettono alla prova le aziende nominate. I dipendenti sono stati intervistati dai valutatori ESPRIX durante una \"visita in loco\" della durata di circa una settimana, sono state analizzate le cifre chiave dell'azienda e i risultati sono stati confrontati con i risultati dei documenti di candidatura.<\/p>\n<p>La valutazione si basa sui fondamenti del modello di eccellenza EFQM della European Foundation for Quality Management (EFQM) e aiuta le aziende e le organizzazioni a migliorare in modo sostenibile e continuo.<\/p>\n<p>Per saperne di pi\u00f9 sul premio ESPRIX <a href=\"http:\/\/www.esprix.ch\" target=\"_blank\" data-cke-saved-href=\"http:\/\/www.esprix.ch\">www.esprix.ch<\/a><\/p>\n<p><strong>Impressioni dell'ESPRIX Swiss Award for Excellence<\/strong><\/p>\n<div id='gallery-1' class='gallery galleryid-347 gallery-columns-3 gallery-size-thumbnail'><figure class='gallery-item'>\n\t\t\t<div class='gallery-icon landscape'>\n\t\t\t\t<a href='https:\/\/www.m-q.ch\/it\/die-sieger-des-esprix-swiss-award-for-excellence-2016-6-management-und-qualitaet\/'><img loading=\"lazy\" decoding=\"async\" width=\"96\" height=\"96\" src=\"https:\/\/www.m-q.ch\/wp-content\/uploads\/2016\/12\/Die-Sieger-des-ESPRIX-Swiss-Award-for-Excellence-2016-6-management-und-qualitaet-220x220.jpg\" class=\"attachment-thumbnail size-thumbnail\" alt=\"\" srcset=\"https:\/\/www.m-q.ch\/wp-content\/uploads\/2016\/12\/Die-Sieger-des-ESPRIX-Swiss-Award-for-Excellence-2016-6-management-und-qualitaet-220x220.jpg 220w, https:\/\/www.m-q.ch\/wp-content\/uploads\/2016\/12\/Die-Sieger-des-ESPRIX-Swiss-Award-for-Excellence-2016-6-management-und-qualitaet-250x250.jpg 250w, https:\/\/www.m-q.ch\/wp-content\/uploads\/2016\/12\/Die-Sieger-des-ESPRIX-Swiss-Award-for-Excellence-2016-6-management-und-qualitaet-150x150.jpg 150w, https:\/\/www.m-q.ch\/wp-content\/uploads\/2016\/12\/Die-Sieger-des-ESPRIX-Swiss-Award-for-Excellence-2016-6-management-und-qualitaet-100x100.jpg 100w\" sizes=\"auto, (max-width: 96px) 100vw, 96px\" \/><\/a>\n\t\t\t<\/div><\/figure><figure class='gallery-item'>\n\t\t\t<div class='gallery-icon landscape'>\n\t\t\t\t<a href='https:\/\/www.m-q.ch\/it\/die-sieger-des-esprix-swiss-award-for-excellence-2016-5-management-und-qualitaet\/'><img loading=\"lazy\" decoding=\"async\" width=\"96\" height=\"96\" src=\"https:\/\/www.m-q.ch\/wp-content\/uploads\/2016\/12\/Die-Sieger-des-ESPRIX-Swiss-Award-for-Excellence-2016-5-management-und-qualitaet-220x220.jpg\" class=\"attachment-thumbnail size-thumbnail\" alt=\"\" srcset=\"https:\/\/www.m-q.ch\/wp-content\/uploads\/2016\/12\/Die-Sieger-des-ESPRIX-Swiss-Award-for-Excellence-2016-5-management-und-qualitaet-220x220.jpg 220w, https:\/\/www.m-q.ch\/wp-content\/uploads\/2016\/12\/Die-Sieger-des-ESPRIX-Swiss-Award-for-Excellence-2016-5-management-und-qualitaet-250x250.jpg 250w, https:\/\/www.m-q.ch\/wp-content\/uploads\/2016\/12\/Die-Sieger-des-ESPRIX-Swiss-Award-for-Excellence-2016-5-management-und-qualitaet-150x150.jpg 150w, https:\/\/www.m-q.ch\/wp-content\/uploads\/2016\/12\/Die-Sieger-des-ESPRIX-Swiss-Award-for-Excellence-2016-5-management-und-qualitaet-100x100.jpg 100w\" sizes=\"auto, (max-width: 96px) 100vw, 96px\" \/><\/a>\n\t\t\t<\/div><\/figure><figure class='gallery-item'>\n\t\t\t<div class='gallery-icon landscape'>\n\t\t\t\t<a href='https:\/\/www.m-q.ch\/it\/die-sieger-des-esprix-swiss-award-for-excellence-2016-4-management-und-qualitaet\/'><img loading=\"lazy\" decoding=\"async\" width=\"96\" height=\"96\" src=\"https:\/\/www.m-q.ch\/wp-content\/uploads\/2016\/12\/Die-Sieger-des-ESPRIX-Swiss-Award-for-Excellence-2016-4-management-und-qualitaet-220x220.jpg\" class=\"attachment-thumbnail size-thumbnail\" alt=\"\" srcset=\"https:\/\/www.m-q.ch\/wp-content\/uploads\/2016\/12\/Die-Sieger-des-ESPRIX-Swiss-Award-for-Excellence-2016-4-management-und-qualitaet-220x220.jpg 220w, https:\/\/www.m-q.ch\/wp-content\/uploads\/2016\/12\/Die-Sieger-des-ESPRIX-Swiss-Award-for-Excellence-2016-4-management-und-qualitaet-250x250.jpg 250w, https:\/\/www.m-q.ch\/wp-content\/uploads\/2016\/12\/Die-Sieger-des-ESPRIX-Swiss-Award-for-Excellence-2016-4-management-und-qualitaet-150x150.jpg 150w, https:\/\/www.m-q.ch\/wp-content\/uploads\/2016\/12\/Die-Sieger-des-ESPRIX-Swiss-Award-for-Excellence-2016-4-management-und-qualitaet-100x100.jpg 100w\" sizes=\"auto, (max-width: 96px) 100vw, 96px\" \/><\/a>\n\t\t\t<\/div><\/figure><figure class='gallery-item'>\n\t\t\t<div class='gallery-icon landscape'>\n\t\t\t\t<a href='https:\/\/www.m-q.ch\/it\/die-sieger-des-esprix-swiss-award-for-excellence-2016-3-management-und-qualitaet\/'><img loading=\"lazy\" decoding=\"async\" width=\"96\" height=\"96\" src=\"https:\/\/www.m-q.ch\/wp-content\/uploads\/2016\/12\/Die-Sieger-des-ESPRIX-Swiss-Award-for-Excellence-2016-3-management-und-qualitaet-220x220.jpg\" class=\"attachment-thumbnail size-thumbnail\" alt=\"\" srcset=\"https:\/\/www.m-q.ch\/wp-content\/uploads\/2016\/12\/Die-Sieger-des-ESPRIX-Swiss-Award-for-Excellence-2016-3-management-und-qualitaet-220x220.jpg 220w, https:\/\/www.m-q.ch\/wp-content\/uploads\/2016\/12\/Die-Sieger-des-ESPRIX-Swiss-Award-for-Excellence-2016-3-management-und-qualitaet-250x250.jpg 250w, https:\/\/www.m-q.ch\/wp-content\/uploads\/2016\/12\/Die-Sieger-des-ESPRIX-Swiss-Award-for-Excellence-2016-3-management-und-qualitaet-150x150.jpg 150w, https:\/\/www.m-q.ch\/wp-content\/uploads\/2016\/12\/Die-Sieger-des-ESPRIX-Swiss-Award-for-Excellence-2016-3-management-und-qualitaet-100x100.jpg 100w\" sizes=\"auto, (max-width: 96px) 100vw, 96px\" \/><\/a>\n\t\t\t<\/div><\/figure><figure class='gallery-item'>\n\t\t\t<div class='gallery-icon landscape'>\n\t\t\t\t<a href='https:\/\/www.m-q.ch\/it\/die-sieger-des-esprix-swiss-award-for-excellence-2016-2-management-und-qualitaet\/'><img loading=\"lazy\" decoding=\"async\" width=\"96\" height=\"96\" src=\"https:\/\/www.m-q.ch\/wp-content\/uploads\/2016\/12\/Die-Sieger-des-ESPRIX-Swiss-Award-for-Excellence-2016-2-management-und-qualitaet-220x220.jpg\" class=\"attachment-thumbnail size-thumbnail\" alt=\"\" srcset=\"https:\/\/www.m-q.ch\/wp-content\/uploads\/2016\/12\/Die-Sieger-des-ESPRIX-Swiss-Award-for-Excellence-2016-2-management-und-qualitaet-220x220.jpg 220w, https:\/\/www.m-q.ch\/wp-content\/uploads\/2016\/12\/Die-Sieger-des-ESPRIX-Swiss-Award-for-Excellence-2016-2-management-und-qualitaet-250x250.jpg 250w, https:\/\/www.m-q.ch\/wp-content\/uploads\/2016\/12\/Die-Sieger-des-ESPRIX-Swiss-Award-for-Excellence-2016-2-management-und-qualitaet-150x150.jpg 150w, https:\/\/www.m-q.ch\/wp-content\/uploads\/2016\/12\/Die-Sieger-des-ESPRIX-Swiss-Award-for-Excellence-2016-2-management-und-qualitaet-100x100.jpg 100w\" sizes=\"auto, (max-width: 96px) 100vw, 96px\" \/><\/a>\n\t\t\t<\/div><\/figure>\n\t\t<\/div>","protected":false},"excerpt":{"rendered":"<p>&#8222;Der ESPRIX Award ist ein bedeutender Leistungsausweis f\u00fcr alle Mitarbeiterinnen und Mitarbeiter&#8220;, unsterstreicht Gesch\u00e4ftsf\u00fchrer Reinhard Ahlborn. Die Exzellenz der BMW Niederlassung Z\u00fcrich-Dielsdorf basiert auf einer langfristigen Strategie und einem klaren Leitbild. Dieser Rahmen beschreibt, woran sich Mitarbeiter und F\u00fchrungskr\u00e4fte orientieren, um Service f\u00fcr Premium-Fahrzeuge auf h\u00f6chstem Qualit\u00e4tsniveau und kosteneffizient zu leisten. Dabei wird es nicht [&hellip;]<\/p>\n","protected":false},"author":1,"featured_media":91,"comment_status":"open","ping_status":"open","sticky":false,"template":"","format":"standard","meta":{"_acf_changed":false,"footnotes":""},"categories":[1],"tags":[3359],"class_list":["post-347","post","type-post","status-publish","format-standard","has-post-thumbnail","hentry","category-unkategorisiert","tag-vereineverbaendeinstitutionen"],"acf":[],"yoast_head":"<!-- This site is optimized with the Yoast SEO plugin v26.2 - https:\/\/yoast.com\/wordpress\/plugins\/seo\/ -->\n<title>Die Sieger des ESPRIX Swiss Award for Excellence 2016 - MQ Management und Qualit\u00e4t<\/title>\n<meta name=\"description\" content=\"Die BMW Niederlassung Z\u00fcrich-Dielsdorf wird mit dem &quot;ESPRIX Swiss Award for Excellence 2016&quot; ausgezeichnet.\" \/>\n<meta name=\"robots\" content=\"index, follow, max-snippet:-1, max-image-preview:large, max-video-preview:-1\" \/>\n<link rel=\"canonical\" href=\"https:\/\/www.m-q.ch\/it\/i-vincitori-di-esprix-swiss-award-per-eccellenza-2016\/\" \/>\n<meta property=\"og:locale\" content=\"it_IT\" \/>\n<meta property=\"og:type\" content=\"article\" \/>\n<meta property=\"og:title\" content=\"Die Sieger des ESPRIX Swiss Award for Excellence 2016 - MQ Management und Qualit\u00e4t\" \/>\n<meta property=\"og:description\" content=\"Die BMW Niederlassung Z\u00fcrich-Dielsdorf wird mit dem &quot;ESPRIX Swiss Award for Excellence 2016&quot; ausgezeichnet.\" \/>\n<meta property=\"og:url\" content=\"https:\/\/www.m-q.ch\/it\/i-vincitori-di-esprix-swiss-award-per-eccellenza-2016\/\" \/>\n<meta property=\"og:site_name\" content=\"MQ Management und Qualit\u00e4t\" \/>\n<meta property=\"article:publisher\" content=\"https:\/\/www.facebook.com\/ManagementUndQualitaet\" \/>\n<meta property=\"article:published_time\" content=\"2016-03-11T09:47:42+00:00\" \/>\n<meta property=\"article:modified_time\" content=\"2017-03-01T14:05:56+00:00\" \/>\n<meta property=\"og:image\" content=\"https:\/\/www.m-q.ch\/wp-content\/uploads\/2016\/12\/Die-Sieger-des-ESPRIX-Swiss-Award-for-Excellence-2016-management-und-qualitaet-scaled.jpg\" \/>\n\t<meta property=\"og:image:width\" content=\"2560\" \/>\n\t<meta property=\"og:image:height\" content=\"1796\" \/>\n\t<meta property=\"og:image:type\" content=\"image\/jpeg\" \/>\n<meta name=\"author\" content=\"galledia\" \/>\n<meta name=\"twitter:card\" content=\"summary_large_image\" \/>\n<meta name=\"twitter:label1\" content=\"Scritto da\" \/>\n\t<meta name=\"twitter:data1\" content=\"galledia\" \/>\n\t<meta name=\"twitter:label2\" content=\"Tempo di lettura stimato\" \/>\n\t<meta name=\"twitter:data2\" content=\"2 minuti\" \/>\n<script type=\"application\/ld+json\" class=\"yoast-schema-graph\">{\"@context\":\"https:\/\/schema.org\",\"@graph\":[{\"@type\":\"Article\",\"@id\":\"https:\/\/www.m-q.ch\/fr\/les-laureats-du-prix-suisse-de-lexcellence-2016\/#article\",\"isPartOf\":{\"@id\":\"https:\/\/www.m-q.ch\/fr\/les-laureats-du-prix-suisse-de-lexcellence-2016\/\"},\"author\":{\"name\":\"galledia\",\"@id\":\"https:\/\/www.m-q.ch\/fr\/#\/schema\/person\/c0139a2c55a374db6df2cde78ec87148\"},\"headline\":\"Die Sieger des ESPRIX Swiss Award for Excellence 2016\",\"datePublished\":\"2016-03-11T09:47:42+00:00\",\"dateModified\":\"2017-03-01T14:05:56+00:00\",\"mainEntityOfPage\":{\"@id\":\"https:\/\/www.m-q.ch\/fr\/les-laureats-du-prix-suisse-de-lexcellence-2016\/\"},\"wordCount\":321,\"commentCount\":0,\"publisher\":{\"@id\":\"https:\/\/www.m-q.ch\/fr\/#organization\"},\"image\":{\"@id\":\"https:\/\/www.m-q.ch\/fr\/les-laureats-du-prix-suisse-de-lexcellence-2016\/#primaryimage\"},\"thumbnailUrl\":\"https:\/\/www.m-q.ch\/wp-content\/uploads\/2016\/12\/Die-Sieger-des-ESPRIX-Swiss-Award-for-Excellence-2016-management-und-qualitaet-scaled.jpg\",\"keywords\":[\"Vereine\/Verb\u00e4nde\/Institutionen\"],\"articleSection\":[\"Unkategorisiert\"],\"inLanguage\":\"it-IT\"},{\"@type\":\"WebPage\",\"@id\":\"https:\/\/www.m-q.ch\/fr\/les-laureats-du-prix-suisse-de-lexcellence-2016\/\",\"url\":\"https:\/\/www.m-q.ch\/fr\/les-laureats-du-prix-suisse-de-lexcellence-2016\/\",\"name\":\"Die Sieger des ESPRIX Swiss Award for Excellence 2016 - MQ Management und Qualit\u00e4t\",\"isPartOf\":{\"@id\":\"https:\/\/www.m-q.ch\/fr\/#website\"},\"primaryImageOfPage\":{\"@id\":\"https:\/\/www.m-q.ch\/fr\/les-laureats-du-prix-suisse-de-lexcellence-2016\/#primaryimage\"},\"image\":{\"@id\":\"https:\/\/www.m-q.ch\/fr\/les-laureats-du-prix-suisse-de-lexcellence-2016\/#primaryimage\"},\"thumbnailUrl\":\"https:\/\/www.m-q.ch\/wp-content\/uploads\/2016\/12\/Die-Sieger-des-ESPRIX-Swiss-Award-for-Excellence-2016-management-und-qualitaet-scaled.jpg\",\"datePublished\":\"2016-03-11T09:47:42+00:00\",\"dateModified\":\"2017-03-01T14:05:56+00:00\",\"description\":\"Die BMW Niederlassung Z\u00fcrich-Dielsdorf wird mit dem \\\"ESPRIX Swiss Award for Excellence 2016\\\" ausgezeichnet.\",\"breadcrumb\":{\"@id\":\"https:\/\/www.m-q.ch\/fr\/les-laureats-du-prix-suisse-de-lexcellence-2016\/#breadcrumb\"},\"inLanguage\":\"it-IT\",\"potentialAction\":[{\"@type\":\"ReadAction\",\"target\":[\"https:\/\/www.m-q.ch\/fr\/les-laureats-du-prix-suisse-de-lexcellence-2016\/\"]}]},{\"@type\":\"ImageObject\",\"inLanguage\":\"it-IT\",\"@id\":\"https:\/\/www.m-q.ch\/fr\/les-laureats-du-prix-suisse-de-lexcellence-2016\/#primaryimage\",\"url\":\"https:\/\/www.m-q.ch\/wp-content\/uploads\/2016\/12\/Die-Sieger-des-ESPRIX-Swiss-Award-for-Excellence-2016-management-und-qualitaet-scaled.jpg\",\"contentUrl\":\"https:\/\/www.m-q.ch\/wp-content\/uploads\/2016\/12\/Die-Sieger-des-ESPRIX-Swiss-Award-for-Excellence-2016-management-und-qualitaet-scaled.jpg\",\"width\":2560,\"height\":1796,\"caption\":\"BMW Niederlassung Z\u00fcrich-Dielsdorf.\"},{\"@type\":\"BreadcrumbList\",\"@id\":\"https:\/\/www.m-q.ch\/fr\/les-laureats-du-prix-suisse-de-lexcellence-2016\/#breadcrumb\",\"itemListElement\":[{\"@type\":\"ListItem\",\"position\":1,\"name\":\"Unkategorisiert\",\"item\":\"https:\/\/www.m-q.ch\/it\/categoria\/senza-categoria\/\"},{\"@type\":\"ListItem\",\"position\":2,\"name\":\"Die Sieger des ESPRIX Swiss Award for Excellence 2016\"}]},{\"@type\":\"WebSite\",\"@id\":\"https:\/\/www.m-q.ch\/fr\/#website\",\"url\":\"https:\/\/www.m-q.ch\/fr\/\",\"name\":\"MQ Management und Qualit\u00e4t\",\"description\":\"Plattform f\u00fcr integrierte Managementsysteme.\",\"publisher\":{\"@id\":\"https:\/\/www.m-q.ch\/fr\/#organization\"},\"potentialAction\":[{\"@type\":\"SearchAction\",\"target\":{\"@type\":\"EntryPoint\",\"urlTemplate\":\"https:\/\/www.m-q.ch\/fr\/?s={search_term_string}\"},\"query-input\":{\"@type\":\"PropertyValueSpecification\",\"valueRequired\":true,\"valueName\":\"search_term_string\"}}],\"inLanguage\":\"it-IT\"},{\"@type\":\"Organization\",\"@id\":\"https:\/\/www.m-q.ch\/fr\/#organization\",\"name\":\"Galledia Fachmedien AG\",\"url\":\"https:\/\/www.m-q.ch\/fr\/\",\"logo\":{\"@type\":\"ImageObject\",\"inLanguage\":\"it-IT\",\"@id\":\"https:\/\/www.m-q.ch\/fr\/#\/schema\/logo\/image\/\",\"url\":\"https:\/\/www.m-q.ch\/wp-content\/uploads\/2020\/12\/cropped-logo_small.png\",\"contentUrl\":\"https:\/\/www.m-q.ch\/wp-content\/uploads\/2020\/12\/cropped-logo_small.png\",\"width\":512,\"height\":512,\"caption\":\"Galledia Fachmedien AG\"},\"image\":{\"@id\":\"https:\/\/www.m-q.ch\/fr\/#\/schema\/logo\/image\/\"},\"sameAs\":[\"https:\/\/www.facebook.com\/ManagementUndQualitaet\",\"https:\/\/www.linkedin.com\/showcase\/17982321\/admin\/\"]},{\"@type\":\"Person\",\"@id\":\"https:\/\/www.m-q.ch\/fr\/#\/schema\/person\/c0139a2c55a374db6df2cde78ec87148\",\"name\":\"galledia\",\"image\":{\"@type\":\"ImageObject\",\"inLanguage\":\"it-IT\",\"@id\":\"https:\/\/www.m-q.ch\/fr\/#\/schema\/person\/image\/\",\"url\":\"https:\/\/secure.gravatar.com\/avatar\/66edf527eac29e9a5eb25bcada01f61a?s=96&d=mm&r=g\",\"contentUrl\":\"https:\/\/secure.gravatar.com\/avatar\/66edf527eac29e9a5eb25bcada01f61a?s=96&d=mm&r=g\",\"caption\":\"galledia\"},\"url\":\"https:\/\/www.m-q.ch\/it\/author\/galledia\/\"}]}<\/script>\n<!-- \/ Yoast SEO plugin. -->","yoast_head_json":{"title":"I vincitori dell'ESPRIX Swiss Award for Excellence 2016 - MQ Management and Quality","description":"La filiale BMW di Zurigo-Dielsdorf riceve l'\"ESPRIX Swiss Award for Excellence 2016\".","robots":{"index":"index","follow":"follow","max-snippet":"max-snippet:-1","max-image-preview":"max-image-preview:large","max-video-preview":"max-video-preview:-1"},"canonical":"https:\/\/www.m-q.ch\/it\/i-vincitori-di-esprix-swiss-award-per-eccellenza-2016\/","og_locale":"it_IT","og_type":"article","og_title":"Die Sieger des ESPRIX Swiss Award for Excellence 2016 - MQ Management und Qualit\u00e4t","og_description":"Die BMW Niederlassung Z\u00fcrich-Dielsdorf wird mit dem \"ESPRIX Swiss Award for Excellence 2016\" ausgezeichnet.","og_url":"https:\/\/www.m-q.ch\/it\/i-vincitori-di-esprix-swiss-award-per-eccellenza-2016\/","og_site_name":"MQ Management und Qualit\u00e4t","article_publisher":"https:\/\/www.facebook.com\/ManagementUndQualitaet","article_published_time":"2016-03-11T09:47:42+00:00","article_modified_time":"2017-03-01T14:05:56+00:00","og_image":[{"width":2560,"height":1796,"url":"https:\/\/www.m-q.ch\/wp-content\/uploads\/2016\/12\/Die-Sieger-des-ESPRIX-Swiss-Award-for-Excellence-2016-management-und-qualitaet-scaled.jpg","type":"image\/jpeg"}],"author":"galledia","twitter_card":"summary_large_image","twitter_misc":{"Scritto da":"galledia","Tempo di lettura stimato":"2 minuti"},"schema":{"@context":"https:\/\/schema.org","@graph":[{"@type":"Article","@id":"https:\/\/www.m-q.ch\/fr\/les-laureats-du-prix-suisse-de-lexcellence-2016\/#article","isPartOf":{"@id":"https:\/\/www.m-q.ch\/fr\/les-laureats-du-prix-suisse-de-lexcellence-2016\/"},"author":{"name":"galledia","@id":"https:\/\/www.m-q.ch\/fr\/#\/schema\/person\/c0139a2c55a374db6df2cde78ec87148"},"headline":"Die Sieger des ESPRIX Swiss Award for Excellence 2016","datePublished":"2016-03-11T09:47:42+00:00","dateModified":"2017-03-01T14:05:56+00:00","mainEntityOfPage":{"@id":"https:\/\/www.m-q.ch\/fr\/les-laureats-du-prix-suisse-de-lexcellence-2016\/"},"wordCount":321,"commentCount":0,"publisher":{"@id":"https:\/\/www.m-q.ch\/fr\/#organization"},"image":{"@id":"https:\/\/www.m-q.ch\/fr\/les-laureats-du-prix-suisse-de-lexcellence-2016\/#primaryimage"},"thumbnailUrl":"https:\/\/www.m-q.ch\/wp-content\/uploads\/2016\/12\/Die-Sieger-des-ESPRIX-Swiss-Award-for-Excellence-2016-management-und-qualitaet-scaled.jpg","keywords":["Vereine\/Verb\u00e4nde\/Institutionen"],"articleSection":["Unkategorisiert"],"inLanguage":"it-IT"},{"@type":"WebPage","@id":"https:\/\/www.m-q.ch\/fr\/les-laureats-du-prix-suisse-de-lexcellence-2016\/","url":"https:\/\/www.m-q.ch\/fr\/les-laureats-du-prix-suisse-de-lexcellence-2016\/","name":"I vincitori dell'ESPRIX Swiss Award for Excellence 2016 - MQ Management and Quality","isPartOf":{"@id":"https:\/\/www.m-q.ch\/fr\/#website"},"primaryImageOfPage":{"@id":"https:\/\/www.m-q.ch\/fr\/les-laureats-du-prix-suisse-de-lexcellence-2016\/#primaryimage"},"image":{"@id":"https:\/\/www.m-q.ch\/fr\/les-laureats-du-prix-suisse-de-lexcellence-2016\/#primaryimage"},"thumbnailUrl":"https:\/\/www.m-q.ch\/wp-content\/uploads\/2016\/12\/Die-Sieger-des-ESPRIX-Swiss-Award-for-Excellence-2016-management-und-qualitaet-scaled.jpg","datePublished":"2016-03-11T09:47:42+00:00","dateModified":"2017-03-01T14:05:56+00:00","description":"La filiale BMW di Zurigo-Dielsdorf riceve l'\"ESPRIX Swiss Award for Excellence 2016\".","breadcrumb":{"@id":"https:\/\/www.m-q.ch\/fr\/les-laureats-du-prix-suisse-de-lexcellence-2016\/#breadcrumb"},"inLanguage":"it-IT","potentialAction":[{"@type":"ReadAction","target":["https:\/\/www.m-q.ch\/fr\/les-laureats-du-prix-suisse-de-lexcellence-2016\/"]}]},{"@type":"ImageObject","inLanguage":"it-IT","@id":"https:\/\/www.m-q.ch\/fr\/les-laureats-du-prix-suisse-de-lexcellence-2016\/#primaryimage","url":"https:\/\/www.m-q.ch\/wp-content\/uploads\/2016\/12\/Die-Sieger-des-ESPRIX-Swiss-Award-for-Excellence-2016-management-und-qualitaet-scaled.jpg","contentUrl":"https:\/\/www.m-q.ch\/wp-content\/uploads\/2016\/12\/Die-Sieger-des-ESPRIX-Swiss-Award-for-Excellence-2016-management-und-qualitaet-scaled.jpg","width":2560,"height":1796,"caption":"BMW Niederlassung Z\u00fcrich-Dielsdorf."},{"@type":"BreadcrumbList","@id":"https:\/\/www.m-q.ch\/fr\/les-laureats-du-prix-suisse-de-lexcellence-2016\/#breadcrumb","itemListElement":[{"@type":"ListItem","position":1,"name":"Unkategorisiert","item":"https:\/\/www.m-q.ch\/it\/categoria\/senza-categoria\/"},{"@type":"ListItem","position":2,"name":"Die Sieger des ESPRIX Swiss Award for Excellence 2016"}]},{"@type":"WebSite","@id":"https:\/\/www.m-q.ch\/fr\/#website","url":"https:\/\/www.m-q.ch\/fr\/","name":"Gestione e qualit\u00e0 MQ","description":"Piattaforma per sistemi di gestione integrati.","publisher":{"@id":"https:\/\/www.m-q.ch\/fr\/#organization"},"potentialAction":[{"@type":"SearchAction","target":{"@type":"EntryPoint","urlTemplate":"https:\/\/www.m-q.ch\/fr\/?s={search_term_string}"},"query-input":{"@type":"PropertyValueSpecification","valueRequired":true,"valueName":"search_term_string"}}],"inLanguage":"it-IT"},{"@type":"Organization","@id":"https:\/\/www.m-q.ch\/fr\/#organization","name":"Galledia Fachmedien AG","url":"https:\/\/www.m-q.ch\/fr\/","logo":{"@type":"ImageObject","inLanguage":"it-IT","@id":"https:\/\/www.m-q.ch\/fr\/#\/schema\/logo\/image\/","url":"https:\/\/www.m-q.ch\/wp-content\/uploads\/2020\/12\/cropped-logo_small.png","contentUrl":"https:\/\/www.m-q.ch\/wp-content\/uploads\/2020\/12\/cropped-logo_small.png","width":512,"height":512,"caption":"Galledia Fachmedien AG"},"image":{"@id":"https:\/\/www.m-q.ch\/fr\/#\/schema\/logo\/image\/"},"sameAs":["https:\/\/www.facebook.com\/ManagementUndQualitaet","https:\/\/www.linkedin.com\/showcase\/17982321\/admin\/"]},{"@type":"Person","@id":"https:\/\/www.m-q.ch\/fr\/#\/schema\/person\/c0139a2c55a374db6df2cde78ec87148","name":"galleria","image":{"@type":"ImageObject","inLanguage":"it-IT","@id":"https:\/\/www.m-q.ch\/fr\/#\/schema\/person\/image\/","url":"https:\/\/secure.gravatar.com\/avatar\/66edf527eac29e9a5eb25bcada01f61a?s=96&d=mm&r=g","contentUrl":"https:\/\/secure.gravatar.com\/avatar\/66edf527eac29e9a5eb25bcada01f61a?s=96&d=mm&r=g","caption":"galledia"},"url":"https:\/\/www.m-q.ch\/it\/author\/galledia\/"}]}},"_links":{"self":[{"href":"https:\/\/www.m-q.ch\/it\/wp-json\/wp\/v2\/posts\/347","targetHints":{"allow":["GET"]}}],"collection":[{"href":"https:\/\/www.m-q.ch\/it\/wp-json\/wp\/v2\/posts"}],"about":[{"href":"https:\/\/www.m-q.ch\/it\/wp-json\/wp\/v2\/types\/post"}],"author":[{"embeddable":true,"href":"https:\/\/www.m-q.ch\/it\/wp-json\/wp\/v2\/users\/1"}],"replies":[{"embeddable":true,"href":"https:\/\/www.m-q.ch\/it\/wp-json\/wp\/v2\/comments?post=347"}],"version-history":[{"count":2,"href":"https:\/\/www.m-q.ch\/it\/wp-json\/wp\/v2\/posts\/347\/revisions"}],"predecessor-version":[{"id":1176,"href":"https:\/\/www.m-q.ch\/it\/wp-json\/wp\/v2\/posts\/347\/revisions\/1176"}],"wp:featuredmedia":[{"embeddable":true,"href":"https:\/\/www.m-q.ch\/it\/wp-json\/wp\/v2\/media\/91"}],"wp:attachment":[{"href":"https:\/\/www.m-q.ch\/it\/wp-json\/wp\/v2\/media?parent=347"}],"wp:term":[{"taxonomy":"category","embeddable":true,"href":"https:\/\/www.m-q.ch\/it\/wp-json\/wp\/v2\/categories?post=347"},{"taxonomy":"post_tag","embeddable":true,"href":"https:\/\/www.m-q.ch\/it\/wp-json\/wp\/v2\/tags?post=347"}],"curies":[{"name":"wp","href":"https:\/\/api.w.org\/{rel}","templated":true}]}}