{"id":359,"date":"2016-03-24T11:07:45","date_gmt":"2016-03-24T10:07:45","guid":{"rendered":"http:\/\/dev.m-q.ch\/?p=359"},"modified":"2017-03-01T14:58:48","modified_gmt":"2017-03-01T13:58:48","slug":"ondata-di-estorsioni-da-parte-del-collettivo-armada-in-svizzera","status":"publish","type":"post","link":"https:\/\/www.m-q.ch\/it\/erpressungswelle-durch-armada-collective-in-der-schweiz\/","title":{"rendered":"Ondata di estorsione del Collettivo Armada in Svizzera"},"content":{"rendered":"<figure id=\"attachment_108\" aria-describedby=\"caption-attachment-108\" style=\"width: 680px\" class=\"wp-caption alignnone\"><a href=\"https:\/\/m-q.ch\/wp-content\/uploads\/2016\/12\/Erpressungswelle-durch-Armada-Collective-in-der-Schweiz-management-und-qualitaet.jpg\"><img loading=\"lazy\" decoding=\"async\" class=\"wp-image-108 size-medium\" src=\"https:\/\/www.m-q.ch\/wp-content\/uploads\/2016\/12\/Erpressungswelle-durch-Armada-Collective-in-der-Schweiz-management-und-qualitaet-680x481.jpg\" width=\"680\" height=\"481\" srcset=\"https:\/\/www.m-q.ch\/wp-content\/uploads\/2016\/12\/Erpressungswelle-durch-Armada-Collective-in-der-Schweiz-management-und-qualitaet-680x481.jpg 680w, https:\/\/www.m-q.ch\/wp-content\/uploads\/2016\/12\/Erpressungswelle-durch-Armada-Collective-in-der-Schweiz-management-und-qualitaet-768x544.jpg 768w, https:\/\/www.m-q.ch\/wp-content\/uploads\/2016\/12\/Erpressungswelle-durch-Armada-Collective-in-der-Schweiz-management-und-qualitaet-16x12.jpg 16w, https:\/\/www.m-q.ch\/wp-content\/uploads\/2016\/12\/Erpressungswelle-durch-Armada-Collective-in-der-Schweiz-management-und-qualitaet-247x175.jpg 247w, https:\/\/www.m-q.ch\/wp-content\/uploads\/2016\/12\/Erpressungswelle-durch-Armada-Collective-in-der-Schweiz-management-und-qualitaet-495x350.jpg 495w, https:\/\/www.m-q.ch\/wp-content\/uploads\/2016\/12\/Erpressungswelle-durch-Armada-Collective-in-der-Schweiz-management-und-qualitaet-920x651.jpg 920w, https:\/\/www.m-q.ch\/wp-content\/uploads\/2016\/12\/Erpressungswelle-durch-Armada-Collective-in-der-Schweiz-management-und-qualitaet-300x212.jpg 300w, https:\/\/www.m-q.ch\/wp-content\/uploads\/2016\/12\/Erpressungswelle-durch-Armada-Collective-in-der-Schweiz-management-und-qualitaet-624x442.jpg 624w, https:\/\/www.m-q.ch\/wp-content\/uploads\/2016\/12\/Erpressungswelle-durch-Armada-Collective-in-der-Schweiz-management-und-qualitaet.jpg 1006w\" sizes=\"auto, (max-width: 680px) 100vw, 680px\" \/><\/a><figcaption id=\"caption-attachment-108\" class=\"wp-caption-text\">I due amministratori delegati di Link11 danno alla signora Merkel e al signor Schneider-Ammann una visione in tempo reale della minaccia posta all'economia e allo stato dagli attacchi DDoS. (Fonte Link11 GmbH)<\/figcaption><\/figure>\n<blockquote><p>Le aziende colpite dovrebbero agire rapidamente e con decisione per evitare danni maggiori.<\/p><\/blockquote>\n<p>Proprio come il signor Schneider-Ammann, ogni azienda dovrebbe prendere sul serio il pericolo rappresentato dagli attacchi DDoS. L'avvertimento del Computer Emergency Response Team del governo svizzero su nuovi attacchi di estorsione contro istituzioni finanziarie svizzere da parte della gang di estorsione DDoS Armada Collective \u00e8 stato pubblicato il 9 marzo 2016. Poco tempo dopo, lettere di estorsione hanno raggiunto anche le grandi societ\u00e0 di e-commerce, in cui Armada Collective ha chiesto una somma elevata di ora 25 Bitcoin, come aveva fatto in passato.<\/p>\n<p>Altrimenti, l'azienda verrebbe attaccata con un attacco DDoS di proporzioni gigantesche con fino a 1 Tbps e quindi completamente sparata fuori dalla rete. L'anno scorso, il fornitore di sicurezza informatica Link11, specializzato in protezione DDoS, ha gi\u00e0 riferito in dettaglio su Armada Collective e il suo approccio. Gli specialisti della protezione DDoS hanno pubblicato le analisi degli attacchi effettuati in un rapporto, dimostrando cos\u00ec l'urgenza di questo pericolo.<\/p>\n<p><strong>Attacchi in Svizzera<\/strong><\/p>\n<p>La nuova ondata di estorsioni coincide con le analisi del Link11 Security Operation Center secondo cui il numero di estorsioni DDoS da parte dei criminali informatici aumenter\u00e0 notevolmente nel 2016. Nel Link11 DDoS Report per la regione DACH, Link11 ha analizzato ed elaborato oltre 5.000 attacchi perpetrati alle aziende della regione DACH nel quarto trimestre del 2015. Il rapporto \u00e8 disponibile per il download a questo <a href=\"https:\/\/www.link11.de\/ddos-dach-report-q4-2015.html\" target=\"_blank\" data-cke-saved-href=\"https:\/\/www.link11.de\/ddos-dach-report-q4-2015.html\">Link<\/a>.<\/p>\n<p>Quasi contemporaneamente all'inizio di questa nuova ondata di estorsori, il presidente svizzero Johann Schneider-Ammann e il cancelliere Merkel hanno visitato lo stand di Link11 al CeBIT di quest'anno ad Hannover per informarsi sulla minaccia acuta rappresentata dai DDoS e sulle opzioni di protezione disponibili. Sul posto, lui e il cancelliere hanno ricevuto ciascuno una copia del rapporto DACH dai due direttori generali Jens-Philip Jung e Karsten Desler, che evidenzia anche gli attacchi alle imprese svizzere.<\/p>\n<p>Link11 ha creato un sito web informativo gratuito per le aziende colpite da estorsione DDoS. <a href=\"http:\/\/www.ddos-info.de\/meldung.html\" target=\"_blank\" data-cke-saved-href=\"http:\/\/www.ddos-info.de\/meldung.html\">Qui<\/a> possono registrarsi per ricevere avvisi via e-mail dalla rete di sensori per ricevere in anticipo avvisi di pericolo imminente. Possono quindi prendere misure protettive tempestive per salvaguardare la disponibilit\u00e0 della loro infrastruttura. Dalla loro pratica quotidiana, Link11 e le autorit\u00e0 consigliano alle aziende ricattate di prendere sul serio la situazione.<\/p>\n<p>Le aziende colpite dovrebbero agire rapidamente e con decisione per evitare danni maggiori. Dopo tutto, come hanno gi\u00e0 dimostrato numerose vittime, questa \u00e8 una seria minaccia economica per le aziende.<\/p>","protected":false},"excerpt":{"rendered":"<p>Betroffene Unternehmen sollen schnell und entschlossen handeln, um gr\u00f6ssere Sch\u00e4den zu vermeiden. So wie Herr Schneider-Ammann sollte auch jedes die Unternehmen die Gefahr durch DDoS-Angriffe ernst nehmen. Die Warnung des Swiss Governmental Computer Emergency Response Teams vor neuen Erpressungen von Schweizer Finanzinstituten durch die DDoS-Erpresserbande Armada Collective wurde am 9. M\u00e4rz 2016 ver\u00f6ffentlicht. Wenig sp\u00e4ter [&hellip;]<\/p>\n","protected":false},"author":1,"featured_media":108,"comment_status":"open","ping_status":"open","sticky":false,"template":"","format":"standard","meta":{"_acf_changed":false,"footnotes":""},"categories":[1],"tags":[3355],"class_list":["post-359","post","type-post","status-publish","format-standard","has-post-thumbnail","hentry","category-unkategorisiert","tag-cyber-crime"],"acf":[],"yoast_head":"<!-- This site is optimized with the Yoast SEO plugin v26.2 - https:\/\/yoast.com\/wordpress\/plugins\/seo\/ -->\n<title>Erpressungswelle durch Armada Collective in der Schweiz - MQ Management und Qualit\u00e4t<\/title>\n<meta name=\"description\" content=\"Erpressungswelle: Bundespr\u00e4sident Johann Schneider-Ammann informierte sich auf der CeBIT Link11 \u00fcber Schutzm\u00f6glichkeiten bei DDoS-Attacken.\" \/>\n<meta name=\"robots\" content=\"index, follow, max-snippet:-1, max-image-preview:large, max-video-preview:-1\" \/>\n<link rel=\"canonical\" href=\"https:\/\/www.m-q.ch\/it\/wave-of-extortion-by-armada-collective-in-switzerland\/\" \/>\n<meta property=\"og:locale\" content=\"it_IT\" \/>\n<meta property=\"og:type\" content=\"article\" \/>\n<meta property=\"og:title\" content=\"Erpressungswelle durch Armada Collective in der Schweiz - MQ Management und Qualit\u00e4t\" \/>\n<meta property=\"og:description\" content=\"Erpressungswelle: Bundespr\u00e4sident Johann Schneider-Ammann informierte sich auf der CeBIT Link11 \u00fcber Schutzm\u00f6glichkeiten bei DDoS-Attacken.\" \/>\n<meta property=\"og:url\" content=\"https:\/\/www.m-q.ch\/it\/wave-of-extortion-by-armada-collective-in-switzerland\/\" \/>\n<meta property=\"og:site_name\" content=\"MQ Management und Qualit\u00e4t\" \/>\n<meta property=\"article:publisher\" content=\"https:\/\/www.facebook.com\/ManagementUndQualitaet\" \/>\n<meta property=\"article:published_time\" content=\"2016-03-24T10:07:45+00:00\" \/>\n<meta property=\"article:modified_time\" content=\"2017-03-01T13:58:48+00:00\" \/>\n<meta property=\"og:image\" content=\"https:\/\/www.m-q.ch\/wp-content\/uploads\/2016\/12\/Erpressungswelle-durch-Armada-Collective-in-der-Schweiz-management-und-qualitaet.jpg\" \/>\n\t<meta property=\"og:image:width\" content=\"1006\" \/>\n\t<meta property=\"og:image:height\" content=\"712\" \/>\n\t<meta property=\"og:image:type\" content=\"image\/jpeg\" \/>\n<meta name=\"author\" content=\"galledia\" \/>\n<meta name=\"twitter:card\" content=\"summary_large_image\" \/>\n<meta name=\"twitter:label1\" content=\"Scritto da\" \/>\n\t<meta name=\"twitter:data1\" content=\"galledia\" \/>\n\t<meta name=\"twitter:label2\" content=\"Tempo di lettura stimato\" \/>\n\t<meta name=\"twitter:data2\" content=\"2 minuti\" \/>\n<script type=\"application\/ld+json\" class=\"yoast-schema-graph\">{\"@context\":\"https:\/\/schema.org\",\"@graph\":[{\"@type\":\"Article\",\"@id\":\"https:\/\/www.m-q.ch\/fr\/vague-dextorsion-par-larmada-collectif-en-suisse\/#article\",\"isPartOf\":{\"@id\":\"https:\/\/www.m-q.ch\/fr\/vague-dextorsion-par-larmada-collectif-en-suisse\/\"},\"author\":{\"name\":\"galledia\",\"@id\":\"https:\/\/www.m-q.ch\/fr\/#\/schema\/person\/c0139a2c55a374db6df2cde78ec87148\"},\"headline\":\"Erpressungswelle durch Armada Collective in der Schweiz\",\"datePublished\":\"2016-03-24T10:07:45+00:00\",\"dateModified\":\"2017-03-01T13:58:48+00:00\",\"mainEntityOfPage\":{\"@id\":\"https:\/\/www.m-q.ch\/fr\/vague-dextorsion-par-larmada-collectif-en-suisse\/\"},\"wordCount\":427,\"commentCount\":0,\"publisher\":{\"@id\":\"https:\/\/www.m-q.ch\/fr\/#organization\"},\"image\":{\"@id\":\"https:\/\/www.m-q.ch\/fr\/vague-dextorsion-par-larmada-collectif-en-suisse\/#primaryimage\"},\"thumbnailUrl\":\"https:\/\/www.m-q.ch\/wp-content\/uploads\/2016\/12\/Erpressungswelle-durch-Armada-Collective-in-der-Schweiz-management-und-qualitaet.jpg\",\"keywords\":[\"Cyber-Crime\"],\"articleSection\":[\"Unkategorisiert\"],\"inLanguage\":\"it-IT\"},{\"@type\":\"WebPage\",\"@id\":\"https:\/\/www.m-q.ch\/fr\/vague-dextorsion-par-larmada-collectif-en-suisse\/\",\"url\":\"https:\/\/www.m-q.ch\/fr\/vague-dextorsion-par-larmada-collectif-en-suisse\/\",\"name\":\"Erpressungswelle durch Armada Collective in der Schweiz - MQ Management und Qualit\u00e4t\",\"isPartOf\":{\"@id\":\"https:\/\/www.m-q.ch\/fr\/#website\"},\"primaryImageOfPage\":{\"@id\":\"https:\/\/www.m-q.ch\/fr\/vague-dextorsion-par-larmada-collectif-en-suisse\/#primaryimage\"},\"image\":{\"@id\":\"https:\/\/www.m-q.ch\/fr\/vague-dextorsion-par-larmada-collectif-en-suisse\/#primaryimage\"},\"thumbnailUrl\":\"https:\/\/www.m-q.ch\/wp-content\/uploads\/2016\/12\/Erpressungswelle-durch-Armada-Collective-in-der-Schweiz-management-und-qualitaet.jpg\",\"datePublished\":\"2016-03-24T10:07:45+00:00\",\"dateModified\":\"2017-03-01T13:58:48+00:00\",\"description\":\"Erpressungswelle: Bundespr\u00e4sident Johann Schneider-Ammann informierte sich auf der CeBIT Link11 \u00fcber Schutzm\u00f6glichkeiten bei DDoS-Attacken.\",\"breadcrumb\":{\"@id\":\"https:\/\/www.m-q.ch\/fr\/vague-dextorsion-par-larmada-collectif-en-suisse\/#breadcrumb\"},\"inLanguage\":\"it-IT\",\"potentialAction\":[{\"@type\":\"ReadAction\",\"target\":[\"https:\/\/www.m-q.ch\/fr\/vague-dextorsion-par-larmada-collectif-en-suisse\/\"]}]},{\"@type\":\"ImageObject\",\"inLanguage\":\"it-IT\",\"@id\":\"https:\/\/www.m-q.ch\/fr\/vague-dextorsion-par-larmada-collectif-en-suisse\/#primaryimage\",\"url\":\"https:\/\/www.m-q.ch\/wp-content\/uploads\/2016\/12\/Erpressungswelle-durch-Armada-Collective-in-der-Schweiz-management-und-qualitaet.jpg\",\"contentUrl\":\"https:\/\/www.m-q.ch\/wp-content\/uploads\/2016\/12\/Erpressungswelle-durch-Armada-Collective-in-der-Schweiz-management-und-qualitaet.jpg\",\"width\":1006,\"height\":712,\"caption\":\"Die beiden Gesch\u00e4ftsf\u00fchrer von Link11 geben Frau Merkel und Herrn Schneider-Ammann in Echtzeit Einblick in die Bedrohung der Wirtschaft und des Staates durch DDoS-Attacken. (Quelle Link11 GmbH)\"},{\"@type\":\"BreadcrumbList\",\"@id\":\"https:\/\/www.m-q.ch\/fr\/vague-dextorsion-par-larmada-collectif-en-suisse\/#breadcrumb\",\"itemListElement\":[{\"@type\":\"ListItem\",\"position\":1,\"name\":\"Unkategorisiert\",\"item\":\"https:\/\/www.m-q.ch\/it\/categoria\/senza-categoria\/\"},{\"@type\":\"ListItem\",\"position\":2,\"name\":\"Erpressungswelle durch Armada Collective in der Schweiz\"}]},{\"@type\":\"WebSite\",\"@id\":\"https:\/\/www.m-q.ch\/fr\/#website\",\"url\":\"https:\/\/www.m-q.ch\/fr\/\",\"name\":\"MQ Management und Qualit\u00e4t\",\"description\":\"Plattform f\u00fcr integrierte Managementsysteme.\",\"publisher\":{\"@id\":\"https:\/\/www.m-q.ch\/fr\/#organization\"},\"potentialAction\":[{\"@type\":\"SearchAction\",\"target\":{\"@type\":\"EntryPoint\",\"urlTemplate\":\"https:\/\/www.m-q.ch\/fr\/?s={search_term_string}\"},\"query-input\":{\"@type\":\"PropertyValueSpecification\",\"valueRequired\":true,\"valueName\":\"search_term_string\"}}],\"inLanguage\":\"it-IT\"},{\"@type\":\"Organization\",\"@id\":\"https:\/\/www.m-q.ch\/fr\/#organization\",\"name\":\"Galledia Fachmedien AG\",\"url\":\"https:\/\/www.m-q.ch\/fr\/\",\"logo\":{\"@type\":\"ImageObject\",\"inLanguage\":\"it-IT\",\"@id\":\"https:\/\/www.m-q.ch\/fr\/#\/schema\/logo\/image\/\",\"url\":\"https:\/\/www.m-q.ch\/wp-content\/uploads\/2020\/12\/cropped-logo_small.png\",\"contentUrl\":\"https:\/\/www.m-q.ch\/wp-content\/uploads\/2020\/12\/cropped-logo_small.png\",\"width\":512,\"height\":512,\"caption\":\"Galledia Fachmedien AG\"},\"image\":{\"@id\":\"https:\/\/www.m-q.ch\/fr\/#\/schema\/logo\/image\/\"},\"sameAs\":[\"https:\/\/www.facebook.com\/ManagementUndQualitaet\",\"https:\/\/www.linkedin.com\/showcase\/17982321\/admin\/\"]},{\"@type\":\"Person\",\"@id\":\"https:\/\/www.m-q.ch\/fr\/#\/schema\/person\/c0139a2c55a374db6df2cde78ec87148\",\"name\":\"galledia\",\"image\":{\"@type\":\"ImageObject\",\"inLanguage\":\"it-IT\",\"@id\":\"https:\/\/www.m-q.ch\/fr\/#\/schema\/person\/image\/\",\"url\":\"https:\/\/secure.gravatar.com\/avatar\/66edf527eac29e9a5eb25bcada01f61a?s=96&d=mm&r=g\",\"contentUrl\":\"https:\/\/secure.gravatar.com\/avatar\/66edf527eac29e9a5eb25bcada01f61a?s=96&d=mm&r=g\",\"caption\":\"galledia\"},\"url\":\"https:\/\/www.m-q.ch\/it\/author\/galledia\/\"}]}<\/script>\n<!-- \/ Yoast SEO plugin. -->","yoast_head_json":{"title":"Ondata di estorsioni del Collettivo Armada in Svizzera - MQ Management und Qualit\u00e4t","description":"Onda di ricatto: il presidente della Confederazione svizzera Johann Schneider-Ammann ha appreso le opzioni di protezione contro gli attacchi DDoS al CeBIT Link11.","robots":{"index":"index","follow":"follow","max-snippet":"max-snippet:-1","max-image-preview":"max-image-preview:large","max-video-preview":"max-video-preview:-1"},"canonical":"https:\/\/www.m-q.ch\/it\/wave-of-extortion-by-armada-collective-in-switzerland\/","og_locale":"it_IT","og_type":"article","og_title":"Erpressungswelle durch Armada Collective in der Schweiz - MQ Management und Qualit\u00e4t","og_description":"Erpressungswelle: Bundespr\u00e4sident Johann Schneider-Ammann informierte sich auf der CeBIT Link11 \u00fcber Schutzm\u00f6glichkeiten bei DDoS-Attacken.","og_url":"https:\/\/www.m-q.ch\/it\/wave-of-extortion-by-armada-collective-in-switzerland\/","og_site_name":"MQ Management und Qualit\u00e4t","article_publisher":"https:\/\/www.facebook.com\/ManagementUndQualitaet","article_published_time":"2016-03-24T10:07:45+00:00","article_modified_time":"2017-03-01T13:58:48+00:00","og_image":[{"width":1006,"height":712,"url":"https:\/\/www.m-q.ch\/wp-content\/uploads\/2016\/12\/Erpressungswelle-durch-Armada-Collective-in-der-Schweiz-management-und-qualitaet.jpg","type":"image\/jpeg"}],"author":"galledia","twitter_card":"summary_large_image","twitter_misc":{"Scritto da":"galledia","Tempo di lettura stimato":"2 minuti"},"schema":{"@context":"https:\/\/schema.org","@graph":[{"@type":"Article","@id":"https:\/\/www.m-q.ch\/fr\/vague-dextorsion-par-larmada-collectif-en-suisse\/#article","isPartOf":{"@id":"https:\/\/www.m-q.ch\/fr\/vague-dextorsion-par-larmada-collectif-en-suisse\/"},"author":{"name":"galledia","@id":"https:\/\/www.m-q.ch\/fr\/#\/schema\/person\/c0139a2c55a374db6df2cde78ec87148"},"headline":"Erpressungswelle durch Armada Collective in der Schweiz","datePublished":"2016-03-24T10:07:45+00:00","dateModified":"2017-03-01T13:58:48+00:00","mainEntityOfPage":{"@id":"https:\/\/www.m-q.ch\/fr\/vague-dextorsion-par-larmada-collectif-en-suisse\/"},"wordCount":427,"commentCount":0,"publisher":{"@id":"https:\/\/www.m-q.ch\/fr\/#organization"},"image":{"@id":"https:\/\/www.m-q.ch\/fr\/vague-dextorsion-par-larmada-collectif-en-suisse\/#primaryimage"},"thumbnailUrl":"https:\/\/www.m-q.ch\/wp-content\/uploads\/2016\/12\/Erpressungswelle-durch-Armada-Collective-in-der-Schweiz-management-und-qualitaet.jpg","keywords":["Cyber-Crime"],"articleSection":["Unkategorisiert"],"inLanguage":"it-IT"},{"@type":"WebPage","@id":"https:\/\/www.m-q.ch\/fr\/vague-dextorsion-par-larmada-collectif-en-suisse\/","url":"https:\/\/www.m-q.ch\/fr\/vague-dextorsion-par-larmada-collectif-en-suisse\/","name":"Ondata di estorsioni del Collettivo Armada in Svizzera - MQ Management und Qualit\u00e4t","isPartOf":{"@id":"https:\/\/www.m-q.ch\/fr\/#website"},"primaryImageOfPage":{"@id":"https:\/\/www.m-q.ch\/fr\/vague-dextorsion-par-larmada-collectif-en-suisse\/#primaryimage"},"image":{"@id":"https:\/\/www.m-q.ch\/fr\/vague-dextorsion-par-larmada-collectif-en-suisse\/#primaryimage"},"thumbnailUrl":"https:\/\/www.m-q.ch\/wp-content\/uploads\/2016\/12\/Erpressungswelle-durch-Armada-Collective-in-der-Schweiz-management-und-qualitaet.jpg","datePublished":"2016-03-24T10:07:45+00:00","dateModified":"2017-03-01T13:58:48+00:00","description":"Onda di ricatto: il presidente della Confederazione svizzera Johann Schneider-Ammann ha appreso le opzioni di protezione contro gli attacchi DDoS al CeBIT Link11.","breadcrumb":{"@id":"https:\/\/www.m-q.ch\/fr\/vague-dextorsion-par-larmada-collectif-en-suisse\/#breadcrumb"},"inLanguage":"it-IT","potentialAction":[{"@type":"ReadAction","target":["https:\/\/www.m-q.ch\/fr\/vague-dextorsion-par-larmada-collectif-en-suisse\/"]}]},{"@type":"ImageObject","inLanguage":"it-IT","@id":"https:\/\/www.m-q.ch\/fr\/vague-dextorsion-par-larmada-collectif-en-suisse\/#primaryimage","url":"https:\/\/www.m-q.ch\/wp-content\/uploads\/2016\/12\/Erpressungswelle-durch-Armada-Collective-in-der-Schweiz-management-und-qualitaet.jpg","contentUrl":"https:\/\/www.m-q.ch\/wp-content\/uploads\/2016\/12\/Erpressungswelle-durch-Armada-Collective-in-der-Schweiz-management-und-qualitaet.jpg","width":1006,"height":712,"caption":"Die beiden Gesch\u00e4ftsf\u00fchrer von Link11 geben Frau Merkel und Herrn Schneider-Ammann in Echtzeit Einblick in die Bedrohung der Wirtschaft und des Staates durch DDoS-Attacken. (Quelle Link11 GmbH)"},{"@type":"BreadcrumbList","@id":"https:\/\/www.m-q.ch\/fr\/vague-dextorsion-par-larmada-collectif-en-suisse\/#breadcrumb","itemListElement":[{"@type":"ListItem","position":1,"name":"Unkategorisiert","item":"https:\/\/www.m-q.ch\/it\/categoria\/senza-categoria\/"},{"@type":"ListItem","position":2,"name":"Erpressungswelle durch Armada Collective in der Schweiz"}]},{"@type":"WebSite","@id":"https:\/\/www.m-q.ch\/fr\/#website","url":"https:\/\/www.m-q.ch\/fr\/","name":"Gestione e qualit\u00e0 MQ","description":"Piattaforma per sistemi di gestione integrati.","publisher":{"@id":"https:\/\/www.m-q.ch\/fr\/#organization"},"potentialAction":[{"@type":"SearchAction","target":{"@type":"EntryPoint","urlTemplate":"https:\/\/www.m-q.ch\/fr\/?s={search_term_string}"},"query-input":{"@type":"PropertyValueSpecification","valueRequired":true,"valueName":"search_term_string"}}],"inLanguage":"it-IT"},{"@type":"Organization","@id":"https:\/\/www.m-q.ch\/fr\/#organization","name":"Galledia Fachmedien AG","url":"https:\/\/www.m-q.ch\/fr\/","logo":{"@type":"ImageObject","inLanguage":"it-IT","@id":"https:\/\/www.m-q.ch\/fr\/#\/schema\/logo\/image\/","url":"https:\/\/www.m-q.ch\/wp-content\/uploads\/2020\/12\/cropped-logo_small.png","contentUrl":"https:\/\/www.m-q.ch\/wp-content\/uploads\/2020\/12\/cropped-logo_small.png","width":512,"height":512,"caption":"Galledia Fachmedien AG"},"image":{"@id":"https:\/\/www.m-q.ch\/fr\/#\/schema\/logo\/image\/"},"sameAs":["https:\/\/www.facebook.com\/ManagementUndQualitaet","https:\/\/www.linkedin.com\/showcase\/17982321\/admin\/"]},{"@type":"Person","@id":"https:\/\/www.m-q.ch\/fr\/#\/schema\/person\/c0139a2c55a374db6df2cde78ec87148","name":"galleria","image":{"@type":"ImageObject","inLanguage":"it-IT","@id":"https:\/\/www.m-q.ch\/fr\/#\/schema\/person\/image\/","url":"https:\/\/secure.gravatar.com\/avatar\/66edf527eac29e9a5eb25bcada01f61a?s=96&d=mm&r=g","contentUrl":"https:\/\/secure.gravatar.com\/avatar\/66edf527eac29e9a5eb25bcada01f61a?s=96&d=mm&r=g","caption":"galledia"},"url":"https:\/\/www.m-q.ch\/it\/author\/galledia\/"}]}},"_links":{"self":[{"href":"https:\/\/www.m-q.ch\/it\/wp-json\/wp\/v2\/posts\/359","targetHints":{"allow":["GET"]}}],"collection":[{"href":"https:\/\/www.m-q.ch\/it\/wp-json\/wp\/v2\/posts"}],"about":[{"href":"https:\/\/www.m-q.ch\/it\/wp-json\/wp\/v2\/types\/post"}],"author":[{"embeddable":true,"href":"https:\/\/www.m-q.ch\/it\/wp-json\/wp\/v2\/users\/1"}],"replies":[{"embeddable":true,"href":"https:\/\/www.m-q.ch\/it\/wp-json\/wp\/v2\/comments?post=359"}],"version-history":[{"count":3,"href":"https:\/\/www.m-q.ch\/it\/wp-json\/wp\/v2\/posts\/359\/revisions"}],"predecessor-version":[{"id":1170,"href":"https:\/\/www.m-q.ch\/it\/wp-json\/wp\/v2\/posts\/359\/revisions\/1170"}],"wp:featuredmedia":[{"embeddable":true,"href":"https:\/\/www.m-q.ch\/it\/wp-json\/wp\/v2\/media\/108"}],"wp:attachment":[{"href":"https:\/\/www.m-q.ch\/it\/wp-json\/wp\/v2\/media?parent=359"}],"wp:term":[{"taxonomy":"category","embeddable":true,"href":"https:\/\/www.m-q.ch\/it\/wp-json\/wp\/v2\/categories?post=359"},{"taxonomy":"post_tag","embeddable":true,"href":"https:\/\/www.m-q.ch\/it\/wp-json\/wp\/v2\/tags?post=359"}],"curies":[{"name":"wp","href":"https:\/\/api.w.org\/{rel}","templated":true}]}}