{"id":3609,"date":"2019-10-14T15:48:25","date_gmt":"2019-10-14T13:48:25","guid":{"rendered":"https:\/\/www.m-q.ch\/?p=3609"},"modified":"2019-10-17T15:55:13","modified_gmt":"2019-10-17T13:55:13","slug":"due-nuovi-centri-di-trasferimento-tecnologico","status":"publish","type":"post","link":"https:\/\/www.m-q.ch\/it\/zwei-neue-technologietransferzentren\/","title":{"rendered":"Due nuovi centri di trasferimento tecnologico"},"content":{"rendered":"<figure id=\"attachment_3610\" aria-describedby=\"caption-attachment-3610\" style=\"width: 680px\" class=\"wp-caption alignnone\"><img loading=\"lazy\" decoding=\"async\" class=\"size-medium wp-image-3610\" src=\"https:\/\/www.m-q.ch\/wp-content\/uploads\/2019\/10\/Stopperbild-AM-TTC-680x382.jpg\" alt=\"\" width=\"680\" height=\"382\" srcset=\"https:\/\/www.m-q.ch\/wp-content\/uploads\/2019\/10\/Stopperbild-AM-TTC-680x382.jpg 680w, https:\/\/www.m-q.ch\/wp-content\/uploads\/2019\/10\/Stopperbild-AM-TTC-768x432.jpg 768w, https:\/\/www.m-q.ch\/wp-content\/uploads\/2019\/10\/Stopperbild-AM-TTC-16x9.jpg 16w, https:\/\/www.m-q.ch\/wp-content\/uploads\/2019\/10\/Stopperbild-AM-TTC-311x175.jpg 311w, https:\/\/www.m-q.ch\/wp-content\/uploads\/2019\/10\/Stopperbild-AM-TTC-623x350.jpg 623w, https:\/\/www.m-q.ch\/wp-content\/uploads\/2019\/10\/Stopperbild-AM-TTC-300x169.jpg 300w, https:\/\/www.m-q.ch\/wp-content\/uploads\/2019\/10\/Stopperbild-AM-TTC-624x351.jpg 624w, https:\/\/www.m-q.ch\/wp-content\/uploads\/2019\/10\/Stopperbild-AM-TTC.jpg 870w\" sizes=\"auto, (max-width: 680px) 100vw, 680px\" \/><figcaption id=\"caption-attachment-3610\" class=\"wp-caption-text\">Le tecnologie di produzione sono una chiave per mantenere la Svizzera come luogo di produzione moderno. (Immagine: Empa)<\/figcaption><\/figure>\n<div class=\"std-paragraph-block\">\n<div class=\"std-art-paragraph\">\n<p>Le universit\u00e0 e gli istituti di ricerca svizzeri occupano regolarmente le prime posizioni nelle classifiche internazionali della ricerca. La Svizzera \u00e8 anche tra le nazioni leader in termini di risultati della ricerca e dei brevetti che ne derivano. Eppure solo poche nuove tecnologie trovano la loro strada dai laboratori di ricerca locali all'applicazione industriale. Qui c'\u00e8 una lacuna.<\/p>\n<p>\u00c8 qui che entra in gioco l'iniziativa di creare una rete di centri di trasferimento tecnologico svizzeri, i cosiddetti \"Advanced Manufacturing Technology Transfer Centres\" (AM-TTC in breve). L'iniziativa fa parte del piano d'azione \"Digitalizzazione\" della Confederazione e mira a mantenere a lungo termine la Svizzera come luogo di produzione moderno e di qualit\u00e0.<\/p>\n<p>\u00c8 sostenuto nella fase di avvio con un finanziamento del Consiglio dei PF. L'iniziativa mira a stabilire infrastrutture in Svizzera che aiutino a rendere le tecnologie sviluppate in laboratorio adatte all'uso industriale pi\u00f9 rapidamente. I centri danno alle aziende - soprattutto alle PMI svizzere - un migliore accesso alle nuove tecnologie. Le aziende possono testare le tecnologie nei centri e poi trasferirle alla propria produzione con l'aiuto dei centri.<\/p>\n<\/div>\n<\/div>\n<p><strong>Finanziamento di due centri tecnologici in fase di avvio 2019\/2020<\/strong><\/p>\n<div class=\"std-art-paragraph\">\n<p>Alla fine di settembre, il consiglio dell'AM-TTC Alliance, l'organizzazione ombrello dell'iniziativa, ha deciso in un ampio processo di selezione di finanziare inizialmente due centri di trasferimento tecnologico con un totale di 4,8 milioni di CHF nella fase di avvio 2019 \/ 2020 tra i nove centri che hanno fatto domanda di finanziamento nell'aprile 2019. Inoltre, il consiglio raccomander\u00e0 alla SEFRI che questi due centri siano finanziati come istituzioni di ricerca di importanza nazionale dal 2021 al 2024.<\/p>\n<p>Il centro\u00a0<a href=\"https:\/\/www.anaxam.ch\/\" target=\"_blank\" rel=\"noopener\">ANAXAM<\/a>realizzato dall'Istituto Paul Scherrer (PSI), dalla Scuola universitaria professionale della Svizzera nordoccidentale (FHNW), dall'Istituto svizzero di nanoscienze (SNI) e dal Cantone di Argovia insieme a 14 partner industriali finora, offrir\u00e0 in futuro alle imprese industriali svizzere l'accesso alle tecnologie pi\u00f9 avanzate per l'analisi e la caratterizzazione dei materiali. In questo modo, il centro si basa sull'esperienza riconosciuta a livello mondiale del PSI nell'analisi dei neutroni e dei raggi X.<\/p>\n<p>L'accesso a queste tecnologie aiuter\u00e0 le aziende svizzere a sviluppare prodotti e processi nuovi, altamente innovativi e competitivi. ANAXAM non \u00e8 solo di grande importanza per la Svizzera come business location, ma anche per il cantone di Argovia con il suo caratteristico settore industriale.<\/p>\n<p>Il secondo centro finanziato nella fase di avvio \u00e8 lo Swiss m4m Center. La missione di questo centro \u00e8 di stabilire la stampa 3D per la produzione di impianti medici in metallo in Svizzera e anche di dare alle PMI dell'industria medtech svizzera l'accesso a questa tecnologia innovativa.<\/p>\n<p>Lo Swiss m4m Center, fondato in una \"struttura di partenariato pubblico-privato\" dall'Empa e dalla Scuola universitaria professionale della Svizzera italiana (SUPSI) nonch\u00e9 dalle imprese industriali 41medical e Precipart, inizier\u00e0 le sue attivit\u00e0 nel cuore dell'industria medtech svizzera a Bettlach, Soletta. Grazie alla stretta collaborazione con i partner di diversi cantoni, tuttavia, il centro avr\u00e0 un impatto ben oltre questa localit\u00e0 in tutta la Svizzera.<\/p>\n<\/div>\n<p>Organizzazione ombrello \"AM-TTC-Allianza<\/p>\n<div class=\"std-art-paragraph\">\n<p>Il 4 febbraio 2019, 22 istituti di ricerca svizzeri e aziende industriali hanno fondato all'Empa di D\u00fcbendorf la \"AM-TTC Alliance\", l'associazione mantello di questi centri di trasferimento tecnologico. Tra i membri ci sono istituzioni del settore ETH, le universit\u00e0 di scienze applicate e altri istituti di ricerca, aziende industriali come ABB, BASF, B\u00fchler, Georg Fischer, Hilti, Oerlikon, Rolex, Richemont e Siemens, nonch\u00e9 l'associazione industriale Swissmem.<\/p>\n<p><a href=\"https:\/\/www.anaxam.ch\/\">www.anaxam.ch<\/a><\/p>\n<\/div>\n<p>&nbsp;<\/p>\n<p>&nbsp;<\/p>","protected":false},"excerpt":{"rendered":"<p>Schweizer Hochschulen und Forschungseinrichtungen belegen in internationalen Forschungsrankings regelm\u00e4ssig Spitzenpositionen. Auch bei den Forschungsergebnissen und den daraus resultierenden Patenten geh\u00f6rt die Schweiz zu den f\u00fchrenden Nationen. Und dennoch finden nur wenige neue Technologien ihren Weg aus den hiesigen Forschungslaboren in die industrielle Anwendung. Hier klafft eine L\u00fccke. Hier setzt die Initiative zum Aufbau eines Verbunds [&hellip;]<\/p>\n","protected":false},"author":35,"featured_media":3610,"comment_status":"open","ping_status":"open","sticky":false,"template":"","format":"standard","meta":{"_acf_changed":false,"footnotes":""},"categories":[1],"tags":[4145,4144,3743,3490,4143,4142],"class_list":["post-3609","post","type-post","status-publish","format-standard","has-post-thumbnail","hentry","category-unkategorisiert","tag-bund","tag-foerdergelder","tag-forschung","tag-schweiz","tag-technologiezentren","tag-transfer"],"acf":[],"yoast_head":"<!-- This site is optimized with the Yoast SEO plugin v26.2 - https:\/\/yoast.com\/wordpress\/plugins\/seo\/ -->\n<title>Zwei neue Technologietransferzentren - MQ Management und Qualit\u00e4t<\/title>\n<meta name=\"description\" content=\"Der Dachverband zum Aufbau von Technologietransferzentren im Bereich fortschrittlicher Fertigungstechnologien etabliert zwei neue Zentren.\" \/>\n<meta name=\"robots\" content=\"index, follow, max-snippet:-1, max-image-preview:large, max-video-preview:-1\" \/>\n<link rel=\"canonical\" href=\"https:\/\/www.m-q.ch\/it\/due-nuovi-centri-di-trasferimento-tecnologico\/\" \/>\n<meta property=\"og:locale\" content=\"it_IT\" \/>\n<meta property=\"og:type\" content=\"article\" \/>\n<meta property=\"og:title\" content=\"Zwei neue Technologietransferzentren - MQ Management und Qualit\u00e4t\" \/>\n<meta property=\"og:description\" content=\"Der Dachverband zum Aufbau von Technologietransferzentren im Bereich fortschrittlicher Fertigungstechnologien etabliert zwei neue Zentren.\" \/>\n<meta property=\"og:url\" content=\"https:\/\/www.m-q.ch\/it\/due-nuovi-centri-di-trasferimento-tecnologico\/\" \/>\n<meta property=\"og:site_name\" content=\"MQ Management und Qualit\u00e4t\" \/>\n<meta property=\"article:publisher\" content=\"https:\/\/www.facebook.com\/ManagementUndQualitaet\" \/>\n<meta property=\"article:published_time\" content=\"2019-10-14T13:48:25+00:00\" \/>\n<meta property=\"article:modified_time\" content=\"2019-10-17T13:55:13+00:00\" \/>\n<meta property=\"og:image\" content=\"https:\/\/www.m-q.ch\/wp-content\/uploads\/2019\/10\/Stopperbild-AM-TTC.jpg\" \/>\n\t<meta property=\"og:image:width\" content=\"870\" \/>\n\t<meta property=\"og:image:height\" content=\"489\" \/>\n\t<meta property=\"og:image:type\" content=\"image\/jpeg\" \/>\n<meta name=\"author\" content=\"Roger Str\u00e4ssle\" \/>\n<meta name=\"twitter:card\" content=\"summary_large_image\" \/>\n<meta name=\"twitter:label1\" content=\"Scritto da\" \/>\n\t<meta name=\"twitter:data1\" content=\"Roger Str\u00e4ssle\" \/>\n\t<meta name=\"twitter:label2\" content=\"Tempo di lettura stimato\" \/>\n\t<meta name=\"twitter:data2\" content=\"3 minuti\" \/>\n<script type=\"application\/ld+json\" class=\"yoast-schema-graph\">{\"@context\":\"https:\/\/schema.org\",\"@graph\":[{\"@type\":\"Article\",\"@id\":\"https:\/\/www.m-q.ch\/de\/zwei-neue-technologietransferzentren\/#article\",\"isPartOf\":{\"@id\":\"https:\/\/www.m-q.ch\/de\/zwei-neue-technologietransferzentren\/\"},\"author\":{\"name\":\"Roger Str\u00e4ssle\",\"@id\":\"https:\/\/www.m-q.ch\/fr\/#\/schema\/person\/47d540e081acd98ccbeb69b55df653d7\"},\"headline\":\"Zwei neue Technologietransferzentren\",\"datePublished\":\"2019-10-14T13:48:25+00:00\",\"dateModified\":\"2019-10-17T13:55:13+00:00\",\"mainEntityOfPage\":{\"@id\":\"https:\/\/www.m-q.ch\/de\/zwei-neue-technologietransferzentren\/\"},\"wordCount\":547,\"commentCount\":0,\"publisher\":{\"@id\":\"https:\/\/www.m-q.ch\/fr\/#organization\"},\"image\":{\"@id\":\"https:\/\/www.m-q.ch\/de\/zwei-neue-technologietransferzentren\/#primaryimage\"},\"thumbnailUrl\":\"https:\/\/www.m-q.ch\/wp-content\/uploads\/2019\/10\/Stopperbild-AM-TTC.jpg\",\"keywords\":[\"Bund\",\"F\u00f6rdergelder\",\"Forschung\",\"Schweiz\",\"Technologiezentren\",\"Transfer\"],\"articleSection\":[\"Unkategorisiert\"],\"inLanguage\":\"it-IT\"},{\"@type\":\"WebPage\",\"@id\":\"https:\/\/www.m-q.ch\/de\/zwei-neue-technologietransferzentren\/\",\"url\":\"https:\/\/www.m-q.ch\/de\/zwei-neue-technologietransferzentren\/\",\"name\":\"Zwei neue Technologietransferzentren - MQ Management und Qualit\u00e4t\",\"isPartOf\":{\"@id\":\"https:\/\/www.m-q.ch\/fr\/#website\"},\"primaryImageOfPage\":{\"@id\":\"https:\/\/www.m-q.ch\/de\/zwei-neue-technologietransferzentren\/#primaryimage\"},\"image\":{\"@id\":\"https:\/\/www.m-q.ch\/de\/zwei-neue-technologietransferzentren\/#primaryimage\"},\"thumbnailUrl\":\"https:\/\/www.m-q.ch\/wp-content\/uploads\/2019\/10\/Stopperbild-AM-TTC.jpg\",\"datePublished\":\"2019-10-14T13:48:25+00:00\",\"dateModified\":\"2019-10-17T13:55:13+00:00\",\"description\":\"Der Dachverband zum Aufbau von Technologietransferzentren im Bereich fortschrittlicher Fertigungstechnologien etabliert zwei neue Zentren.\",\"breadcrumb\":{\"@id\":\"https:\/\/www.m-q.ch\/de\/zwei-neue-technologietransferzentren\/#breadcrumb\"},\"inLanguage\":\"it-IT\",\"potentialAction\":[{\"@type\":\"ReadAction\",\"target\":[\"https:\/\/www.m-q.ch\/de\/zwei-neue-technologietransferzentren\/\"]}]},{\"@type\":\"ImageObject\",\"inLanguage\":\"it-IT\",\"@id\":\"https:\/\/www.m-q.ch\/de\/zwei-neue-technologietransferzentren\/#primaryimage\",\"url\":\"https:\/\/www.m-q.ch\/wp-content\/uploads\/2019\/10\/Stopperbild-AM-TTC.jpg\",\"contentUrl\":\"https:\/\/www.m-q.ch\/wp-content\/uploads\/2019\/10\/Stopperbild-AM-TTC.jpg\",\"width\":870,\"height\":489,\"caption\":\"Produktionstechnologien sind ein Schl\u00fcssel, um die Schweiz als modernen Produktionsstandort zu erhalten. (Bild: Empa)\"},{\"@type\":\"BreadcrumbList\",\"@id\":\"https:\/\/www.m-q.ch\/de\/zwei-neue-technologietransferzentren\/#breadcrumb\",\"itemListElement\":[{\"@type\":\"ListItem\",\"position\":1,\"name\":\"Unkategorisiert\",\"item\":\"https:\/\/www.m-q.ch\/it\/categoria\/senza-categoria\/\"},{\"@type\":\"ListItem\",\"position\":2,\"name\":\"Zwei neue Technologietransferzentren\"}]},{\"@type\":\"WebSite\",\"@id\":\"https:\/\/www.m-q.ch\/fr\/#website\",\"url\":\"https:\/\/www.m-q.ch\/fr\/\",\"name\":\"MQ Management und Qualit\u00e4t\",\"description\":\"Plattform f\u00fcr integrierte Managementsysteme.\",\"publisher\":{\"@id\":\"https:\/\/www.m-q.ch\/fr\/#organization\"},\"potentialAction\":[{\"@type\":\"SearchAction\",\"target\":{\"@type\":\"EntryPoint\",\"urlTemplate\":\"https:\/\/www.m-q.ch\/fr\/?s={search_term_string}\"},\"query-input\":{\"@type\":\"PropertyValueSpecification\",\"valueRequired\":true,\"valueName\":\"search_term_string\"}}],\"inLanguage\":\"it-IT\"},{\"@type\":\"Organization\",\"@id\":\"https:\/\/www.m-q.ch\/fr\/#organization\",\"name\":\"Galledia Fachmedien AG\",\"url\":\"https:\/\/www.m-q.ch\/fr\/\",\"logo\":{\"@type\":\"ImageObject\",\"inLanguage\":\"it-IT\",\"@id\":\"https:\/\/www.m-q.ch\/fr\/#\/schema\/logo\/image\/\",\"url\":\"https:\/\/www.m-q.ch\/wp-content\/uploads\/2020\/12\/cropped-logo_small.png\",\"contentUrl\":\"https:\/\/www.m-q.ch\/wp-content\/uploads\/2020\/12\/cropped-logo_small.png\",\"width\":512,\"height\":512,\"caption\":\"Galledia Fachmedien AG\"},\"image\":{\"@id\":\"https:\/\/www.m-q.ch\/fr\/#\/schema\/logo\/image\/\"},\"sameAs\":[\"https:\/\/www.facebook.com\/ManagementUndQualitaet\",\"https:\/\/www.linkedin.com\/showcase\/17982321\/admin\/\"]},{\"@type\":\"Person\",\"@id\":\"https:\/\/www.m-q.ch\/fr\/#\/schema\/person\/47d540e081acd98ccbeb69b55df653d7\",\"name\":\"Roger Str\u00e4ssle\",\"image\":{\"@type\":\"ImageObject\",\"inLanguage\":\"it-IT\",\"@id\":\"https:\/\/www.m-q.ch\/fr\/#\/schema\/person\/image\/\",\"url\":\"https:\/\/secure.gravatar.com\/avatar\/e4dde3046d8a184d2e2d27651a418883?s=96&d=mm&r=g\",\"contentUrl\":\"https:\/\/secure.gravatar.com\/avatar\/e4dde3046d8a184d2e2d27651a418883?s=96&d=mm&r=g\",\"caption\":\"Roger Str\u00e4ssle\"},\"url\":\"https:\/\/www.m-q.ch\/it\/author\/roger-straessle\/\"}]}<\/script>\n<!-- \/ Yoast SEO plugin. -->","yoast_head_json":{"title":"Due nuovi centri di trasferimento tecnologico - MQ Management e Quality","description":"L'organizzazione ombrello per lo sviluppo di centri di trasferimento tecnologico nel campo delle tecnologie di produzione avanzate stabilisce due nuovi centri.","robots":{"index":"index","follow":"follow","max-snippet":"max-snippet:-1","max-image-preview":"max-image-preview:large","max-video-preview":"max-video-preview:-1"},"canonical":"https:\/\/www.m-q.ch\/it\/due-nuovi-centri-di-trasferimento-tecnologico\/","og_locale":"it_IT","og_type":"article","og_title":"Zwei neue Technologietransferzentren - MQ Management und Qualit\u00e4t","og_description":"Der Dachverband zum Aufbau von Technologietransferzentren im Bereich fortschrittlicher Fertigungstechnologien etabliert zwei neue Zentren.","og_url":"https:\/\/www.m-q.ch\/it\/due-nuovi-centri-di-trasferimento-tecnologico\/","og_site_name":"MQ Management und Qualit\u00e4t","article_publisher":"https:\/\/www.facebook.com\/ManagementUndQualitaet","article_published_time":"2019-10-14T13:48:25+00:00","article_modified_time":"2019-10-17T13:55:13+00:00","og_image":[{"width":870,"height":489,"url":"https:\/\/www.m-q.ch\/wp-content\/uploads\/2019\/10\/Stopperbild-AM-TTC.jpg","type":"image\/jpeg"}],"author":"Roger Str\u00e4ssle","twitter_card":"summary_large_image","twitter_misc":{"Scritto da":"Roger Str\u00e4ssle","Tempo di lettura stimato":"3 minuti"},"schema":{"@context":"https:\/\/schema.org","@graph":[{"@type":"Article","@id":"https:\/\/www.m-q.ch\/de\/zwei-neue-technologietransferzentren\/#article","isPartOf":{"@id":"https:\/\/www.m-q.ch\/de\/zwei-neue-technologietransferzentren\/"},"author":{"name":"Roger Str\u00e4ssle","@id":"https:\/\/www.m-q.ch\/fr\/#\/schema\/person\/47d540e081acd98ccbeb69b55df653d7"},"headline":"Zwei neue Technologietransferzentren","datePublished":"2019-10-14T13:48:25+00:00","dateModified":"2019-10-17T13:55:13+00:00","mainEntityOfPage":{"@id":"https:\/\/www.m-q.ch\/de\/zwei-neue-technologietransferzentren\/"},"wordCount":547,"commentCount":0,"publisher":{"@id":"https:\/\/www.m-q.ch\/fr\/#organization"},"image":{"@id":"https:\/\/www.m-q.ch\/de\/zwei-neue-technologietransferzentren\/#primaryimage"},"thumbnailUrl":"https:\/\/www.m-q.ch\/wp-content\/uploads\/2019\/10\/Stopperbild-AM-TTC.jpg","keywords":["Bund","F\u00f6rdergelder","Forschung","Schweiz","Technologiezentren","Transfer"],"articleSection":["Unkategorisiert"],"inLanguage":"it-IT"},{"@type":"WebPage","@id":"https:\/\/www.m-q.ch\/de\/zwei-neue-technologietransferzentren\/","url":"https:\/\/www.m-q.ch\/de\/zwei-neue-technologietransferzentren\/","name":"Due nuovi centri di trasferimento tecnologico - MQ Management e Quality","isPartOf":{"@id":"https:\/\/www.m-q.ch\/fr\/#website"},"primaryImageOfPage":{"@id":"https:\/\/www.m-q.ch\/de\/zwei-neue-technologietransferzentren\/#primaryimage"},"image":{"@id":"https:\/\/www.m-q.ch\/de\/zwei-neue-technologietransferzentren\/#primaryimage"},"thumbnailUrl":"https:\/\/www.m-q.ch\/wp-content\/uploads\/2019\/10\/Stopperbild-AM-TTC.jpg","datePublished":"2019-10-14T13:48:25+00:00","dateModified":"2019-10-17T13:55:13+00:00","description":"L'organizzazione ombrello per lo sviluppo di centri di trasferimento tecnologico nel campo delle tecnologie di produzione avanzate stabilisce due nuovi centri.","breadcrumb":{"@id":"https:\/\/www.m-q.ch\/de\/zwei-neue-technologietransferzentren\/#breadcrumb"},"inLanguage":"it-IT","potentialAction":[{"@type":"ReadAction","target":["https:\/\/www.m-q.ch\/de\/zwei-neue-technologietransferzentren\/"]}]},{"@type":"ImageObject","inLanguage":"it-IT","@id":"https:\/\/www.m-q.ch\/de\/zwei-neue-technologietransferzentren\/#primaryimage","url":"https:\/\/www.m-q.ch\/wp-content\/uploads\/2019\/10\/Stopperbild-AM-TTC.jpg","contentUrl":"https:\/\/www.m-q.ch\/wp-content\/uploads\/2019\/10\/Stopperbild-AM-TTC.jpg","width":870,"height":489,"caption":"Produktionstechnologien sind ein Schl\u00fcssel, um die Schweiz als modernen Produktionsstandort zu erhalten. (Bild: Empa)"},{"@type":"BreadcrumbList","@id":"https:\/\/www.m-q.ch\/de\/zwei-neue-technologietransferzentren\/#breadcrumb","itemListElement":[{"@type":"ListItem","position":1,"name":"Unkategorisiert","item":"https:\/\/www.m-q.ch\/it\/categoria\/senza-categoria\/"},{"@type":"ListItem","position":2,"name":"Zwei neue Technologietransferzentren"}]},{"@type":"WebSite","@id":"https:\/\/www.m-q.ch\/fr\/#website","url":"https:\/\/www.m-q.ch\/fr\/","name":"Gestione e qualit\u00e0 MQ","description":"Piattaforma per sistemi di gestione integrati.","publisher":{"@id":"https:\/\/www.m-q.ch\/fr\/#organization"},"potentialAction":[{"@type":"SearchAction","target":{"@type":"EntryPoint","urlTemplate":"https:\/\/www.m-q.ch\/fr\/?s={search_term_string}"},"query-input":{"@type":"PropertyValueSpecification","valueRequired":true,"valueName":"search_term_string"}}],"inLanguage":"it-IT"},{"@type":"Organization","@id":"https:\/\/www.m-q.ch\/fr\/#organization","name":"Galledia Fachmedien AG","url":"https:\/\/www.m-q.ch\/fr\/","logo":{"@type":"ImageObject","inLanguage":"it-IT","@id":"https:\/\/www.m-q.ch\/fr\/#\/schema\/logo\/image\/","url":"https:\/\/www.m-q.ch\/wp-content\/uploads\/2020\/12\/cropped-logo_small.png","contentUrl":"https:\/\/www.m-q.ch\/wp-content\/uploads\/2020\/12\/cropped-logo_small.png","width":512,"height":512,"caption":"Galledia Fachmedien AG"},"image":{"@id":"https:\/\/www.m-q.ch\/fr\/#\/schema\/logo\/image\/"},"sameAs":["https:\/\/www.facebook.com\/ManagementUndQualitaet","https:\/\/www.linkedin.com\/showcase\/17982321\/admin\/"]},{"@type":"Person","@id":"https:\/\/www.m-q.ch\/fr\/#\/schema\/person\/47d540e081acd98ccbeb69b55df653d7","name":"Roger Str\u00e4ssle","image":{"@type":"ImageObject","inLanguage":"it-IT","@id":"https:\/\/www.m-q.ch\/fr\/#\/schema\/person\/image\/","url":"https:\/\/secure.gravatar.com\/avatar\/e4dde3046d8a184d2e2d27651a418883?s=96&d=mm&r=g","contentUrl":"https:\/\/secure.gravatar.com\/avatar\/e4dde3046d8a184d2e2d27651a418883?s=96&d=mm&r=g","caption":"Roger Str\u00e4ssle"},"url":"https:\/\/www.m-q.ch\/it\/author\/roger-straessle\/"}]}},"_links":{"self":[{"href":"https:\/\/www.m-q.ch\/it\/wp-json\/wp\/v2\/posts\/3609","targetHints":{"allow":["GET"]}}],"collection":[{"href":"https:\/\/www.m-q.ch\/it\/wp-json\/wp\/v2\/posts"}],"about":[{"href":"https:\/\/www.m-q.ch\/it\/wp-json\/wp\/v2\/types\/post"}],"author":[{"embeddable":true,"href":"https:\/\/www.m-q.ch\/it\/wp-json\/wp\/v2\/users\/35"}],"replies":[{"embeddable":true,"href":"https:\/\/www.m-q.ch\/it\/wp-json\/wp\/v2\/comments?post=3609"}],"version-history":[{"count":1,"href":"https:\/\/www.m-q.ch\/it\/wp-json\/wp\/v2\/posts\/3609\/revisions"}],"predecessor-version":[{"id":3611,"href":"https:\/\/www.m-q.ch\/it\/wp-json\/wp\/v2\/posts\/3609\/revisions\/3611"}],"wp:featuredmedia":[{"embeddable":true,"href":"https:\/\/www.m-q.ch\/it\/wp-json\/wp\/v2\/media\/3610"}],"wp:attachment":[{"href":"https:\/\/www.m-q.ch\/it\/wp-json\/wp\/v2\/media?parent=3609"}],"wp:term":[{"taxonomy":"category","embeddable":true,"href":"https:\/\/www.m-q.ch\/it\/wp-json\/wp\/v2\/categories?post=3609"},{"taxonomy":"post_tag","embeddable":true,"href":"https:\/\/www.m-q.ch\/it\/wp-json\/wp\/v2\/tags?post=3609"}],"curies":[{"name":"wp","href":"https:\/\/api.w.org\/{rel}","templated":true}]}}