{"id":381,"date":"2016-04-20T11:26:18","date_gmt":"2016-04-20T09:26:18","guid":{"rendered":"http:\/\/dev.m-q.ch\/?p=381"},"modified":"2017-02-24T13:19:15","modified_gmt":"2017-02-24T12:19:15","slug":"la-responsabilita-dimpresa-paga-per-le-aziende","status":"publish","type":"post","link":"https:\/\/www.m-q.ch\/it\/corporate-responsability-rechnet-sich-fuer-unternehmen\/","title":{"rendered":"La responsabilit\u00e0 aziendale paga per le aziende"},"content":{"rendered":"<p><a href=\"https:\/\/m-q.ch\/wp-content\/uploads\/2016\/12\/Corporate-Responsability-rechnet-sich-f\u00fcr-Unternehmen-management-und-qualitaet.jpg\"><img loading=\"lazy\" decoding=\"async\" class=\"alignnone wp-image-79 size-full\" src=\"https:\/\/www.m-q.ch\/wp-content\/uploads\/2016\/12\/Corporate-Responsability-rechnet-sich-f\u00fcr-Unternehmen-management-und-qualitaet.jpg\" width=\"600\" height=\"400\" srcset=\"https:\/\/www.m-q.ch\/wp-content\/uploads\/2016\/12\/Corporate-Responsability-rechnet-sich-f\u00fcr-Unternehmen-management-und-qualitaet.jpg 600w, https:\/\/www.m-q.ch\/wp-content\/uploads\/2016\/12\/Corporate-Responsability-rechnet-sich-f\u00fcr-Unternehmen-management-und-qualitaet-16x12.jpg 16w, https:\/\/www.m-q.ch\/wp-content\/uploads\/2016\/12\/Corporate-Responsability-rechnet-sich-f\u00fcr-Unternehmen-management-und-qualitaet-263x175.jpg 263w, https:\/\/www.m-q.ch\/wp-content\/uploads\/2016\/12\/Corporate-Responsability-rechnet-sich-f\u00fcr-Unternehmen-management-und-qualitaet-525x350.jpg 525w, https:\/\/www.m-q.ch\/wp-content\/uploads\/2016\/12\/Corporate-Responsability-rechnet-sich-f\u00fcr-Unternehmen-management-und-qualitaet-300x200.jpg 300w\" sizes=\"auto, (max-width: 600px) 100vw, 600px\" \/><\/a><\/p>\n<p>I gruppi che si concentrano sulla sostenibilit\u00e0 (NH) e sulla responsabilit\u00e0 aziendale (CR) ne beneficiano economicamente. Questo \u00e8 un risultato chiave di un sondaggio recentemente condotto dal Terra Institute in grandi aziende svizzere. \"Questo risultato confuta un diffuso pregiudizio di molti capi secondo cui pensare e agire in modo sostenibile \u00e8 costoso ma non porta alcun vantaggio economico\", spiega Ralf Nacke, che insieme a Hans W. Steisslinger e G\u00fcnter Lenz ha intervistato i dirigenti responsabili della CR o della sostenibilit\u00e0 in aziende come COOP, Migros, Ikea, Die Post, Ferrovie federali svizzere, Swisscom, Swiss Re, Zurich Insurance e Z\u00fcricher Kantonalbank.<\/p>\n<p><strong>Il top management deve sostenere gli obiettivi<\/strong><\/p>\n<p>I benefici chiave che le aziende associano al loro impegno NH\/CR sono.<\/p>\n<ol>\n<li>Reputazione\/immagine<\/li>\n<li>Assicurare la viabilit\u00e0 futura<\/li>\n<li>Maggiore attrattiva per il datore di lavoro<\/li>\n<li>Risparmi sui costi<\/li>\n<\/ol>\n<p>Per realizzare effettivamente questi benefici, questo impegno deve essere vissuto nell'organizzazione e sostenuto costantemente dal top management. Gli intervistati hanno spiegato che il pensiero a breve termine, la pressione dei costi e il bisogno di crescita potrebbero portare a conflitti di obiettivi. Un altro problema \u00e8 che i dipendenti e i clienti difficilmente possono essere convinti solo dai concetti di sostenibilit\u00e0 e responsabilit\u00e0 aziendale. Tuttavia, gli esempi positivi, come quelli di Coop e Migros, mostrano che ci\u00f2 pu\u00f2 essere raggiunto con argomenti interessanti. Secondo G\u00fcnter Lenz, una strategia di comunicazione professionale \u00e8 quindi necessaria per assicurare che le attivit\u00e0 CR\/NH abbiano l'impatto desiderato.<\/p>\n<p><strong>Identificare il potenziale di mercato in una fase iniziale<\/strong><\/p>\n<p>Lo studio del Terra Institute, che ha esaminato 14 fattori di successo, illustra anche perch\u00e9 le aziende che agiscono in modo sostenibile hanno spesso pi\u00f9 successo sul mercato rispetto ai loro concorrenti che operano in modo convenzionale. \"I pionieri riconoscono prima le esigenze dei clienti e hanno dipendenti pi\u00f9 impegnati. Inoltre, agiscono in modo pi\u00f9 orientato al valore e capiscono come combinare gli obiettivi di sostenibilit\u00e0 ecologica e la protezione del clima con il risparmio dei costi e l'utilizzo di nuovi prodotti e potenziali di mercato\", conferma Hans W. Steisslinger.<\/p>\n<p><strong>Desiderio e realt\u00e0 <\/strong><\/p>\n<p>L'indagine rivela anche le ragioni per cui ci pu\u00f2 essere una discrepanza tra il desiderio e la realt\u00e0 per quanto riguarda la sostenibilit\u00e0 e la responsabilit\u00e0 aziendale nelle aziende. I consulenti hanno trovato, per esempio, che questi temi non sono ancora sufficientemente ancorati nella cultura aziendale. In alcuni casi, anche i dipartimenti delle risorse umane non riescono a mobilitare sufficientemente i dipendenti. Per dare alle aziende la possibilit\u00e0 di conciliare meglio il desiderio e la realt\u00e0, gli interessati possono scaricare le informazioni dettagliate sui risultati di questo studio e sulla tesi di master \"Conflicting goals for CR\/NH commitment of companies scientifically illuminated\".<\/p>\n<p>attraverso i siti web <a href=\"http:\/\/www.terra-institute.eu\" target=\"_blank\" data-cke-saved-href=\"http:\/\/www.terra-institute.eu\">www.terra-institute.eu<\/a> e <a href=\"http:\/\/www.cmpartners.ch\/terra-institute-schweiz\/studie-erfolgsfaktoren\" target=\"_blank\" data-cke-saved-href=\"http:\/\/www.cmpartners.ch\/terra-institute-schweiz\/studie-erfolgsfaktoren\">www.cmpartners.ch\/terra-institute-schweiz\/studie-erfolgsfaktoren<\/a> richiesta.<\/p>\n<p>Qui troverete anche articoli su come coinvolgere il top management nei progetti di sostenibilit\u00e0, sui campi d'azione e l'ancoraggio della CR, cos\u00ec come sulla cultura aziendale e la comunicazione NH\/CR.<\/p>\n<p>&nbsp;<\/p>","protected":false},"excerpt":{"rendered":"<p>Konzerne, die auf Nachhaltigkeit (NH) und Corporate Responsibility (CR) setzen, profitieren wirtschaftlich. Dies ist eine zentrale Erkenntnis einer Erhebung, die das Terra Institute j\u00fcngst in Schweizer Grossunternehmen durchgef\u00fchrt hat. &#8222;Dieses Ergebnis widerlegt ein verbreitetes Vorurteil vieler Chefs, dass nachhaltiges Denken und Handeln teuer sei, wirtschaftlich aber nichts bringe\u201c, erkl\u00e4rt Ralf Nacke, der gemeinsam mit Hans [&hellip;]<\/p>\n","protected":false},"author":1,"featured_media":79,"comment_status":"open","ping_status":"open","sticky":false,"template":"","format":"standard","meta":{"_acf_changed":false,"footnotes":""},"categories":[1],"tags":[3367],"class_list":["post-381","post","type-post","status-publish","format-standard","has-post-thumbnail","hentry","category-unkategorisiert","tag-nachhaltige-wirtschaft"],"acf":[],"yoast_head":"<!-- This site is optimized with the Yoast SEO plugin v26.2 - https:\/\/yoast.com\/wordpress\/plugins\/seo\/ -->\n<title>Corporate Responsability rechnet sich f\u00fcr Unternehmen - MQ Management und Qualit\u00e4t<\/title>\n<meta name=\"description\" content=\"Corporate Responsability: Der Erhalt der Zukunftsf\u00e4higkeit dank Wettbewerbs-, Image- und Kostenvorteile sind die wirtschaftlichen Effekte.\" \/>\n<meta name=\"robots\" content=\"index, follow, max-snippet:-1, max-image-preview:large, max-video-preview:-1\" \/>\n<link rel=\"canonical\" href=\"https:\/\/www.m-q.ch\/it\/la-responsabilita-dimpresa-paga-per-le-aziende\/\" \/>\n<meta property=\"og:locale\" content=\"it_IT\" \/>\n<meta property=\"og:type\" content=\"article\" \/>\n<meta property=\"og:title\" content=\"Corporate Responsability rechnet sich f\u00fcr Unternehmen - MQ Management und Qualit\u00e4t\" \/>\n<meta property=\"og:description\" content=\"Corporate Responsability: Der Erhalt der Zukunftsf\u00e4higkeit dank Wettbewerbs-, Image- und Kostenvorteile sind die wirtschaftlichen Effekte.\" \/>\n<meta property=\"og:url\" content=\"https:\/\/www.m-q.ch\/it\/la-responsabilita-dimpresa-paga-per-le-aziende\/\" \/>\n<meta property=\"og:site_name\" content=\"MQ Management und Qualit\u00e4t\" \/>\n<meta property=\"article:publisher\" content=\"https:\/\/www.facebook.com\/ManagementUndQualitaet\" \/>\n<meta property=\"article:published_time\" content=\"2016-04-20T09:26:18+00:00\" \/>\n<meta property=\"article:modified_time\" content=\"2017-02-24T12:19:15+00:00\" \/>\n<meta property=\"og:image\" content=\"https:\/\/www.m-q.ch\/wp-content\/uploads\/2016\/12\/Corporate-Responsability-rechnet-sich-f\u00fcr-Unternehmen-management-und-qualitaet.jpg\" \/>\n\t<meta property=\"og:image:width\" content=\"600\" \/>\n\t<meta property=\"og:image:height\" content=\"400\" \/>\n\t<meta property=\"og:image:type\" content=\"image\/jpeg\" \/>\n<meta name=\"author\" content=\"galledia\" \/>\n<meta name=\"twitter:card\" content=\"summary_large_image\" \/>\n<meta name=\"twitter:label1\" content=\"Scritto da\" \/>\n\t<meta name=\"twitter:data1\" content=\"galledia\" \/>\n\t<meta name=\"twitter:label2\" content=\"Tempo di lettura stimato\" \/>\n\t<meta name=\"twitter:data2\" content=\"2 minuti\" \/>\n<script type=\"application\/ld+json\" class=\"yoast-schema-graph\">{\"@context\":\"https:\/\/schema.org\",\"@graph\":[{\"@type\":\"Article\",\"@id\":\"https:\/\/www.m-q.ch\/de\/corporate-responsability-rechnet-sich-fuer-unternehmen\/#article\",\"isPartOf\":{\"@id\":\"https:\/\/www.m-q.ch\/de\/corporate-responsability-rechnet-sich-fuer-unternehmen\/\"},\"author\":{\"name\":\"galledia\",\"@id\":\"https:\/\/www.m-q.ch\/fr\/#\/schema\/person\/c0139a2c55a374db6df2cde78ec87148\"},\"headline\":\"Corporate Responsability rechnet sich f\u00fcr Unternehmen\",\"datePublished\":\"2016-04-20T09:26:18+00:00\",\"dateModified\":\"2017-02-24T12:19:15+00:00\",\"mainEntityOfPage\":{\"@id\":\"https:\/\/www.m-q.ch\/de\/corporate-responsability-rechnet-sich-fuer-unternehmen\/\"},\"wordCount\":425,\"commentCount\":0,\"publisher\":{\"@id\":\"https:\/\/www.m-q.ch\/fr\/#organization\"},\"image\":{\"@id\":\"https:\/\/www.m-q.ch\/de\/corporate-responsability-rechnet-sich-fuer-unternehmen\/#primaryimage\"},\"thumbnailUrl\":\"https:\/\/www.m-q.ch\/wp-content\/uploads\/2016\/12\/Corporate-Responsability-rechnet-sich-f\u00fcr-Unternehmen-management-und-qualitaet.jpg\",\"keywords\":[\"Nachhaltige Wirtschaft\"],\"articleSection\":[\"Unkategorisiert\"],\"inLanguage\":\"it-IT\"},{\"@type\":\"WebPage\",\"@id\":\"https:\/\/www.m-q.ch\/de\/corporate-responsability-rechnet-sich-fuer-unternehmen\/\",\"url\":\"https:\/\/www.m-q.ch\/de\/corporate-responsability-rechnet-sich-fuer-unternehmen\/\",\"name\":\"Corporate Responsability rechnet sich f\u00fcr Unternehmen - MQ Management und Qualit\u00e4t\",\"isPartOf\":{\"@id\":\"https:\/\/www.m-q.ch\/fr\/#website\"},\"primaryImageOfPage\":{\"@id\":\"https:\/\/www.m-q.ch\/de\/corporate-responsability-rechnet-sich-fuer-unternehmen\/#primaryimage\"},\"image\":{\"@id\":\"https:\/\/www.m-q.ch\/de\/corporate-responsability-rechnet-sich-fuer-unternehmen\/#primaryimage\"},\"thumbnailUrl\":\"https:\/\/www.m-q.ch\/wp-content\/uploads\/2016\/12\/Corporate-Responsability-rechnet-sich-f\u00fcr-Unternehmen-management-und-qualitaet.jpg\",\"datePublished\":\"2016-04-20T09:26:18+00:00\",\"dateModified\":\"2017-02-24T12:19:15+00:00\",\"description\":\"Corporate Responsability: Der Erhalt der Zukunftsf\u00e4higkeit dank Wettbewerbs-, Image- und Kostenvorteile sind die wirtschaftlichen Effekte.\",\"breadcrumb\":{\"@id\":\"https:\/\/www.m-q.ch\/de\/corporate-responsability-rechnet-sich-fuer-unternehmen\/#breadcrumb\"},\"inLanguage\":\"it-IT\",\"potentialAction\":[{\"@type\":\"ReadAction\",\"target\":[\"https:\/\/www.m-q.ch\/de\/corporate-responsability-rechnet-sich-fuer-unternehmen\/\"]}]},{\"@type\":\"ImageObject\",\"inLanguage\":\"it-IT\",\"@id\":\"https:\/\/www.m-q.ch\/de\/corporate-responsability-rechnet-sich-fuer-unternehmen\/#primaryimage\",\"url\":\"https:\/\/www.m-q.ch\/wp-content\/uploads\/2016\/12\/Corporate-Responsability-rechnet-sich-f\u00fcr-Unternehmen-management-und-qualitaet.jpg\",\"contentUrl\":\"https:\/\/www.m-q.ch\/wp-content\/uploads\/2016\/12\/Corporate-Responsability-rechnet-sich-f\u00fcr-Unternehmen-management-und-qualitaet.jpg\",\"width\":600,\"height\":400},{\"@type\":\"BreadcrumbList\",\"@id\":\"https:\/\/www.m-q.ch\/de\/corporate-responsability-rechnet-sich-fuer-unternehmen\/#breadcrumb\",\"itemListElement\":[{\"@type\":\"ListItem\",\"position\":1,\"name\":\"Unkategorisiert\",\"item\":\"https:\/\/www.m-q.ch\/it\/categoria\/senza-categoria\/\"},{\"@type\":\"ListItem\",\"position\":2,\"name\":\"Corporate Responsability rechnet sich f\u00fcr Unternehmen\"}]},{\"@type\":\"WebSite\",\"@id\":\"https:\/\/www.m-q.ch\/fr\/#website\",\"url\":\"https:\/\/www.m-q.ch\/fr\/\",\"name\":\"MQ Management und Qualit\u00e4t\",\"description\":\"Plattform f\u00fcr integrierte Managementsysteme.\",\"publisher\":{\"@id\":\"https:\/\/www.m-q.ch\/fr\/#organization\"},\"potentialAction\":[{\"@type\":\"SearchAction\",\"target\":{\"@type\":\"EntryPoint\",\"urlTemplate\":\"https:\/\/www.m-q.ch\/fr\/?s={search_term_string}\"},\"query-input\":{\"@type\":\"PropertyValueSpecification\",\"valueRequired\":true,\"valueName\":\"search_term_string\"}}],\"inLanguage\":\"it-IT\"},{\"@type\":\"Organization\",\"@id\":\"https:\/\/www.m-q.ch\/fr\/#organization\",\"name\":\"Galledia Fachmedien AG\",\"url\":\"https:\/\/www.m-q.ch\/fr\/\",\"logo\":{\"@type\":\"ImageObject\",\"inLanguage\":\"it-IT\",\"@id\":\"https:\/\/www.m-q.ch\/fr\/#\/schema\/logo\/image\/\",\"url\":\"https:\/\/www.m-q.ch\/wp-content\/uploads\/2020\/12\/cropped-logo_small.png\",\"contentUrl\":\"https:\/\/www.m-q.ch\/wp-content\/uploads\/2020\/12\/cropped-logo_small.png\",\"width\":512,\"height\":512,\"caption\":\"Galledia Fachmedien AG\"},\"image\":{\"@id\":\"https:\/\/www.m-q.ch\/fr\/#\/schema\/logo\/image\/\"},\"sameAs\":[\"https:\/\/www.facebook.com\/ManagementUndQualitaet\",\"https:\/\/www.linkedin.com\/showcase\/17982321\/admin\/\"]},{\"@type\":\"Person\",\"@id\":\"https:\/\/www.m-q.ch\/fr\/#\/schema\/person\/c0139a2c55a374db6df2cde78ec87148\",\"name\":\"galledia\",\"image\":{\"@type\":\"ImageObject\",\"inLanguage\":\"it-IT\",\"@id\":\"https:\/\/www.m-q.ch\/fr\/#\/schema\/person\/image\/\",\"url\":\"https:\/\/secure.gravatar.com\/avatar\/66edf527eac29e9a5eb25bcada01f61a?s=96&d=mm&r=g\",\"contentUrl\":\"https:\/\/secure.gravatar.com\/avatar\/66edf527eac29e9a5eb25bcada01f61a?s=96&d=mm&r=g\",\"caption\":\"galledia\"},\"url\":\"https:\/\/www.m-q.ch\/it\/author\/galledia\/\"}]}<\/script>\n<!-- \/ Yoast SEO plugin. -->","yoast_head_json":{"title":"La responsabilit\u00e0 aziendale paga per le aziende - MQ Management und Qualit\u00e4t","description":"Responsabilit\u00e0 aziendale: Mantenere la redditivit\u00e0 futura grazie ai vantaggi competitivi, d'immagine e di costo sono gli effetti economici.","robots":{"index":"index","follow":"follow","max-snippet":"max-snippet:-1","max-image-preview":"max-image-preview:large","max-video-preview":"max-video-preview:-1"},"canonical":"https:\/\/www.m-q.ch\/it\/la-responsabilita-dimpresa-paga-per-le-aziende\/","og_locale":"it_IT","og_type":"article","og_title":"Corporate Responsability rechnet sich f\u00fcr Unternehmen - MQ Management und Qualit\u00e4t","og_description":"Corporate Responsability: Der Erhalt der Zukunftsf\u00e4higkeit dank Wettbewerbs-, Image- und Kostenvorteile sind die wirtschaftlichen Effekte.","og_url":"https:\/\/www.m-q.ch\/it\/la-responsabilita-dimpresa-paga-per-le-aziende\/","og_site_name":"MQ Management und Qualit\u00e4t","article_publisher":"https:\/\/www.facebook.com\/ManagementUndQualitaet","article_published_time":"2016-04-20T09:26:18+00:00","article_modified_time":"2017-02-24T12:19:15+00:00","og_image":[{"width":600,"height":400,"url":"https:\/\/www.m-q.ch\/wp-content\/uploads\/2016\/12\/Corporate-Responsability-rechnet-sich-f\u00fcr-Unternehmen-management-und-qualitaet.jpg","type":"image\/jpeg"}],"author":"galledia","twitter_card":"summary_large_image","twitter_misc":{"Scritto da":"galledia","Tempo di lettura stimato":"2 minuti"},"schema":{"@context":"https:\/\/schema.org","@graph":[{"@type":"Article","@id":"https:\/\/www.m-q.ch\/de\/corporate-responsability-rechnet-sich-fuer-unternehmen\/#article","isPartOf":{"@id":"https:\/\/www.m-q.ch\/de\/corporate-responsability-rechnet-sich-fuer-unternehmen\/"},"author":{"name":"galledia","@id":"https:\/\/www.m-q.ch\/fr\/#\/schema\/person\/c0139a2c55a374db6df2cde78ec87148"},"headline":"Corporate Responsability rechnet sich f\u00fcr Unternehmen","datePublished":"2016-04-20T09:26:18+00:00","dateModified":"2017-02-24T12:19:15+00:00","mainEntityOfPage":{"@id":"https:\/\/www.m-q.ch\/de\/corporate-responsability-rechnet-sich-fuer-unternehmen\/"},"wordCount":425,"commentCount":0,"publisher":{"@id":"https:\/\/www.m-q.ch\/fr\/#organization"},"image":{"@id":"https:\/\/www.m-q.ch\/de\/corporate-responsability-rechnet-sich-fuer-unternehmen\/#primaryimage"},"thumbnailUrl":"https:\/\/www.m-q.ch\/wp-content\/uploads\/2016\/12\/Corporate-Responsability-rechnet-sich-f\u00fcr-Unternehmen-management-und-qualitaet.jpg","keywords":["Nachhaltige Wirtschaft"],"articleSection":["Unkategorisiert"],"inLanguage":"it-IT"},{"@type":"WebPage","@id":"https:\/\/www.m-q.ch\/de\/corporate-responsability-rechnet-sich-fuer-unternehmen\/","url":"https:\/\/www.m-q.ch\/de\/corporate-responsability-rechnet-sich-fuer-unternehmen\/","name":"La responsabilit\u00e0 aziendale paga per le aziende - MQ Management und Qualit\u00e4t","isPartOf":{"@id":"https:\/\/www.m-q.ch\/fr\/#website"},"primaryImageOfPage":{"@id":"https:\/\/www.m-q.ch\/de\/corporate-responsability-rechnet-sich-fuer-unternehmen\/#primaryimage"},"image":{"@id":"https:\/\/www.m-q.ch\/de\/corporate-responsability-rechnet-sich-fuer-unternehmen\/#primaryimage"},"thumbnailUrl":"https:\/\/www.m-q.ch\/wp-content\/uploads\/2016\/12\/Corporate-Responsability-rechnet-sich-f\u00fcr-Unternehmen-management-und-qualitaet.jpg","datePublished":"2016-04-20T09:26:18+00:00","dateModified":"2017-02-24T12:19:15+00:00","description":"Responsabilit\u00e0 aziendale: Mantenere la redditivit\u00e0 futura grazie ai vantaggi competitivi, d'immagine e di costo sono gli effetti economici.","breadcrumb":{"@id":"https:\/\/www.m-q.ch\/de\/corporate-responsability-rechnet-sich-fuer-unternehmen\/#breadcrumb"},"inLanguage":"it-IT","potentialAction":[{"@type":"ReadAction","target":["https:\/\/www.m-q.ch\/de\/corporate-responsability-rechnet-sich-fuer-unternehmen\/"]}]},{"@type":"ImageObject","inLanguage":"it-IT","@id":"https:\/\/www.m-q.ch\/de\/corporate-responsability-rechnet-sich-fuer-unternehmen\/#primaryimage","url":"https:\/\/www.m-q.ch\/wp-content\/uploads\/2016\/12\/Corporate-Responsability-rechnet-sich-f\u00fcr-Unternehmen-management-und-qualitaet.jpg","contentUrl":"https:\/\/www.m-q.ch\/wp-content\/uploads\/2016\/12\/Corporate-Responsability-rechnet-sich-f\u00fcr-Unternehmen-management-und-qualitaet.jpg","width":600,"height":400},{"@type":"BreadcrumbList","@id":"https:\/\/www.m-q.ch\/de\/corporate-responsability-rechnet-sich-fuer-unternehmen\/#breadcrumb","itemListElement":[{"@type":"ListItem","position":1,"name":"Unkategorisiert","item":"https:\/\/www.m-q.ch\/it\/categoria\/senza-categoria\/"},{"@type":"ListItem","position":2,"name":"Corporate Responsability rechnet sich f\u00fcr Unternehmen"}]},{"@type":"WebSite","@id":"https:\/\/www.m-q.ch\/fr\/#website","url":"https:\/\/www.m-q.ch\/fr\/","name":"Gestione e qualit\u00e0 MQ","description":"Piattaforma per sistemi di gestione integrati.","publisher":{"@id":"https:\/\/www.m-q.ch\/fr\/#organization"},"potentialAction":[{"@type":"SearchAction","target":{"@type":"EntryPoint","urlTemplate":"https:\/\/www.m-q.ch\/fr\/?s={search_term_string}"},"query-input":{"@type":"PropertyValueSpecification","valueRequired":true,"valueName":"search_term_string"}}],"inLanguage":"it-IT"},{"@type":"Organization","@id":"https:\/\/www.m-q.ch\/fr\/#organization","name":"Galledia Fachmedien AG","url":"https:\/\/www.m-q.ch\/fr\/","logo":{"@type":"ImageObject","inLanguage":"it-IT","@id":"https:\/\/www.m-q.ch\/fr\/#\/schema\/logo\/image\/","url":"https:\/\/www.m-q.ch\/wp-content\/uploads\/2020\/12\/cropped-logo_small.png","contentUrl":"https:\/\/www.m-q.ch\/wp-content\/uploads\/2020\/12\/cropped-logo_small.png","width":512,"height":512,"caption":"Galledia Fachmedien AG"},"image":{"@id":"https:\/\/www.m-q.ch\/fr\/#\/schema\/logo\/image\/"},"sameAs":["https:\/\/www.facebook.com\/ManagementUndQualitaet","https:\/\/www.linkedin.com\/showcase\/17982321\/admin\/"]},{"@type":"Person","@id":"https:\/\/www.m-q.ch\/fr\/#\/schema\/person\/c0139a2c55a374db6df2cde78ec87148","name":"galleria","image":{"@type":"ImageObject","inLanguage":"it-IT","@id":"https:\/\/www.m-q.ch\/fr\/#\/schema\/person\/image\/","url":"https:\/\/secure.gravatar.com\/avatar\/66edf527eac29e9a5eb25bcada01f61a?s=96&d=mm&r=g","contentUrl":"https:\/\/secure.gravatar.com\/avatar\/66edf527eac29e9a5eb25bcada01f61a?s=96&d=mm&r=g","caption":"galledia"},"url":"https:\/\/www.m-q.ch\/it\/author\/galledia\/"}]}},"_links":{"self":[{"href":"https:\/\/www.m-q.ch\/it\/wp-json\/wp\/v2\/posts\/381","targetHints":{"allow":["GET"]}}],"collection":[{"href":"https:\/\/www.m-q.ch\/it\/wp-json\/wp\/v2\/posts"}],"about":[{"href":"https:\/\/www.m-q.ch\/it\/wp-json\/wp\/v2\/types\/post"}],"author":[{"embeddable":true,"href":"https:\/\/www.m-q.ch\/it\/wp-json\/wp\/v2\/users\/1"}],"replies":[{"embeddable":true,"href":"https:\/\/www.m-q.ch\/it\/wp-json\/wp\/v2\/comments?post=381"}],"version-history":[{"count":2,"href":"https:\/\/www.m-q.ch\/it\/wp-json\/wp\/v2\/posts\/381\/revisions"}],"predecessor-version":[{"id":965,"href":"https:\/\/www.m-q.ch\/it\/wp-json\/wp\/v2\/posts\/381\/revisions\/965"}],"wp:featuredmedia":[{"embeddable":true,"href":"https:\/\/www.m-q.ch\/it\/wp-json\/wp\/v2\/media\/79"}],"wp:attachment":[{"href":"https:\/\/www.m-q.ch\/it\/wp-json\/wp\/v2\/media?parent=381"}],"wp:term":[{"taxonomy":"category","embeddable":true,"href":"https:\/\/www.m-q.ch\/it\/wp-json\/wp\/v2\/categories?post=381"},{"taxonomy":"post_tag","embeddable":true,"href":"https:\/\/www.m-q.ch\/it\/wp-json\/wp\/v2\/tags?post=381"}],"curies":[{"name":"wp","href":"https:\/\/api.w.org\/{rel}","templated":true}]}}