{"id":3872,"date":"2020-02-17T11:06:40","date_gmt":"2020-02-17T10:06:40","guid":{"rendered":"https:\/\/www.m-q.ch\/?p=3872"},"modified":"2020-02-25T13:47:56","modified_gmt":"2020-02-25T12:47:56","slug":"prodotti-medtech-industria-svizzera-sotto-pressione","status":"publish","type":"post","link":"https:\/\/www.m-q.ch\/it\/medtech-produkte-schweizer-branche-unter-druck\/","title":{"rendered":"Prodotti MedTech: Industria svizzera sotto pressione"},"content":{"rendered":"<figure id=\"attachment_3873\" aria-describedby=\"caption-attachment-3873\" style=\"width: 680px\" class=\"wp-caption alignnone\"><img loading=\"lazy\" decoding=\"async\" class=\"size-medium wp-image-3873\" src=\"https:\/\/www.m-q.ch\/wp-content\/uploads\/2020\/02\/health_MQ-management-u-qualitaet-680x459.jpg\" alt=\"\" width=\"680\" height=\"459\" srcset=\"https:\/\/www.m-q.ch\/wp-content\/uploads\/2020\/02\/health_MQ-management-u-qualitaet-680x459.jpg 680w, https:\/\/www.m-q.ch\/wp-content\/uploads\/2020\/02\/health_MQ-management-u-qualitaet-768x518.jpg 768w, https:\/\/www.m-q.ch\/wp-content\/uploads\/2020\/02\/health_MQ-management-u-qualitaet-16x12.jpg 16w, https:\/\/www.m-q.ch\/wp-content\/uploads\/2020\/02\/health_MQ-management-u-qualitaet-259x175.jpg 259w, https:\/\/www.m-q.ch\/wp-content\/uploads\/2020\/02\/health_MQ-management-u-qualitaet-519x350.jpg 519w, https:\/\/www.m-q.ch\/wp-content\/uploads\/2020\/02\/health_MQ-management-u-qualitaet-920x621.jpg 920w, https:\/\/www.m-q.ch\/wp-content\/uploads\/2020\/02\/health_MQ-management-u-qualitaet-300x202.jpg 300w, https:\/\/www.m-q.ch\/wp-content\/uploads\/2020\/02\/health_MQ-management-u-qualitaet-1024x691.jpg 1024w, https:\/\/www.m-q.ch\/wp-content\/uploads\/2020\/02\/health_MQ-management-u-qualitaet-624x421.jpg 624w, https:\/\/www.m-q.ch\/wp-content\/uploads\/2020\/02\/health_MQ-management-u-qualitaet.jpg 1042w\" sizes=\"auto, (max-width: 680px) 100vw, 680px\" \/><figcaption id=\"caption-attachment-3873\" class=\"wp-caption-text\">Dal 26 maggio, nuove regole di approvazione per i prodotti medtech saranno applicate nell'UE. (Immagine: Unsplash)<\/figcaption><\/figure>\n<p>Il 26 maggio, nuove regole per l'approvazione di numerosi prodotti medtech entreranno in vigore nell'UE. Se per allora il comitato misto non avr\u00e0 incorporato queste regole nell'accordo del 1999, la Svizzera diventer\u00e0 un normale paese terzo in questo settore. Allora potrebbero non essere solo i nuovi prodotti medtech provenienti dalla Svizzera a dover essere approvati una seconda volta nell'UE.<\/p>\n<p class=\"bodytext\">L'industria medtech svizzera potrebbe essere colpita dallo stallo nelle relazioni tra la Svizzera e l'UE. L'UE si rifiuta di aggiornare gli accordi bilaterali esistenti. Questo colpisce in particolare il\u00a0<a href=\"https:\/\/www.admin.ch\/opc\/de\/classified-compilation\/19994644\/index.html\" target=\"_blank\" rel=\"noopener\">Accordo sul riconoscimento reciproco in materia di valutazione della conformit\u00e0<\/a>\u00a0uno dei sette accordi bilaterali I. Questo regola quali regolamenti sono riconosciuti come equivalenti nell'UE e in Svizzera.<\/p>\n<p class=\"bodytext\">I nuovi regolamenti devono essere incorporati nell'accordo da un comitato congiunto di entrambe le parti. Questo \u00e8 stato fatto l'ultima volta nel 2017.<\/p>\n<p class=\"bodytext\">Piuttosto, secondo un\u00a0<a href=\"https:\/\/www.nzz.ch\/schweiz\/schweizer-medizinaltechnik-eu-erhoeht-den-druck-ld.1534093\" target=\"_blank\" rel=\"noopener\">Segnala<\/a>\u00a0la \"Neue Z\u00fcrcher Zeitung\", \u00e8 possibile che i prodotti esistenti per i quali l'approvazione svizzera era precedentemente sufficiente vengano riapprovati anche nell'UE. Questo significa che un numero sette volte maggiore di prodotti sarebbe interessato dal blocco rispetto a quanto ipotizzato in precedenza. Inoltre, le aziende svizzere dovrebbero nominare un rappresentante autorizzato nell'UE per assumere la responsabilit\u00e0 dei prodotti.<\/p>\n<p class=\"bodytext\">L'UE ha un notevole margine di manovra nel decidere come sar\u00e0 trattata l'industria medtech svizzera. \"Una possibile interpretazione presuppone che in una fase di transizione fino al 2024, anche i nuovi prodotti devono continuare ad essere riconosciuti\", Peter Studer, dell'associazione industriale\u00a0<a href=\"https:\/\/www.swiss-medtech.ch\/\" target=\"_blank\" rel=\"noopener\">Swiss Medtech<\/a>\u00a0responsabile della regolamentazione, in un\u00a0<a href=\"https:\/\/www.tagesanzeiger.ch\/schweiz\/standard\/am-wef-soll-der-bundesrat-die-medtechbranche-retten\/story\/26281637\" target=\"_blank\" rel=\"noopener\">Segnala<\/a>\u00a0del \"Tages-Anzeiger\". Ma l'incertezza pesa sull'industria.<\/p>\n<p class=\"bodytext\">L'accordo quadro istituzionale, che \u00e8 il cuore del blocco bilaterale, rimane su un terreno traballante.<\/p>","protected":false},"excerpt":{"rendered":"<p>Am 26. Mai treten in der EU neue Regeln f\u00fcr die Zulassung zahlreicher MedTech-Produkte in Kraft. Wenn bis dahin der gemischte Ausschuss diese Regeln nicht in das Abkommen von 1999 aufgenommen hat, wird die Schweiz in diesem Bereich zu einem normalen Drittstaat. Dann m\u00fcssen wom\u00f6glich nicht nur die neuen Medtech-Produkte aus der Schweiz in der [&hellip;]<\/p>\n","protected":false},"author":35,"featured_media":3873,"comment_status":"closed","ping_status":"closed","sticky":false,"template":"","format":"standard","meta":{"_acf_changed":false,"footnotes":""},"categories":[3303],"tags":[4234,4020,4232,4233],"class_list":["post-3872","post","type-post","status-publish","format-standard","has-post-thumbnail","hentry","category-qualitaetsmanagement","tag-blockade","tag-med-tech","tag-rahmenabkommen","tag-schweiz-eu"],"acf":[],"yoast_head":"<!-- This site is optimized with the Yoast SEO plugin v26.2 - https:\/\/yoast.com\/wordpress\/plugins\/seo\/ -->\n<title>MedTech-Produkte: Schweizer Branche unter Druck - MQ Management und Qualit\u00e4t<\/title>\n<meta name=\"description\" content=\"Ab dem 26. Mai gelten in der EU neue Zulassungsregeln f\u00fcr Medtech-Produkte. Das k\u00f6nnte die Schweizer Medtech Branche auf den Kopf stellen.\" \/>\n<meta name=\"robots\" content=\"index, follow, max-snippet:-1, max-image-preview:large, max-video-preview:-1\" \/>\n<link rel=\"canonical\" href=\"https:\/\/www.m-q.ch\/it\/prodotti-medtech-industria-svizzera-sotto-pressione\/\" \/>\n<meta property=\"og:locale\" content=\"it_IT\" \/>\n<meta property=\"og:type\" content=\"article\" \/>\n<meta property=\"og:title\" content=\"MedTech-Produkte: Schweizer Branche unter Druck - MQ Management und Qualit\u00e4t\" \/>\n<meta property=\"og:description\" content=\"Ab dem 26. Mai gelten in der EU neue Zulassungsregeln f\u00fcr Medtech-Produkte. Das k\u00f6nnte die Schweizer Medtech Branche auf den Kopf stellen.\" \/>\n<meta property=\"og:url\" content=\"https:\/\/www.m-q.ch\/it\/prodotti-medtech-industria-svizzera-sotto-pressione\/\" \/>\n<meta property=\"og:site_name\" content=\"MQ Management und Qualit\u00e4t\" \/>\n<meta property=\"article:publisher\" content=\"https:\/\/www.facebook.com\/ManagementUndQualitaet\" \/>\n<meta property=\"article:published_time\" content=\"2020-02-17T10:06:40+00:00\" \/>\n<meta property=\"article:modified_time\" content=\"2020-02-25T12:47:56+00:00\" \/>\n<meta property=\"og:image\" content=\"https:\/\/www.m-q.ch\/wp-content\/uploads\/2020\/02\/health_MQ-management-u-qualitaet.jpg\" \/>\n\t<meta property=\"og:image:width\" content=\"1042\" \/>\n\t<meta property=\"og:image:height\" content=\"703\" \/>\n\t<meta property=\"og:image:type\" content=\"image\/jpeg\" \/>\n<meta name=\"author\" content=\"Roger Str\u00e4ssle\" \/>\n<meta name=\"twitter:card\" content=\"summary_large_image\" \/>\n<meta name=\"twitter:label1\" content=\"Scritto da\" \/>\n\t<meta name=\"twitter:data1\" content=\"Roger Str\u00e4ssle\" \/>\n\t<meta name=\"twitter:label2\" content=\"Tempo di lettura stimato\" \/>\n\t<meta name=\"twitter:data2\" content=\"2 minuti\" \/>\n<script type=\"application\/ld+json\" class=\"yoast-schema-graph\">{\"@context\":\"https:\/\/schema.org\",\"@graph\":[{\"@type\":\"Article\",\"@id\":\"https:\/\/www.m-q.ch\/medtech-produkte-schweizer-branche-unter-druck\/#article\",\"isPartOf\":{\"@id\":\"https:\/\/www.m-q.ch\/medtech-produkte-schweizer-branche-unter-druck\/\"},\"author\":{\"name\":\"Roger Str\u00e4ssle\",\"@id\":\"https:\/\/www.m-q.ch\/fr\/#\/schema\/person\/47d540e081acd98ccbeb69b55df653d7\"},\"headline\":\"MedTech-Produkte: Schweizer Branche unter Druck\",\"datePublished\":\"2020-02-17T10:06:40+00:00\",\"dateModified\":\"2020-02-25T12:47:56+00:00\",\"mainEntityOfPage\":{\"@id\":\"https:\/\/www.m-q.ch\/medtech-produkte-schweizer-branche-unter-druck\/\"},\"wordCount\":315,\"publisher\":{\"@id\":\"https:\/\/www.m-q.ch\/fr\/#organization\"},\"image\":{\"@id\":\"https:\/\/www.m-q.ch\/medtech-produkte-schweizer-branche-unter-druck\/#primaryimage\"},\"thumbnailUrl\":\"https:\/\/www.m-q.ch\/wp-content\/uploads\/2020\/02\/health_MQ-management-u-qualitaet.jpg\",\"keywords\":[\"Blockade\",\"Med Tech\",\"Rahmenabkommen\",\"Schweiz-EU\"],\"articleSection\":[\"Qualit\u00e4tsmanagement\"],\"inLanguage\":\"it-IT\"},{\"@type\":\"WebPage\",\"@id\":\"https:\/\/www.m-q.ch\/medtech-produkte-schweizer-branche-unter-druck\/\",\"url\":\"https:\/\/www.m-q.ch\/medtech-produkte-schweizer-branche-unter-druck\/\",\"name\":\"MedTech-Produkte: Schweizer Branche unter Druck - MQ Management und Qualit\u00e4t\",\"isPartOf\":{\"@id\":\"https:\/\/www.m-q.ch\/fr\/#website\"},\"primaryImageOfPage\":{\"@id\":\"https:\/\/www.m-q.ch\/medtech-produkte-schweizer-branche-unter-druck\/#primaryimage\"},\"image\":{\"@id\":\"https:\/\/www.m-q.ch\/medtech-produkte-schweizer-branche-unter-druck\/#primaryimage\"},\"thumbnailUrl\":\"https:\/\/www.m-q.ch\/wp-content\/uploads\/2020\/02\/health_MQ-management-u-qualitaet.jpg\",\"datePublished\":\"2020-02-17T10:06:40+00:00\",\"dateModified\":\"2020-02-25T12:47:56+00:00\",\"description\":\"Ab dem 26. Mai gelten in der EU neue Zulassungsregeln f\u00fcr Medtech-Produkte. Das k\u00f6nnte die Schweizer Medtech Branche auf den Kopf stellen.\",\"breadcrumb\":{\"@id\":\"https:\/\/www.m-q.ch\/medtech-produkte-schweizer-branche-unter-druck\/#breadcrumb\"},\"inLanguage\":\"it-IT\",\"potentialAction\":[{\"@type\":\"ReadAction\",\"target\":[\"https:\/\/www.m-q.ch\/medtech-produkte-schweizer-branche-unter-druck\/\"]}]},{\"@type\":\"ImageObject\",\"inLanguage\":\"it-IT\",\"@id\":\"https:\/\/www.m-q.ch\/medtech-produkte-schweizer-branche-unter-druck\/#primaryimage\",\"url\":\"https:\/\/www.m-q.ch\/wp-content\/uploads\/2020\/02\/health_MQ-management-u-qualitaet.jpg\",\"contentUrl\":\"https:\/\/www.m-q.ch\/wp-content\/uploads\/2020\/02\/health_MQ-management-u-qualitaet.jpg\",\"width\":1042,\"height\":703,\"caption\":\"Ab dem 26. Mai gelten in der EU neue Zulassungsregeln f\u00fcr Medtech-Produkte. (Bild: Unsplash)\"},{\"@type\":\"BreadcrumbList\",\"@id\":\"https:\/\/www.m-q.ch\/medtech-produkte-schweizer-branche-unter-druck\/#breadcrumb\",\"itemListElement\":[{\"@type\":\"ListItem\",\"position\":1,\"name\":\"Qualit\u00e4tsmanagement\",\"item\":\"https:\/\/www.m-q.ch\/kategorie\/qualitaetsmanagement\/\"},{\"@type\":\"ListItem\",\"position\":2,\"name\":\"MedTech-Produkte: Schweizer Branche unter Druck\"}]},{\"@type\":\"WebSite\",\"@id\":\"https:\/\/www.m-q.ch\/fr\/#website\",\"url\":\"https:\/\/www.m-q.ch\/fr\/\",\"name\":\"MQ Management und Qualit\u00e4t\",\"description\":\"Plattform f\u00fcr integrierte Managementsysteme.\",\"publisher\":{\"@id\":\"https:\/\/www.m-q.ch\/fr\/#organization\"},\"potentialAction\":[{\"@type\":\"SearchAction\",\"target\":{\"@type\":\"EntryPoint\",\"urlTemplate\":\"https:\/\/www.m-q.ch\/fr\/?s={search_term_string}\"},\"query-input\":{\"@type\":\"PropertyValueSpecification\",\"valueRequired\":true,\"valueName\":\"search_term_string\"}}],\"inLanguage\":\"it-IT\"},{\"@type\":\"Organization\",\"@id\":\"https:\/\/www.m-q.ch\/fr\/#organization\",\"name\":\"Galledia Fachmedien AG\",\"url\":\"https:\/\/www.m-q.ch\/fr\/\",\"logo\":{\"@type\":\"ImageObject\",\"inLanguage\":\"it-IT\",\"@id\":\"https:\/\/www.m-q.ch\/fr\/#\/schema\/logo\/image\/\",\"url\":\"https:\/\/www.m-q.ch\/wp-content\/uploads\/2020\/12\/cropped-logo_small.png\",\"contentUrl\":\"https:\/\/www.m-q.ch\/wp-content\/uploads\/2020\/12\/cropped-logo_small.png\",\"width\":512,\"height\":512,\"caption\":\"Galledia Fachmedien AG\"},\"image\":{\"@id\":\"https:\/\/www.m-q.ch\/fr\/#\/schema\/logo\/image\/\"},\"sameAs\":[\"https:\/\/www.facebook.com\/ManagementUndQualitaet\",\"https:\/\/www.linkedin.com\/showcase\/17982321\/admin\/\"]},{\"@type\":\"Person\",\"@id\":\"https:\/\/www.m-q.ch\/fr\/#\/schema\/person\/47d540e081acd98ccbeb69b55df653d7\",\"name\":\"Roger Str\u00e4ssle\",\"image\":{\"@type\":\"ImageObject\",\"inLanguage\":\"it-IT\",\"@id\":\"https:\/\/www.m-q.ch\/fr\/#\/schema\/person\/image\/\",\"url\":\"https:\/\/secure.gravatar.com\/avatar\/e4dde3046d8a184d2e2d27651a418883?s=96&d=mm&r=g\",\"contentUrl\":\"https:\/\/secure.gravatar.com\/avatar\/e4dde3046d8a184d2e2d27651a418883?s=96&d=mm&r=g\",\"caption\":\"Roger Str\u00e4ssle\"},\"url\":\"https:\/\/www.m-q.ch\/it\/author\/roger-straessle\/\"}]}<\/script>\n<!-- \/ Yoast SEO plugin. -->","yoast_head_json":{"title":"Prodotti MedTech: Industria svizzera sotto pressione - MQ Management und Qualit\u00e4t","description":"Dal 26 maggio, nuove regole di approvazione per i prodotti medtech saranno applicate nell'UE. Questo potrebbe mettere a soqquadro il settore medtech svizzero.","robots":{"index":"index","follow":"follow","max-snippet":"max-snippet:-1","max-image-preview":"max-image-preview:large","max-video-preview":"max-video-preview:-1"},"canonical":"https:\/\/www.m-q.ch\/it\/prodotti-medtech-industria-svizzera-sotto-pressione\/","og_locale":"it_IT","og_type":"article","og_title":"MedTech-Produkte: Schweizer Branche unter Druck - MQ Management und Qualit\u00e4t","og_description":"Ab dem 26. Mai gelten in der EU neue Zulassungsregeln f\u00fcr Medtech-Produkte. Das k\u00f6nnte die Schweizer Medtech Branche auf den Kopf stellen.","og_url":"https:\/\/www.m-q.ch\/it\/prodotti-medtech-industria-svizzera-sotto-pressione\/","og_site_name":"MQ Management und Qualit\u00e4t","article_publisher":"https:\/\/www.facebook.com\/ManagementUndQualitaet","article_published_time":"2020-02-17T10:06:40+00:00","article_modified_time":"2020-02-25T12:47:56+00:00","og_image":[{"width":1042,"height":703,"url":"https:\/\/www.m-q.ch\/wp-content\/uploads\/2020\/02\/health_MQ-management-u-qualitaet.jpg","type":"image\/jpeg"}],"author":"Roger Str\u00e4ssle","twitter_card":"summary_large_image","twitter_misc":{"Scritto da":"Roger Str\u00e4ssle","Tempo di lettura stimato":"2 minuti"},"schema":{"@context":"https:\/\/schema.org","@graph":[{"@type":"Article","@id":"https:\/\/www.m-q.ch\/medtech-produkte-schweizer-branche-unter-druck\/#article","isPartOf":{"@id":"https:\/\/www.m-q.ch\/medtech-produkte-schweizer-branche-unter-druck\/"},"author":{"name":"Roger Str\u00e4ssle","@id":"https:\/\/www.m-q.ch\/fr\/#\/schema\/person\/47d540e081acd98ccbeb69b55df653d7"},"headline":"MedTech-Produkte: Schweizer Branche unter Druck","datePublished":"2020-02-17T10:06:40+00:00","dateModified":"2020-02-25T12:47:56+00:00","mainEntityOfPage":{"@id":"https:\/\/www.m-q.ch\/medtech-produkte-schweizer-branche-unter-druck\/"},"wordCount":315,"publisher":{"@id":"https:\/\/www.m-q.ch\/fr\/#organization"},"image":{"@id":"https:\/\/www.m-q.ch\/medtech-produkte-schweizer-branche-unter-druck\/#primaryimage"},"thumbnailUrl":"https:\/\/www.m-q.ch\/wp-content\/uploads\/2020\/02\/health_MQ-management-u-qualitaet.jpg","keywords":["Blockade","Med Tech","Rahmenabkommen","Schweiz-EU"],"articleSection":["Qualit\u00e4tsmanagement"],"inLanguage":"it-IT"},{"@type":"WebPage","@id":"https:\/\/www.m-q.ch\/medtech-produkte-schweizer-branche-unter-druck\/","url":"https:\/\/www.m-q.ch\/medtech-produkte-schweizer-branche-unter-druck\/","name":"Prodotti MedTech: Industria svizzera sotto pressione - MQ Management und Qualit\u00e4t","isPartOf":{"@id":"https:\/\/www.m-q.ch\/fr\/#website"},"primaryImageOfPage":{"@id":"https:\/\/www.m-q.ch\/medtech-produkte-schweizer-branche-unter-druck\/#primaryimage"},"image":{"@id":"https:\/\/www.m-q.ch\/medtech-produkte-schweizer-branche-unter-druck\/#primaryimage"},"thumbnailUrl":"https:\/\/www.m-q.ch\/wp-content\/uploads\/2020\/02\/health_MQ-management-u-qualitaet.jpg","datePublished":"2020-02-17T10:06:40+00:00","dateModified":"2020-02-25T12:47:56+00:00","description":"Dal 26 maggio, nuove regole di approvazione per i prodotti medtech saranno applicate nell'UE. Questo potrebbe mettere a soqquadro il settore medtech svizzero.","breadcrumb":{"@id":"https:\/\/www.m-q.ch\/medtech-produkte-schweizer-branche-unter-druck\/#breadcrumb"},"inLanguage":"it-IT","potentialAction":[{"@type":"ReadAction","target":["https:\/\/www.m-q.ch\/medtech-produkte-schweizer-branche-unter-druck\/"]}]},{"@type":"ImageObject","inLanguage":"it-IT","@id":"https:\/\/www.m-q.ch\/medtech-produkte-schweizer-branche-unter-druck\/#primaryimage","url":"https:\/\/www.m-q.ch\/wp-content\/uploads\/2020\/02\/health_MQ-management-u-qualitaet.jpg","contentUrl":"https:\/\/www.m-q.ch\/wp-content\/uploads\/2020\/02\/health_MQ-management-u-qualitaet.jpg","width":1042,"height":703,"caption":"Ab dem 26. Mai gelten in der EU neue Zulassungsregeln f\u00fcr Medtech-Produkte. (Bild: Unsplash)"},{"@type":"BreadcrumbList","@id":"https:\/\/www.m-q.ch\/medtech-produkte-schweizer-branche-unter-druck\/#breadcrumb","itemListElement":[{"@type":"ListItem","position":1,"name":"Qualit\u00e4tsmanagement","item":"https:\/\/www.m-q.ch\/kategorie\/qualitaetsmanagement\/"},{"@type":"ListItem","position":2,"name":"MedTech-Produkte: Schweizer Branche unter Druck"}]},{"@type":"WebSite","@id":"https:\/\/www.m-q.ch\/fr\/#website","url":"https:\/\/www.m-q.ch\/fr\/","name":"Gestione e qualit\u00e0 MQ","description":"Piattaforma per sistemi di gestione integrati.","publisher":{"@id":"https:\/\/www.m-q.ch\/fr\/#organization"},"potentialAction":[{"@type":"SearchAction","target":{"@type":"EntryPoint","urlTemplate":"https:\/\/www.m-q.ch\/fr\/?s={search_term_string}"},"query-input":{"@type":"PropertyValueSpecification","valueRequired":true,"valueName":"search_term_string"}}],"inLanguage":"it-IT"},{"@type":"Organization","@id":"https:\/\/www.m-q.ch\/fr\/#organization","name":"Galledia Fachmedien AG","url":"https:\/\/www.m-q.ch\/fr\/","logo":{"@type":"ImageObject","inLanguage":"it-IT","@id":"https:\/\/www.m-q.ch\/fr\/#\/schema\/logo\/image\/","url":"https:\/\/www.m-q.ch\/wp-content\/uploads\/2020\/12\/cropped-logo_small.png","contentUrl":"https:\/\/www.m-q.ch\/wp-content\/uploads\/2020\/12\/cropped-logo_small.png","width":512,"height":512,"caption":"Galledia Fachmedien AG"},"image":{"@id":"https:\/\/www.m-q.ch\/fr\/#\/schema\/logo\/image\/"},"sameAs":["https:\/\/www.facebook.com\/ManagementUndQualitaet","https:\/\/www.linkedin.com\/showcase\/17982321\/admin\/"]},{"@type":"Person","@id":"https:\/\/www.m-q.ch\/fr\/#\/schema\/person\/47d540e081acd98ccbeb69b55df653d7","name":"Roger Str\u00e4ssle","image":{"@type":"ImageObject","inLanguage":"it-IT","@id":"https:\/\/www.m-q.ch\/fr\/#\/schema\/person\/image\/","url":"https:\/\/secure.gravatar.com\/avatar\/e4dde3046d8a184d2e2d27651a418883?s=96&d=mm&r=g","contentUrl":"https:\/\/secure.gravatar.com\/avatar\/e4dde3046d8a184d2e2d27651a418883?s=96&d=mm&r=g","caption":"Roger Str\u00e4ssle"},"url":"https:\/\/www.m-q.ch\/it\/author\/roger-straessle\/"}]}},"_links":{"self":[{"href":"https:\/\/www.m-q.ch\/it\/wp-json\/wp\/v2\/posts\/3872","targetHints":{"allow":["GET"]}}],"collection":[{"href":"https:\/\/www.m-q.ch\/it\/wp-json\/wp\/v2\/posts"}],"about":[{"href":"https:\/\/www.m-q.ch\/it\/wp-json\/wp\/v2\/types\/post"}],"author":[{"embeddable":true,"href":"https:\/\/www.m-q.ch\/it\/wp-json\/wp\/v2\/users\/35"}],"replies":[{"embeddable":true,"href":"https:\/\/www.m-q.ch\/it\/wp-json\/wp\/v2\/comments?post=3872"}],"version-history":[{"count":2,"href":"https:\/\/www.m-q.ch\/it\/wp-json\/wp\/v2\/posts\/3872\/revisions"}],"predecessor-version":[{"id":3879,"href":"https:\/\/www.m-q.ch\/it\/wp-json\/wp\/v2\/posts\/3872\/revisions\/3879"}],"wp:featuredmedia":[{"embeddable":true,"href":"https:\/\/www.m-q.ch\/it\/wp-json\/wp\/v2\/media\/3873"}],"wp:attachment":[{"href":"https:\/\/www.m-q.ch\/it\/wp-json\/wp\/v2\/media?parent=3872"}],"wp:term":[{"taxonomy":"category","embeddable":true,"href":"https:\/\/www.m-q.ch\/it\/wp-json\/wp\/v2\/categories?post=3872"},{"taxonomy":"post_tag","embeddable":true,"href":"https:\/\/www.m-q.ch\/it\/wp-json\/wp\/v2\/tags?post=3872"}],"curies":[{"name":"wp","href":"https:\/\/api.w.org\/{rel}","templated":true}]}}