{"id":392,"date":"2016-04-28T13:30:20","date_gmt":"2016-04-28T11:30:20","guid":{"rendered":"http:\/\/dev.m-q.ch\/?p=392"},"modified":"2017-03-01T14:40:49","modified_gmt":"2017-03-01T13:40:49","slug":"weleda-vince-il-premio-svizzero-per-letica-2","status":"publish","type":"post","link":"https:\/\/www.m-q.ch\/it\/weleda-gewinnt-swiss-ethics-award\/","title":{"rendered":"Weleda vince il premio svizzero per l'etica"},"content":{"rendered":"<figure id=\"attachment_250\" aria-describedby=\"caption-attachment-250\" style=\"width: 680px\" class=\"wp-caption alignnone\"><a href=\"https:\/\/m-q.ch\/wp-content\/uploads\/2016\/12\/Weleda-gewinnt-Swiss-Ethics-Award-management-und-qualitaet.jpg\"><img loading=\"lazy\" decoding=\"async\" class=\"wp-image-250 size-medium\" src=\"https:\/\/www.m-q.ch\/wp-content\/uploads\/2016\/12\/Weleda-gewinnt-Swiss-Ethics-Award-management-und-qualitaet-680x383.jpg\" width=\"680\" height=\"383\" srcset=\"https:\/\/www.m-q.ch\/wp-content\/uploads\/2016\/12\/Weleda-gewinnt-Swiss-Ethics-Award-management-und-qualitaet-680x383.jpg 680w, https:\/\/www.m-q.ch\/wp-content\/uploads\/2016\/12\/Weleda-gewinnt-Swiss-Ethics-Award-management-und-qualitaet-768x432.jpg 768w, https:\/\/www.m-q.ch\/wp-content\/uploads\/2016\/12\/Weleda-gewinnt-Swiss-Ethics-Award-management-und-qualitaet-16x9.jpg 16w, https:\/\/www.m-q.ch\/wp-content\/uploads\/2016\/12\/Weleda-gewinnt-Swiss-Ethics-Award-management-und-qualitaet-311x175.jpg 311w, https:\/\/www.m-q.ch\/wp-content\/uploads\/2016\/12\/Weleda-gewinnt-Swiss-Ethics-Award-management-und-qualitaet-622x350.jpg 622w, https:\/\/www.m-q.ch\/wp-content\/uploads\/2016\/12\/Weleda-gewinnt-Swiss-Ethics-Award-management-und-qualitaet-920x518.jpg 920w, https:\/\/www.m-q.ch\/wp-content\/uploads\/2016\/12\/Weleda-gewinnt-Swiss-Ethics-Award-management-und-qualitaet-300x169.jpg 300w, https:\/\/www.m-q.ch\/wp-content\/uploads\/2016\/12\/Weleda-gewinnt-Swiss-Ethics-Award-management-und-qualitaet-624x351.jpg 624w, https:\/\/www.m-q.ch\/wp-content\/uploads\/2016\/12\/Weleda-gewinnt-Swiss-Ethics-Award-management-und-qualitaet.jpg 1000w\" sizes=\"auto, (max-width: 680px) 100vw, 680px\" \/><\/a><figcaption id=\"caption-attachment-250\" class=\"wp-caption-text\">La squadra vincitrice: Weleda AG (Immagine: Mediaktion)<\/figcaption><\/figure>\n<p>Lo Swiss Ethics Award premia i progetti che stabiliscono nuovi standard etici nel campo degli affari. Il premio viene assegnato ogni due anni dallo Swiss Excellence Forum. Il 20 aprile 2016, la cerimonia di premiazione ha avuto luogo nell'ambito della Conferenza svizzera degli imprenditori al KKL di Lucerna. La responsabilit\u00e0 etica delle imprese \u00e8 stata al centro degli interventi di Nadja Lang, direttrice della Fondazione Max Havelaar (Svizzera), Roger de Weck, direttore generale della SRG e il Prof. Dr. Dr. Franz Josef Radermacher, Istituto per le banche dati e l'intelligenza artificiale, Universit\u00e0 di Ulm.<\/p>\n<p><strong>Contributo alla conservazione della biodiversit\u00e0<\/strong><\/p>\n<p>Dopo Migros (2014), Weleda ha vinto l'Ethics Award con il suo progetto \"Acquisto etico di materie prime naturali\". Weleda \u00e8 membro dell'UEBT dal 2010. L'adesione richiede lo sviluppo e l'implementazione di un \"Sistema di Gestione della Biodiversit\u00e0\", che \u00e8 destinato a servire all'azienda e alle sue catene di approvvigionamento come strumento di monitoraggio continuo e processi di miglioramento graduale. La complessit\u00e0 dell'implementazione di questo sistema \u00e8 dimostrata dai sette principi su cui si basa lo standard UEBT. Tra le altre cose, chiedono la conservazione della biodiversit\u00e0 (misure di protezione della biodiversit\u00e0), l'uso sostenibile della biodiversit\u00e0, la sostenibilit\u00e0 socio-economica tra i fornitori (garantire la sostenibilit\u00e0 e la vitalit\u00e0 economica), la condivisione dell'accesso e dei benefici (distribuzione equa del profitto generato dall'uso di materie prime specifiche del paese o delle conoscenze tradizionali) o il rispetto dei diritti degli attori coinvolti nelle attivit\u00e0 di BioTrade (ad esempio, formazione ed educazione alla sicurezza, esclusione della discriminazione, ecc.)<\/p>\n<p><strong>Impegno sociale onorato<\/strong><\/p>\n<p>La schiettezza e la coerenza con cui Weleda adempie alla sua responsabilit\u00e0 verso le persone e l'ambiente e il suo coraggio di impegnarsi in processi di apprendimento potenzialmente controversi e aperti \u00e8 riconosciuto dalla giuria come un risultato eccezionale.<\/p>\n<p>Anche Despite GmbH e Die Sozialfirma AG sono stati nominati per il premio. Nonostante abbia sviluppato una valutazione innovativa per le persone di fiducia. Con il suo modello di business, Die Sozialfirma combina l'impegno sociale e l'azione economica, integrando cos\u00ec i dipendenti disabili nel mercato del lavoro primario.<\/p>\n<p><a href=\"http:\/\/www.swiss-excellence-forum.ch\" target=\"_blank\" data-cke-saved-href=\"http:\/\/www.swiss-excellence-forum.ch\"><em>www.swiss-excellence-forum.ch<\/em><\/a><\/p>","protected":false},"excerpt":{"rendered":"<p>Der Swiss Ethics Award zeichnet Projekte aus, die im Bereich der Wirtschaft neue ethische Massst\u00e4be setzen. Der Award wird alle zwei Jahre durch das Swiss Excellence Forum verliehen. Am 20. April 2016 fand die Preisverleihung im Rahmen der Schweizer Unternehmertagung im KKL Luzern statt. Die ethische Verantwortung der Wirtschaft stand im Zentrum der Referate von [&hellip;]<\/p>\n","protected":false},"author":1,"featured_media":250,"comment_status":"open","ping_status":"open","sticky":false,"template":"","format":"standard","meta":{"_acf_changed":false,"footnotes":""},"categories":[5],"tags":[3328,3342,3352],"class_list":["post-392","post","type-post","status-publish","format-standard","has-post-thumbnail","hentry","category-business_excellence","tag-business-excellence","tag-fachkongressfachmesse","tag-unternehmen"],"acf":[],"yoast_head":"<!-- This site is optimized with the Yoast SEO plugin v26.2 - https:\/\/yoast.com\/wordpress\/plugins\/seo\/ -->\n<title>Weleda gewinnt Swiss Ethics Award - MQ Management und Qualit\u00e4t<\/title>\n<meta name=\"description\" content=\"Seit der Gr\u00fcndung im Jahr 1921 ist die \u00dcbernahme von sozialer, \u00f6kologischer und wirtschaftlicher Verantwortung zentral f\u00fcr Weleda.\" \/>\n<meta name=\"robots\" content=\"index, follow, max-snippet:-1, max-image-preview:large, max-video-preview:-1\" \/>\n<link rel=\"canonical\" href=\"https:\/\/www.m-q.ch\/it\/weleda-vince-il-premio-svizzero-per-letica-2\/\" \/>\n<meta property=\"og:locale\" content=\"it_IT\" \/>\n<meta property=\"og:type\" content=\"article\" \/>\n<meta property=\"og:title\" content=\"Weleda gewinnt Swiss Ethics Award - MQ Management und Qualit\u00e4t\" \/>\n<meta property=\"og:description\" content=\"Seit der Gr\u00fcndung im Jahr 1921 ist die \u00dcbernahme von sozialer, \u00f6kologischer und wirtschaftlicher Verantwortung zentral f\u00fcr Weleda.\" \/>\n<meta property=\"og:url\" content=\"https:\/\/www.m-q.ch\/it\/weleda-vince-il-premio-svizzero-per-letica-2\/\" \/>\n<meta property=\"og:site_name\" content=\"MQ Management und Qualit\u00e4t\" \/>\n<meta property=\"article:publisher\" content=\"https:\/\/www.facebook.com\/ManagementUndQualitaet\" \/>\n<meta property=\"article:published_time\" content=\"2016-04-28T11:30:20+00:00\" \/>\n<meta property=\"article:modified_time\" content=\"2017-03-01T13:40:49+00:00\" \/>\n<meta property=\"og:image\" content=\"https:\/\/www.m-q.ch\/wp-content\/uploads\/2016\/12\/Weleda-gewinnt-Swiss-Ethics-Award-management-und-qualitaet.jpg\" \/>\n\t<meta property=\"og:image:width\" content=\"1000\" \/>\n\t<meta property=\"og:image:height\" content=\"563\" \/>\n\t<meta property=\"og:image:type\" content=\"image\/jpeg\" \/>\n<meta name=\"author\" content=\"galledia\" \/>\n<meta name=\"twitter:card\" content=\"summary_large_image\" \/>\n<meta name=\"twitter:label1\" content=\"Scritto da\" \/>\n\t<meta name=\"twitter:data1\" content=\"galledia\" \/>\n\t<meta name=\"twitter:label2\" content=\"Tempo di lettura stimato\" \/>\n\t<meta name=\"twitter:data2\" content=\"2 minuti\" \/>\n<script type=\"application\/ld+json\" class=\"yoast-schema-graph\">{\"@context\":\"https:\/\/schema.org\",\"@graph\":[{\"@type\":\"Article\",\"@id\":\"https:\/\/www.m-q.ch\/weleda-gewinnt-swiss-ethics-award\/#article\",\"isPartOf\":{\"@id\":\"https:\/\/www.m-q.ch\/weleda-gewinnt-swiss-ethics-award\/\"},\"author\":{\"name\":\"galledia\",\"@id\":\"https:\/\/www.m-q.ch\/fr\/#\/schema\/person\/c0139a2c55a374db6df2cde78ec87148\"},\"headline\":\"Weleda gewinnt Swiss Ethics Award\",\"datePublished\":\"2016-04-28T11:30:20+00:00\",\"dateModified\":\"2017-03-01T13:40:49+00:00\",\"mainEntityOfPage\":{\"@id\":\"https:\/\/www.m-q.ch\/weleda-gewinnt-swiss-ethics-award\/\"},\"wordCount\":342,\"commentCount\":0,\"publisher\":{\"@id\":\"https:\/\/www.m-q.ch\/fr\/#organization\"},\"image\":{\"@id\":\"https:\/\/www.m-q.ch\/weleda-gewinnt-swiss-ethics-award\/#primaryimage\"},\"thumbnailUrl\":\"https:\/\/www.m-q.ch\/wp-content\/uploads\/2016\/12\/Weleda-gewinnt-Swiss-Ethics-Award-management-und-qualitaet.jpg\",\"keywords\":[\"Business Excellence\",\"Fachkongress\/Fachmesse\",\"Unternehmen\"],\"articleSection\":[\"Business Excellence\"],\"inLanguage\":\"it-IT\"},{\"@type\":\"WebPage\",\"@id\":\"https:\/\/www.m-q.ch\/weleda-gewinnt-swiss-ethics-award\/\",\"url\":\"https:\/\/www.m-q.ch\/weleda-gewinnt-swiss-ethics-award\/\",\"name\":\"Weleda gewinnt Swiss Ethics Award - MQ Management und Qualit\u00e4t\",\"isPartOf\":{\"@id\":\"https:\/\/www.m-q.ch\/fr\/#website\"},\"primaryImageOfPage\":{\"@id\":\"https:\/\/www.m-q.ch\/weleda-gewinnt-swiss-ethics-award\/#primaryimage\"},\"image\":{\"@id\":\"https:\/\/www.m-q.ch\/weleda-gewinnt-swiss-ethics-award\/#primaryimage\"},\"thumbnailUrl\":\"https:\/\/www.m-q.ch\/wp-content\/uploads\/2016\/12\/Weleda-gewinnt-Swiss-Ethics-Award-management-und-qualitaet.jpg\",\"datePublished\":\"2016-04-28T11:30:20+00:00\",\"dateModified\":\"2017-03-01T13:40:49+00:00\",\"description\":\"Seit der Gr\u00fcndung im Jahr 1921 ist die \u00dcbernahme von sozialer, \u00f6kologischer und wirtschaftlicher Verantwortung zentral f\u00fcr Weleda.\",\"breadcrumb\":{\"@id\":\"https:\/\/www.m-q.ch\/weleda-gewinnt-swiss-ethics-award\/#breadcrumb\"},\"inLanguage\":\"it-IT\",\"potentialAction\":[{\"@type\":\"ReadAction\",\"target\":[\"https:\/\/www.m-q.ch\/weleda-gewinnt-swiss-ethics-award\/\"]}]},{\"@type\":\"ImageObject\",\"inLanguage\":\"it-IT\",\"@id\":\"https:\/\/www.m-q.ch\/weleda-gewinnt-swiss-ethics-award\/#primaryimage\",\"url\":\"https:\/\/www.m-q.ch\/wp-content\/uploads\/2016\/12\/Weleda-gewinnt-Swiss-Ethics-Award-management-und-qualitaet.jpg\",\"contentUrl\":\"https:\/\/www.m-q.ch\/wp-content\/uploads\/2016\/12\/Weleda-gewinnt-Swiss-Ethics-Award-management-und-qualitaet.jpg\",\"width\":1000,\"height\":563,\"caption\":\"Das Winner-Team: Weleda AG (Bild: Mediaktion)\"},{\"@type\":\"BreadcrumbList\",\"@id\":\"https:\/\/www.m-q.ch\/weleda-gewinnt-swiss-ethics-award\/#breadcrumb\",\"itemListElement\":[{\"@type\":\"ListItem\",\"position\":1,\"name\":\"Business Excellence\",\"item\":\"https:\/\/www.m-q.ch\/kategorie\/business_excellence\/\"},{\"@type\":\"ListItem\",\"position\":2,\"name\":\"Weleda gewinnt Swiss Ethics Award\"}]},{\"@type\":\"WebSite\",\"@id\":\"https:\/\/www.m-q.ch\/fr\/#website\",\"url\":\"https:\/\/www.m-q.ch\/fr\/\",\"name\":\"MQ Management und Qualit\u00e4t\",\"description\":\"Plattform f\u00fcr integrierte Managementsysteme.\",\"publisher\":{\"@id\":\"https:\/\/www.m-q.ch\/fr\/#organization\"},\"potentialAction\":[{\"@type\":\"SearchAction\",\"target\":{\"@type\":\"EntryPoint\",\"urlTemplate\":\"https:\/\/www.m-q.ch\/fr\/?s={search_term_string}\"},\"query-input\":{\"@type\":\"PropertyValueSpecification\",\"valueRequired\":true,\"valueName\":\"search_term_string\"}}],\"inLanguage\":\"it-IT\"},{\"@type\":\"Organization\",\"@id\":\"https:\/\/www.m-q.ch\/fr\/#organization\",\"name\":\"Galledia Fachmedien AG\",\"url\":\"https:\/\/www.m-q.ch\/fr\/\",\"logo\":{\"@type\":\"ImageObject\",\"inLanguage\":\"it-IT\",\"@id\":\"https:\/\/www.m-q.ch\/fr\/#\/schema\/logo\/image\/\",\"url\":\"https:\/\/www.m-q.ch\/wp-content\/uploads\/2020\/12\/cropped-logo_small.png\",\"contentUrl\":\"https:\/\/www.m-q.ch\/wp-content\/uploads\/2020\/12\/cropped-logo_small.png\",\"width\":512,\"height\":512,\"caption\":\"Galledia Fachmedien AG\"},\"image\":{\"@id\":\"https:\/\/www.m-q.ch\/fr\/#\/schema\/logo\/image\/\"},\"sameAs\":[\"https:\/\/www.facebook.com\/ManagementUndQualitaet\",\"https:\/\/www.linkedin.com\/showcase\/17982321\/admin\/\"]},{\"@type\":\"Person\",\"@id\":\"https:\/\/www.m-q.ch\/fr\/#\/schema\/person\/c0139a2c55a374db6df2cde78ec87148\",\"name\":\"galledia\",\"image\":{\"@type\":\"ImageObject\",\"inLanguage\":\"it-IT\",\"@id\":\"https:\/\/www.m-q.ch\/fr\/#\/schema\/person\/image\/\",\"url\":\"https:\/\/secure.gravatar.com\/avatar\/66edf527eac29e9a5eb25bcada01f61a?s=96&d=mm&r=g\",\"contentUrl\":\"https:\/\/secure.gravatar.com\/avatar\/66edf527eac29e9a5eb25bcada01f61a?s=96&d=mm&r=g\",\"caption\":\"galledia\"},\"url\":\"https:\/\/www.m-q.ch\/it\/author\/galledia\/\"}]}<\/script>\n<!-- \/ Yoast SEO plugin. -->","yoast_head_json":{"title":"Weleda vince il premio etico svizzero - MQ Management und Qualit\u00e4t","description":"Fin dalla sua fondazione nel 1921, l'assunzione di responsabilit\u00e0 sociale, ecologica ed economica \u00e8 stata centrale per Weleda.","robots":{"index":"index","follow":"follow","max-snippet":"max-snippet:-1","max-image-preview":"max-image-preview:large","max-video-preview":"max-video-preview:-1"},"canonical":"https:\/\/www.m-q.ch\/it\/weleda-vince-il-premio-svizzero-per-letica-2\/","og_locale":"it_IT","og_type":"article","og_title":"Weleda gewinnt Swiss Ethics Award - MQ Management und Qualit\u00e4t","og_description":"Seit der Gr\u00fcndung im Jahr 1921 ist die \u00dcbernahme von sozialer, \u00f6kologischer und wirtschaftlicher Verantwortung zentral f\u00fcr Weleda.","og_url":"https:\/\/www.m-q.ch\/it\/weleda-vince-il-premio-svizzero-per-letica-2\/","og_site_name":"MQ Management und Qualit\u00e4t","article_publisher":"https:\/\/www.facebook.com\/ManagementUndQualitaet","article_published_time":"2016-04-28T11:30:20+00:00","article_modified_time":"2017-03-01T13:40:49+00:00","og_image":[{"width":1000,"height":563,"url":"https:\/\/www.m-q.ch\/wp-content\/uploads\/2016\/12\/Weleda-gewinnt-Swiss-Ethics-Award-management-und-qualitaet.jpg","type":"image\/jpeg"}],"author":"galledia","twitter_card":"summary_large_image","twitter_misc":{"Scritto da":"galledia","Tempo di lettura stimato":"2 minuti"},"schema":{"@context":"https:\/\/schema.org","@graph":[{"@type":"Article","@id":"https:\/\/www.m-q.ch\/weleda-gewinnt-swiss-ethics-award\/#article","isPartOf":{"@id":"https:\/\/www.m-q.ch\/weleda-gewinnt-swiss-ethics-award\/"},"author":{"name":"galledia","@id":"https:\/\/www.m-q.ch\/fr\/#\/schema\/person\/c0139a2c55a374db6df2cde78ec87148"},"headline":"Weleda gewinnt Swiss Ethics Award","datePublished":"2016-04-28T11:30:20+00:00","dateModified":"2017-03-01T13:40:49+00:00","mainEntityOfPage":{"@id":"https:\/\/www.m-q.ch\/weleda-gewinnt-swiss-ethics-award\/"},"wordCount":342,"commentCount":0,"publisher":{"@id":"https:\/\/www.m-q.ch\/fr\/#organization"},"image":{"@id":"https:\/\/www.m-q.ch\/weleda-gewinnt-swiss-ethics-award\/#primaryimage"},"thumbnailUrl":"https:\/\/www.m-q.ch\/wp-content\/uploads\/2016\/12\/Weleda-gewinnt-Swiss-Ethics-Award-management-und-qualitaet.jpg","keywords":["Business Excellence","Fachkongress\/Fachmesse","Unternehmen"],"articleSection":["Business Excellence"],"inLanguage":"it-IT"},{"@type":"WebPage","@id":"https:\/\/www.m-q.ch\/weleda-gewinnt-swiss-ethics-award\/","url":"https:\/\/www.m-q.ch\/weleda-gewinnt-swiss-ethics-award\/","name":"Weleda vince il premio etico svizzero - MQ Management und Qualit\u00e4t","isPartOf":{"@id":"https:\/\/www.m-q.ch\/fr\/#website"},"primaryImageOfPage":{"@id":"https:\/\/www.m-q.ch\/weleda-gewinnt-swiss-ethics-award\/#primaryimage"},"image":{"@id":"https:\/\/www.m-q.ch\/weleda-gewinnt-swiss-ethics-award\/#primaryimage"},"thumbnailUrl":"https:\/\/www.m-q.ch\/wp-content\/uploads\/2016\/12\/Weleda-gewinnt-Swiss-Ethics-Award-management-und-qualitaet.jpg","datePublished":"2016-04-28T11:30:20+00:00","dateModified":"2017-03-01T13:40:49+00:00","description":"Fin dalla sua fondazione nel 1921, l'assunzione di responsabilit\u00e0 sociale, ecologica ed economica \u00e8 stata centrale per Weleda.","breadcrumb":{"@id":"https:\/\/www.m-q.ch\/weleda-gewinnt-swiss-ethics-award\/#breadcrumb"},"inLanguage":"it-IT","potentialAction":[{"@type":"ReadAction","target":["https:\/\/www.m-q.ch\/weleda-gewinnt-swiss-ethics-award\/"]}]},{"@type":"ImageObject","inLanguage":"it-IT","@id":"https:\/\/www.m-q.ch\/weleda-gewinnt-swiss-ethics-award\/#primaryimage","url":"https:\/\/www.m-q.ch\/wp-content\/uploads\/2016\/12\/Weleda-gewinnt-Swiss-Ethics-Award-management-und-qualitaet.jpg","contentUrl":"https:\/\/www.m-q.ch\/wp-content\/uploads\/2016\/12\/Weleda-gewinnt-Swiss-Ethics-Award-management-und-qualitaet.jpg","width":1000,"height":563,"caption":"Das Winner-Team: Weleda AG (Bild: Mediaktion)"},{"@type":"BreadcrumbList","@id":"https:\/\/www.m-q.ch\/weleda-gewinnt-swiss-ethics-award\/#breadcrumb","itemListElement":[{"@type":"ListItem","position":1,"name":"Business Excellence","item":"https:\/\/www.m-q.ch\/kategorie\/business_excellence\/"},{"@type":"ListItem","position":2,"name":"Weleda gewinnt Swiss Ethics Award"}]},{"@type":"WebSite","@id":"https:\/\/www.m-q.ch\/fr\/#website","url":"https:\/\/www.m-q.ch\/fr\/","name":"Gestione e qualit\u00e0 MQ","description":"Piattaforma per sistemi di gestione integrati.","publisher":{"@id":"https:\/\/www.m-q.ch\/fr\/#organization"},"potentialAction":[{"@type":"SearchAction","target":{"@type":"EntryPoint","urlTemplate":"https:\/\/www.m-q.ch\/fr\/?s={search_term_string}"},"query-input":{"@type":"PropertyValueSpecification","valueRequired":true,"valueName":"search_term_string"}}],"inLanguage":"it-IT"},{"@type":"Organization","@id":"https:\/\/www.m-q.ch\/fr\/#organization","name":"Galledia Fachmedien AG","url":"https:\/\/www.m-q.ch\/fr\/","logo":{"@type":"ImageObject","inLanguage":"it-IT","@id":"https:\/\/www.m-q.ch\/fr\/#\/schema\/logo\/image\/","url":"https:\/\/www.m-q.ch\/wp-content\/uploads\/2020\/12\/cropped-logo_small.png","contentUrl":"https:\/\/www.m-q.ch\/wp-content\/uploads\/2020\/12\/cropped-logo_small.png","width":512,"height":512,"caption":"Galledia Fachmedien AG"},"image":{"@id":"https:\/\/www.m-q.ch\/fr\/#\/schema\/logo\/image\/"},"sameAs":["https:\/\/www.facebook.com\/ManagementUndQualitaet","https:\/\/www.linkedin.com\/showcase\/17982321\/admin\/"]},{"@type":"Person","@id":"https:\/\/www.m-q.ch\/fr\/#\/schema\/person\/c0139a2c55a374db6df2cde78ec87148","name":"galleria","image":{"@type":"ImageObject","inLanguage":"it-IT","@id":"https:\/\/www.m-q.ch\/fr\/#\/schema\/person\/image\/","url":"https:\/\/secure.gravatar.com\/avatar\/66edf527eac29e9a5eb25bcada01f61a?s=96&d=mm&r=g","contentUrl":"https:\/\/secure.gravatar.com\/avatar\/66edf527eac29e9a5eb25bcada01f61a?s=96&d=mm&r=g","caption":"galledia"},"url":"https:\/\/www.m-q.ch\/it\/author\/galledia\/"}]}},"_links":{"self":[{"href":"https:\/\/www.m-q.ch\/it\/wp-json\/wp\/v2\/posts\/392","targetHints":{"allow":["GET"]}}],"collection":[{"href":"https:\/\/www.m-q.ch\/it\/wp-json\/wp\/v2\/posts"}],"about":[{"href":"https:\/\/www.m-q.ch\/it\/wp-json\/wp\/v2\/types\/post"}],"author":[{"embeddable":true,"href":"https:\/\/www.m-q.ch\/it\/wp-json\/wp\/v2\/users\/1"}],"replies":[{"embeddable":true,"href":"https:\/\/www.m-q.ch\/it\/wp-json\/wp\/v2\/comments?post=392"}],"version-history":[{"count":2,"href":"https:\/\/www.m-q.ch\/it\/wp-json\/wp\/v2\/posts\/392\/revisions"}],"predecessor-version":[{"id":1151,"href":"https:\/\/www.m-q.ch\/it\/wp-json\/wp\/v2\/posts\/392\/revisions\/1151"}],"wp:featuredmedia":[{"embeddable":true,"href":"https:\/\/www.m-q.ch\/it\/wp-json\/wp\/v2\/media\/250"}],"wp:attachment":[{"href":"https:\/\/www.m-q.ch\/it\/wp-json\/wp\/v2\/media?parent=392"}],"wp:term":[{"taxonomy":"category","embeddable":true,"href":"https:\/\/www.m-q.ch\/it\/wp-json\/wp\/v2\/categories?post=392"},{"taxonomy":"post_tag","embeddable":true,"href":"https:\/\/www.m-q.ch\/it\/wp-json\/wp\/v2\/tags?post=392"}],"curies":[{"name":"wp","href":"https:\/\/api.w.org\/{rel}","templated":true}]}}