{"id":432,"date":"2016-05-25T13:56:20","date_gmt":"2016-05-25T11:56:20","guid":{"rendered":"http:\/\/dev.m-q.ch\/?p=432"},"modified":"2017-03-01T13:41:48","modified_gmt":"2017-03-01T12:41:48","slug":"55-anniversario-procura-ch","status":"publish","type":"post","link":"https:\/\/www.m-q.ch\/it\/55-jahr-jubilaeum-procure-ch\/","title":{"rendered":"55 anni di anniversario: procure.ch"},"content":{"rendered":"<figure id=\"attachment_53\" aria-describedby=\"caption-attachment-53\" style=\"width: 667px\" class=\"wp-caption alignnone\"><a href=\"https:\/\/m-q.ch\/wp-content\/uploads\/2016\/12\/55-Jahr-Jubil\u00e4um-procure.ch-management-und-qualitaet.jpg\"><img loading=\"lazy\" decoding=\"async\" class=\"wp-image-53 size-medium\" src=\"https:\/\/www.m-q.ch\/wp-content\/uploads\/2016\/12\/55-Jahr-Jubil\u00e4um-procure.ch-management-und-qualitaet-667x1000.jpg\" width=\"667\" height=\"1000\" srcset=\"https:\/\/www.m-q.ch\/wp-content\/uploads\/2016\/12\/55-Jahr-Jubil\u00e4um-procure.ch-management-und-qualitaet-667x1000.jpg 667w, https:\/\/www.m-q.ch\/wp-content\/uploads\/2016\/12\/55-Jahr-Jubil\u00e4um-procure.ch-management-und-qualitaet-768x1151.jpg 768w, https:\/\/www.m-q.ch\/wp-content\/uploads\/2016\/12\/55-Jahr-Jubil\u00e4um-procure.ch-management-und-qualitaet-8x12.jpg 8w, https:\/\/www.m-q.ch\/wp-content\/uploads\/2016\/12\/55-Jahr-Jubil\u00e4um-procure.ch-management-und-qualitaet-117x175.jpg 117w, https:\/\/www.m-q.ch\/wp-content\/uploads\/2016\/12\/55-Jahr-Jubil\u00e4um-procure.ch-management-und-qualitaet-234x350.jpg 234w, https:\/\/www.m-q.ch\/wp-content\/uploads\/2016\/12\/55-Jahr-Jubil\u00e4um-procure.ch-management-und-qualitaet-534x800.jpg 534w, https:\/\/www.m-q.ch\/wp-content\/uploads\/2016\/12\/55-Jahr-Jubil\u00e4um-procure.ch-management-und-qualitaet-300x450.jpg 300w, https:\/\/www.m-q.ch\/wp-content\/uploads\/2016\/12\/55-Jahr-Jubil\u00e4um-procure.ch-management-und-qualitaet-683x1024.jpg 683w, https:\/\/www.m-q.ch\/wp-content\/uploads\/2016\/12\/55-Jahr-Jubil\u00e4um-procure.ch-management-und-qualitaet-624x935.jpg 624w, https:\/\/www.m-q.ch\/wp-content\/uploads\/2016\/12\/55-Jahr-Jubil\u00e4um-procure.ch-management-und-qualitaet.jpg 796w\" sizes=\"auto, (max-width: 667px) 100vw, 667px\" \/><\/a><figcaption id=\"caption-attachment-53\" class=\"wp-caption-text\">L'ex consigliere nazionale Rudolf Strahm con la moderatrice Mascha Santschi.<\/figcaption><\/figure>\n<p>Nel suo discorso di benvenuto, l'ex consigliere nazionale Rudolf Strahm si \u00e8 congratulato con l'associazione professionale procure.ch per i suoi 55 anni di manovre di successo in un panorama educativo in costante evoluzione. Il supervisore dei prezzi di lunga data ha sottolineato l'importanza degli acquisti nell'efficienza dei processi delle aziende e ha descritto la formazione professionale superiore come un punto chiave per la diffusione delle nuove tecnologie.<\/p>\n<p><strong>Assemblea Generale 2016<\/strong><\/p>\n<p>Nella successiva Assemblea Generale, il Consiglio di Amministrazione \u00e8 stato parzialmente riempito. Adrian Jungo, top manager degli acquisti di Swisscom, \u00e8 stato eletto nuovo presidente. Non solo il precedente presidente, Andreas Kilchenmann, ha reso disponibile il suo ufficio a causa dei limiti di mandato. Anche i membri del consiglio di amministrazione J\u00f6rg Bortoluzzi e Peter Emch hanno fatto altrettanto. Tutti e tre sono stati debitamente salutati. Sono stati sostituiti dal CPO di HG Commerciale e nuovo presidente della Conferenza dei dirigenti regionali, Martin Aschwanden, e da Gian-Marco Caggia, che dirige la divisione Acquisti delle FFS.<\/p>\n<p><a href=\"http:\/\/www.procure.ch\" target=\"_blank\" data-cke-saved-href=\"http:\/\/www.procure.ch\">http:\/\/www.procure.ch<\/a><\/p>","protected":false},"excerpt":{"rendered":"<p>In seiner Grussbotschaft gratulierte alt Nationalrat Rudolf Strahm dem Fachverband procure.ch zu 55 Jahren erfolgreichem Man\u00f6vrieren in einer sich stetig \u00e4ndernden Bildungslandschaft. Der langj\u00e4hrige Preis\u00fcberwacher wies auf den Stellenwert der Beschaffung in der Verfahrenseffizienz von Unternehmen hin und bezeichnete die h\u00f6here Berufsbildung als Schl\u00fcsselstelle f\u00fcr die Diffusion neuer Technologien. Generalversammlung 2016 An der anschliessenden Generalversammlung [&hellip;]<\/p>\n","protected":false},"author":1,"featured_media":53,"comment_status":"open","ping_status":"open","sticky":false,"template":"","format":"standard","meta":{"_acf_changed":false,"footnotes":""},"categories":[1],"tags":[3335],"class_list":["post-432","post","type-post","status-publish","format-standard","has-post-thumbnail","hentry","category-unkategorisiert","tag-personalia"],"acf":[],"yoast_head":"<!-- This site is optimized with the Yoast SEO plugin v26.2 - https:\/\/yoast.com\/wordpress\/plugins\/seo\/ -->\n<title>55-Jahr Jubil\u00e4um: procure.ch - MQ Management und Qualit\u00e4t<\/title>\n<meta name=\"description\" content=\"An der Fr\u00fchjahrstagung des Fachverbands procure.ch vom 19. Mai 2016 im Hotel Bellevue Palace in Bern versammelten sich rund 200 Teilnehmende.\" \/>\n<meta name=\"robots\" content=\"index, follow, max-snippet:-1, max-image-preview:large, max-video-preview:-1\" \/>\n<link rel=\"canonical\" href=\"https:\/\/www.m-q.ch\/it\/55-anniversario-procura-ch\/\" \/>\n<meta property=\"og:locale\" content=\"it_IT\" \/>\n<meta property=\"og:type\" content=\"article\" \/>\n<meta property=\"og:title\" content=\"55-Jahr Jubil\u00e4um: procure.ch - MQ Management und Qualit\u00e4t\" \/>\n<meta property=\"og:description\" content=\"An der Fr\u00fchjahrstagung des Fachverbands procure.ch vom 19. Mai 2016 im Hotel Bellevue Palace in Bern versammelten sich rund 200 Teilnehmende.\" \/>\n<meta property=\"og:url\" content=\"https:\/\/www.m-q.ch\/it\/55-anniversario-procura-ch\/\" \/>\n<meta property=\"og:site_name\" content=\"MQ Management und Qualit\u00e4t\" \/>\n<meta property=\"article:publisher\" content=\"https:\/\/www.facebook.com\/ManagementUndQualitaet\" \/>\n<meta property=\"article:published_time\" content=\"2016-05-25T11:56:20+00:00\" \/>\n<meta property=\"article:modified_time\" content=\"2017-03-01T12:41:48+00:00\" \/>\n<meta property=\"og:image\" content=\"https:\/\/www.m-q.ch\/wp-content\/uploads\/2016\/12\/55-Jahr-Jubil\u00e4um-procure.ch-management-und-qualitaet.jpg\" \/>\n\t<meta property=\"og:image:width\" content=\"796\" \/>\n\t<meta property=\"og:image:height\" content=\"1193\" \/>\n\t<meta property=\"og:image:type\" content=\"image\/jpeg\" \/>\n<meta name=\"author\" content=\"galledia\" \/>\n<meta name=\"twitter:card\" content=\"summary_large_image\" \/>\n<meta name=\"twitter:label1\" content=\"Scritto da\" \/>\n\t<meta name=\"twitter:data1\" content=\"galledia\" \/>\n\t<meta name=\"twitter:label2\" content=\"Tempo di lettura stimato\" \/>\n\t<meta name=\"twitter:data2\" content=\"1 minuto\" \/>\n<script type=\"application\/ld+json\" class=\"yoast-schema-graph\">{\"@context\":\"https:\/\/schema.org\",\"@graph\":[{\"@type\":\"Article\",\"@id\":\"https:\/\/www.m-q.ch\/en\/55-year-anniversary-procure-ch\/#article\",\"isPartOf\":{\"@id\":\"https:\/\/www.m-q.ch\/en\/55-year-anniversary-procure-ch\/\"},\"author\":{\"name\":\"galledia\",\"@id\":\"https:\/\/www.m-q.ch\/fr\/#\/schema\/person\/c0139a2c55a374db6df2cde78ec87148\"},\"headline\":\"55-Jahr Jubil\u00e4um: procure.ch\",\"datePublished\":\"2016-05-25T11:56:20+00:00\",\"dateModified\":\"2017-03-01T12:41:48+00:00\",\"mainEntityOfPage\":{\"@id\":\"https:\/\/www.m-q.ch\/en\/55-year-anniversary-procure-ch\/\"},\"wordCount\":167,\"commentCount\":0,\"publisher\":{\"@id\":\"https:\/\/www.m-q.ch\/fr\/#organization\"},\"image\":{\"@id\":\"https:\/\/www.m-q.ch\/en\/55-year-anniversary-procure-ch\/#primaryimage\"},\"thumbnailUrl\":\"https:\/\/www.m-q.ch\/wp-content\/uploads\/2016\/12\/55-Jahr-Jubil\u00e4um-procure.ch-management-und-qualitaet.jpg\",\"keywords\":[\"Personalia\"],\"articleSection\":[\"Unkategorisiert\"],\"inLanguage\":\"it-IT\"},{\"@type\":\"WebPage\",\"@id\":\"https:\/\/www.m-q.ch\/en\/55-year-anniversary-procure-ch\/\",\"url\":\"https:\/\/www.m-q.ch\/en\/55-year-anniversary-procure-ch\/\",\"name\":\"55-Jahr Jubil\u00e4um: procure.ch - MQ Management und Qualit\u00e4t\",\"isPartOf\":{\"@id\":\"https:\/\/www.m-q.ch\/fr\/#website\"},\"primaryImageOfPage\":{\"@id\":\"https:\/\/www.m-q.ch\/en\/55-year-anniversary-procure-ch\/#primaryimage\"},\"image\":{\"@id\":\"https:\/\/www.m-q.ch\/en\/55-year-anniversary-procure-ch\/#primaryimage\"},\"thumbnailUrl\":\"https:\/\/www.m-q.ch\/wp-content\/uploads\/2016\/12\/55-Jahr-Jubil\u00e4um-procure.ch-management-und-qualitaet.jpg\",\"datePublished\":\"2016-05-25T11:56:20+00:00\",\"dateModified\":\"2017-03-01T12:41:48+00:00\",\"description\":\"An der Fr\u00fchjahrstagung des Fachverbands procure.ch vom 19. Mai 2016 im Hotel Bellevue Palace in Bern versammelten sich rund 200 Teilnehmende.\",\"breadcrumb\":{\"@id\":\"https:\/\/www.m-q.ch\/en\/55-year-anniversary-procure-ch\/#breadcrumb\"},\"inLanguage\":\"it-IT\",\"potentialAction\":[{\"@type\":\"ReadAction\",\"target\":[\"https:\/\/www.m-q.ch\/en\/55-year-anniversary-procure-ch\/\"]}]},{\"@type\":\"ImageObject\",\"inLanguage\":\"it-IT\",\"@id\":\"https:\/\/www.m-q.ch\/en\/55-year-anniversary-procure-ch\/#primaryimage\",\"url\":\"https:\/\/www.m-q.ch\/wp-content\/uploads\/2016\/12\/55-Jahr-Jubil\u00e4um-procure.ch-management-und-qualitaet.jpg\",\"contentUrl\":\"https:\/\/www.m-q.ch\/wp-content\/uploads\/2016\/12\/55-Jahr-Jubil\u00e4um-procure.ch-management-und-qualitaet.jpg\",\"width\":796,\"height\":1193,\"caption\":\"Alt-Nationalrat Rudolf Strahm mit Moderatorin Mascha Santschi.\"},{\"@type\":\"BreadcrumbList\",\"@id\":\"https:\/\/www.m-q.ch\/en\/55-year-anniversary-procure-ch\/#breadcrumb\",\"itemListElement\":[{\"@type\":\"ListItem\",\"position\":1,\"name\":\"Unkategorisiert\",\"item\":\"https:\/\/www.m-q.ch\/it\/categoria\/senza-categoria\/\"},{\"@type\":\"ListItem\",\"position\":2,\"name\":\"55-Jahr Jubil\u00e4um: procure.ch\"}]},{\"@type\":\"WebSite\",\"@id\":\"https:\/\/www.m-q.ch\/fr\/#website\",\"url\":\"https:\/\/www.m-q.ch\/fr\/\",\"name\":\"MQ Management und Qualit\u00e4t\",\"description\":\"Plattform f\u00fcr integrierte Managementsysteme.\",\"publisher\":{\"@id\":\"https:\/\/www.m-q.ch\/fr\/#organization\"},\"potentialAction\":[{\"@type\":\"SearchAction\",\"target\":{\"@type\":\"EntryPoint\",\"urlTemplate\":\"https:\/\/www.m-q.ch\/fr\/?s={search_term_string}\"},\"query-input\":{\"@type\":\"PropertyValueSpecification\",\"valueRequired\":true,\"valueName\":\"search_term_string\"}}],\"inLanguage\":\"it-IT\"},{\"@type\":\"Organization\",\"@id\":\"https:\/\/www.m-q.ch\/fr\/#organization\",\"name\":\"Galledia Fachmedien AG\",\"url\":\"https:\/\/www.m-q.ch\/fr\/\",\"logo\":{\"@type\":\"ImageObject\",\"inLanguage\":\"it-IT\",\"@id\":\"https:\/\/www.m-q.ch\/fr\/#\/schema\/logo\/image\/\",\"url\":\"https:\/\/www.m-q.ch\/wp-content\/uploads\/2020\/12\/cropped-logo_small.png\",\"contentUrl\":\"https:\/\/www.m-q.ch\/wp-content\/uploads\/2020\/12\/cropped-logo_small.png\",\"width\":512,\"height\":512,\"caption\":\"Galledia Fachmedien AG\"},\"image\":{\"@id\":\"https:\/\/www.m-q.ch\/fr\/#\/schema\/logo\/image\/\"},\"sameAs\":[\"https:\/\/www.facebook.com\/ManagementUndQualitaet\",\"https:\/\/www.linkedin.com\/showcase\/17982321\/admin\/\"]},{\"@type\":\"Person\",\"@id\":\"https:\/\/www.m-q.ch\/fr\/#\/schema\/person\/c0139a2c55a374db6df2cde78ec87148\",\"name\":\"galledia\",\"image\":{\"@type\":\"ImageObject\",\"inLanguage\":\"it-IT\",\"@id\":\"https:\/\/www.m-q.ch\/fr\/#\/schema\/person\/image\/\",\"url\":\"https:\/\/secure.gravatar.com\/avatar\/66edf527eac29e9a5eb25bcada01f61a?s=96&d=mm&r=g\",\"contentUrl\":\"https:\/\/secure.gravatar.com\/avatar\/66edf527eac29e9a5eb25bcada01f61a?s=96&d=mm&r=g\",\"caption\":\"galledia\"},\"url\":\"https:\/\/www.m-q.ch\/it\/author\/galledia\/\"}]}<\/script>\n<!-- \/ Yoast SEO plugin. -->","yoast_head_json":{"title":"55 anni di anniversario: procure.ch - MQ Management und Qualit\u00e4t","description":"Circa 200 partecipanti hanno partecipato alla conferenza di primavera dell'associazione di categoria procure.ch il 19 maggio 2016 all'hotel Bellevue Palace di Berna.","robots":{"index":"index","follow":"follow","max-snippet":"max-snippet:-1","max-image-preview":"max-image-preview:large","max-video-preview":"max-video-preview:-1"},"canonical":"https:\/\/www.m-q.ch\/it\/55-anniversario-procura-ch\/","og_locale":"it_IT","og_type":"article","og_title":"55-Jahr Jubil\u00e4um: procure.ch - MQ Management und Qualit\u00e4t","og_description":"An der Fr\u00fchjahrstagung des Fachverbands procure.ch vom 19. Mai 2016 im Hotel Bellevue Palace in Bern versammelten sich rund 200 Teilnehmende.","og_url":"https:\/\/www.m-q.ch\/it\/55-anniversario-procura-ch\/","og_site_name":"MQ Management und Qualit\u00e4t","article_publisher":"https:\/\/www.facebook.com\/ManagementUndQualitaet","article_published_time":"2016-05-25T11:56:20+00:00","article_modified_time":"2017-03-01T12:41:48+00:00","og_image":[{"width":796,"height":1193,"url":"https:\/\/www.m-q.ch\/wp-content\/uploads\/2016\/12\/55-Jahr-Jubil\u00e4um-procure.ch-management-und-qualitaet.jpg","type":"image\/jpeg"}],"author":"galledia","twitter_card":"summary_large_image","twitter_misc":{"Scritto da":"galledia","Tempo di lettura stimato":"1 minuto"},"schema":{"@context":"https:\/\/schema.org","@graph":[{"@type":"Article","@id":"https:\/\/www.m-q.ch\/en\/55-year-anniversary-procure-ch\/#article","isPartOf":{"@id":"https:\/\/www.m-q.ch\/en\/55-year-anniversary-procure-ch\/"},"author":{"name":"galledia","@id":"https:\/\/www.m-q.ch\/fr\/#\/schema\/person\/c0139a2c55a374db6df2cde78ec87148"},"headline":"55-Jahr Jubil\u00e4um: procure.ch","datePublished":"2016-05-25T11:56:20+00:00","dateModified":"2017-03-01T12:41:48+00:00","mainEntityOfPage":{"@id":"https:\/\/www.m-q.ch\/en\/55-year-anniversary-procure-ch\/"},"wordCount":167,"commentCount":0,"publisher":{"@id":"https:\/\/www.m-q.ch\/fr\/#organization"},"image":{"@id":"https:\/\/www.m-q.ch\/en\/55-year-anniversary-procure-ch\/#primaryimage"},"thumbnailUrl":"https:\/\/www.m-q.ch\/wp-content\/uploads\/2016\/12\/55-Jahr-Jubil\u00e4um-procure.ch-management-und-qualitaet.jpg","keywords":["Personalia"],"articleSection":["Unkategorisiert"],"inLanguage":"it-IT"},{"@type":"WebPage","@id":"https:\/\/www.m-q.ch\/en\/55-year-anniversary-procure-ch\/","url":"https:\/\/www.m-q.ch\/en\/55-year-anniversary-procure-ch\/","name":"55 anni di anniversario: procure.ch - MQ Management und Qualit\u00e4t","isPartOf":{"@id":"https:\/\/www.m-q.ch\/fr\/#website"},"primaryImageOfPage":{"@id":"https:\/\/www.m-q.ch\/en\/55-year-anniversary-procure-ch\/#primaryimage"},"image":{"@id":"https:\/\/www.m-q.ch\/en\/55-year-anniversary-procure-ch\/#primaryimage"},"thumbnailUrl":"https:\/\/www.m-q.ch\/wp-content\/uploads\/2016\/12\/55-Jahr-Jubil\u00e4um-procure.ch-management-und-qualitaet.jpg","datePublished":"2016-05-25T11:56:20+00:00","dateModified":"2017-03-01T12:41:48+00:00","description":"Circa 200 partecipanti hanno partecipato alla conferenza di primavera dell'associazione di categoria procure.ch il 19 maggio 2016 all'hotel Bellevue Palace di Berna.","breadcrumb":{"@id":"https:\/\/www.m-q.ch\/en\/55-year-anniversary-procure-ch\/#breadcrumb"},"inLanguage":"it-IT","potentialAction":[{"@type":"ReadAction","target":["https:\/\/www.m-q.ch\/en\/55-year-anniversary-procure-ch\/"]}]},{"@type":"ImageObject","inLanguage":"it-IT","@id":"https:\/\/www.m-q.ch\/en\/55-year-anniversary-procure-ch\/#primaryimage","url":"https:\/\/www.m-q.ch\/wp-content\/uploads\/2016\/12\/55-Jahr-Jubil\u00e4um-procure.ch-management-und-qualitaet.jpg","contentUrl":"https:\/\/www.m-q.ch\/wp-content\/uploads\/2016\/12\/55-Jahr-Jubil\u00e4um-procure.ch-management-und-qualitaet.jpg","width":796,"height":1193,"caption":"Alt-Nationalrat Rudolf Strahm mit Moderatorin Mascha Santschi."},{"@type":"BreadcrumbList","@id":"https:\/\/www.m-q.ch\/en\/55-year-anniversary-procure-ch\/#breadcrumb","itemListElement":[{"@type":"ListItem","position":1,"name":"Unkategorisiert","item":"https:\/\/www.m-q.ch\/it\/categoria\/senza-categoria\/"},{"@type":"ListItem","position":2,"name":"55-Jahr Jubil\u00e4um: procure.ch"}]},{"@type":"WebSite","@id":"https:\/\/www.m-q.ch\/fr\/#website","url":"https:\/\/www.m-q.ch\/fr\/","name":"Gestione e qualit\u00e0 MQ","description":"Piattaforma per sistemi di gestione integrati.","publisher":{"@id":"https:\/\/www.m-q.ch\/fr\/#organization"},"potentialAction":[{"@type":"SearchAction","target":{"@type":"EntryPoint","urlTemplate":"https:\/\/www.m-q.ch\/fr\/?s={search_term_string}"},"query-input":{"@type":"PropertyValueSpecification","valueRequired":true,"valueName":"search_term_string"}}],"inLanguage":"it-IT"},{"@type":"Organization","@id":"https:\/\/www.m-q.ch\/fr\/#organization","name":"Galledia Fachmedien AG","url":"https:\/\/www.m-q.ch\/fr\/","logo":{"@type":"ImageObject","inLanguage":"it-IT","@id":"https:\/\/www.m-q.ch\/fr\/#\/schema\/logo\/image\/","url":"https:\/\/www.m-q.ch\/wp-content\/uploads\/2020\/12\/cropped-logo_small.png","contentUrl":"https:\/\/www.m-q.ch\/wp-content\/uploads\/2020\/12\/cropped-logo_small.png","width":512,"height":512,"caption":"Galledia Fachmedien AG"},"image":{"@id":"https:\/\/www.m-q.ch\/fr\/#\/schema\/logo\/image\/"},"sameAs":["https:\/\/www.facebook.com\/ManagementUndQualitaet","https:\/\/www.linkedin.com\/showcase\/17982321\/admin\/"]},{"@type":"Person","@id":"https:\/\/www.m-q.ch\/fr\/#\/schema\/person\/c0139a2c55a374db6df2cde78ec87148","name":"galleria","image":{"@type":"ImageObject","inLanguage":"it-IT","@id":"https:\/\/www.m-q.ch\/fr\/#\/schema\/person\/image\/","url":"https:\/\/secure.gravatar.com\/avatar\/66edf527eac29e9a5eb25bcada01f61a?s=96&d=mm&r=g","contentUrl":"https:\/\/secure.gravatar.com\/avatar\/66edf527eac29e9a5eb25bcada01f61a?s=96&d=mm&r=g","caption":"galledia"},"url":"https:\/\/www.m-q.ch\/it\/author\/galledia\/"}]}},"_links":{"self":[{"href":"https:\/\/www.m-q.ch\/it\/wp-json\/wp\/v2\/posts\/432","targetHints":{"allow":["GET"]}}],"collection":[{"href":"https:\/\/www.m-q.ch\/it\/wp-json\/wp\/v2\/posts"}],"about":[{"href":"https:\/\/www.m-q.ch\/it\/wp-json\/wp\/v2\/types\/post"}],"author":[{"embeddable":true,"href":"https:\/\/www.m-q.ch\/it\/wp-json\/wp\/v2\/users\/1"}],"replies":[{"embeddable":true,"href":"https:\/\/www.m-q.ch\/it\/wp-json\/wp\/v2\/comments?post=432"}],"version-history":[{"count":2,"href":"https:\/\/www.m-q.ch\/it\/wp-json\/wp\/v2\/posts\/432\/revisions"}],"predecessor-version":[{"id":1126,"href":"https:\/\/www.m-q.ch\/it\/wp-json\/wp\/v2\/posts\/432\/revisions\/1126"}],"wp:featuredmedia":[{"embeddable":true,"href":"https:\/\/www.m-q.ch\/it\/wp-json\/wp\/v2\/media\/53"}],"wp:attachment":[{"href":"https:\/\/www.m-q.ch\/it\/wp-json\/wp\/v2\/media?parent=432"}],"wp:term":[{"taxonomy":"category","embeddable":true,"href":"https:\/\/www.m-q.ch\/it\/wp-json\/wp\/v2\/categories?post=432"},{"taxonomy":"post_tag","embeddable":true,"href":"https:\/\/www.m-q.ch\/it\/wp-json\/wp\/v2\/tags?post=432"}],"curies":[{"name":"wp","href":"https:\/\/api.w.org\/{rel}","templated":true}]}}