{"id":506,"date":"2016-07-11T15:32:18","date_gmt":"2016-07-11T13:32:18","guid":{"rendered":"http:\/\/dev.m-q.ch\/?p=506"},"modified":"2017-03-01T13:00:05","modified_gmt":"2017-03-01T12:00:05","slug":"calendario-degli-eventi-naturali-il-tempo-piu-intenso-si-verifica-a-luglio","status":"publish","type":"post","link":"https:\/\/www.m-q.ch\/it\/naturereigniskalender-die-meisten-unwetter-gibt-es-im-juli\/","title":{"rendered":"Calendario degli eventi naturali: la maggior parte delle tempeste si verifica nel mese di luglio"},"content":{"rendered":"<figure id=\"attachment_179\" aria-describedby=\"caption-attachment-179\" style=\"width: 560px\" class=\"wp-caption alignnone\"><a href=\"https:\/\/m-q.ch\/wp-content\/uploads\/2016\/12\/Naturereigniskalender-Die-meisten-Unwetter-gibt-es-im-Juli-management-und-qualitaet.jpg\"><img loading=\"lazy\" decoding=\"async\" class=\"wp-image-179 size-full\" src=\"https:\/\/www.m-q.ch\/wp-content\/uploads\/2016\/12\/Naturereigniskalender-Die-meisten-Unwetter-gibt-es-im-Juli-management-und-qualitaet.jpg\" width=\"560\" height=\"350\" srcset=\"https:\/\/www.m-q.ch\/wp-content\/uploads\/2016\/12\/Naturereigniskalender-Die-meisten-Unwetter-gibt-es-im-Juli-management-und-qualitaet.jpg 560w, https:\/\/www.m-q.ch\/wp-content\/uploads\/2016\/12\/Naturereigniskalender-Die-meisten-Unwetter-gibt-es-im-Juli-management-und-qualitaet-16x10.jpg 16w, https:\/\/www.m-q.ch\/wp-content\/uploads\/2016\/12\/Naturereigniskalender-Die-meisten-Unwetter-gibt-es-im-Juli-management-und-qualitaet-280x175.jpg 280w, https:\/\/www.m-q.ch\/wp-content\/uploads\/2016\/12\/Naturereigniskalender-Die-meisten-Unwetter-gibt-es-im-Juli-management-und-qualitaet-300x188.jpg 300w\" sizes=\"auto, (max-width: 560px) 100vw, 560px\" \/><\/a><figcaption id=\"caption-attachment-179\" class=\"wp-caption-text\">Quando le temperature oscillano, i danni della grandine si verificano di continuo.<\/figcaption><\/figure>\n<blockquote><p>I cantoni di Berna, Ticino e Zurigo sono particolarmente colpiti dagli eventi naturali.<\/p><\/blockquote>\n<p>Piogge torrenziali, chicchi di grandine grandi come palle da tennis, tempeste violente, frane: a causa della sua posizione topografica, la Svizzera \u00e8 ripetutamente esposta a forti tempeste. I danni risultanti possono essere immensi, come mostra il calendario dei pericoli naturali di Allianz Suisse. La grandine e le inondazioni, in particolare, hanno causato i maggiori danni negli ultimi dieci anni - e questo \u00e8 avvenuto soprattutto in giugno e luglio.<\/p>\n<p>Anche se l'entit\u00e0 dei danni non \u00e8 stata cos\u00ec grande come in molte parti della Germania, della Francia o dell'Austria, dopo la tempesta \u00e8 prima della prossima tempesta anche in Svizzera. Questo perch\u00e9 il clima in Svizzera \u00e8 fortemente influenzato dalle Alpi, il pi\u00f9 importante spartiacque meteorologico dell'Europa centrale, con grandi differenze climatiche in una piccola area. Questo si traduce in forti temporali con chicchi di grandine grandi come palle da tennis, piogge torrenziali e forti tempeste, che spesso lasciano dietro di s\u00e9 un quadro di devastazione, soprattutto nei mesi estivi.<\/p>\n<p>In un confronto decennale, giugno 2016 non si distingue nemmeno tanto, anche se \u00e8 considerato uno dei mesi pi\u00f9 piovosi dall'inizio delle registrazioni meteorologiche. Lo dimostra il calendario dei rischi naturali di Allianz Suisse, per il quale sono state analizzate le cifre dei sinistri degli ultimi dieci anni.<\/p>\n<p><strong>Grandinate e inondazioni pi\u00f9 costose<\/strong><\/p>\n<p>Dal 2006, Allianz Suisse ha registrato circa 200.000 sinistri causati da eventi naturali come grandine, inondazioni, tempeste, fulmini, valanghe e terremoti, secondo le statistiche dei sinistri. L'importo totale dei danni \u00e8 stato di circa 640 milioni di franchi svizzeri, di cui quasi esattamente la met\u00e0 \u00e8 stata causata dalla grandine (circa 320 milioni di franchi svizzeri in 96.000 sinistri), mentre le inondazioni hanno rappresentato circa 170 milioni di franchi svizzeri in 42.000 sinistri. La tempesta (circa 55 milioni di franchi in 17'000 sinistri) e il fulmine (circa 32 milioni di franchi in 21'000 sinistri) hanno giocato i ruoli pi\u00f9 importanti. In fondo alla classifica ci sono i danni da terremoto con una spesa di 120.000 franchi in 51 sinistri negli ultimi dieci anni.<\/p>\n<p>Uno sguardo al calendario rivela che soprattutto gli anni 2009 e 2013 sono stati i pi\u00f9 intensi per Allianz Suisse in un confronto decennale, con perdite assicurate di oltre 85 milioni di franchi. \"A causa del riscaldamento globale, l'umidit\u00e0 nell'atmosfera sta aumentando - e per questo motivo ci aspettiamo un ulteriore aumento delle tempeste gravi in futuro\", spiega Markus Deplazes, Head of Claims di Allianz Suisse.<\/p>\n<p>Pi\u00f9 di un terzo degli eventi naturali si verifica nel solo mese di luglio, con il Ticino e il cantone di Berna pi\u00f9 frequentemente colpiti Questi forti temporali si verificano pi\u00f9 frequentemente quando i signori svizzeri lo desiderano meno: nei mesi estivi di giugno e luglio, che rappresentano pi\u00f9 della met\u00e0 degli eventi naturali (circa 110'000). E per coloro che non vedono l'ora di fare un tuffo rinfrescante nel lago a temperature di mezza estate: la probabilit\u00e0 di un temporale \u00e8 maggiore a luglio a causa delle numerose tempeste di calore - con un totale di 70.000 eventi naturali, luglio occupa il primo posto solitario di Allianz Suisse.<\/p>\n<p>Per inciso, i mesi con il minor numero di sinistri dovuti a eventi naturali in un confronto a lungo termine sono novembre (circa 4.700 sinistri), febbraio (circa 6.200 sinistri) e ottobre (circa 6.500 sinistri). E cosa rivela anche la statistica dei sinistri: la maggior parte dei sinistri dovuti a eventi naturali viene segnalata ad Allianz Suisse dai cantoni di Berna e Ticino (circa 25.000 sinistri ciascuno), seguiti da Zurigo (circa 23.000 sinistri). Dal punto di vista dell'assicuratore, il cantone di Appenzello Interno \u00e8 in fondo a questa classifica cantonale, con solo 86 sinistri dal 2006 - anche se con circa 16.000 abitanti, \u00e8 anche il cantone meno popoloso della Svizzera.<\/p>\n<p><a href=\"http:\/\/www.allianz.ch\" target=\"_blank\" data-cke-saved-href=\"http:\/\/www.allianz.ch\">http:\/\/www.allianz.ch<\/a><\/p>\n<p>&nbsp;<\/p>","protected":false},"excerpt":{"rendered":"<p>Besonders betroffen von Naturereignissen sind dabei die Kantone Bern, Tessin und Z\u00fcrich. Sintflutartige Regenf\u00e4lle, tennisballgrosse Hagelk\u00f6rner, heftige St\u00fcrme, Erdrutsche: Die Schweiz ist aufgrund ihrer topographischen Lage immer wieder schweren Unwettern ausgesetzt. Die daraus entstehenden Sch\u00e4den sind zum Teil immens, wie der Naturereigniskalender der Allianz Suisse zeigt. Vor allem Hagel und \u00dcberschwemmungen haben in den letzten [&hellip;]<\/p>\n","protected":false},"author":1,"featured_media":179,"comment_status":"open","ping_status":"open","sticky":false,"template":"","format":"standard","meta":{"_acf_changed":false,"footnotes":""},"categories":[4],"tags":[3326],"class_list":["post-506","post","type-post","status-publish","format-standard","has-post-thumbnail","hentry","category-risikomanagement","tag-risikomanagement"],"acf":[],"yoast_head":"<!-- This site is optimized with the Yoast SEO plugin v26.2 - https:\/\/yoast.com\/wordpress\/plugins\/seo\/ -->\n<title>Naturereigniskalender: Die meisten Unwetter gibt es im Juli - MQ Management und Qualit\u00e4t<\/title>\n<meta name=\"description\" content=\"Unwetter: Das Wetter der vergangenen Wochen zeigte sich in der Schweiz nicht gerade von der freundlichen Seite.\" \/>\n<meta name=\"robots\" content=\"index, follow, max-snippet:-1, max-image-preview:large, max-video-preview:-1\" \/>\n<link rel=\"canonical\" href=\"https:\/\/www.m-q.ch\/it\/calendario-degli-eventi-naturali-il-tempo-piu-intenso-si-verifica-a-luglio\/\" \/>\n<meta property=\"og:locale\" content=\"it_IT\" \/>\n<meta property=\"og:type\" content=\"article\" \/>\n<meta property=\"og:title\" content=\"Naturereigniskalender: Die meisten Unwetter gibt es im Juli - MQ Management und Qualit\u00e4t\" \/>\n<meta property=\"og:description\" content=\"Unwetter: Das Wetter der vergangenen Wochen zeigte sich in der Schweiz nicht gerade von der freundlichen Seite.\" \/>\n<meta property=\"og:url\" content=\"https:\/\/www.m-q.ch\/it\/calendario-degli-eventi-naturali-il-tempo-piu-intenso-si-verifica-a-luglio\/\" \/>\n<meta property=\"og:site_name\" content=\"MQ Management und Qualit\u00e4t\" \/>\n<meta property=\"article:publisher\" content=\"https:\/\/www.facebook.com\/ManagementUndQualitaet\" \/>\n<meta property=\"article:published_time\" content=\"2016-07-11T13:32:18+00:00\" \/>\n<meta property=\"article:modified_time\" content=\"2017-03-01T12:00:05+00:00\" \/>\n<meta property=\"og:image\" content=\"https:\/\/www.m-q.ch\/wp-content\/uploads\/2016\/12\/Naturereigniskalender-Die-meisten-Unwetter-gibt-es-im-Juli-management-und-qualitaet.jpg\" \/>\n\t<meta property=\"og:image:width\" content=\"560\" \/>\n\t<meta property=\"og:image:height\" content=\"350\" \/>\n\t<meta property=\"og:image:type\" content=\"image\/jpeg\" \/>\n<meta name=\"author\" content=\"galledia\" \/>\n<meta name=\"twitter:card\" content=\"summary_large_image\" \/>\n<meta name=\"twitter:label1\" content=\"Scritto da\" \/>\n\t<meta name=\"twitter:data1\" content=\"galledia\" \/>\n\t<meta name=\"twitter:label2\" content=\"Tempo di lettura stimato\" \/>\n\t<meta name=\"twitter:data2\" content=\"3 minuti\" \/>\n<script type=\"application\/ld+json\" class=\"yoast-schema-graph\">{\"@context\":\"https:\/\/schema.org\",\"@graph\":[{\"@type\":\"Article\",\"@id\":\"https:\/\/www.m-q.ch\/naturereigniskalender-die-meisten-unwetter-gibt-es-im-juli\/#article\",\"isPartOf\":{\"@id\":\"https:\/\/www.m-q.ch\/naturereigniskalender-die-meisten-unwetter-gibt-es-im-juli\/\"},\"author\":{\"name\":\"galledia\",\"@id\":\"https:\/\/www.m-q.ch\/fr\/#\/schema\/person\/c0139a2c55a374db6df2cde78ec87148\"},\"headline\":\"Naturereigniskalender: Die meisten Unwetter gibt es im Juli\",\"datePublished\":\"2016-07-11T13:32:18+00:00\",\"dateModified\":\"2017-03-01T12:00:05+00:00\",\"mainEntityOfPage\":{\"@id\":\"https:\/\/www.m-q.ch\/naturereigniskalender-die-meisten-unwetter-gibt-es-im-juli\/\"},\"wordCount\":635,\"commentCount\":0,\"publisher\":{\"@id\":\"https:\/\/www.m-q.ch\/fr\/#organization\"},\"image\":{\"@id\":\"https:\/\/www.m-q.ch\/naturereigniskalender-die-meisten-unwetter-gibt-es-im-juli\/#primaryimage\"},\"thumbnailUrl\":\"https:\/\/www.m-q.ch\/wp-content\/uploads\/2016\/12\/Naturereigniskalender-Die-meisten-Unwetter-gibt-es-im-Juli-management-und-qualitaet.jpg\",\"keywords\":[\"Risikomanagement\"],\"articleSection\":[\"Risikomanagement\"],\"inLanguage\":\"it-IT\"},{\"@type\":\"WebPage\",\"@id\":\"https:\/\/www.m-q.ch\/naturereigniskalender-die-meisten-unwetter-gibt-es-im-juli\/\",\"url\":\"https:\/\/www.m-q.ch\/naturereigniskalender-die-meisten-unwetter-gibt-es-im-juli\/\",\"name\":\"Naturereigniskalender: Die meisten Unwetter gibt es im Juli - MQ Management und Qualit\u00e4t\",\"isPartOf\":{\"@id\":\"https:\/\/www.m-q.ch\/fr\/#website\"},\"primaryImageOfPage\":{\"@id\":\"https:\/\/www.m-q.ch\/naturereigniskalender-die-meisten-unwetter-gibt-es-im-juli\/#primaryimage\"},\"image\":{\"@id\":\"https:\/\/www.m-q.ch\/naturereigniskalender-die-meisten-unwetter-gibt-es-im-juli\/#primaryimage\"},\"thumbnailUrl\":\"https:\/\/www.m-q.ch\/wp-content\/uploads\/2016\/12\/Naturereigniskalender-Die-meisten-Unwetter-gibt-es-im-Juli-management-und-qualitaet.jpg\",\"datePublished\":\"2016-07-11T13:32:18+00:00\",\"dateModified\":\"2017-03-01T12:00:05+00:00\",\"description\":\"Unwetter: Das Wetter der vergangenen Wochen zeigte sich in der Schweiz nicht gerade von der freundlichen Seite.\",\"breadcrumb\":{\"@id\":\"https:\/\/www.m-q.ch\/naturereigniskalender-die-meisten-unwetter-gibt-es-im-juli\/#breadcrumb\"},\"inLanguage\":\"it-IT\",\"potentialAction\":[{\"@type\":\"ReadAction\",\"target\":[\"https:\/\/www.m-q.ch\/naturereigniskalender-die-meisten-unwetter-gibt-es-im-juli\/\"]}]},{\"@type\":\"ImageObject\",\"inLanguage\":\"it-IT\",\"@id\":\"https:\/\/www.m-q.ch\/naturereigniskalender-die-meisten-unwetter-gibt-es-im-juli\/#primaryimage\",\"url\":\"https:\/\/www.m-q.ch\/wp-content\/uploads\/2016\/12\/Naturereigniskalender-Die-meisten-Unwetter-gibt-es-im-Juli-management-und-qualitaet.jpg\",\"contentUrl\":\"https:\/\/www.m-q.ch\/wp-content\/uploads\/2016\/12\/Naturereigniskalender-Die-meisten-Unwetter-gibt-es-im-Juli-management-und-qualitaet.jpg\",\"width\":560,\"height\":350,\"caption\":\"Bei Temperaturschwankungen kommt es immer wieder zu Hagelsch\u00e4den.\"},{\"@type\":\"BreadcrumbList\",\"@id\":\"https:\/\/www.m-q.ch\/naturereigniskalender-die-meisten-unwetter-gibt-es-im-juli\/#breadcrumb\",\"itemListElement\":[{\"@type\":\"ListItem\",\"position\":1,\"name\":\"Risikomanagement\",\"item\":\"https:\/\/www.m-q.ch\/kategorie\/risikomanagement\/\"},{\"@type\":\"ListItem\",\"position\":2,\"name\":\"Naturereigniskalender: Die meisten Unwetter gibt es im Juli\"}]},{\"@type\":\"WebSite\",\"@id\":\"https:\/\/www.m-q.ch\/fr\/#website\",\"url\":\"https:\/\/www.m-q.ch\/fr\/\",\"name\":\"MQ Management und Qualit\u00e4t\",\"description\":\"Plattform f\u00fcr integrierte Managementsysteme.\",\"publisher\":{\"@id\":\"https:\/\/www.m-q.ch\/fr\/#organization\"},\"potentialAction\":[{\"@type\":\"SearchAction\",\"target\":{\"@type\":\"EntryPoint\",\"urlTemplate\":\"https:\/\/www.m-q.ch\/fr\/?s={search_term_string}\"},\"query-input\":{\"@type\":\"PropertyValueSpecification\",\"valueRequired\":true,\"valueName\":\"search_term_string\"}}],\"inLanguage\":\"it-IT\"},{\"@type\":\"Organization\",\"@id\":\"https:\/\/www.m-q.ch\/fr\/#organization\",\"name\":\"Galledia Fachmedien AG\",\"url\":\"https:\/\/www.m-q.ch\/fr\/\",\"logo\":{\"@type\":\"ImageObject\",\"inLanguage\":\"it-IT\",\"@id\":\"https:\/\/www.m-q.ch\/fr\/#\/schema\/logo\/image\/\",\"url\":\"https:\/\/www.m-q.ch\/wp-content\/uploads\/2020\/12\/cropped-logo_small.png\",\"contentUrl\":\"https:\/\/www.m-q.ch\/wp-content\/uploads\/2020\/12\/cropped-logo_small.png\",\"width\":512,\"height\":512,\"caption\":\"Galledia Fachmedien AG\"},\"image\":{\"@id\":\"https:\/\/www.m-q.ch\/fr\/#\/schema\/logo\/image\/\"},\"sameAs\":[\"https:\/\/www.facebook.com\/ManagementUndQualitaet\",\"https:\/\/www.linkedin.com\/showcase\/17982321\/admin\/\"]},{\"@type\":\"Person\",\"@id\":\"https:\/\/www.m-q.ch\/fr\/#\/schema\/person\/c0139a2c55a374db6df2cde78ec87148\",\"name\":\"galledia\",\"image\":{\"@type\":\"ImageObject\",\"inLanguage\":\"it-IT\",\"@id\":\"https:\/\/www.m-q.ch\/fr\/#\/schema\/person\/image\/\",\"url\":\"https:\/\/secure.gravatar.com\/avatar\/66edf527eac29e9a5eb25bcada01f61a?s=96&d=mm&r=g\",\"contentUrl\":\"https:\/\/secure.gravatar.com\/avatar\/66edf527eac29e9a5eb25bcada01f61a?s=96&d=mm&r=g\",\"caption\":\"galledia\"},\"url\":\"https:\/\/www.m-q.ch\/it\/author\/galledia\/\"}]}<\/script>\n<!-- \/ Yoast SEO plugin. -->","yoast_head_json":{"title":"Calendario degli eventi naturali: la maggior parte delle tempeste si verifica in luglio - MQ Management und Qualit\u00e4t","description":"Temporali: Il tempo in Svizzera nelle ultime settimane non \u00e8 stato esattamente amichevole.","robots":{"index":"index","follow":"follow","max-snippet":"max-snippet:-1","max-image-preview":"max-image-preview:large","max-video-preview":"max-video-preview:-1"},"canonical":"https:\/\/www.m-q.ch\/it\/calendario-degli-eventi-naturali-il-tempo-piu-intenso-si-verifica-a-luglio\/","og_locale":"it_IT","og_type":"article","og_title":"Naturereigniskalender: Die meisten Unwetter gibt es im Juli - MQ Management und Qualit\u00e4t","og_description":"Unwetter: Das Wetter der vergangenen Wochen zeigte sich in der Schweiz nicht gerade von der freundlichen Seite.","og_url":"https:\/\/www.m-q.ch\/it\/calendario-degli-eventi-naturali-il-tempo-piu-intenso-si-verifica-a-luglio\/","og_site_name":"MQ Management und Qualit\u00e4t","article_publisher":"https:\/\/www.facebook.com\/ManagementUndQualitaet","article_published_time":"2016-07-11T13:32:18+00:00","article_modified_time":"2017-03-01T12:00:05+00:00","og_image":[{"width":560,"height":350,"url":"https:\/\/www.m-q.ch\/wp-content\/uploads\/2016\/12\/Naturereigniskalender-Die-meisten-Unwetter-gibt-es-im-Juli-management-und-qualitaet.jpg","type":"image\/jpeg"}],"author":"galledia","twitter_card":"summary_large_image","twitter_misc":{"Scritto da":"galledia","Tempo di lettura stimato":"3 minuti"},"schema":{"@context":"https:\/\/schema.org","@graph":[{"@type":"Article","@id":"https:\/\/www.m-q.ch\/naturereigniskalender-die-meisten-unwetter-gibt-es-im-juli\/#article","isPartOf":{"@id":"https:\/\/www.m-q.ch\/naturereigniskalender-die-meisten-unwetter-gibt-es-im-juli\/"},"author":{"name":"galledia","@id":"https:\/\/www.m-q.ch\/fr\/#\/schema\/person\/c0139a2c55a374db6df2cde78ec87148"},"headline":"Naturereigniskalender: Die meisten Unwetter gibt es im Juli","datePublished":"2016-07-11T13:32:18+00:00","dateModified":"2017-03-01T12:00:05+00:00","mainEntityOfPage":{"@id":"https:\/\/www.m-q.ch\/naturereigniskalender-die-meisten-unwetter-gibt-es-im-juli\/"},"wordCount":635,"commentCount":0,"publisher":{"@id":"https:\/\/www.m-q.ch\/fr\/#organization"},"image":{"@id":"https:\/\/www.m-q.ch\/naturereigniskalender-die-meisten-unwetter-gibt-es-im-juli\/#primaryimage"},"thumbnailUrl":"https:\/\/www.m-q.ch\/wp-content\/uploads\/2016\/12\/Naturereigniskalender-Die-meisten-Unwetter-gibt-es-im-Juli-management-und-qualitaet.jpg","keywords":["Risikomanagement"],"articleSection":["Risikomanagement"],"inLanguage":"it-IT"},{"@type":"WebPage","@id":"https:\/\/www.m-q.ch\/naturereigniskalender-die-meisten-unwetter-gibt-es-im-juli\/","url":"https:\/\/www.m-q.ch\/naturereigniskalender-die-meisten-unwetter-gibt-es-im-juli\/","name":"Calendario degli eventi naturali: la maggior parte delle tempeste si verifica in luglio - MQ Management und Qualit\u00e4t","isPartOf":{"@id":"https:\/\/www.m-q.ch\/fr\/#website"},"primaryImageOfPage":{"@id":"https:\/\/www.m-q.ch\/naturereigniskalender-die-meisten-unwetter-gibt-es-im-juli\/#primaryimage"},"image":{"@id":"https:\/\/www.m-q.ch\/naturereigniskalender-die-meisten-unwetter-gibt-es-im-juli\/#primaryimage"},"thumbnailUrl":"https:\/\/www.m-q.ch\/wp-content\/uploads\/2016\/12\/Naturereigniskalender-Die-meisten-Unwetter-gibt-es-im-Juli-management-und-qualitaet.jpg","datePublished":"2016-07-11T13:32:18+00:00","dateModified":"2017-03-01T12:00:05+00:00","description":"Temporali: Il tempo in Svizzera nelle ultime settimane non \u00e8 stato esattamente amichevole.","breadcrumb":{"@id":"https:\/\/www.m-q.ch\/naturereigniskalender-die-meisten-unwetter-gibt-es-im-juli\/#breadcrumb"},"inLanguage":"it-IT","potentialAction":[{"@type":"ReadAction","target":["https:\/\/www.m-q.ch\/naturereigniskalender-die-meisten-unwetter-gibt-es-im-juli\/"]}]},{"@type":"ImageObject","inLanguage":"it-IT","@id":"https:\/\/www.m-q.ch\/naturereigniskalender-die-meisten-unwetter-gibt-es-im-juli\/#primaryimage","url":"https:\/\/www.m-q.ch\/wp-content\/uploads\/2016\/12\/Naturereigniskalender-Die-meisten-Unwetter-gibt-es-im-Juli-management-und-qualitaet.jpg","contentUrl":"https:\/\/www.m-q.ch\/wp-content\/uploads\/2016\/12\/Naturereigniskalender-Die-meisten-Unwetter-gibt-es-im-Juli-management-und-qualitaet.jpg","width":560,"height":350,"caption":"Bei Temperaturschwankungen kommt es immer wieder zu Hagelsch\u00e4den."},{"@type":"BreadcrumbList","@id":"https:\/\/www.m-q.ch\/naturereigniskalender-die-meisten-unwetter-gibt-es-im-juli\/#breadcrumb","itemListElement":[{"@type":"ListItem","position":1,"name":"Risikomanagement","item":"https:\/\/www.m-q.ch\/kategorie\/risikomanagement\/"},{"@type":"ListItem","position":2,"name":"Naturereigniskalender: Die meisten Unwetter gibt es im Juli"}]},{"@type":"WebSite","@id":"https:\/\/www.m-q.ch\/fr\/#website","url":"https:\/\/www.m-q.ch\/fr\/","name":"Gestione e qualit\u00e0 MQ","description":"Piattaforma per sistemi di gestione integrati.","publisher":{"@id":"https:\/\/www.m-q.ch\/fr\/#organization"},"potentialAction":[{"@type":"SearchAction","target":{"@type":"EntryPoint","urlTemplate":"https:\/\/www.m-q.ch\/fr\/?s={search_term_string}"},"query-input":{"@type":"PropertyValueSpecification","valueRequired":true,"valueName":"search_term_string"}}],"inLanguage":"it-IT"},{"@type":"Organization","@id":"https:\/\/www.m-q.ch\/fr\/#organization","name":"Galledia Fachmedien AG","url":"https:\/\/www.m-q.ch\/fr\/","logo":{"@type":"ImageObject","inLanguage":"it-IT","@id":"https:\/\/www.m-q.ch\/fr\/#\/schema\/logo\/image\/","url":"https:\/\/www.m-q.ch\/wp-content\/uploads\/2020\/12\/cropped-logo_small.png","contentUrl":"https:\/\/www.m-q.ch\/wp-content\/uploads\/2020\/12\/cropped-logo_small.png","width":512,"height":512,"caption":"Galledia Fachmedien AG"},"image":{"@id":"https:\/\/www.m-q.ch\/fr\/#\/schema\/logo\/image\/"},"sameAs":["https:\/\/www.facebook.com\/ManagementUndQualitaet","https:\/\/www.linkedin.com\/showcase\/17982321\/admin\/"]},{"@type":"Person","@id":"https:\/\/www.m-q.ch\/fr\/#\/schema\/person\/c0139a2c55a374db6df2cde78ec87148","name":"galleria","image":{"@type":"ImageObject","inLanguage":"it-IT","@id":"https:\/\/www.m-q.ch\/fr\/#\/schema\/person\/image\/","url":"https:\/\/secure.gravatar.com\/avatar\/66edf527eac29e9a5eb25bcada01f61a?s=96&d=mm&r=g","contentUrl":"https:\/\/secure.gravatar.com\/avatar\/66edf527eac29e9a5eb25bcada01f61a?s=96&d=mm&r=g","caption":"galledia"},"url":"https:\/\/www.m-q.ch\/it\/author\/galledia\/"}]}},"_links":{"self":[{"href":"https:\/\/www.m-q.ch\/it\/wp-json\/wp\/v2\/posts\/506","targetHints":{"allow":["GET"]}}],"collection":[{"href":"https:\/\/www.m-q.ch\/it\/wp-json\/wp\/v2\/posts"}],"about":[{"href":"https:\/\/www.m-q.ch\/it\/wp-json\/wp\/v2\/types\/post"}],"author":[{"embeddable":true,"href":"https:\/\/www.m-q.ch\/it\/wp-json\/wp\/v2\/users\/1"}],"replies":[{"embeddable":true,"href":"https:\/\/www.m-q.ch\/it\/wp-json\/wp\/v2\/comments?post=506"}],"version-history":[{"count":3,"href":"https:\/\/www.m-q.ch\/it\/wp-json\/wp\/v2\/posts\/506\/revisions"}],"predecessor-version":[{"id":1086,"href":"https:\/\/www.m-q.ch\/it\/wp-json\/wp\/v2\/posts\/506\/revisions\/1086"}],"wp:featuredmedia":[{"embeddable":true,"href":"https:\/\/www.m-q.ch\/it\/wp-json\/wp\/v2\/media\/179"}],"wp:attachment":[{"href":"https:\/\/www.m-q.ch\/it\/wp-json\/wp\/v2\/media?parent=506"}],"wp:term":[{"taxonomy":"category","embeddable":true,"href":"https:\/\/www.m-q.ch\/it\/wp-json\/wp\/v2\/categories?post=506"},{"taxonomy":"post_tag","embeddable":true,"href":"https:\/\/www.m-q.ch\/it\/wp-json\/wp\/v2\/tags?post=506"}],"curies":[{"name":"wp","href":"https:\/\/api.w.org\/{rel}","templated":true}]}}