{"id":508,"date":"2016-07-12T15:33:15","date_gmt":"2016-07-12T13:33:15","guid":{"rendered":"http:\/\/dev.m-q.ch\/?p=508"},"modified":"2017-03-01T12:55:24","modified_gmt":"2017-03-01T11:55:24","slug":"messer-schweiz-ag-al-top","status":"publish","type":"post","link":"https:\/\/www.m-q.ch\/it\/messer-schweiz-ag-an-der-spitze\/","title":{"rendered":"Messer Schweiz AG al top"},"content":{"rendered":"<figure id=\"attachment_172\" aria-describedby=\"caption-attachment-172\" style=\"width: 680px\" class=\"wp-caption alignnone\"><a href=\"https:\/\/m-q.ch\/wp-content\/uploads\/2016\/12\/Messer-Schweiz-AG-an-der-Spitze-management-und-qualitaet.jpg\"><img loading=\"lazy\" decoding=\"async\" class=\"wp-image-172 size-medium\" src=\"https:\/\/www.m-q.ch\/wp-content\/uploads\/2016\/12\/Messer-Schweiz-AG-an-der-Spitze-management-und-qualitaet-680x468.jpg\" width=\"680\" height=\"468\" srcset=\"https:\/\/www.m-q.ch\/wp-content\/uploads\/2016\/12\/Messer-Schweiz-AG-an-der-Spitze-management-und-qualitaet-680x468.jpg 680w, https:\/\/www.m-q.ch\/wp-content\/uploads\/2016\/12\/Messer-Schweiz-AG-an-der-Spitze-management-und-qualitaet-16x12.jpg 16w, https:\/\/www.m-q.ch\/wp-content\/uploads\/2016\/12\/Messer-Schweiz-AG-an-der-Spitze-management-und-qualitaet-254x175.jpg 254w, https:\/\/www.m-q.ch\/wp-content\/uploads\/2016\/12\/Messer-Schweiz-AG-an-der-Spitze-management-und-qualitaet-508x350.jpg 508w, https:\/\/www.m-q.ch\/wp-content\/uploads\/2016\/12\/Messer-Schweiz-AG-an-der-Spitze-management-und-qualitaet-300x207.jpg 300w, https:\/\/www.m-q.ch\/wp-content\/uploads\/2016\/12\/Messer-Schweiz-AG-an-der-Spitze-management-und-qualitaet.jpg 768w, https:\/\/www.m-q.ch\/wp-content\/uploads\/2016\/12\/Messer-Schweiz-AG-an-der-Spitze-management-und-qualitaet-624x430.jpg 624w\" sizes=\"auto, (max-width: 680px) 100vw, 680px\" \/><\/a><figcaption id=\"caption-attachment-172\" class=\"wp-caption-text\">Messer oggi. Le radici della Messer Schweiz AG si trovano nella Suurstoffi di Lenzburg. (Immagine zVg)<\/figcaption><\/figure>\n<p>Messer \u00e8 gi\u00e0 in grado di fornire 40-50 stazioni di rifornimento di idrogeno. Nel settore sanitario, Messer sta espandendo significativamente la sua leadership di mercato per i gas medicali. Gli ospedali pubblici e privati stanno investendo in nuovi edifici e strutture tecniche interne. In qualit\u00e0 di principale produttore di impianti certificato (ISO13485) in Svizzera, Messer sta vivendo un vero e proprio boom di nuove costruzioni e la modernizzazione di sistemi di tubazioni obsoleti.<\/p>\n<p>Il fatturato dello specialista dei gas industriali Messer \u00e8 cresciuto del 50% negli ultimi dieci anni (2005-2015). L'ex \"Suurstoffi\" di Lenzburg \u00e8 ora uno dei principali fornitori di gas in Svizzera e sta continuando a espandere il sito di produzione di Lenzburg con nuovi impianti di riempimento e un nuovo edificio amministrativo. L'azienda sta rispondendo alle mutevoli condizioni del mercato con l'obiettivo di sviluppare meglio i segmenti di mercato promettenti. Con le innovazioni, come il riciclaggio di CO2, Messer \u00e8 ben attrezzata per il futuro.<\/p>\n<p>Con il lancio di nuovi prodotti, si prospetta un'offensiva nell'industria farmaceutica. Qui, Messer ha nuovi gas, aree di applicazione e tecnologie che sono favorevoli alla crescita sostenibile.<\/p>\n<p><strong>Senza gas, la Svizzera si ferma<\/strong><\/p>\n<p>Non c'\u00e8 quasi nessun prodotto che non possa essere associato al gas. Praticamente noti sono il propano per il barbecue da giardino, l'anidride carbonica nell'acqua minerale, i gas per la saldatura e l'elio nei palloncini. Come partner flessibile e allo stesso tempo altamente specializzato, Messer Schweiz AG \u00e8 fornitore di istituzioni di ricerca come l'Istituto Paul Scherrer e l'EMPA.<\/p>\n<p>Con il proprio impianto di separazione dell'aria sul sito Lonza a Visp, Messer Schweiz AG si impegna esplicitamente per la Svizzera come luogo di produzione.<\/p>\n<p>Questo agosto 2016, Messer AG Svizzera festeggia il suo 125\u00b0 anniversario. Potete trovare maggiori informazioni su:<\/p>\n<p><a href=\"http:\/\/www.messer.ch\" target=\"_blank\" data-cke-saved-href=\"http:\/\/www.messer.ch\">http:\/\/www.messer.ch<\/a><\/p>\n<p>&nbsp;<\/p>","protected":false},"excerpt":{"rendered":"<p>Messer ist bereits heute in der Lage, 40-50 Wasserstoff-Tankstellen zu beliefern. In der Gesundheitsindustrie baut Messer die Marktf\u00fchrerschaft f\u00fcr medizinische Gase deutlich aus. \u00d6ffentliche und private Spit\u00e4ler investieren in neue Geb\u00e4ude und hausinterne Technikanlagen. Als f\u00fchrender zertifizierter Anlagenbauer (ISO13485) in der Schweiz, erlebt Messer einen regelrechten Boom bei Neubauten und der Modernisierung veralteter Rohrleitungssysteme. Der [&hellip;]<\/p>\n","protected":false},"author":1,"featured_media":172,"comment_status":"open","ping_status":"open","sticky":false,"template":"","format":"standard","meta":{"_acf_changed":false,"footnotes":""},"categories":[1],"tags":[3352],"class_list":["post-508","post","type-post","status-publish","format-standard","has-post-thumbnail","hentry","category-unkategorisiert","tag-unternehmen"],"acf":[],"yoast_head":"<!-- This site is optimized with the Yoast SEO plugin v26.2 - https:\/\/yoast.com\/wordpress\/plugins\/seo\/ -->\n<title>Messer Schweiz AG an der Spitze - MQ Management und Qualit\u00e4t<\/title>\n<meta name=\"description\" content=\"Die Messer Schweiz AG ist stark verankert in der Schweizer MEM-Industrie.\" \/>\n<meta name=\"robots\" content=\"index, follow, max-snippet:-1, max-image-preview:large, max-video-preview:-1\" \/>\n<link rel=\"canonical\" href=\"https:\/\/www.m-q.ch\/it\/knife-switzerland-ag-at-the-top\/\" \/>\n<meta property=\"og:locale\" content=\"it_IT\" \/>\n<meta property=\"og:type\" content=\"article\" \/>\n<meta property=\"og:title\" content=\"Messer Schweiz AG an der Spitze - MQ Management und Qualit\u00e4t\" \/>\n<meta property=\"og:description\" content=\"Die Messer Schweiz AG ist stark verankert in der Schweizer MEM-Industrie.\" \/>\n<meta property=\"og:url\" content=\"https:\/\/www.m-q.ch\/it\/knife-switzerland-ag-at-the-top\/\" \/>\n<meta property=\"og:site_name\" content=\"MQ Management und Qualit\u00e4t\" \/>\n<meta property=\"article:publisher\" content=\"https:\/\/www.facebook.com\/ManagementUndQualitaet\" \/>\n<meta property=\"article:published_time\" content=\"2016-07-12T13:33:15+00:00\" \/>\n<meta property=\"article:modified_time\" content=\"2017-03-01T11:55:24+00:00\" \/>\n<meta property=\"og:image\" content=\"https:\/\/www.m-q.ch\/wp-content\/uploads\/2016\/12\/Messer-Schweiz-AG-an-der-Spitze-management-und-qualitaet.jpg\" \/>\n\t<meta property=\"og:image:width\" content=\"768\" \/>\n\t<meta property=\"og:image:height\" content=\"529\" \/>\n\t<meta property=\"og:image:type\" content=\"image\/jpeg\" \/>\n<meta name=\"author\" content=\"galledia\" \/>\n<meta name=\"twitter:card\" content=\"summary_large_image\" \/>\n<meta name=\"twitter:label1\" content=\"Scritto da\" \/>\n\t<meta name=\"twitter:data1\" content=\"galledia\" \/>\n\t<meta name=\"twitter:label2\" content=\"Tempo di lettura stimato\" \/>\n\t<meta name=\"twitter:data2\" content=\"1 minuto\" \/>\n<script type=\"application\/ld+json\" class=\"yoast-schema-graph\">{\"@context\":\"https:\/\/schema.org\",\"@graph\":[{\"@type\":\"Article\",\"@id\":\"https:\/\/www.m-q.ch\/en\/knife-switzerland-ag-at-the-top\/#article\",\"isPartOf\":{\"@id\":\"https:\/\/www.m-q.ch\/en\/knife-switzerland-ag-at-the-top\/\"},\"author\":{\"name\":\"galledia\",\"@id\":\"https:\/\/www.m-q.ch\/fr\/#\/schema\/person\/c0139a2c55a374db6df2cde78ec87148\"},\"headline\":\"Messer Schweiz AG an der Spitze\",\"datePublished\":\"2016-07-12T13:33:15+00:00\",\"dateModified\":\"2017-03-01T11:55:24+00:00\",\"mainEntityOfPage\":{\"@id\":\"https:\/\/www.m-q.ch\/en\/knife-switzerland-ag-at-the-top\/\"},\"wordCount\":300,\"commentCount\":0,\"publisher\":{\"@id\":\"https:\/\/www.m-q.ch\/fr\/#organization\"},\"image\":{\"@id\":\"https:\/\/www.m-q.ch\/en\/knife-switzerland-ag-at-the-top\/#primaryimage\"},\"thumbnailUrl\":\"https:\/\/www.m-q.ch\/wp-content\/uploads\/2016\/12\/Messer-Schweiz-AG-an-der-Spitze-management-und-qualitaet.jpg\",\"keywords\":[\"Unternehmen\"],\"articleSection\":[\"Unkategorisiert\"],\"inLanguage\":\"it-IT\"},{\"@type\":\"WebPage\",\"@id\":\"https:\/\/www.m-q.ch\/en\/knife-switzerland-ag-at-the-top\/\",\"url\":\"https:\/\/www.m-q.ch\/en\/knife-switzerland-ag-at-the-top\/\",\"name\":\"Messer Schweiz AG an der Spitze - MQ Management und Qualit\u00e4t\",\"isPartOf\":{\"@id\":\"https:\/\/www.m-q.ch\/fr\/#website\"},\"primaryImageOfPage\":{\"@id\":\"https:\/\/www.m-q.ch\/en\/knife-switzerland-ag-at-the-top\/#primaryimage\"},\"image\":{\"@id\":\"https:\/\/www.m-q.ch\/en\/knife-switzerland-ag-at-the-top\/#primaryimage\"},\"thumbnailUrl\":\"https:\/\/www.m-q.ch\/wp-content\/uploads\/2016\/12\/Messer-Schweiz-AG-an-der-Spitze-management-und-qualitaet.jpg\",\"datePublished\":\"2016-07-12T13:33:15+00:00\",\"dateModified\":\"2017-03-01T11:55:24+00:00\",\"description\":\"Die Messer Schweiz AG ist stark verankert in der Schweizer MEM-Industrie.\",\"breadcrumb\":{\"@id\":\"https:\/\/www.m-q.ch\/en\/knife-switzerland-ag-at-the-top\/#breadcrumb\"},\"inLanguage\":\"it-IT\",\"potentialAction\":[{\"@type\":\"ReadAction\",\"target\":[\"https:\/\/www.m-q.ch\/en\/knife-switzerland-ag-at-the-top\/\"]}]},{\"@type\":\"ImageObject\",\"inLanguage\":\"it-IT\",\"@id\":\"https:\/\/www.m-q.ch\/en\/knife-switzerland-ag-at-the-top\/#primaryimage\",\"url\":\"https:\/\/www.m-q.ch\/wp-content\/uploads\/2016\/12\/Messer-Schweiz-AG-an-der-Spitze-management-und-qualitaet.jpg\",\"contentUrl\":\"https:\/\/www.m-q.ch\/wp-content\/uploads\/2016\/12\/Messer-Schweiz-AG-an-der-Spitze-management-und-qualitaet.jpg\",\"width\":768,\"height\":529,\"caption\":\"Messer heute. Die Wurzeln der Messer Schweiz AG liegen in der Suurstoffi in Lenzburg. (Bild zVg)\"},{\"@type\":\"BreadcrumbList\",\"@id\":\"https:\/\/www.m-q.ch\/en\/knife-switzerland-ag-at-the-top\/#breadcrumb\",\"itemListElement\":[{\"@type\":\"ListItem\",\"position\":1,\"name\":\"Unkategorisiert\",\"item\":\"https:\/\/www.m-q.ch\/it\/categoria\/senza-categoria\/\"},{\"@type\":\"ListItem\",\"position\":2,\"name\":\"Messer Schweiz AG an der Spitze\"}]},{\"@type\":\"WebSite\",\"@id\":\"https:\/\/www.m-q.ch\/fr\/#website\",\"url\":\"https:\/\/www.m-q.ch\/fr\/\",\"name\":\"MQ Management und Qualit\u00e4t\",\"description\":\"Plattform f\u00fcr integrierte Managementsysteme.\",\"publisher\":{\"@id\":\"https:\/\/www.m-q.ch\/fr\/#organization\"},\"potentialAction\":[{\"@type\":\"SearchAction\",\"target\":{\"@type\":\"EntryPoint\",\"urlTemplate\":\"https:\/\/www.m-q.ch\/fr\/?s={search_term_string}\"},\"query-input\":{\"@type\":\"PropertyValueSpecification\",\"valueRequired\":true,\"valueName\":\"search_term_string\"}}],\"inLanguage\":\"it-IT\"},{\"@type\":\"Organization\",\"@id\":\"https:\/\/www.m-q.ch\/fr\/#organization\",\"name\":\"Galledia Fachmedien AG\",\"url\":\"https:\/\/www.m-q.ch\/fr\/\",\"logo\":{\"@type\":\"ImageObject\",\"inLanguage\":\"it-IT\",\"@id\":\"https:\/\/www.m-q.ch\/fr\/#\/schema\/logo\/image\/\",\"url\":\"https:\/\/www.m-q.ch\/wp-content\/uploads\/2020\/12\/cropped-logo_small.png\",\"contentUrl\":\"https:\/\/www.m-q.ch\/wp-content\/uploads\/2020\/12\/cropped-logo_small.png\",\"width\":512,\"height\":512,\"caption\":\"Galledia Fachmedien AG\"},\"image\":{\"@id\":\"https:\/\/www.m-q.ch\/fr\/#\/schema\/logo\/image\/\"},\"sameAs\":[\"https:\/\/www.facebook.com\/ManagementUndQualitaet\",\"https:\/\/www.linkedin.com\/showcase\/17982321\/admin\/\"]},{\"@type\":\"Person\",\"@id\":\"https:\/\/www.m-q.ch\/fr\/#\/schema\/person\/c0139a2c55a374db6df2cde78ec87148\",\"name\":\"galledia\",\"image\":{\"@type\":\"ImageObject\",\"inLanguage\":\"it-IT\",\"@id\":\"https:\/\/www.m-q.ch\/fr\/#\/schema\/person\/image\/\",\"url\":\"https:\/\/secure.gravatar.com\/avatar\/66edf527eac29e9a5eb25bcada01f61a?s=96&d=mm&r=g\",\"contentUrl\":\"https:\/\/secure.gravatar.com\/avatar\/66edf527eac29e9a5eb25bcada01f61a?s=96&d=mm&r=g\",\"caption\":\"galledia\"},\"url\":\"https:\/\/www.m-q.ch\/it\/author\/galledia\/\"}]}<\/script>\n<!-- \/ Yoast SEO plugin. -->","yoast_head_json":{"title":"Messer Schweiz AG al top - MQ Management e Qualit\u00e0","description":"Messer Schweiz AG \u00e8 fortemente ancorata all'industria svizzera dei MEM.","robots":{"index":"index","follow":"follow","max-snippet":"max-snippet:-1","max-image-preview":"max-image-preview:large","max-video-preview":"max-video-preview:-1"},"canonical":"https:\/\/www.m-q.ch\/it\/knife-switzerland-ag-at-the-top\/","og_locale":"it_IT","og_type":"article","og_title":"Messer Schweiz AG an der Spitze - MQ Management und Qualit\u00e4t","og_description":"Die Messer Schweiz AG ist stark verankert in der Schweizer MEM-Industrie.","og_url":"https:\/\/www.m-q.ch\/it\/knife-switzerland-ag-at-the-top\/","og_site_name":"MQ Management und Qualit\u00e4t","article_publisher":"https:\/\/www.facebook.com\/ManagementUndQualitaet","article_published_time":"2016-07-12T13:33:15+00:00","article_modified_time":"2017-03-01T11:55:24+00:00","og_image":[{"width":768,"height":529,"url":"https:\/\/www.m-q.ch\/wp-content\/uploads\/2016\/12\/Messer-Schweiz-AG-an-der-Spitze-management-und-qualitaet.jpg","type":"image\/jpeg"}],"author":"galledia","twitter_card":"summary_large_image","twitter_misc":{"Scritto da":"galledia","Tempo di lettura stimato":"1 minuto"},"schema":{"@context":"https:\/\/schema.org","@graph":[{"@type":"Article","@id":"https:\/\/www.m-q.ch\/en\/knife-switzerland-ag-at-the-top\/#article","isPartOf":{"@id":"https:\/\/www.m-q.ch\/en\/knife-switzerland-ag-at-the-top\/"},"author":{"name":"galledia","@id":"https:\/\/www.m-q.ch\/fr\/#\/schema\/person\/c0139a2c55a374db6df2cde78ec87148"},"headline":"Messer Schweiz AG an der Spitze","datePublished":"2016-07-12T13:33:15+00:00","dateModified":"2017-03-01T11:55:24+00:00","mainEntityOfPage":{"@id":"https:\/\/www.m-q.ch\/en\/knife-switzerland-ag-at-the-top\/"},"wordCount":300,"commentCount":0,"publisher":{"@id":"https:\/\/www.m-q.ch\/fr\/#organization"},"image":{"@id":"https:\/\/www.m-q.ch\/en\/knife-switzerland-ag-at-the-top\/#primaryimage"},"thumbnailUrl":"https:\/\/www.m-q.ch\/wp-content\/uploads\/2016\/12\/Messer-Schweiz-AG-an-der-Spitze-management-und-qualitaet.jpg","keywords":["Unternehmen"],"articleSection":["Unkategorisiert"],"inLanguage":"it-IT"},{"@type":"WebPage","@id":"https:\/\/www.m-q.ch\/en\/knife-switzerland-ag-at-the-top\/","url":"https:\/\/www.m-q.ch\/en\/knife-switzerland-ag-at-the-top\/","name":"Messer Schweiz AG al top - MQ Management e Qualit\u00e0","isPartOf":{"@id":"https:\/\/www.m-q.ch\/fr\/#website"},"primaryImageOfPage":{"@id":"https:\/\/www.m-q.ch\/en\/knife-switzerland-ag-at-the-top\/#primaryimage"},"image":{"@id":"https:\/\/www.m-q.ch\/en\/knife-switzerland-ag-at-the-top\/#primaryimage"},"thumbnailUrl":"https:\/\/www.m-q.ch\/wp-content\/uploads\/2016\/12\/Messer-Schweiz-AG-an-der-Spitze-management-und-qualitaet.jpg","datePublished":"2016-07-12T13:33:15+00:00","dateModified":"2017-03-01T11:55:24+00:00","description":"Messer Schweiz AG \u00e8 fortemente ancorata all'industria svizzera dei MEM.","breadcrumb":{"@id":"https:\/\/www.m-q.ch\/en\/knife-switzerland-ag-at-the-top\/#breadcrumb"},"inLanguage":"it-IT","potentialAction":[{"@type":"ReadAction","target":["https:\/\/www.m-q.ch\/en\/knife-switzerland-ag-at-the-top\/"]}]},{"@type":"ImageObject","inLanguage":"it-IT","@id":"https:\/\/www.m-q.ch\/en\/knife-switzerland-ag-at-the-top\/#primaryimage","url":"https:\/\/www.m-q.ch\/wp-content\/uploads\/2016\/12\/Messer-Schweiz-AG-an-der-Spitze-management-und-qualitaet.jpg","contentUrl":"https:\/\/www.m-q.ch\/wp-content\/uploads\/2016\/12\/Messer-Schweiz-AG-an-der-Spitze-management-und-qualitaet.jpg","width":768,"height":529,"caption":"Messer heute. Die Wurzeln der Messer Schweiz AG liegen in der Suurstoffi in Lenzburg. (Bild zVg)"},{"@type":"BreadcrumbList","@id":"https:\/\/www.m-q.ch\/en\/knife-switzerland-ag-at-the-top\/#breadcrumb","itemListElement":[{"@type":"ListItem","position":1,"name":"Unkategorisiert","item":"https:\/\/www.m-q.ch\/it\/categoria\/senza-categoria\/"},{"@type":"ListItem","position":2,"name":"Messer Schweiz AG an der Spitze"}]},{"@type":"WebSite","@id":"https:\/\/www.m-q.ch\/fr\/#website","url":"https:\/\/www.m-q.ch\/fr\/","name":"Gestione e qualit\u00e0 MQ","description":"Piattaforma per sistemi di gestione integrati.","publisher":{"@id":"https:\/\/www.m-q.ch\/fr\/#organization"},"potentialAction":[{"@type":"SearchAction","target":{"@type":"EntryPoint","urlTemplate":"https:\/\/www.m-q.ch\/fr\/?s={search_term_string}"},"query-input":{"@type":"PropertyValueSpecification","valueRequired":true,"valueName":"search_term_string"}}],"inLanguage":"it-IT"},{"@type":"Organization","@id":"https:\/\/www.m-q.ch\/fr\/#organization","name":"Galledia Fachmedien AG","url":"https:\/\/www.m-q.ch\/fr\/","logo":{"@type":"ImageObject","inLanguage":"it-IT","@id":"https:\/\/www.m-q.ch\/fr\/#\/schema\/logo\/image\/","url":"https:\/\/www.m-q.ch\/wp-content\/uploads\/2020\/12\/cropped-logo_small.png","contentUrl":"https:\/\/www.m-q.ch\/wp-content\/uploads\/2020\/12\/cropped-logo_small.png","width":512,"height":512,"caption":"Galledia Fachmedien AG"},"image":{"@id":"https:\/\/www.m-q.ch\/fr\/#\/schema\/logo\/image\/"},"sameAs":["https:\/\/www.facebook.com\/ManagementUndQualitaet","https:\/\/www.linkedin.com\/showcase\/17982321\/admin\/"]},{"@type":"Person","@id":"https:\/\/www.m-q.ch\/fr\/#\/schema\/person\/c0139a2c55a374db6df2cde78ec87148","name":"galleria","image":{"@type":"ImageObject","inLanguage":"it-IT","@id":"https:\/\/www.m-q.ch\/fr\/#\/schema\/person\/image\/","url":"https:\/\/secure.gravatar.com\/avatar\/66edf527eac29e9a5eb25bcada01f61a?s=96&d=mm&r=g","contentUrl":"https:\/\/secure.gravatar.com\/avatar\/66edf527eac29e9a5eb25bcada01f61a?s=96&d=mm&r=g","caption":"galledia"},"url":"https:\/\/www.m-q.ch\/it\/author\/galledia\/"}]}},"_links":{"self":[{"href":"https:\/\/www.m-q.ch\/it\/wp-json\/wp\/v2\/posts\/508","targetHints":{"allow":["GET"]}}],"collection":[{"href":"https:\/\/www.m-q.ch\/it\/wp-json\/wp\/v2\/posts"}],"about":[{"href":"https:\/\/www.m-q.ch\/it\/wp-json\/wp\/v2\/types\/post"}],"author":[{"embeddable":true,"href":"https:\/\/www.m-q.ch\/it\/wp-json\/wp\/v2\/users\/1"}],"replies":[{"embeddable":true,"href":"https:\/\/www.m-q.ch\/it\/wp-json\/wp\/v2\/comments?post=508"}],"version-history":[{"count":2,"href":"https:\/\/www.m-q.ch\/it\/wp-json\/wp\/v2\/posts\/508\/revisions"}],"predecessor-version":[{"id":1083,"href":"https:\/\/www.m-q.ch\/it\/wp-json\/wp\/v2\/posts\/508\/revisions\/1083"}],"wp:featuredmedia":[{"embeddable":true,"href":"https:\/\/www.m-q.ch\/it\/wp-json\/wp\/v2\/media\/172"}],"wp:attachment":[{"href":"https:\/\/www.m-q.ch\/it\/wp-json\/wp\/v2\/media?parent=508"}],"wp:term":[{"taxonomy":"category","embeddable":true,"href":"https:\/\/www.m-q.ch\/it\/wp-json\/wp\/v2\/categories?post=508"},{"taxonomy":"post_tag","embeddable":true,"href":"https:\/\/www.m-q.ch\/it\/wp-json\/wp\/v2\/tags?post=508"}],"curies":[{"name":"wp","href":"https:\/\/api.w.org\/{rel}","templated":true}]}}