{"id":514,"date":"2016-07-18T15:36:37","date_gmt":"2016-07-18T13:36:37","guid":{"rendered":"http:\/\/dev.m-q.ch\/?p=514"},"modified":"2016-12-09T15:37:29","modified_gmt":"2016-12-09T14:37:29","slug":"consigli-di-sorveglianza-svizzeri-a-confronto","status":"publish","type":"post","link":"https:\/\/www.m-q.ch\/it\/schweizer-aufsichtsraete-im-vergleich\/","title":{"rendered":"Consigli di sorveglianza svizzeri a confronto"},"content":{"rendered":"<figure id=\"attachment_212\" aria-describedby=\"caption-attachment-212\" style=\"width: 424px\" class=\"wp-caption alignnone\"><a href=\"https:\/\/m-q.ch\/wp-content\/uploads\/2016\/12\/Schweizer-Aufsichtsr\u00e4te-im-Vergleich-management-und-qualitaet.jpg\"><img loading=\"lazy\" decoding=\"async\" class=\"size-full wp-image-212\" src=\"https:\/\/m-q.ch\/wp-content\/uploads\/2016\/12\/Schweizer-Aufsichtsr\u00e4te-im-Vergleich-management-und-qualitaet.jpg\" alt=\"\" width=\"424\" height=\"269\" srcset=\"https:\/\/www.m-q.ch\/wp-content\/uploads\/2016\/12\/Schweizer-Aufsichtsr\u00e4te-im-Vergleich-management-und-qualitaet.jpg 424w, https:\/\/www.m-q.ch\/wp-content\/uploads\/2016\/12\/Schweizer-Aufsichtsr\u00e4te-im-Vergleich-management-und-qualitaet-16x10.jpg 16w, https:\/\/www.m-q.ch\/wp-content\/uploads\/2016\/12\/Schweizer-Aufsichtsr\u00e4te-im-Vergleich-management-und-qualitaet-276x175.jpg 276w, https:\/\/www.m-q.ch\/wp-content\/uploads\/2016\/12\/Schweizer-Aufsichtsr\u00e4te-im-Vergleich-management-und-qualitaet-300x190.jpg 300w\" sizes=\"auto, (max-width: 424px) 100vw, 424px\" \/><\/a><figcaption id=\"caption-attachment-212\" class=\"wp-caption-text\">Ci sono anche consigli onorari. Per esempio, 30 donne e uomini sono volontari nel consiglio di amministrazione della Techniker Krankenkasse (TK) di Amburgo. (Immagine: Techniker Krankenkasse)<\/figcaption><\/figure>\n<blockquote><p>I rischi per le aziende non sono diminuiti, ma sono diventati significativamente maggiori negli ultimi anni.<\/p><\/blockquote>\n<p>I membri maschili del consiglio di sorveglianza guadagnano un quarto in pi\u00f9 delle loro colleghe. Di cui ancora non ce ne sono quasi pi\u00f9 nel consiglio di sorveglianza rispetto al 2011: se cinque anni fa quasi il 90 per cento dei membri del consiglio di sorveglianza erano uomini, oggi questa cifra \u00e8 ancora di otto su dieci. Questo \u00e8 il risultato di un recente studio sulla remunerazione e la composizione dei consigli di sorveglianza europei da parte della societ\u00e0 di consulenza in materia di risorse umane, talento e organizzazione Korn Ferry Hay Group.<\/p>\n<p><strong>La Svizzera al top dei salari<\/strong><\/p>\n<p>La Svizzera \u00e8 in cima alla tabella dei compensi per i presidenti dei consigli di sorveglianza con circa 950.000 euro, seguita da Regno Unito (460.000 euro), Italia (238.000 euro), Francia (250.000 euro), Svezia (197.000 euro) e Germania (188.000 euro). In fondo alla tabella ci sono l'Austria (30.000 euro) e la Norvegia (63.000 euro). In media, il capo di un consiglio di sorveglianza in Europa riceve circa 250.000 euro, e un semplice consiglio di sorveglianza 69.000 euro. La Germania \u00e8 sopra la media per quest'ultima. Coloro che supervisionano un'azienda qui ricevono una media di 90.000 euro di compenso. Questo \u00e8 un aumento del 50% negli ultimi cinque anni.<\/p>\n<p>Hubertus Graf Douglas, Managing Director di Korn Ferry Germany, dice: \"La velocit\u00e0 con cui le condizioni di business stanno cambiando oggi presenta alle aziende sfide senza precedenti.<\/p>\n<p>Allo stesso tempo, la complessit\u00e0 sta aumentando a causa della rete, della digitalizzazione e della globalizzazione. Il rischio di decisioni sbagliate aumenta esponenzialmente. Una situazione che \u00e8 particolarmente impegnativa per i consigli di sorveglianza di oggi. Tuttavia, bisogna notare che la composizione e la selezione dei candidati per i consigli di sorveglianza tedeschi non pu\u00f2 ancora competere con la professionalit\u00e0 degli svizzeri o degli anglosassoni.<\/p>\n<p>L\u00ec si presta un'attenzione intensa alle competenze e al profilo, e le procedure di selezione sono dure. Non bisogna dimenticare che i poteri dei capi del consiglio di sorveglianza o del consiglio di amministrazione sono anche molto pi\u00f9 ampi\".<\/p>\n<p><strong>Responsabilit\u00e0 parziale del rischio \u00a0\u00a0<\/strong><\/p>\n<p>E cos\u00ec il cento per cento degli organi di controllo tedeschi si occupa delle revisioni contabili, il 97 per cento della nomina del personale di punta delle aziende e il 70 per cento si occupa del modello di remunerazione dei top manager. Ma solo il 17% degli intervistati ha anche un comitato di rischio aziendale funzionale. In Italia, questo fa parte dell'attivit\u00e0 quotidiana dell'83% dei consigli di sorveglianza, in Svizzera del 30% e in Gran Bretagna del 29%.<\/p>\n<p>William Eggers dice: \"Questo risultato mi ha sorpreso personalmente. Dopo tutto, i rischi per le aziende non sono diventati pi\u00f9 piccoli, ma molto pi\u00f9 grandi negli ultimi anni. Ecco perch\u00e9 penso che sia obbligatorio che il 'rischio' sia saldamente ancorato in ogni consiglio di sorveglianza\".<\/p>\n<p><a href=\"http:\/\/www.kornferry.com\" target=\"_blank\" data-cke-saved-href=\"http:\/\/www.kornferry.com\">www.kornferry.com<\/a><\/p>","protected":false},"excerpt":{"rendered":"<p>Die Risiken f\u00fcr Unternehmen sind nicht kleiner, sondern in den vergangenen Jahren deutlich gr\u00f6sser geworden. M\u00e4nnliche Aufsichtsr\u00e4te verdienen ein Viertel mehr als ihre weiblichen Kolleginnen. Von denen es nach wie vor kaum mehr im Aufsichtsrat gibt als im Jahr 2011: Waren vor f\u00fcnf Jahren fast 90 Prozent der Aufsichtsr\u00e4te m\u00e4nnlichen Geschlechts, sind es auch heute [&hellip;]<\/p>\n","protected":false},"author":1,"featured_media":212,"comment_status":"open","ping_status":"open","sticky":false,"template":"","format":"standard","meta":{"_acf_changed":false,"footnotes":""},"categories":[1],"tags":[3362],"class_list":["post-514","post","type-post","status-publish","format-standard","has-post-thumbnail","hentry","category-unkategorisiert","tag-studie"],"acf":[],"yoast_head":"<!-- This site is optimized with the Yoast SEO plugin v26.2 - https:\/\/yoast.com\/wordpress\/plugins\/seo\/ -->\n<title>Schweizer Aufsichtsr\u00e4te im Vergleich - MQ Management und Qualit\u00e4t<\/title>\n<meta name=\"description\" content=\"Wie die Korn Ferry Hay Group in einem aktuellen Vergleich betont, gibt es Unterschiede bei den Geh\u00e4ltern der Vorsitzenden. Deutliche Gehaltsunterschiede gibt es auch zwischen m\u00e4nnlichen und weiblichen R\u00e4ten. Hintergr\u00fcnde und weitere interessante Punkte au\" \/>\n<meta name=\"robots\" content=\"index, follow, max-snippet:-1, max-image-preview:large, max-video-preview:-1\" \/>\n<link rel=\"canonical\" href=\"https:\/\/www.m-q.ch\/it\/swiss-supervisory-raete-im-comparison\/\" \/>\n<meta property=\"og:locale\" content=\"it_IT\" \/>\n<meta property=\"og:type\" content=\"article\" \/>\n<meta property=\"og:title\" content=\"Schweizer Aufsichtsr\u00e4te im Vergleich - MQ Management und Qualit\u00e4t\" \/>\n<meta property=\"og:description\" content=\"Wie die Korn Ferry Hay Group in einem aktuellen Vergleich betont, gibt es Unterschiede bei den Geh\u00e4ltern der Vorsitzenden. Deutliche Gehaltsunterschiede gibt es auch zwischen m\u00e4nnlichen und weiblichen R\u00e4ten. Hintergr\u00fcnde und weitere interessante Punkte au\" \/>\n<meta property=\"og:url\" content=\"https:\/\/www.m-q.ch\/it\/swiss-supervisory-raete-im-comparison\/\" \/>\n<meta property=\"og:site_name\" content=\"MQ Management und Qualit\u00e4t\" \/>\n<meta property=\"article:publisher\" content=\"https:\/\/www.facebook.com\/ManagementUndQualitaet\" \/>\n<meta property=\"article:published_time\" content=\"2016-07-18T13:36:37+00:00\" \/>\n<meta property=\"article:modified_time\" content=\"2016-12-09T14:37:29+00:00\" \/>\n<meta property=\"og:image\" content=\"https:\/\/www.m-q.ch\/wp-content\/uploads\/2016\/12\/Schweizer-Aufsichtsr\u00e4te-im-Vergleich-management-und-qualitaet.jpg\" \/>\n\t<meta property=\"og:image:width\" content=\"424\" \/>\n\t<meta property=\"og:image:height\" content=\"269\" \/>\n\t<meta property=\"og:image:type\" content=\"image\/jpeg\" \/>\n<meta name=\"author\" content=\"galledia\" \/>\n<meta name=\"twitter:card\" content=\"summary_large_image\" \/>\n<meta name=\"twitter:label1\" content=\"Scritto da\" \/>\n\t<meta name=\"twitter:data1\" content=\"galledia\" \/>\n\t<meta name=\"twitter:label2\" content=\"Tempo di lettura stimato\" \/>\n\t<meta name=\"twitter:data2\" content=\"2 minuti\" \/>\n<script type=\"application\/ld+json\" class=\"yoast-schema-graph\">{\"@context\":\"https:\/\/schema.org\",\"@graph\":[{\"@type\":\"Article\",\"@id\":\"https:\/\/www.m-q.ch\/fr\/comparaison-entre-la-suisse-et-la-suisse-en-matiere-de-surveillance\/#article\",\"isPartOf\":{\"@id\":\"https:\/\/www.m-q.ch\/fr\/comparaison-entre-la-suisse-et-la-suisse-en-matiere-de-surveillance\/\"},\"author\":{\"name\":\"galledia\",\"@id\":\"https:\/\/www.m-q.ch\/fr\/#\/schema\/person\/c0139a2c55a374db6df2cde78ec87148\"},\"headline\":\"Schweizer Aufsichtsr\u00e4te im Vergleich\",\"datePublished\":\"2016-07-18T13:36:37+00:00\",\"dateModified\":\"2016-12-09T14:37:29+00:00\",\"mainEntityOfPage\":{\"@id\":\"https:\/\/www.m-q.ch\/fr\/comparaison-entre-la-suisse-et-la-suisse-en-matiere-de-surveillance\/\"},\"wordCount\":434,\"commentCount\":0,\"publisher\":{\"@id\":\"https:\/\/www.m-q.ch\/fr\/#organization\"},\"image\":{\"@id\":\"https:\/\/www.m-q.ch\/fr\/comparaison-entre-la-suisse-et-la-suisse-en-matiere-de-surveillance\/#primaryimage\"},\"thumbnailUrl\":\"https:\/\/www.m-q.ch\/wp-content\/uploads\/2016\/12\/Schweizer-Aufsichtsr\u00e4te-im-Vergleich-management-und-qualitaet.jpg\",\"keywords\":[\"Studie\"],\"articleSection\":[\"Unkategorisiert\"],\"inLanguage\":\"it-IT\"},{\"@type\":\"WebPage\",\"@id\":\"https:\/\/www.m-q.ch\/fr\/comparaison-entre-la-suisse-et-la-suisse-en-matiere-de-surveillance\/\",\"url\":\"https:\/\/www.m-q.ch\/fr\/comparaison-entre-la-suisse-et-la-suisse-en-matiere-de-surveillance\/\",\"name\":\"Schweizer Aufsichtsr\u00e4te im Vergleich - MQ Management und Qualit\u00e4t\",\"isPartOf\":{\"@id\":\"https:\/\/www.m-q.ch\/fr\/#website\"},\"primaryImageOfPage\":{\"@id\":\"https:\/\/www.m-q.ch\/fr\/comparaison-entre-la-suisse-et-la-suisse-en-matiere-de-surveillance\/#primaryimage\"},\"image\":{\"@id\":\"https:\/\/www.m-q.ch\/fr\/comparaison-entre-la-suisse-et-la-suisse-en-matiere-de-surveillance\/#primaryimage\"},\"thumbnailUrl\":\"https:\/\/www.m-q.ch\/wp-content\/uploads\/2016\/12\/Schweizer-Aufsichtsr\u00e4te-im-Vergleich-management-und-qualitaet.jpg\",\"datePublished\":\"2016-07-18T13:36:37+00:00\",\"dateModified\":\"2016-12-09T14:37:29+00:00\",\"description\":\"Wie die Korn Ferry Hay Group in einem aktuellen Vergleich betont, gibt es Unterschiede bei den Geh\u00e4ltern der Vorsitzenden. Deutliche Gehaltsunterschiede gibt es auch zwischen m\u00e4nnlichen und weiblichen R\u00e4ten. Hintergr\u00fcnde und weitere interessante Punkte au\",\"breadcrumb\":{\"@id\":\"https:\/\/www.m-q.ch\/fr\/comparaison-entre-la-suisse-et-la-suisse-en-matiere-de-surveillance\/#breadcrumb\"},\"inLanguage\":\"it-IT\",\"potentialAction\":[{\"@type\":\"ReadAction\",\"target\":[\"https:\/\/www.m-q.ch\/fr\/comparaison-entre-la-suisse-et-la-suisse-en-matiere-de-surveillance\/\"]}]},{\"@type\":\"ImageObject\",\"inLanguage\":\"it-IT\",\"@id\":\"https:\/\/www.m-q.ch\/fr\/comparaison-entre-la-suisse-et-la-suisse-en-matiere-de-surveillance\/#primaryimage\",\"url\":\"https:\/\/www.m-q.ch\/wp-content\/uploads\/2016\/12\/Schweizer-Aufsichtsr\u00e4te-im-Vergleich-management-und-qualitaet.jpg\",\"contentUrl\":\"https:\/\/www.m-q.ch\/wp-content\/uploads\/2016\/12\/Schweizer-Aufsichtsr\u00e4te-im-Vergleich-management-und-qualitaet.jpg\",\"width\":424,\"height\":269,\"caption\":\"Es gibt auch ehrenamtliche R\u00e4te. 30 Frauen und M\u00e4nner engagieren sich beispielsweise ehrenamtlich im Verwaltungsrat der Techniker Krankenkasse (TK), Hamburg. (Bild: Techniker Krankenkasse)\"},{\"@type\":\"BreadcrumbList\",\"@id\":\"https:\/\/www.m-q.ch\/fr\/comparaison-entre-la-suisse-et-la-suisse-en-matiere-de-surveillance\/#breadcrumb\",\"itemListElement\":[{\"@type\":\"ListItem\",\"position\":1,\"name\":\"Unkategorisiert\",\"item\":\"https:\/\/www.m-q.ch\/it\/categoria\/senza-categoria\/\"},{\"@type\":\"ListItem\",\"position\":2,\"name\":\"Schweizer Aufsichtsr\u00e4te im Vergleich\"}]},{\"@type\":\"WebSite\",\"@id\":\"https:\/\/www.m-q.ch\/fr\/#website\",\"url\":\"https:\/\/www.m-q.ch\/fr\/\",\"name\":\"MQ Management und Qualit\u00e4t\",\"description\":\"Plattform f\u00fcr integrierte Managementsysteme.\",\"publisher\":{\"@id\":\"https:\/\/www.m-q.ch\/fr\/#organization\"},\"potentialAction\":[{\"@type\":\"SearchAction\",\"target\":{\"@type\":\"EntryPoint\",\"urlTemplate\":\"https:\/\/www.m-q.ch\/fr\/?s={search_term_string}\"},\"query-input\":{\"@type\":\"PropertyValueSpecification\",\"valueRequired\":true,\"valueName\":\"search_term_string\"}}],\"inLanguage\":\"it-IT\"},{\"@type\":\"Organization\",\"@id\":\"https:\/\/www.m-q.ch\/fr\/#organization\",\"name\":\"Galledia Fachmedien AG\",\"url\":\"https:\/\/www.m-q.ch\/fr\/\",\"logo\":{\"@type\":\"ImageObject\",\"inLanguage\":\"it-IT\",\"@id\":\"https:\/\/www.m-q.ch\/fr\/#\/schema\/logo\/image\/\",\"url\":\"https:\/\/www.m-q.ch\/wp-content\/uploads\/2020\/12\/cropped-logo_small.png\",\"contentUrl\":\"https:\/\/www.m-q.ch\/wp-content\/uploads\/2020\/12\/cropped-logo_small.png\",\"width\":512,\"height\":512,\"caption\":\"Galledia Fachmedien AG\"},\"image\":{\"@id\":\"https:\/\/www.m-q.ch\/fr\/#\/schema\/logo\/image\/\"},\"sameAs\":[\"https:\/\/www.facebook.com\/ManagementUndQualitaet\",\"https:\/\/www.linkedin.com\/showcase\/17982321\/admin\/\"]},{\"@type\":\"Person\",\"@id\":\"https:\/\/www.m-q.ch\/fr\/#\/schema\/person\/c0139a2c55a374db6df2cde78ec87148\",\"name\":\"galledia\",\"image\":{\"@type\":\"ImageObject\",\"inLanguage\":\"it-IT\",\"@id\":\"https:\/\/www.m-q.ch\/fr\/#\/schema\/person\/image\/\",\"url\":\"https:\/\/secure.gravatar.com\/avatar\/66edf527eac29e9a5eb25bcada01f61a?s=96&d=mm&r=g\",\"contentUrl\":\"https:\/\/secure.gravatar.com\/avatar\/66edf527eac29e9a5eb25bcada01f61a?s=96&d=mm&r=g\",\"caption\":\"galledia\"},\"url\":\"https:\/\/www.m-q.ch\/it\/author\/galledia\/\"}]}<\/script>\n<!-- \/ Yoast SEO plugin. -->","yoast_head_json":{"title":"Consigli di sorveglianza svizzeri a confronto - MQ Management und Qualit\u00e4t","description":"Come sottolinea il Korn Ferry Hay Group in un recente confronto, ci sono differenze negli stipendi dei presidenti. Ci sono anche significative differenze di stipendio tra consiglieri maschi e femmine. Sfondo e altri punti interessanti au","robots":{"index":"index","follow":"follow","max-snippet":"max-snippet:-1","max-image-preview":"max-image-preview:large","max-video-preview":"max-video-preview:-1"},"canonical":"https:\/\/www.m-q.ch\/it\/swiss-supervisory-raete-im-comparison\/","og_locale":"it_IT","og_type":"article","og_title":"Schweizer Aufsichtsr\u00e4te im Vergleich - MQ Management und Qualit\u00e4t","og_description":"Wie die Korn Ferry Hay Group in einem aktuellen Vergleich betont, gibt es Unterschiede bei den Geh\u00e4ltern der Vorsitzenden. Deutliche Gehaltsunterschiede gibt es auch zwischen m\u00e4nnlichen und weiblichen R\u00e4ten. Hintergr\u00fcnde und weitere interessante Punkte au","og_url":"https:\/\/www.m-q.ch\/it\/swiss-supervisory-raete-im-comparison\/","og_site_name":"MQ Management und Qualit\u00e4t","article_publisher":"https:\/\/www.facebook.com\/ManagementUndQualitaet","article_published_time":"2016-07-18T13:36:37+00:00","article_modified_time":"2016-12-09T14:37:29+00:00","og_image":[{"width":424,"height":269,"url":"https:\/\/www.m-q.ch\/wp-content\/uploads\/2016\/12\/Schweizer-Aufsichtsr\u00e4te-im-Vergleich-management-und-qualitaet.jpg","type":"image\/jpeg"}],"author":"galledia","twitter_card":"summary_large_image","twitter_misc":{"Scritto da":"galledia","Tempo di lettura stimato":"2 minuti"},"schema":{"@context":"https:\/\/schema.org","@graph":[{"@type":"Article","@id":"https:\/\/www.m-q.ch\/fr\/comparaison-entre-la-suisse-et-la-suisse-en-matiere-de-surveillance\/#article","isPartOf":{"@id":"https:\/\/www.m-q.ch\/fr\/comparaison-entre-la-suisse-et-la-suisse-en-matiere-de-surveillance\/"},"author":{"name":"galledia","@id":"https:\/\/www.m-q.ch\/fr\/#\/schema\/person\/c0139a2c55a374db6df2cde78ec87148"},"headline":"Schweizer Aufsichtsr\u00e4te im Vergleich","datePublished":"2016-07-18T13:36:37+00:00","dateModified":"2016-12-09T14:37:29+00:00","mainEntityOfPage":{"@id":"https:\/\/www.m-q.ch\/fr\/comparaison-entre-la-suisse-et-la-suisse-en-matiere-de-surveillance\/"},"wordCount":434,"commentCount":0,"publisher":{"@id":"https:\/\/www.m-q.ch\/fr\/#organization"},"image":{"@id":"https:\/\/www.m-q.ch\/fr\/comparaison-entre-la-suisse-et-la-suisse-en-matiere-de-surveillance\/#primaryimage"},"thumbnailUrl":"https:\/\/www.m-q.ch\/wp-content\/uploads\/2016\/12\/Schweizer-Aufsichtsr\u00e4te-im-Vergleich-management-und-qualitaet.jpg","keywords":["Studie"],"articleSection":["Unkategorisiert"],"inLanguage":"it-IT"},{"@type":"WebPage","@id":"https:\/\/www.m-q.ch\/fr\/comparaison-entre-la-suisse-et-la-suisse-en-matiere-de-surveillance\/","url":"https:\/\/www.m-q.ch\/fr\/comparaison-entre-la-suisse-et-la-suisse-en-matiere-de-surveillance\/","name":"Consigli di sorveglianza svizzeri a confronto - MQ Management und Qualit\u00e4t","isPartOf":{"@id":"https:\/\/www.m-q.ch\/fr\/#website"},"primaryImageOfPage":{"@id":"https:\/\/www.m-q.ch\/fr\/comparaison-entre-la-suisse-et-la-suisse-en-matiere-de-surveillance\/#primaryimage"},"image":{"@id":"https:\/\/www.m-q.ch\/fr\/comparaison-entre-la-suisse-et-la-suisse-en-matiere-de-surveillance\/#primaryimage"},"thumbnailUrl":"https:\/\/www.m-q.ch\/wp-content\/uploads\/2016\/12\/Schweizer-Aufsichtsr\u00e4te-im-Vergleich-management-und-qualitaet.jpg","datePublished":"2016-07-18T13:36:37+00:00","dateModified":"2016-12-09T14:37:29+00:00","description":"Come sottolinea il Korn Ferry Hay Group in un recente confronto, ci sono differenze negli stipendi dei presidenti. Ci sono anche significative differenze di stipendio tra consiglieri maschi e femmine. Sfondo e altri punti interessanti au","breadcrumb":{"@id":"https:\/\/www.m-q.ch\/fr\/comparaison-entre-la-suisse-et-la-suisse-en-matiere-de-surveillance\/#breadcrumb"},"inLanguage":"it-IT","potentialAction":[{"@type":"ReadAction","target":["https:\/\/www.m-q.ch\/fr\/comparaison-entre-la-suisse-et-la-suisse-en-matiere-de-surveillance\/"]}]},{"@type":"ImageObject","inLanguage":"it-IT","@id":"https:\/\/www.m-q.ch\/fr\/comparaison-entre-la-suisse-et-la-suisse-en-matiere-de-surveillance\/#primaryimage","url":"https:\/\/www.m-q.ch\/wp-content\/uploads\/2016\/12\/Schweizer-Aufsichtsr\u00e4te-im-Vergleich-management-und-qualitaet.jpg","contentUrl":"https:\/\/www.m-q.ch\/wp-content\/uploads\/2016\/12\/Schweizer-Aufsichtsr\u00e4te-im-Vergleich-management-und-qualitaet.jpg","width":424,"height":269,"caption":"Es gibt auch ehrenamtliche R\u00e4te. 30 Frauen und M\u00e4nner engagieren sich beispielsweise ehrenamtlich im Verwaltungsrat der Techniker Krankenkasse (TK), Hamburg. (Bild: Techniker Krankenkasse)"},{"@type":"BreadcrumbList","@id":"https:\/\/www.m-q.ch\/fr\/comparaison-entre-la-suisse-et-la-suisse-en-matiere-de-surveillance\/#breadcrumb","itemListElement":[{"@type":"ListItem","position":1,"name":"Unkategorisiert","item":"https:\/\/www.m-q.ch\/it\/categoria\/senza-categoria\/"},{"@type":"ListItem","position":2,"name":"Schweizer Aufsichtsr\u00e4te im Vergleich"}]},{"@type":"WebSite","@id":"https:\/\/www.m-q.ch\/fr\/#website","url":"https:\/\/www.m-q.ch\/fr\/","name":"Gestione e qualit\u00e0 MQ","description":"Piattaforma per sistemi di gestione integrati.","publisher":{"@id":"https:\/\/www.m-q.ch\/fr\/#organization"},"potentialAction":[{"@type":"SearchAction","target":{"@type":"EntryPoint","urlTemplate":"https:\/\/www.m-q.ch\/fr\/?s={search_term_string}"},"query-input":{"@type":"PropertyValueSpecification","valueRequired":true,"valueName":"search_term_string"}}],"inLanguage":"it-IT"},{"@type":"Organization","@id":"https:\/\/www.m-q.ch\/fr\/#organization","name":"Galledia Fachmedien AG","url":"https:\/\/www.m-q.ch\/fr\/","logo":{"@type":"ImageObject","inLanguage":"it-IT","@id":"https:\/\/www.m-q.ch\/fr\/#\/schema\/logo\/image\/","url":"https:\/\/www.m-q.ch\/wp-content\/uploads\/2020\/12\/cropped-logo_small.png","contentUrl":"https:\/\/www.m-q.ch\/wp-content\/uploads\/2020\/12\/cropped-logo_small.png","width":512,"height":512,"caption":"Galledia Fachmedien AG"},"image":{"@id":"https:\/\/www.m-q.ch\/fr\/#\/schema\/logo\/image\/"},"sameAs":["https:\/\/www.facebook.com\/ManagementUndQualitaet","https:\/\/www.linkedin.com\/showcase\/17982321\/admin\/"]},{"@type":"Person","@id":"https:\/\/www.m-q.ch\/fr\/#\/schema\/person\/c0139a2c55a374db6df2cde78ec87148","name":"galleria","image":{"@type":"ImageObject","inLanguage":"it-IT","@id":"https:\/\/www.m-q.ch\/fr\/#\/schema\/person\/image\/","url":"https:\/\/secure.gravatar.com\/avatar\/66edf527eac29e9a5eb25bcada01f61a?s=96&d=mm&r=g","contentUrl":"https:\/\/secure.gravatar.com\/avatar\/66edf527eac29e9a5eb25bcada01f61a?s=96&d=mm&r=g","caption":"galledia"},"url":"https:\/\/www.m-q.ch\/it\/author\/galledia\/"}]}},"_links":{"self":[{"href":"https:\/\/www.m-q.ch\/it\/wp-json\/wp\/v2\/posts\/514","targetHints":{"allow":["GET"]}}],"collection":[{"href":"https:\/\/www.m-q.ch\/it\/wp-json\/wp\/v2\/posts"}],"about":[{"href":"https:\/\/www.m-q.ch\/it\/wp-json\/wp\/v2\/types\/post"}],"author":[{"embeddable":true,"href":"https:\/\/www.m-q.ch\/it\/wp-json\/wp\/v2\/users\/1"}],"replies":[{"embeddable":true,"href":"https:\/\/www.m-q.ch\/it\/wp-json\/wp\/v2\/comments?post=514"}],"version-history":[{"count":1,"href":"https:\/\/www.m-q.ch\/it\/wp-json\/wp\/v2\/posts\/514\/revisions"}],"predecessor-version":[{"id":515,"href":"https:\/\/www.m-q.ch\/it\/wp-json\/wp\/v2\/posts\/514\/revisions\/515"}],"wp:featuredmedia":[{"embeddable":true,"href":"https:\/\/www.m-q.ch\/it\/wp-json\/wp\/v2\/media\/212"}],"wp:attachment":[{"href":"https:\/\/www.m-q.ch\/it\/wp-json\/wp\/v2\/media?parent=514"}],"wp:term":[{"taxonomy":"category","embeddable":true,"href":"https:\/\/www.m-q.ch\/it\/wp-json\/wp\/v2\/categories?post=514"},{"taxonomy":"post_tag","embeddable":true,"href":"https:\/\/www.m-q.ch\/it\/wp-json\/wp\/v2\/tags?post=514"}],"curies":[{"name":"wp","href":"https:\/\/api.w.org\/{rel}","templated":true}]}}