{"id":524,"date":"2016-08-02T15:48:01","date_gmt":"2016-08-02T13:48:01","guid":{"rendered":"http:\/\/dev.m-q.ch\/?p=524"},"modified":"2017-03-01T10:04:49","modified_gmt":"2017-03-01T09:04:49","slug":"gestione-della-crisi-vs-pubblicita-parziale","status":"publish","type":"post","link":"https:\/\/www.m-q.ch\/it\/krisen-management-vs-teiloeffentlichkeit\/","title":{"rendered":"Gestione della crisi vs. pubblicit\u00e0 parziale"},"content":{"rendered":"<figure id=\"attachment_155\" aria-describedby=\"caption-attachment-155\" style=\"width: 640px\" class=\"wp-caption alignnone\"><a href=\"https:\/\/m-q.ch\/wp-content\/uploads\/2016\/12\/Krisen-Management-vs.-Teil\u00f6ffentlichkeit-management-und-qualitaet.jpg\"><img loading=\"lazy\" decoding=\"async\" class=\"wp-image-155 size-full\" src=\"https:\/\/www.m-q.ch\/wp-content\/uploads\/2016\/12\/Krisen-Management-vs.-Teil\u00f6ffentlichkeit-management-und-qualitaet.jpg\" width=\"640\" height=\"424\" srcset=\"https:\/\/www.m-q.ch\/wp-content\/uploads\/2016\/12\/Krisen-Management-vs.-Teil\u00f6ffentlichkeit-management-und-qualitaet.jpg 640w, https:\/\/www.m-q.ch\/wp-content\/uploads\/2016\/12\/Krisen-Management-vs.-Teil\u00f6ffentlichkeit-management-und-qualitaet-16x12.jpg 16w, https:\/\/www.m-q.ch\/wp-content\/uploads\/2016\/12\/Krisen-Management-vs.-Teil\u00f6ffentlichkeit-management-und-qualitaet-264x175.jpg 264w, https:\/\/www.m-q.ch\/wp-content\/uploads\/2016\/12\/Krisen-Management-vs.-Teil\u00f6ffentlichkeit-management-und-qualitaet-528x350.jpg 528w, https:\/\/www.m-q.ch\/wp-content\/uploads\/2016\/12\/Krisen-Management-vs.-Teil\u00f6ffentlichkeit-management-und-qualitaet-300x199.jpg 300w, https:\/\/www.m-q.ch\/wp-content\/uploads\/2016\/12\/Krisen-Management-vs.-Teil\u00f6ffentlichkeit-management-und-qualitaet-624x413.jpg 624w\" sizes=\"auto, (max-width: 640px) 100vw, 640px\" \/><\/a><figcaption id=\"caption-attachment-155\" class=\"wp-caption-text\">Questione di opinioni: commozioni cerebrali e i loro effetti tardivi nel calcio. (Immagine: zVg)<\/figcaption><\/figure>\n<blockquote><p>I giornalisti e i commercianti usano Twitter per influenzare il pubblico.<\/p><\/blockquote>\n<p>Per il loro studio, i dottorandi della MU Douglas Wilbur e Danielle Myers hanno esaminato oltre 1.000 tweet che circondano l'uscita negli Stati Uniti del film \"Shocking Truth\" (titolo originale: \"Concussion\"). Questo perch\u00e9 il film getta una luce negativa sul problema delle commozioni cerebrali nella National Football League (NFL) e i loro effetti tardivi - una questione che \u00e8 stata comunque una crisi di PR in corso per la NFL per diversi anni.<\/p>\n<p>\"Questo studio fa luce su come grandi gruppi relativamente non organizzati possano formarsi su Twitter per sviluppare particolari atteggiamenti e punti di vista su organizzazioni, questioni e problemi\", spiega Myers.<\/p>\n<p><strong>Crisi della commozione cerebrale<\/strong><\/p>\n<p>Secondo l'analisi, gruppi che rappresentano diversi punti di vista sulle commozioni cerebrali e la NFL si sono formati su Twitter senza molto sforzo. Per esempio, i professionisti del settore medico hanno visto positivamente il film e i suoi temi perch\u00e9 vengono propagate ulteriori attivit\u00e0 di ricerca sul trauma cerebrale. Per gli atleti, era importante che il film promuovesse la consapevolezza del problema. Gli avvocati, d'altra parte, hanno discusso le questioni legali che circondano le commozioni cerebrali nella NFL, mentre un vasto pubblico laico ha formato un'opinione molto negativa della NFL e una positiva del film.<\/p>\n<p><strong>Il pubblico parziale su Twitter<\/strong><\/p>\n<p>Sulla base di questi risultati, i ricercatori della MU raccomandano che gli addetti ai lavori prestino molta attenzione a Twitter in caso di crisi. Poi possono vedere come i diversi gruppi reagiscono alla crisi e quali temi di fondo modellano i loro atteggiamenti. I comunicatori possono usare questo margine di conoscenza per sviluppare messaggi mirati che risuonano meglio con i singoli sotto-pubblici. \"I giornalisti e i commercianti stanno gi\u00e0 usando Twitter per scopi simili\", dice Wilbur. I professionisti delle PR, tuttavia, sono ancora un po' indietro, anche in Europa.<\/p>\n<p>Per ulteriori informazioni (testo disponibile solo in inglese) sulla gestione delle crisi e delle PR, visitate questo <a href=\"http:\/\/www.instituteforpr.org\/unorganized-publics-adopt-stances-organizations-crisis-case-nfl-concussion-movie\/\" target=\"_blank\" data-cke-saved-href=\"http:\/\/www.instituteforpr.org\/unorganized-publics-adopt-stances-organizations-crisis-case-nfl-concussion-movie\/\">Link <\/a><\/p>\n<p>&nbsp;<\/p>","protected":false},"excerpt":{"rendered":"<p>Journalisten und Marketer nutzen Twitter, \u00a0um Einfluss auf die \u00d6ffentlichkeit zu nehmen. F\u00fcr ihre Studie haben die MU-Doktoranden Douglas Wilbur und Danielle Myers \u00fcber 1\u2018000 Tweets rund um den US-Start des Films &#8222;Ersch\u00fctternde Wahrheit&#8220; (Originaltitel: &#8222;Concussion&#8220;) untersucht. Denn der Film wirft ein negatives Licht auf das Problem von Gehirnersch\u00fctterungen in der National Football League (NFL) [&hellip;]<\/p>\n","protected":false},"author":1,"featured_media":155,"comment_status":"open","ping_status":"open","sticky":false,"template":"","format":"standard","meta":{"_acf_changed":false,"footnotes":""},"categories":[5],"tags":[3328,3360],"class_list":["post-524","post","type-post","status-publish","format-standard","has-post-thumbnail","hentry","category-business_excellence","tag-business-excellence","tag-management-und-unternehmensfuehrung"],"acf":[],"yoast_head":"<!-- This site is optimized with the Yoast SEO plugin v26.2 - https:\/\/yoast.com\/wordpress\/plugins\/seo\/ -->\n<title>Krisen-Management vs. Teil\u00f6ffentlichkeit - MQ Management und Qualit\u00e4t<\/title>\n<meta name=\"description\" content=\"Krisen-Management: Insider, die Krisen effektiv bew\u00e4ltigen wollen, sollten genauer auf Social Media Kan\u00e4le wie beispielsweise Twitter achten.\" \/>\n<meta name=\"robots\" content=\"index, follow, max-snippet:-1, max-image-preview:large, max-video-preview:-1\" \/>\n<link rel=\"canonical\" href=\"https:\/\/www.m-q.ch\/it\/gestione-della-crisi-vs-pubblicita-parziale\/\" \/>\n<meta property=\"og:locale\" content=\"it_IT\" \/>\n<meta property=\"og:type\" content=\"article\" \/>\n<meta property=\"og:title\" content=\"Krisen-Management vs. Teil\u00f6ffentlichkeit - MQ Management und Qualit\u00e4t\" \/>\n<meta property=\"og:description\" content=\"Krisen-Management: Insider, die Krisen effektiv bew\u00e4ltigen wollen, sollten genauer auf Social Media Kan\u00e4le wie beispielsweise Twitter achten.\" \/>\n<meta property=\"og:url\" content=\"https:\/\/www.m-q.ch\/it\/gestione-della-crisi-vs-pubblicita-parziale\/\" \/>\n<meta property=\"og:site_name\" content=\"MQ Management und Qualit\u00e4t\" \/>\n<meta property=\"article:publisher\" content=\"https:\/\/www.facebook.com\/ManagementUndQualitaet\" \/>\n<meta property=\"article:published_time\" content=\"2016-08-02T13:48:01+00:00\" \/>\n<meta property=\"article:modified_time\" content=\"2017-03-01T09:04:49+00:00\" \/>\n<meta property=\"og:image\" content=\"https:\/\/www.m-q.ch\/wp-content\/uploads\/2016\/12\/Krisen-Management-vs.-Teil\u00f6ffentlichkeit-management-und-qualitaet.jpg\" \/>\n\t<meta property=\"og:image:width\" content=\"640\" \/>\n\t<meta property=\"og:image:height\" content=\"424\" \/>\n\t<meta property=\"og:image:type\" content=\"image\/jpeg\" \/>\n<meta name=\"author\" content=\"galledia\" \/>\n<meta name=\"twitter:card\" content=\"summary_large_image\" \/>\n<meta name=\"twitter:label1\" content=\"Scritto da\" \/>\n\t<meta name=\"twitter:data1\" content=\"galledia\" \/>\n\t<meta name=\"twitter:label2\" content=\"Tempo di lettura stimato\" \/>\n\t<meta name=\"twitter:data2\" content=\"2 minuti\" \/>\n<script type=\"application\/ld+json\" class=\"yoast-schema-graph\">{\"@context\":\"https:\/\/schema.org\",\"@graph\":[{\"@type\":\"Article\",\"@id\":\"https:\/\/www.m-q.ch\/krisen-management-vs-teiloeffentlichkeit\/#article\",\"isPartOf\":{\"@id\":\"https:\/\/www.m-q.ch\/krisen-management-vs-teiloeffentlichkeit\/\"},\"author\":{\"name\":\"galledia\",\"@id\":\"https:\/\/www.m-q.ch\/fr\/#\/schema\/person\/c0139a2c55a374db6df2cde78ec87148\"},\"headline\":\"Krisen-Management vs. Teil\u00f6ffentlichkeit\",\"datePublished\":\"2016-08-02T13:48:01+00:00\",\"dateModified\":\"2017-03-01T09:04:49+00:00\",\"mainEntityOfPage\":{\"@id\":\"https:\/\/www.m-q.ch\/krisen-management-vs-teiloeffentlichkeit\/\"},\"wordCount\":312,\"commentCount\":0,\"publisher\":{\"@id\":\"https:\/\/www.m-q.ch\/fr\/#organization\"},\"image\":{\"@id\":\"https:\/\/www.m-q.ch\/krisen-management-vs-teiloeffentlichkeit\/#primaryimage\"},\"thumbnailUrl\":\"https:\/\/www.m-q.ch\/wp-content\/uploads\/2016\/12\/Krisen-Management-vs.-Teil\u00f6ffentlichkeit-management-und-qualitaet.jpg\",\"keywords\":[\"Business Excellence\",\"Management und Unternehmensf\u00fchrung\"],\"articleSection\":[\"Business Excellence\"],\"inLanguage\":\"it-IT\"},{\"@type\":\"WebPage\",\"@id\":\"https:\/\/www.m-q.ch\/krisen-management-vs-teiloeffentlichkeit\/\",\"url\":\"https:\/\/www.m-q.ch\/krisen-management-vs-teiloeffentlichkeit\/\",\"name\":\"Krisen-Management vs. Teil\u00f6ffentlichkeit - MQ Management und Qualit\u00e4t\",\"isPartOf\":{\"@id\":\"https:\/\/www.m-q.ch\/fr\/#website\"},\"primaryImageOfPage\":{\"@id\":\"https:\/\/www.m-q.ch\/krisen-management-vs-teiloeffentlichkeit\/#primaryimage\"},\"image\":{\"@id\":\"https:\/\/www.m-q.ch\/krisen-management-vs-teiloeffentlichkeit\/#primaryimage\"},\"thumbnailUrl\":\"https:\/\/www.m-q.ch\/wp-content\/uploads\/2016\/12\/Krisen-Management-vs.-Teil\u00f6ffentlichkeit-management-und-qualitaet.jpg\",\"datePublished\":\"2016-08-02T13:48:01+00:00\",\"dateModified\":\"2017-03-01T09:04:49+00:00\",\"description\":\"Krisen-Management: Insider, die Krisen effektiv bew\u00e4ltigen wollen, sollten genauer auf Social Media Kan\u00e4le wie beispielsweise Twitter achten.\",\"breadcrumb\":{\"@id\":\"https:\/\/www.m-q.ch\/krisen-management-vs-teiloeffentlichkeit\/#breadcrumb\"},\"inLanguage\":\"it-IT\",\"potentialAction\":[{\"@type\":\"ReadAction\",\"target\":[\"https:\/\/www.m-q.ch\/krisen-management-vs-teiloeffentlichkeit\/\"]}]},{\"@type\":\"ImageObject\",\"inLanguage\":\"it-IT\",\"@id\":\"https:\/\/www.m-q.ch\/krisen-management-vs-teiloeffentlichkeit\/#primaryimage\",\"url\":\"https:\/\/www.m-q.ch\/wp-content\/uploads\/2016\/12\/Krisen-Management-vs.-Teil\u00f6ffentlichkeit-management-und-qualitaet.jpg\",\"contentUrl\":\"https:\/\/www.m-q.ch\/wp-content\/uploads\/2016\/12\/Krisen-Management-vs.-Teil\u00f6ffentlichkeit-management-und-qualitaet.jpg\",\"width\":640,\"height\":424,\"caption\":\"Ansichtssache: Gehirnersch\u00fctterungen und deren Sp\u00e4tfolgen im Football. (Bild: zVg)\"},{\"@type\":\"BreadcrumbList\",\"@id\":\"https:\/\/www.m-q.ch\/krisen-management-vs-teiloeffentlichkeit\/#breadcrumb\",\"itemListElement\":[{\"@type\":\"ListItem\",\"position\":1,\"name\":\"Business Excellence\",\"item\":\"https:\/\/www.m-q.ch\/kategorie\/business_excellence\/\"},{\"@type\":\"ListItem\",\"position\":2,\"name\":\"Krisen-Management vs. Teil\u00f6ffentlichkeit\"}]},{\"@type\":\"WebSite\",\"@id\":\"https:\/\/www.m-q.ch\/fr\/#website\",\"url\":\"https:\/\/www.m-q.ch\/fr\/\",\"name\":\"MQ Management und Qualit\u00e4t\",\"description\":\"Plattform f\u00fcr integrierte Managementsysteme.\",\"publisher\":{\"@id\":\"https:\/\/www.m-q.ch\/fr\/#organization\"},\"potentialAction\":[{\"@type\":\"SearchAction\",\"target\":{\"@type\":\"EntryPoint\",\"urlTemplate\":\"https:\/\/www.m-q.ch\/fr\/?s={search_term_string}\"},\"query-input\":{\"@type\":\"PropertyValueSpecification\",\"valueRequired\":true,\"valueName\":\"search_term_string\"}}],\"inLanguage\":\"it-IT\"},{\"@type\":\"Organization\",\"@id\":\"https:\/\/www.m-q.ch\/fr\/#organization\",\"name\":\"Galledia Fachmedien AG\",\"url\":\"https:\/\/www.m-q.ch\/fr\/\",\"logo\":{\"@type\":\"ImageObject\",\"inLanguage\":\"it-IT\",\"@id\":\"https:\/\/www.m-q.ch\/fr\/#\/schema\/logo\/image\/\",\"url\":\"https:\/\/www.m-q.ch\/wp-content\/uploads\/2020\/12\/cropped-logo_small.png\",\"contentUrl\":\"https:\/\/www.m-q.ch\/wp-content\/uploads\/2020\/12\/cropped-logo_small.png\",\"width\":512,\"height\":512,\"caption\":\"Galledia Fachmedien AG\"},\"image\":{\"@id\":\"https:\/\/www.m-q.ch\/fr\/#\/schema\/logo\/image\/\"},\"sameAs\":[\"https:\/\/www.facebook.com\/ManagementUndQualitaet\",\"https:\/\/www.linkedin.com\/showcase\/17982321\/admin\/\"]},{\"@type\":\"Person\",\"@id\":\"https:\/\/www.m-q.ch\/fr\/#\/schema\/person\/c0139a2c55a374db6df2cde78ec87148\",\"name\":\"galledia\",\"image\":{\"@type\":\"ImageObject\",\"inLanguage\":\"it-IT\",\"@id\":\"https:\/\/www.m-q.ch\/fr\/#\/schema\/person\/image\/\",\"url\":\"https:\/\/secure.gravatar.com\/avatar\/66edf527eac29e9a5eb25bcada01f61a?s=96&d=mm&r=g\",\"contentUrl\":\"https:\/\/secure.gravatar.com\/avatar\/66edf527eac29e9a5eb25bcada01f61a?s=96&d=mm&r=g\",\"caption\":\"galledia\"},\"url\":\"https:\/\/www.m-q.ch\/it\/author\/galledia\/\"}]}<\/script>\n<!-- \/ Yoast SEO plugin. -->","yoast_head_json":{"title":"Gestione della crisi vs. pubblicit\u00e0 parziale - MQ Management and Quality","description":"Gestione delle crisi: gli addetti ai lavori che vogliono gestire efficacemente le crisi dovrebbero prestare maggiore attenzione ai canali dei social media come Twitter.","robots":{"index":"index","follow":"follow","max-snippet":"max-snippet:-1","max-image-preview":"max-image-preview:large","max-video-preview":"max-video-preview:-1"},"canonical":"https:\/\/www.m-q.ch\/it\/gestione-della-crisi-vs-pubblicita-parziale\/","og_locale":"it_IT","og_type":"article","og_title":"Krisen-Management vs. Teil\u00f6ffentlichkeit - MQ Management und Qualit\u00e4t","og_description":"Krisen-Management: Insider, die Krisen effektiv bew\u00e4ltigen wollen, sollten genauer auf Social Media Kan\u00e4le wie beispielsweise Twitter achten.","og_url":"https:\/\/www.m-q.ch\/it\/gestione-della-crisi-vs-pubblicita-parziale\/","og_site_name":"MQ Management und Qualit\u00e4t","article_publisher":"https:\/\/www.facebook.com\/ManagementUndQualitaet","article_published_time":"2016-08-02T13:48:01+00:00","article_modified_time":"2017-03-01T09:04:49+00:00","og_image":[{"width":640,"height":424,"url":"https:\/\/www.m-q.ch\/wp-content\/uploads\/2016\/12\/Krisen-Management-vs.-Teil\u00f6ffentlichkeit-management-und-qualitaet.jpg","type":"image\/jpeg"}],"author":"galledia","twitter_card":"summary_large_image","twitter_misc":{"Scritto da":"galledia","Tempo di lettura stimato":"2 minuti"},"schema":{"@context":"https:\/\/schema.org","@graph":[{"@type":"Article","@id":"https:\/\/www.m-q.ch\/krisen-management-vs-teiloeffentlichkeit\/#article","isPartOf":{"@id":"https:\/\/www.m-q.ch\/krisen-management-vs-teiloeffentlichkeit\/"},"author":{"name":"galledia","@id":"https:\/\/www.m-q.ch\/fr\/#\/schema\/person\/c0139a2c55a374db6df2cde78ec87148"},"headline":"Krisen-Management vs. Teil\u00f6ffentlichkeit","datePublished":"2016-08-02T13:48:01+00:00","dateModified":"2017-03-01T09:04:49+00:00","mainEntityOfPage":{"@id":"https:\/\/www.m-q.ch\/krisen-management-vs-teiloeffentlichkeit\/"},"wordCount":312,"commentCount":0,"publisher":{"@id":"https:\/\/www.m-q.ch\/fr\/#organization"},"image":{"@id":"https:\/\/www.m-q.ch\/krisen-management-vs-teiloeffentlichkeit\/#primaryimage"},"thumbnailUrl":"https:\/\/www.m-q.ch\/wp-content\/uploads\/2016\/12\/Krisen-Management-vs.-Teil\u00f6ffentlichkeit-management-und-qualitaet.jpg","keywords":["Business Excellence","Management und Unternehmensf\u00fchrung"],"articleSection":["Business Excellence"],"inLanguage":"it-IT"},{"@type":"WebPage","@id":"https:\/\/www.m-q.ch\/krisen-management-vs-teiloeffentlichkeit\/","url":"https:\/\/www.m-q.ch\/krisen-management-vs-teiloeffentlichkeit\/","name":"Gestione della crisi vs. pubblicit\u00e0 parziale - MQ Management and Quality","isPartOf":{"@id":"https:\/\/www.m-q.ch\/fr\/#website"},"primaryImageOfPage":{"@id":"https:\/\/www.m-q.ch\/krisen-management-vs-teiloeffentlichkeit\/#primaryimage"},"image":{"@id":"https:\/\/www.m-q.ch\/krisen-management-vs-teiloeffentlichkeit\/#primaryimage"},"thumbnailUrl":"https:\/\/www.m-q.ch\/wp-content\/uploads\/2016\/12\/Krisen-Management-vs.-Teil\u00f6ffentlichkeit-management-und-qualitaet.jpg","datePublished":"2016-08-02T13:48:01+00:00","dateModified":"2017-03-01T09:04:49+00:00","description":"Gestione delle crisi: gli addetti ai lavori che vogliono gestire efficacemente le crisi dovrebbero prestare maggiore attenzione ai canali dei social media come Twitter.","breadcrumb":{"@id":"https:\/\/www.m-q.ch\/krisen-management-vs-teiloeffentlichkeit\/#breadcrumb"},"inLanguage":"it-IT","potentialAction":[{"@type":"ReadAction","target":["https:\/\/www.m-q.ch\/krisen-management-vs-teiloeffentlichkeit\/"]}]},{"@type":"ImageObject","inLanguage":"it-IT","@id":"https:\/\/www.m-q.ch\/krisen-management-vs-teiloeffentlichkeit\/#primaryimage","url":"https:\/\/www.m-q.ch\/wp-content\/uploads\/2016\/12\/Krisen-Management-vs.-Teil\u00f6ffentlichkeit-management-und-qualitaet.jpg","contentUrl":"https:\/\/www.m-q.ch\/wp-content\/uploads\/2016\/12\/Krisen-Management-vs.-Teil\u00f6ffentlichkeit-management-und-qualitaet.jpg","width":640,"height":424,"caption":"Ansichtssache: Gehirnersch\u00fctterungen und deren Sp\u00e4tfolgen im Football. (Bild: zVg)"},{"@type":"BreadcrumbList","@id":"https:\/\/www.m-q.ch\/krisen-management-vs-teiloeffentlichkeit\/#breadcrumb","itemListElement":[{"@type":"ListItem","position":1,"name":"Business Excellence","item":"https:\/\/www.m-q.ch\/kategorie\/business_excellence\/"},{"@type":"ListItem","position":2,"name":"Krisen-Management vs. Teil\u00f6ffentlichkeit"}]},{"@type":"WebSite","@id":"https:\/\/www.m-q.ch\/fr\/#website","url":"https:\/\/www.m-q.ch\/fr\/","name":"Gestione e qualit\u00e0 MQ","description":"Piattaforma per sistemi di gestione integrati.","publisher":{"@id":"https:\/\/www.m-q.ch\/fr\/#organization"},"potentialAction":[{"@type":"SearchAction","target":{"@type":"EntryPoint","urlTemplate":"https:\/\/www.m-q.ch\/fr\/?s={search_term_string}"},"query-input":{"@type":"PropertyValueSpecification","valueRequired":true,"valueName":"search_term_string"}}],"inLanguage":"it-IT"},{"@type":"Organization","@id":"https:\/\/www.m-q.ch\/fr\/#organization","name":"Galledia Fachmedien AG","url":"https:\/\/www.m-q.ch\/fr\/","logo":{"@type":"ImageObject","inLanguage":"it-IT","@id":"https:\/\/www.m-q.ch\/fr\/#\/schema\/logo\/image\/","url":"https:\/\/www.m-q.ch\/wp-content\/uploads\/2020\/12\/cropped-logo_small.png","contentUrl":"https:\/\/www.m-q.ch\/wp-content\/uploads\/2020\/12\/cropped-logo_small.png","width":512,"height":512,"caption":"Galledia Fachmedien AG"},"image":{"@id":"https:\/\/www.m-q.ch\/fr\/#\/schema\/logo\/image\/"},"sameAs":["https:\/\/www.facebook.com\/ManagementUndQualitaet","https:\/\/www.linkedin.com\/showcase\/17982321\/admin\/"]},{"@type":"Person","@id":"https:\/\/www.m-q.ch\/fr\/#\/schema\/person\/c0139a2c55a374db6df2cde78ec87148","name":"galleria","image":{"@type":"ImageObject","inLanguage":"it-IT","@id":"https:\/\/www.m-q.ch\/fr\/#\/schema\/person\/image\/","url":"https:\/\/secure.gravatar.com\/avatar\/66edf527eac29e9a5eb25bcada01f61a?s=96&d=mm&r=g","contentUrl":"https:\/\/secure.gravatar.com\/avatar\/66edf527eac29e9a5eb25bcada01f61a?s=96&d=mm&r=g","caption":"galledia"},"url":"https:\/\/www.m-q.ch\/it\/author\/galledia\/"}]}},"_links":{"self":[{"href":"https:\/\/www.m-q.ch\/it\/wp-json\/wp\/v2\/posts\/524","targetHints":{"allow":["GET"]}}],"collection":[{"href":"https:\/\/www.m-q.ch\/it\/wp-json\/wp\/v2\/posts"}],"about":[{"href":"https:\/\/www.m-q.ch\/it\/wp-json\/wp\/v2\/types\/post"}],"author":[{"embeddable":true,"href":"https:\/\/www.m-q.ch\/it\/wp-json\/wp\/v2\/users\/1"}],"replies":[{"embeddable":true,"href":"https:\/\/www.m-q.ch\/it\/wp-json\/wp\/v2\/comments?post=524"}],"version-history":[{"count":2,"href":"https:\/\/www.m-q.ch\/it\/wp-json\/wp\/v2\/posts\/524\/revisions"}],"predecessor-version":[{"id":1073,"href":"https:\/\/www.m-q.ch\/it\/wp-json\/wp\/v2\/posts\/524\/revisions\/1073"}],"wp:featuredmedia":[{"embeddable":true,"href":"https:\/\/www.m-q.ch\/it\/wp-json\/wp\/v2\/media\/155"}],"wp:attachment":[{"href":"https:\/\/www.m-q.ch\/it\/wp-json\/wp\/v2\/media?parent=524"}],"wp:term":[{"taxonomy":"category","embeddable":true,"href":"https:\/\/www.m-q.ch\/it\/wp-json\/wp\/v2\/categories?post=524"},{"taxonomy":"post_tag","embeddable":true,"href":"https:\/\/www.m-q.ch\/it\/wp-json\/wp\/v2\/tags?post=524"}],"curies":[{"name":"wp","href":"https:\/\/api.w.org\/{rel}","templated":true}]}}