{"id":550,"date":"2016-09-06T16:00:52","date_gmt":"2016-09-06T14:00:52","guid":{"rendered":"http:\/\/dev.m-q.ch\/?p=550"},"modified":"2017-03-01T09:00:41","modified_gmt":"2017-03-01T08:00:41","slug":"abb-nomina-guido-jouret-chief-digital-officer","status":"publish","type":"post","link":"https:\/\/www.m-q.ch\/it\/abb-ernennt-guido-jouret-zum-chief-digital-officer\/","title":{"rendered":"ABB nomina Guido Jouret Chief Digital Officer"},"content":{"rendered":"<figure id=\"attachment_54\" aria-describedby=\"caption-attachment-54\" style=\"width: 680px\" class=\"wp-caption alignnone\"><a href=\"https:\/\/m-q.ch\/wp-content\/uploads\/2016\/12\/ABB-ernennt-Guido-Jouret-zum-Chief-Digital-Officer-management-und-qualitaet.jpg\"><img loading=\"lazy\" decoding=\"async\" class=\"wp-image-54 size-medium\" src=\"https:\/\/www.m-q.ch\/wp-content\/uploads\/2016\/12\/ABB-ernennt-Guido-Jouret-zum-Chief-Digital-Officer-management-und-qualitaet-680x429.jpg\" width=\"680\" height=\"429\" srcset=\"https:\/\/www.m-q.ch\/wp-content\/uploads\/2016\/12\/ABB-ernennt-Guido-Jouret-zum-Chief-Digital-Officer-management-und-qualitaet-680x429.jpg 680w, https:\/\/www.m-q.ch\/wp-content\/uploads\/2016\/12\/ABB-ernennt-Guido-Jouret-zum-Chief-Digital-Officer-management-und-qualitaet-16x10.jpg 16w, https:\/\/www.m-q.ch\/wp-content\/uploads\/2016\/12\/ABB-ernennt-Guido-Jouret-zum-Chief-Digital-Officer-management-und-qualitaet-278x175.jpg 278w, https:\/\/www.m-q.ch\/wp-content\/uploads\/2016\/12\/ABB-ernennt-Guido-Jouret-zum-Chief-Digital-Officer-management-und-qualitaet-555x350.jpg 555w, https:\/\/www.m-q.ch\/wp-content\/uploads\/2016\/12\/ABB-ernennt-Guido-Jouret-zum-Chief-Digital-Officer-management-und-qualitaet-300x189.jpg 300w, https:\/\/www.m-q.ch\/wp-content\/uploads\/2016\/12\/ABB-ernennt-Guido-Jouret-zum-Chief-Digital-Officer-management-und-qualitaet-624x393.jpg 624w, https:\/\/www.m-q.ch\/wp-content\/uploads\/2016\/12\/ABB-ernennt-Guido-Jouret-zum-Chief-Digital-Officer-management-und-qualitaet.jpg 728w\" sizes=\"auto, (max-width: 680px) 100vw, 680px\" \/><\/a><figcaption id=\"caption-attachment-54\" class=\"wp-caption-text\">Guido Jouret, nuovo Chief Digital Officer di ABB.<\/figcaption><\/figure>\n<p>Jouret \u00e8 un cittadino belga e statunitense con molti anni di esperienza nella Silicon Valley. Dopo aver completato il suo dottorato in informatica, ha lavorato alla Cisco per 20 anni. Pi\u00f9 di recente, \u00e8 stato direttore generale della business unit Internet of Things, la cui missione \u00e8 quella di collegare miliardi di dispositivi attraverso praticamente tutti i settori a Internet. Jouret ha vissuto in 12 paesi, tra cui Francia, Singapore e Stati Uniti, e ha servito Cisco come direttore IT per le regioni Europa, Medio Oriente e Africa e come responsabile del gruppo Internet Business Solutions.<\/p>\n<p>Nel 2014, Jouret \u00e8 passato da Cisco a Envision Energy, dove ha guidato il business del software, compresa una piattaforma per l'emergente \"Internet of Energy\". Da aprile 2015, \u00e8 stato Chief Technical Officer di Nokia Technologies, ruolo in cui ha recentemente completato con successo un'importante acquisizione nella tecnologia della salute digitale. Guido Jouret dovrebbe consolidare la lungimirante leadership tecnologica di ABB nel controllo integrato e nel software applicativo, fornendo sistemi e persone con tecnologie ABB.<\/p>\n<p>Jouret lavorer\u00e0 nelle sedi di ABB nella Silicon Valley e a Zurigo.<\/p>\n<p><a href=\"http:\/\/new.abb.com\/ch\" target=\"_blank\" rel=\"noreferrer\" data-cke-saved-href=\"http:\/\/new.abb.com\/ch\">http:\/\/new.abb.com\/ch<\/a><\/p>","protected":false},"excerpt":{"rendered":"<p>Jouret ist belgischer und US-amerikanischer Staatsb\u00fcrger und verf\u00fcgt \u00fcber langj\u00e4hrige Erfahrung im Silicon Valley. Nach seiner Promotion im Fachbereich Informatik war er 20 Jahre bei Cisco t\u00e4tig. Zuletzt \u00fcbernahm er dort als General Manager den Gesch\u00e4ftsbereich Internet der Dinge, dessen Aufgabe es ist, Milliarden von Ger\u00e4ten aus nahezu allen Industrien mit dem Internet zu verbinden. [&hellip;]<\/p>\n","protected":false},"author":1,"featured_media":54,"comment_status":"open","ping_status":"open","sticky":false,"template":"","format":"standard","meta":{"_acf_changed":false,"footnotes":""},"categories":[1],"tags":[3335],"class_list":["post-550","post","type-post","status-publish","format-standard","has-post-thumbnail","hentry","category-unkategorisiert","tag-personalia"],"acf":[],"yoast_head":"<!-- This site is optimized with the Yoast SEO plugin v26.2 - https:\/\/yoast.com\/wordpress\/plugins\/seo\/ -->\n<title>ABB ernennt Guido Jouret zum Chief Digital Officer - MQ Management und Qualit\u00e4t<\/title>\n<meta name=\"description\" content=\"ABB hat Guido Jouret, einen Pionier des Internets der Dinge, zum 1. Oktober 2016 zum Chief Digital Officer ernannt.\" \/>\n<meta name=\"robots\" content=\"index, follow, max-snippet:-1, max-image-preview:large, max-video-preview:-1\" \/>\n<link rel=\"canonical\" href=\"https:\/\/www.m-q.ch\/it\/abb-appoints-guido-jouret-chief-digital-officer\/\" \/>\n<meta property=\"og:locale\" content=\"it_IT\" \/>\n<meta property=\"og:type\" content=\"article\" \/>\n<meta property=\"og:title\" content=\"ABB ernennt Guido Jouret zum Chief Digital Officer - MQ Management und Qualit\u00e4t\" \/>\n<meta property=\"og:description\" content=\"ABB hat Guido Jouret, einen Pionier des Internets der Dinge, zum 1. Oktober 2016 zum Chief Digital Officer ernannt.\" \/>\n<meta property=\"og:url\" content=\"https:\/\/www.m-q.ch\/it\/abb-appoints-guido-jouret-chief-digital-officer\/\" \/>\n<meta property=\"og:site_name\" content=\"MQ Management und Qualit\u00e4t\" \/>\n<meta property=\"article:publisher\" content=\"https:\/\/www.facebook.com\/ManagementUndQualitaet\" \/>\n<meta property=\"article:published_time\" content=\"2016-09-06T14:00:52+00:00\" \/>\n<meta property=\"article:modified_time\" content=\"2017-03-01T08:00:41+00:00\" \/>\n<meta property=\"og:image\" content=\"https:\/\/www.m-q.ch\/wp-content\/uploads\/2016\/12\/ABB-ernennt-Guido-Jouret-zum-Chief-Digital-Officer-management-und-qualitaet.jpg\" \/>\n\t<meta property=\"og:image:width\" content=\"728\" \/>\n\t<meta property=\"og:image:height\" content=\"459\" \/>\n\t<meta property=\"og:image:type\" content=\"image\/jpeg\" \/>\n<meta name=\"author\" content=\"galledia\" \/>\n<meta name=\"twitter:card\" content=\"summary_large_image\" \/>\n<meta name=\"twitter:label1\" content=\"Scritto da\" \/>\n\t<meta name=\"twitter:data1\" content=\"galledia\" \/>\n\t<meta name=\"twitter:label2\" content=\"Tempo di lettura stimato\" \/>\n\t<meta name=\"twitter:data2\" content=\"1 minuto\" \/>\n<script type=\"application\/ld+json\" class=\"yoast-schema-graph\">{\"@context\":\"https:\/\/schema.org\",\"@graph\":[{\"@type\":\"Article\",\"@id\":\"https:\/\/www.m-q.ch\/en\/abb-appoints-guido-jouret-chief-digital-officer\/#article\",\"isPartOf\":{\"@id\":\"https:\/\/www.m-q.ch\/en\/abb-appoints-guido-jouret-chief-digital-officer\/\"},\"author\":{\"name\":\"galledia\",\"@id\":\"https:\/\/www.m-q.ch\/fr\/#\/schema\/person\/c0139a2c55a374db6df2cde78ec87148\"},\"headline\":\"ABB ernennt Guido Jouret zum Chief Digital Officer\",\"datePublished\":\"2016-09-06T14:00:52+00:00\",\"dateModified\":\"2017-03-01T08:00:41+00:00\",\"mainEntityOfPage\":{\"@id\":\"https:\/\/www.m-q.ch\/en\/abb-appoints-guido-jouret-chief-digital-officer\/\"},\"wordCount\":216,\"commentCount\":0,\"publisher\":{\"@id\":\"https:\/\/www.m-q.ch\/fr\/#organization\"},\"image\":{\"@id\":\"https:\/\/www.m-q.ch\/en\/abb-appoints-guido-jouret-chief-digital-officer\/#primaryimage\"},\"thumbnailUrl\":\"https:\/\/www.m-q.ch\/wp-content\/uploads\/2016\/12\/ABB-ernennt-Guido-Jouret-zum-Chief-Digital-Officer-management-und-qualitaet.jpg\",\"keywords\":[\"Personalia\"],\"articleSection\":[\"Unkategorisiert\"],\"inLanguage\":\"it-IT\"},{\"@type\":\"WebPage\",\"@id\":\"https:\/\/www.m-q.ch\/en\/abb-appoints-guido-jouret-chief-digital-officer\/\",\"url\":\"https:\/\/www.m-q.ch\/en\/abb-appoints-guido-jouret-chief-digital-officer\/\",\"name\":\"ABB ernennt Guido Jouret zum Chief Digital Officer - MQ Management und Qualit\u00e4t\",\"isPartOf\":{\"@id\":\"https:\/\/www.m-q.ch\/fr\/#website\"},\"primaryImageOfPage\":{\"@id\":\"https:\/\/www.m-q.ch\/en\/abb-appoints-guido-jouret-chief-digital-officer\/#primaryimage\"},\"image\":{\"@id\":\"https:\/\/www.m-q.ch\/en\/abb-appoints-guido-jouret-chief-digital-officer\/#primaryimage\"},\"thumbnailUrl\":\"https:\/\/www.m-q.ch\/wp-content\/uploads\/2016\/12\/ABB-ernennt-Guido-Jouret-zum-Chief-Digital-Officer-management-und-qualitaet.jpg\",\"datePublished\":\"2016-09-06T14:00:52+00:00\",\"dateModified\":\"2017-03-01T08:00:41+00:00\",\"description\":\"ABB hat Guido Jouret, einen Pionier des Internets der Dinge, zum 1. Oktober 2016 zum Chief Digital Officer ernannt.\",\"breadcrumb\":{\"@id\":\"https:\/\/www.m-q.ch\/en\/abb-appoints-guido-jouret-chief-digital-officer\/#breadcrumb\"},\"inLanguage\":\"it-IT\",\"potentialAction\":[{\"@type\":\"ReadAction\",\"target\":[\"https:\/\/www.m-q.ch\/en\/abb-appoints-guido-jouret-chief-digital-officer\/\"]}]},{\"@type\":\"ImageObject\",\"inLanguage\":\"it-IT\",\"@id\":\"https:\/\/www.m-q.ch\/en\/abb-appoints-guido-jouret-chief-digital-officer\/#primaryimage\",\"url\":\"https:\/\/www.m-q.ch\/wp-content\/uploads\/2016\/12\/ABB-ernennt-Guido-Jouret-zum-Chief-Digital-Officer-management-und-qualitaet.jpg\",\"contentUrl\":\"https:\/\/www.m-q.ch\/wp-content\/uploads\/2016\/12\/ABB-ernennt-Guido-Jouret-zum-Chief-Digital-Officer-management-und-qualitaet.jpg\",\"width\":728,\"height\":459,\"caption\":\"Guido Jouret, neuer Chief Digital Officer bei ABB.\"},{\"@type\":\"BreadcrumbList\",\"@id\":\"https:\/\/www.m-q.ch\/en\/abb-appoints-guido-jouret-chief-digital-officer\/#breadcrumb\",\"itemListElement\":[{\"@type\":\"ListItem\",\"position\":1,\"name\":\"Unkategorisiert\",\"item\":\"https:\/\/www.m-q.ch\/it\/categoria\/senza-categoria\/\"},{\"@type\":\"ListItem\",\"position\":2,\"name\":\"ABB ernennt Guido Jouret zum Chief Digital Officer\"}]},{\"@type\":\"WebSite\",\"@id\":\"https:\/\/www.m-q.ch\/fr\/#website\",\"url\":\"https:\/\/www.m-q.ch\/fr\/\",\"name\":\"MQ Management und Qualit\u00e4t\",\"description\":\"Plattform f\u00fcr integrierte Managementsysteme.\",\"publisher\":{\"@id\":\"https:\/\/www.m-q.ch\/fr\/#organization\"},\"potentialAction\":[{\"@type\":\"SearchAction\",\"target\":{\"@type\":\"EntryPoint\",\"urlTemplate\":\"https:\/\/www.m-q.ch\/fr\/?s={search_term_string}\"},\"query-input\":{\"@type\":\"PropertyValueSpecification\",\"valueRequired\":true,\"valueName\":\"search_term_string\"}}],\"inLanguage\":\"it-IT\"},{\"@type\":\"Organization\",\"@id\":\"https:\/\/www.m-q.ch\/fr\/#organization\",\"name\":\"Galledia Fachmedien AG\",\"url\":\"https:\/\/www.m-q.ch\/fr\/\",\"logo\":{\"@type\":\"ImageObject\",\"inLanguage\":\"it-IT\",\"@id\":\"https:\/\/www.m-q.ch\/fr\/#\/schema\/logo\/image\/\",\"url\":\"https:\/\/www.m-q.ch\/wp-content\/uploads\/2020\/12\/cropped-logo_small.png\",\"contentUrl\":\"https:\/\/www.m-q.ch\/wp-content\/uploads\/2020\/12\/cropped-logo_small.png\",\"width\":512,\"height\":512,\"caption\":\"Galledia Fachmedien AG\"},\"image\":{\"@id\":\"https:\/\/www.m-q.ch\/fr\/#\/schema\/logo\/image\/\"},\"sameAs\":[\"https:\/\/www.facebook.com\/ManagementUndQualitaet\",\"https:\/\/www.linkedin.com\/showcase\/17982321\/admin\/\"]},{\"@type\":\"Person\",\"@id\":\"https:\/\/www.m-q.ch\/fr\/#\/schema\/person\/c0139a2c55a374db6df2cde78ec87148\",\"name\":\"galledia\",\"image\":{\"@type\":\"ImageObject\",\"inLanguage\":\"it-IT\",\"@id\":\"https:\/\/www.m-q.ch\/fr\/#\/schema\/person\/image\/\",\"url\":\"https:\/\/secure.gravatar.com\/avatar\/66edf527eac29e9a5eb25bcada01f61a?s=96&d=mm&r=g\",\"contentUrl\":\"https:\/\/secure.gravatar.com\/avatar\/66edf527eac29e9a5eb25bcada01f61a?s=96&d=mm&r=g\",\"caption\":\"galledia\"},\"url\":\"https:\/\/www.m-q.ch\/it\/author\/galledia\/\"}]}<\/script>\n<!-- \/ Yoast SEO plugin. -->","yoast_head_json":{"title":"ABB nomina Guido Jouret come Chief Digital Officer - MQ Management and Quality","description":"ABB ha nominato Guido Jouret, un pioniere dell'Internet of Things, come Chief Digital Officer, a partire dal 1\u00b0 ottobre 2016.","robots":{"index":"index","follow":"follow","max-snippet":"max-snippet:-1","max-image-preview":"max-image-preview:large","max-video-preview":"max-video-preview:-1"},"canonical":"https:\/\/www.m-q.ch\/it\/abb-appoints-guido-jouret-chief-digital-officer\/","og_locale":"it_IT","og_type":"article","og_title":"ABB ernennt Guido Jouret zum Chief Digital Officer - MQ Management und Qualit\u00e4t","og_description":"ABB hat Guido Jouret, einen Pionier des Internets der Dinge, zum 1. Oktober 2016 zum Chief Digital Officer ernannt.","og_url":"https:\/\/www.m-q.ch\/it\/abb-appoints-guido-jouret-chief-digital-officer\/","og_site_name":"MQ Management und Qualit\u00e4t","article_publisher":"https:\/\/www.facebook.com\/ManagementUndQualitaet","article_published_time":"2016-09-06T14:00:52+00:00","article_modified_time":"2017-03-01T08:00:41+00:00","og_image":[{"width":728,"height":459,"url":"https:\/\/www.m-q.ch\/wp-content\/uploads\/2016\/12\/ABB-ernennt-Guido-Jouret-zum-Chief-Digital-Officer-management-und-qualitaet.jpg","type":"image\/jpeg"}],"author":"galledia","twitter_card":"summary_large_image","twitter_misc":{"Scritto da":"galledia","Tempo di lettura stimato":"1 minuto"},"schema":{"@context":"https:\/\/schema.org","@graph":[{"@type":"Article","@id":"https:\/\/www.m-q.ch\/en\/abb-appoints-guido-jouret-chief-digital-officer\/#article","isPartOf":{"@id":"https:\/\/www.m-q.ch\/en\/abb-appoints-guido-jouret-chief-digital-officer\/"},"author":{"name":"galledia","@id":"https:\/\/www.m-q.ch\/fr\/#\/schema\/person\/c0139a2c55a374db6df2cde78ec87148"},"headline":"ABB ernennt Guido Jouret zum Chief Digital Officer","datePublished":"2016-09-06T14:00:52+00:00","dateModified":"2017-03-01T08:00:41+00:00","mainEntityOfPage":{"@id":"https:\/\/www.m-q.ch\/en\/abb-appoints-guido-jouret-chief-digital-officer\/"},"wordCount":216,"commentCount":0,"publisher":{"@id":"https:\/\/www.m-q.ch\/fr\/#organization"},"image":{"@id":"https:\/\/www.m-q.ch\/en\/abb-appoints-guido-jouret-chief-digital-officer\/#primaryimage"},"thumbnailUrl":"https:\/\/www.m-q.ch\/wp-content\/uploads\/2016\/12\/ABB-ernennt-Guido-Jouret-zum-Chief-Digital-Officer-management-und-qualitaet.jpg","keywords":["Personalia"],"articleSection":["Unkategorisiert"],"inLanguage":"it-IT"},{"@type":"WebPage","@id":"https:\/\/www.m-q.ch\/en\/abb-appoints-guido-jouret-chief-digital-officer\/","url":"https:\/\/www.m-q.ch\/en\/abb-appoints-guido-jouret-chief-digital-officer\/","name":"ABB nomina Guido Jouret come Chief Digital Officer - MQ Management and Quality","isPartOf":{"@id":"https:\/\/www.m-q.ch\/fr\/#website"},"primaryImageOfPage":{"@id":"https:\/\/www.m-q.ch\/en\/abb-appoints-guido-jouret-chief-digital-officer\/#primaryimage"},"image":{"@id":"https:\/\/www.m-q.ch\/en\/abb-appoints-guido-jouret-chief-digital-officer\/#primaryimage"},"thumbnailUrl":"https:\/\/www.m-q.ch\/wp-content\/uploads\/2016\/12\/ABB-ernennt-Guido-Jouret-zum-Chief-Digital-Officer-management-und-qualitaet.jpg","datePublished":"2016-09-06T14:00:52+00:00","dateModified":"2017-03-01T08:00:41+00:00","description":"ABB ha nominato Guido Jouret, un pioniere dell'Internet of Things, come Chief Digital Officer, a partire dal 1\u00b0 ottobre 2016.","breadcrumb":{"@id":"https:\/\/www.m-q.ch\/en\/abb-appoints-guido-jouret-chief-digital-officer\/#breadcrumb"},"inLanguage":"it-IT","potentialAction":[{"@type":"ReadAction","target":["https:\/\/www.m-q.ch\/en\/abb-appoints-guido-jouret-chief-digital-officer\/"]}]},{"@type":"ImageObject","inLanguage":"it-IT","@id":"https:\/\/www.m-q.ch\/en\/abb-appoints-guido-jouret-chief-digital-officer\/#primaryimage","url":"https:\/\/www.m-q.ch\/wp-content\/uploads\/2016\/12\/ABB-ernennt-Guido-Jouret-zum-Chief-Digital-Officer-management-und-qualitaet.jpg","contentUrl":"https:\/\/www.m-q.ch\/wp-content\/uploads\/2016\/12\/ABB-ernennt-Guido-Jouret-zum-Chief-Digital-Officer-management-und-qualitaet.jpg","width":728,"height":459,"caption":"Guido Jouret, neuer Chief Digital Officer bei ABB."},{"@type":"BreadcrumbList","@id":"https:\/\/www.m-q.ch\/en\/abb-appoints-guido-jouret-chief-digital-officer\/#breadcrumb","itemListElement":[{"@type":"ListItem","position":1,"name":"Unkategorisiert","item":"https:\/\/www.m-q.ch\/it\/categoria\/senza-categoria\/"},{"@type":"ListItem","position":2,"name":"ABB ernennt Guido Jouret zum Chief Digital Officer"}]},{"@type":"WebSite","@id":"https:\/\/www.m-q.ch\/fr\/#website","url":"https:\/\/www.m-q.ch\/fr\/","name":"Gestione e qualit\u00e0 MQ","description":"Piattaforma per sistemi di gestione integrati.","publisher":{"@id":"https:\/\/www.m-q.ch\/fr\/#organization"},"potentialAction":[{"@type":"SearchAction","target":{"@type":"EntryPoint","urlTemplate":"https:\/\/www.m-q.ch\/fr\/?s={search_term_string}"},"query-input":{"@type":"PropertyValueSpecification","valueRequired":true,"valueName":"search_term_string"}}],"inLanguage":"it-IT"},{"@type":"Organization","@id":"https:\/\/www.m-q.ch\/fr\/#organization","name":"Galledia Fachmedien AG","url":"https:\/\/www.m-q.ch\/fr\/","logo":{"@type":"ImageObject","inLanguage":"it-IT","@id":"https:\/\/www.m-q.ch\/fr\/#\/schema\/logo\/image\/","url":"https:\/\/www.m-q.ch\/wp-content\/uploads\/2020\/12\/cropped-logo_small.png","contentUrl":"https:\/\/www.m-q.ch\/wp-content\/uploads\/2020\/12\/cropped-logo_small.png","width":512,"height":512,"caption":"Galledia Fachmedien AG"},"image":{"@id":"https:\/\/www.m-q.ch\/fr\/#\/schema\/logo\/image\/"},"sameAs":["https:\/\/www.facebook.com\/ManagementUndQualitaet","https:\/\/www.linkedin.com\/showcase\/17982321\/admin\/"]},{"@type":"Person","@id":"https:\/\/www.m-q.ch\/fr\/#\/schema\/person\/c0139a2c55a374db6df2cde78ec87148","name":"galleria","image":{"@type":"ImageObject","inLanguage":"it-IT","@id":"https:\/\/www.m-q.ch\/fr\/#\/schema\/person\/image\/","url":"https:\/\/secure.gravatar.com\/avatar\/66edf527eac29e9a5eb25bcada01f61a?s=96&d=mm&r=g","contentUrl":"https:\/\/secure.gravatar.com\/avatar\/66edf527eac29e9a5eb25bcada01f61a?s=96&d=mm&r=g","caption":"galledia"},"url":"https:\/\/www.m-q.ch\/it\/author\/galledia\/"}]}},"_links":{"self":[{"href":"https:\/\/www.m-q.ch\/it\/wp-json\/wp\/v2\/posts\/550","targetHints":{"allow":["GET"]}}],"collection":[{"href":"https:\/\/www.m-q.ch\/it\/wp-json\/wp\/v2\/posts"}],"about":[{"href":"https:\/\/www.m-q.ch\/it\/wp-json\/wp\/v2\/types\/post"}],"author":[{"embeddable":true,"href":"https:\/\/www.m-q.ch\/it\/wp-json\/wp\/v2\/users\/1"}],"replies":[{"embeddable":true,"href":"https:\/\/www.m-q.ch\/it\/wp-json\/wp\/v2\/comments?post=550"}],"version-history":[{"count":2,"href":"https:\/\/www.m-q.ch\/it\/wp-json\/wp\/v2\/posts\/550\/revisions"}],"predecessor-version":[{"id":1059,"href":"https:\/\/www.m-q.ch\/it\/wp-json\/wp\/v2\/posts\/550\/revisions\/1059"}],"wp:featuredmedia":[{"embeddable":true,"href":"https:\/\/www.m-q.ch\/it\/wp-json\/wp\/v2\/media\/54"}],"wp:attachment":[{"href":"https:\/\/www.m-q.ch\/it\/wp-json\/wp\/v2\/media?parent=550"}],"wp:term":[{"taxonomy":"category","embeddable":true,"href":"https:\/\/www.m-q.ch\/it\/wp-json\/wp\/v2\/categories?post=550"},{"taxonomy":"post_tag","embeddable":true,"href":"https:\/\/www.m-q.ch\/it\/wp-json\/wp\/v2\/tags?post=550"}],"curies":[{"name":"wp","href":"https:\/\/api.w.org\/{rel}","templated":true}]}}