{"id":577,"date":"2016-09-27T08:49:58","date_gmt":"2016-09-27T06:49:58","guid":{"rendered":"http:\/\/dev.m-q.ch\/?p=577"},"modified":"2017-03-01T08:48:08","modified_gmt":"2017-03-01T07:48:08","slug":"come-liot-sta-cambiando-la-nostra-societa","status":"publish","type":"post","link":"https:\/\/www.m-q.ch\/it\/wie-das-iot-unsere-gesellschaft-aendert\/","title":{"rendered":"Come l'internet degli oggetti cambia la nostra societ\u00e0"},"content":{"rendered":"<figure id=\"attachment_252\" aria-describedby=\"caption-attachment-252\" style=\"width: 348px\" class=\"wp-caption alignnone\"><a href=\"https:\/\/m-q.ch\/wp-content\/uploads\/2016\/12\/Wie-das-IoT-unsere-Gesellschaft-\u00e4ndert-management-und-qualitaet.jpg\"><img loading=\"lazy\" decoding=\"async\" class=\"wp-image-252 size-full\" src=\"https:\/\/www.m-q.ch\/wp-content\/uploads\/2016\/12\/Wie-das-IoT-unsere-Gesellschaft-\u00e4ndert-management-und-qualitaet.jpg\" width=\"348\" height=\"519\" srcset=\"https:\/\/www.m-q.ch\/wp-content\/uploads\/2016\/12\/Wie-das-IoT-unsere-Gesellschaft-\u00e4ndert-management-und-qualitaet.jpg 348w, https:\/\/www.m-q.ch\/wp-content\/uploads\/2016\/12\/Wie-das-IoT-unsere-Gesellschaft-\u00e4ndert-management-und-qualitaet-8x12.jpg 8w, https:\/\/www.m-q.ch\/wp-content\/uploads\/2016\/12\/Wie-das-IoT-unsere-Gesellschaft-\u00e4ndert-management-und-qualitaet-117x175.jpg 117w, https:\/\/www.m-q.ch\/wp-content\/uploads\/2016\/12\/Wie-das-IoT-unsere-Gesellschaft-\u00e4ndert-management-und-qualitaet-235x350.jpg 235w, https:\/\/www.m-q.ch\/wp-content\/uploads\/2016\/12\/Wie-das-IoT-unsere-Gesellschaft-\u00e4ndert-management-und-qualitaet-300x447.jpg 300w\" sizes=\"auto, (max-width: 348px) 100vw, 348px\" \/><\/a><figcaption id=\"caption-attachment-252\" class=\"wp-caption-text\">(foto: depositphoto)<\/figcaption><\/figure>\n<blockquote><p>Ogni azienda deve scoprire da sola come passare da catene del valore rigide a reti del valore dinamiche.<\/p><\/blockquote>\n<p>Il Consiglio Diplomatico intende l'Internet delle Cose come molto pi\u00f9 di una semplice tecnologia, come motore per cambiare le fondamenta della vita umana. \"L'Internet delle cose costituisce il ponte tra la digitalizzazione del mondo e la realt\u00e0 quotidiana e rappresenta quindi un'evoluzione fondamentale con conseguenze di vasta portata per il futuro dell'intera civilt\u00e0\", spiega il Rappresentante Speciale Dr. Michael Fuchs. Ricorda che la Commissione delle Nazioni Unite per la Scienza e la Tecnologia ha inserito l'internet degli oggetti come tema chiave nella sua agenda fino al 2030.<\/p>\n<p><strong>Migliori funzioni in tempo reale<\/strong><\/p>\n<p>Il presidente Otto Schell aggiunge: \"L'internet degli oggetti consente un diverso tipo di collaborazione grazie alla trasparenza e alla velocit\u00e0 della tecnologia. Con le tecnologie in tempo reale e la loro diffusione, ad esempio tramite smartphone o piattaforme aperte, la barriera all'ingresso sul mercato per le aziende \u00e8 pi\u00f9 bassa che mai. Questo spiega l'effetto della digitalizzazione dal punto di vista del mercato. Dal punto di vista di un'azienda, per digitalizzazione si intende il flusso di dati, ad esempio attraverso i sensori, verso i processi aziendali e verso il mercato, ad esempio attraverso le relazioni con i clienti. In altre parole, ci\u00f2 che significa digitalizzazione \u00e8 il flusso di software nelle transazioni e nelle analisi\".<\/p>\n<p><strong>Principi, standard, regole?<\/strong><\/p>\n<p>I governi, il settore privato e la societ\u00e0 civile sono ugualmente chiamati a sviluppare, nei loro rispettivi ruoli, principi, norme, regole, regole e procedure decisionali comuni che determineranno l'ulteriore sviluppo e l'uso della digitalizzazione. L'Internet delle cose \u00e8 l'estensione di Internet nel mondo reale, in modo che molti oggetti di uso quotidiano diventino parte di Internet. \"Una delle conseguenze \u00e8 l'influenza diretta sui processi aziendali end-to-end, cio\u00e8 l'automazione continua dei processi resa possibile da questo. In molte catene di processo, questo crea un livello di trasparenza che sorprende molti partecipanti al mercato e non \u00e8 affatto sempre desiderato\", dice il presidente di DC Otto Schell.<\/p>\n<p><strong>Leva principale della trasformazione<\/strong><\/p>\n<p>Il rappresentante speciale di DC, Dr. Michael Fuchs, spiega: \"Il collegamento in rete attraverso l'Internet delle cose influir\u00e0 successivamente su tutti i settori. Oltre al progresso tecnologico, l'attenzione si concentrer\u00e0 sui nuovi modelli di business che si creano attraverso il networking, i dati che vengono generati con esso e la loro valutazione. Le quattro leve della trasformazione digitale sono i dati digitali, l'automazione, l'accesso digitale dei clienti e il collegamento in rete.<\/p>\n<p>Ogni azienda deve scoprire da sola come passare da catene del valore rigide a reti del valore dinamiche.<\/p>\n<p>Ci\u00f2 \u00e8 legato allo sviluppo di nuovi modelli di business innovativi. Il che, a sua volta, significa che le aziende possono impegnarsi nel modello di business attuale con la consapevolezza che pu\u00f2 essere temporaneo\".<\/p>\n<p><strong>Equilibrio degli interessi<\/strong><\/p>\n<p>Il Consiglio Diplomatico mira a garantire che le opportunit\u00e0 offerte dalla digitalizzazione vadano a beneficio di tutte le persone nel mondo in egual misura. La DC si sforza di raggiungere un giusto equilibrio di interessi che renda giustizia a tutti i paesi, alla societ\u00e0 civile, al mondo accademico e al settore privato in tutto il mondo.<\/p>\n<p><em>A tal fine, il Consiglio Diplomatico ha <a href=\"http:\/\/www.diplomatic-council.org\" target=\"_blank\" rel=\"noreferrer\" data-cke-saved-href=\"http:\/\/www.diplomatic-council.org\">www.diplomatic-council.org<\/a> ha pubblicato un libro bianco sull'internet degli oggetti (autori: Dr. Michael Fuchs e Otto Schell).<\/em><\/p>\n<p><em>Completa un libro bianco sull'impatto del software sulle imprese e sulla societ\u00e0 civile (autore: Andreas Espenschied), disponibile anche su <a href=\"http:\/\/www.diplomatic-council.org\" target=\"_blank\" rel=\"noreferrer\" data-cke-saved-href=\"http:\/\/www.diplomatic-council.org\">www.diplomatic-council.org<\/a> \u00e8 visibile.<\/em><\/p>\n<p>&nbsp;<\/p>","protected":false},"excerpt":{"rendered":"<p>Jedes Unternehmen muss f\u00fcr sich herausfinden, wie es von starren Wertsch\u00f6pfungsketten zu dynamischen Wertsch\u00f6pfungsnetzwerk kommt. Das Diplomatic Council versteht das Internet of Things weit \u00fcber eine Technologie hinausgehend als einen Motor der Ver\u00e4nderung der Lebensgrundlagen der Menschheit. \u201eDas Internet of Things bildet die Br\u00fccke zwischen der Digitalisierung der Welt und der allt\u00e4glichen Realit\u00e4t und stellt [&hellip;]<\/p>\n","protected":false},"author":1,"featured_media":252,"comment_status":"open","ping_status":"open","sticky":false,"template":"","format":"standard","meta":{"_acf_changed":false,"footnotes":""},"categories":[1],"tags":[3372],"class_list":["post-577","post","type-post","status-publish","format-standard","has-post-thumbnail","hentry","category-unkategorisiert","tag-digitalisierung"],"acf":[],"yoast_head":"<!-- This site is optimized with the Yoast SEO plugin v26.2 - https:\/\/yoast.com\/wordpress\/plugins\/seo\/ -->\n<title>Wie das IoT unsere Gesellschaft \u00e4ndert - MQ Management und Qualit\u00e4t<\/title>\n<meta name=\"description\" content=\"Das Internet der Dinge (Engl.: Internet of Things (IoT)) wird in den n\u00e4chsten Jahren das Alltagsleben von Milliarden von Menschen nachhaltig ver\u00e4ndern.\" \/>\n<meta name=\"robots\" content=\"index, follow, max-snippet:-1, max-image-preview:large, max-video-preview:-1\" \/>\n<link rel=\"canonical\" href=\"https:\/\/www.m-q.ch\/it\/come-liot-sta-cambiando-la-nostra-societa\/\" \/>\n<meta property=\"og:locale\" content=\"it_IT\" \/>\n<meta property=\"og:type\" content=\"article\" \/>\n<meta property=\"og:title\" content=\"Wie das IoT unsere Gesellschaft \u00e4ndert - MQ Management und Qualit\u00e4t\" \/>\n<meta property=\"og:description\" content=\"Das Internet der Dinge (Engl.: Internet of Things (IoT)) wird in den n\u00e4chsten Jahren das Alltagsleben von Milliarden von Menschen nachhaltig ver\u00e4ndern.\" \/>\n<meta property=\"og:url\" content=\"https:\/\/www.m-q.ch\/it\/come-liot-sta-cambiando-la-nostra-societa\/\" \/>\n<meta property=\"og:site_name\" content=\"MQ Management und Qualit\u00e4t\" \/>\n<meta property=\"article:publisher\" content=\"https:\/\/www.facebook.com\/ManagementUndQualitaet\" \/>\n<meta property=\"article:published_time\" content=\"2016-09-27T06:49:58+00:00\" \/>\n<meta property=\"article:modified_time\" content=\"2017-03-01T07:48:08+00:00\" \/>\n<meta property=\"og:image\" content=\"https:\/\/www.m-q.ch\/wp-content\/uploads\/2016\/12\/Wie-das-IoT-unsere-Gesellschaft-\u00e4ndert-management-und-qualitaet.jpg\" \/>\n\t<meta property=\"og:image:width\" content=\"348\" \/>\n\t<meta property=\"og:image:height\" content=\"519\" \/>\n\t<meta property=\"og:image:type\" content=\"image\/jpeg\" \/>\n<meta name=\"author\" content=\"galledia\" \/>\n<meta name=\"twitter:card\" content=\"summary_large_image\" \/>\n<meta name=\"twitter:label1\" content=\"Scritto da\" \/>\n\t<meta name=\"twitter:data1\" content=\"galledia\" \/>\n\t<meta name=\"twitter:label2\" content=\"Tempo di lettura stimato\" \/>\n\t<meta name=\"twitter:data2\" content=\"3 minuti\" \/>\n<script type=\"application\/ld+json\" class=\"yoast-schema-graph\">{\"@context\":\"https:\/\/schema.org\",\"@graph\":[{\"@type\":\"Article\",\"@id\":\"https:\/\/www.m-q.ch\/de\/wie-das-iot-unsere-gesellschaft-aendert\/#article\",\"isPartOf\":{\"@id\":\"https:\/\/www.m-q.ch\/de\/wie-das-iot-unsere-gesellschaft-aendert\/\"},\"author\":{\"name\":\"galledia\",\"@id\":\"https:\/\/www.m-q.ch\/fr\/#\/schema\/person\/c0139a2c55a374db6df2cde78ec87148\"},\"headline\":\"Wie das IoT unsere Gesellschaft \u00e4ndert\",\"datePublished\":\"2016-09-27T06:49:58+00:00\",\"dateModified\":\"2017-03-01T07:48:08+00:00\",\"mainEntityOfPage\":{\"@id\":\"https:\/\/www.m-q.ch\/de\/wie-das-iot-unsere-gesellschaft-aendert\/\"},\"wordCount\":550,\"commentCount\":0,\"publisher\":{\"@id\":\"https:\/\/www.m-q.ch\/fr\/#organization\"},\"image\":{\"@id\":\"https:\/\/www.m-q.ch\/de\/wie-das-iot-unsere-gesellschaft-aendert\/#primaryimage\"},\"thumbnailUrl\":\"https:\/\/www.m-q.ch\/wp-content\/uploads\/2016\/12\/Wie-das-IoT-unsere-Gesellschaft-\u00e4ndert-management-und-qualitaet.jpg\",\"keywords\":[\"Digitalisierung\"],\"articleSection\":[\"Unkategorisiert\"],\"inLanguage\":\"it-IT\"},{\"@type\":\"WebPage\",\"@id\":\"https:\/\/www.m-q.ch\/de\/wie-das-iot-unsere-gesellschaft-aendert\/\",\"url\":\"https:\/\/www.m-q.ch\/de\/wie-das-iot-unsere-gesellschaft-aendert\/\",\"name\":\"Wie das IoT unsere Gesellschaft \u00e4ndert - MQ Management und Qualit\u00e4t\",\"isPartOf\":{\"@id\":\"https:\/\/www.m-q.ch\/fr\/#website\"},\"primaryImageOfPage\":{\"@id\":\"https:\/\/www.m-q.ch\/de\/wie-das-iot-unsere-gesellschaft-aendert\/#primaryimage\"},\"image\":{\"@id\":\"https:\/\/www.m-q.ch\/de\/wie-das-iot-unsere-gesellschaft-aendert\/#primaryimage\"},\"thumbnailUrl\":\"https:\/\/www.m-q.ch\/wp-content\/uploads\/2016\/12\/Wie-das-IoT-unsere-Gesellschaft-\u00e4ndert-management-und-qualitaet.jpg\",\"datePublished\":\"2016-09-27T06:49:58+00:00\",\"dateModified\":\"2017-03-01T07:48:08+00:00\",\"description\":\"Das Internet der Dinge (Engl.: Internet of Things (IoT)) wird in den n\u00e4chsten Jahren das Alltagsleben von Milliarden von Menschen nachhaltig ver\u00e4ndern.\",\"breadcrumb\":{\"@id\":\"https:\/\/www.m-q.ch\/de\/wie-das-iot-unsere-gesellschaft-aendert\/#breadcrumb\"},\"inLanguage\":\"it-IT\",\"potentialAction\":[{\"@type\":\"ReadAction\",\"target\":[\"https:\/\/www.m-q.ch\/de\/wie-das-iot-unsere-gesellschaft-aendert\/\"]}]},{\"@type\":\"ImageObject\",\"inLanguage\":\"it-IT\",\"@id\":\"https:\/\/www.m-q.ch\/de\/wie-das-iot-unsere-gesellschaft-aendert\/#primaryimage\",\"url\":\"https:\/\/www.m-q.ch\/wp-content\/uploads\/2016\/12\/Wie-das-IoT-unsere-Gesellschaft-\u00e4ndert-management-und-qualitaet.jpg\",\"contentUrl\":\"https:\/\/www.m-q.ch\/wp-content\/uploads\/2016\/12\/Wie-das-IoT-unsere-Gesellschaft-\u00e4ndert-management-und-qualitaet.jpg\",\"width\":348,\"height\":519,\"caption\":\"(Bild: depositphoto)\"},{\"@type\":\"BreadcrumbList\",\"@id\":\"https:\/\/www.m-q.ch\/de\/wie-das-iot-unsere-gesellschaft-aendert\/#breadcrumb\",\"itemListElement\":[{\"@type\":\"ListItem\",\"position\":1,\"name\":\"Unkategorisiert\",\"item\":\"https:\/\/www.m-q.ch\/it\/categoria\/senza-categoria\/\"},{\"@type\":\"ListItem\",\"position\":2,\"name\":\"Wie das IoT unsere Gesellschaft \u00e4ndert\"}]},{\"@type\":\"WebSite\",\"@id\":\"https:\/\/www.m-q.ch\/fr\/#website\",\"url\":\"https:\/\/www.m-q.ch\/fr\/\",\"name\":\"MQ Management und Qualit\u00e4t\",\"description\":\"Plattform f\u00fcr integrierte Managementsysteme.\",\"publisher\":{\"@id\":\"https:\/\/www.m-q.ch\/fr\/#organization\"},\"potentialAction\":[{\"@type\":\"SearchAction\",\"target\":{\"@type\":\"EntryPoint\",\"urlTemplate\":\"https:\/\/www.m-q.ch\/fr\/?s={search_term_string}\"},\"query-input\":{\"@type\":\"PropertyValueSpecification\",\"valueRequired\":true,\"valueName\":\"search_term_string\"}}],\"inLanguage\":\"it-IT\"},{\"@type\":\"Organization\",\"@id\":\"https:\/\/www.m-q.ch\/fr\/#organization\",\"name\":\"Galledia Fachmedien AG\",\"url\":\"https:\/\/www.m-q.ch\/fr\/\",\"logo\":{\"@type\":\"ImageObject\",\"inLanguage\":\"it-IT\",\"@id\":\"https:\/\/www.m-q.ch\/fr\/#\/schema\/logo\/image\/\",\"url\":\"https:\/\/www.m-q.ch\/wp-content\/uploads\/2020\/12\/cropped-logo_small.png\",\"contentUrl\":\"https:\/\/www.m-q.ch\/wp-content\/uploads\/2020\/12\/cropped-logo_small.png\",\"width\":512,\"height\":512,\"caption\":\"Galledia Fachmedien AG\"},\"image\":{\"@id\":\"https:\/\/www.m-q.ch\/fr\/#\/schema\/logo\/image\/\"},\"sameAs\":[\"https:\/\/www.facebook.com\/ManagementUndQualitaet\",\"https:\/\/www.linkedin.com\/showcase\/17982321\/admin\/\"]},{\"@type\":\"Person\",\"@id\":\"https:\/\/www.m-q.ch\/fr\/#\/schema\/person\/c0139a2c55a374db6df2cde78ec87148\",\"name\":\"galledia\",\"image\":{\"@type\":\"ImageObject\",\"inLanguage\":\"it-IT\",\"@id\":\"https:\/\/www.m-q.ch\/fr\/#\/schema\/person\/image\/\",\"url\":\"https:\/\/secure.gravatar.com\/avatar\/66edf527eac29e9a5eb25bcada01f61a?s=96&d=mm&r=g\",\"contentUrl\":\"https:\/\/secure.gravatar.com\/avatar\/66edf527eac29e9a5eb25bcada01f61a?s=96&d=mm&r=g\",\"caption\":\"galledia\"},\"url\":\"https:\/\/www.m-q.ch\/it\/author\/galledia\/\"}]}<\/script>\n<!-- \/ Yoast SEO plugin. -->","yoast_head_json":{"title":"Come l'Internet degli oggetti sta cambiando la nostra societ\u00e0 - Gestione MQ e Qualit\u00e0","description":"L'Internet delle cose (IoT) cambier\u00e0 in modo permanente la vita quotidiana di miliardi di persone nei prossimi anni.","robots":{"index":"index","follow":"follow","max-snippet":"max-snippet:-1","max-image-preview":"max-image-preview:large","max-video-preview":"max-video-preview:-1"},"canonical":"https:\/\/www.m-q.ch\/it\/come-liot-sta-cambiando-la-nostra-societa\/","og_locale":"it_IT","og_type":"article","og_title":"Wie das IoT unsere Gesellschaft \u00e4ndert - MQ Management und Qualit\u00e4t","og_description":"Das Internet der Dinge (Engl.: Internet of Things (IoT)) wird in den n\u00e4chsten Jahren das Alltagsleben von Milliarden von Menschen nachhaltig ver\u00e4ndern.","og_url":"https:\/\/www.m-q.ch\/it\/come-liot-sta-cambiando-la-nostra-societa\/","og_site_name":"MQ Management und Qualit\u00e4t","article_publisher":"https:\/\/www.facebook.com\/ManagementUndQualitaet","article_published_time":"2016-09-27T06:49:58+00:00","article_modified_time":"2017-03-01T07:48:08+00:00","og_image":[{"width":348,"height":519,"url":"https:\/\/www.m-q.ch\/wp-content\/uploads\/2016\/12\/Wie-das-IoT-unsere-Gesellschaft-\u00e4ndert-management-und-qualitaet.jpg","type":"image\/jpeg"}],"author":"galledia","twitter_card":"summary_large_image","twitter_misc":{"Scritto da":"galledia","Tempo di lettura stimato":"3 minuti"},"schema":{"@context":"https:\/\/schema.org","@graph":[{"@type":"Article","@id":"https:\/\/www.m-q.ch\/de\/wie-das-iot-unsere-gesellschaft-aendert\/#article","isPartOf":{"@id":"https:\/\/www.m-q.ch\/de\/wie-das-iot-unsere-gesellschaft-aendert\/"},"author":{"name":"galledia","@id":"https:\/\/www.m-q.ch\/fr\/#\/schema\/person\/c0139a2c55a374db6df2cde78ec87148"},"headline":"Wie das IoT unsere Gesellschaft \u00e4ndert","datePublished":"2016-09-27T06:49:58+00:00","dateModified":"2017-03-01T07:48:08+00:00","mainEntityOfPage":{"@id":"https:\/\/www.m-q.ch\/de\/wie-das-iot-unsere-gesellschaft-aendert\/"},"wordCount":550,"commentCount":0,"publisher":{"@id":"https:\/\/www.m-q.ch\/fr\/#organization"},"image":{"@id":"https:\/\/www.m-q.ch\/de\/wie-das-iot-unsere-gesellschaft-aendert\/#primaryimage"},"thumbnailUrl":"https:\/\/www.m-q.ch\/wp-content\/uploads\/2016\/12\/Wie-das-IoT-unsere-Gesellschaft-\u00e4ndert-management-und-qualitaet.jpg","keywords":["Digitalisierung"],"articleSection":["Unkategorisiert"],"inLanguage":"it-IT"},{"@type":"WebPage","@id":"https:\/\/www.m-q.ch\/de\/wie-das-iot-unsere-gesellschaft-aendert\/","url":"https:\/\/www.m-q.ch\/de\/wie-das-iot-unsere-gesellschaft-aendert\/","name":"Come l'Internet degli oggetti sta cambiando la nostra societ\u00e0 - Gestione MQ e Qualit\u00e0","isPartOf":{"@id":"https:\/\/www.m-q.ch\/fr\/#website"},"primaryImageOfPage":{"@id":"https:\/\/www.m-q.ch\/de\/wie-das-iot-unsere-gesellschaft-aendert\/#primaryimage"},"image":{"@id":"https:\/\/www.m-q.ch\/de\/wie-das-iot-unsere-gesellschaft-aendert\/#primaryimage"},"thumbnailUrl":"https:\/\/www.m-q.ch\/wp-content\/uploads\/2016\/12\/Wie-das-IoT-unsere-Gesellschaft-\u00e4ndert-management-und-qualitaet.jpg","datePublished":"2016-09-27T06:49:58+00:00","dateModified":"2017-03-01T07:48:08+00:00","description":"L'Internet delle cose (IoT) cambier\u00e0 in modo permanente la vita quotidiana di miliardi di persone nei prossimi anni.","breadcrumb":{"@id":"https:\/\/www.m-q.ch\/de\/wie-das-iot-unsere-gesellschaft-aendert\/#breadcrumb"},"inLanguage":"it-IT","potentialAction":[{"@type":"ReadAction","target":["https:\/\/www.m-q.ch\/de\/wie-das-iot-unsere-gesellschaft-aendert\/"]}]},{"@type":"ImageObject","inLanguage":"it-IT","@id":"https:\/\/www.m-q.ch\/de\/wie-das-iot-unsere-gesellschaft-aendert\/#primaryimage","url":"https:\/\/www.m-q.ch\/wp-content\/uploads\/2016\/12\/Wie-das-IoT-unsere-Gesellschaft-\u00e4ndert-management-und-qualitaet.jpg","contentUrl":"https:\/\/www.m-q.ch\/wp-content\/uploads\/2016\/12\/Wie-das-IoT-unsere-Gesellschaft-\u00e4ndert-management-und-qualitaet.jpg","width":348,"height":519,"caption":"(Bild: depositphoto)"},{"@type":"BreadcrumbList","@id":"https:\/\/www.m-q.ch\/de\/wie-das-iot-unsere-gesellschaft-aendert\/#breadcrumb","itemListElement":[{"@type":"ListItem","position":1,"name":"Unkategorisiert","item":"https:\/\/www.m-q.ch\/it\/categoria\/senza-categoria\/"},{"@type":"ListItem","position":2,"name":"Wie das IoT unsere Gesellschaft \u00e4ndert"}]},{"@type":"WebSite","@id":"https:\/\/www.m-q.ch\/fr\/#website","url":"https:\/\/www.m-q.ch\/fr\/","name":"Gestione e qualit\u00e0 MQ","description":"Piattaforma per sistemi di gestione integrati.","publisher":{"@id":"https:\/\/www.m-q.ch\/fr\/#organization"},"potentialAction":[{"@type":"SearchAction","target":{"@type":"EntryPoint","urlTemplate":"https:\/\/www.m-q.ch\/fr\/?s={search_term_string}"},"query-input":{"@type":"PropertyValueSpecification","valueRequired":true,"valueName":"search_term_string"}}],"inLanguage":"it-IT"},{"@type":"Organization","@id":"https:\/\/www.m-q.ch\/fr\/#organization","name":"Galledia Fachmedien AG","url":"https:\/\/www.m-q.ch\/fr\/","logo":{"@type":"ImageObject","inLanguage":"it-IT","@id":"https:\/\/www.m-q.ch\/fr\/#\/schema\/logo\/image\/","url":"https:\/\/www.m-q.ch\/wp-content\/uploads\/2020\/12\/cropped-logo_small.png","contentUrl":"https:\/\/www.m-q.ch\/wp-content\/uploads\/2020\/12\/cropped-logo_small.png","width":512,"height":512,"caption":"Galledia Fachmedien AG"},"image":{"@id":"https:\/\/www.m-q.ch\/fr\/#\/schema\/logo\/image\/"},"sameAs":["https:\/\/www.facebook.com\/ManagementUndQualitaet","https:\/\/www.linkedin.com\/showcase\/17982321\/admin\/"]},{"@type":"Person","@id":"https:\/\/www.m-q.ch\/fr\/#\/schema\/person\/c0139a2c55a374db6df2cde78ec87148","name":"galleria","image":{"@type":"ImageObject","inLanguage":"it-IT","@id":"https:\/\/www.m-q.ch\/fr\/#\/schema\/person\/image\/","url":"https:\/\/secure.gravatar.com\/avatar\/66edf527eac29e9a5eb25bcada01f61a?s=96&d=mm&r=g","contentUrl":"https:\/\/secure.gravatar.com\/avatar\/66edf527eac29e9a5eb25bcada01f61a?s=96&d=mm&r=g","caption":"galledia"},"url":"https:\/\/www.m-q.ch\/it\/author\/galledia\/"}]}},"_links":{"self":[{"href":"https:\/\/www.m-q.ch\/it\/wp-json\/wp\/v2\/posts\/577","targetHints":{"allow":["GET"]}}],"collection":[{"href":"https:\/\/www.m-q.ch\/it\/wp-json\/wp\/v2\/posts"}],"about":[{"href":"https:\/\/www.m-q.ch\/it\/wp-json\/wp\/v2\/types\/post"}],"author":[{"embeddable":true,"href":"https:\/\/www.m-q.ch\/it\/wp-json\/wp\/v2\/users\/1"}],"replies":[{"embeddable":true,"href":"https:\/\/www.m-q.ch\/it\/wp-json\/wp\/v2\/comments?post=577"}],"version-history":[{"count":2,"href":"https:\/\/www.m-q.ch\/it\/wp-json\/wp\/v2\/posts\/577\/revisions"}],"predecessor-version":[{"id":1046,"href":"https:\/\/www.m-q.ch\/it\/wp-json\/wp\/v2\/posts\/577\/revisions\/1046"}],"wp:featuredmedia":[{"embeddable":true,"href":"https:\/\/www.m-q.ch\/it\/wp-json\/wp\/v2\/media\/252"}],"wp:attachment":[{"href":"https:\/\/www.m-q.ch\/it\/wp-json\/wp\/v2\/media?parent=577"}],"wp:term":[{"taxonomy":"category","embeddable":true,"href":"https:\/\/www.m-q.ch\/it\/wp-json\/wp\/v2\/categories?post=577"},{"taxonomy":"post_tag","embeddable":true,"href":"https:\/\/www.m-q.ch\/it\/wp-json\/wp\/v2\/tags?post=577"}],"curies":[{"name":"wp","href":"https:\/\/api.w.org\/{rel}","templated":true}]}}