{"id":599,"date":"2016-10-12T09:13:06","date_gmt":"2016-10-12T07:13:06","guid":{"rendered":"http:\/\/dev.m-q.ch\/?p=599"},"modified":"2017-03-01T08:33:52","modified_gmt":"2017-03-01T07:33:52","slug":"gestione-congiunta-dei-dati-di-laboratorio-tra-labfolder-e-la-max-planck-society","status":"publish","type":"post","link":"https:\/\/www.m-q.ch\/it\/gemeinsames-labordatenmanagement-zwischen-labfolder-und-max-planck-gesellschaft\/","title":{"rendered":"Gestione congiunta dei dati di laboratorio tra labfolder e la Max Planck Society"},"content":{"rendered":"<figure id=\"attachment_125\" aria-describedby=\"caption-attachment-125\" style=\"width: 640px\" class=\"wp-caption alignnone\"><a href=\"https:\/\/m-q.ch\/wp-content\/uploads\/2016\/12\/Gemeinsames-Labordatenmanagement-zwischen-labfolder-und-Max-Planck-Gesellschaft-management-und-qualitaet.jpg\"><img loading=\"lazy\" decoding=\"async\" class=\"wp-image-125 size-full\" src=\"https:\/\/www.m-q.ch\/wp-content\/uploads\/2016\/12\/Gemeinsames-Labordatenmanagement-zwischen-labfolder-und-Max-Planck-Gesellschaft-management-und-qualitaet.jpg\" width=\"640\" height=\"427\" srcset=\"https:\/\/www.m-q.ch\/wp-content\/uploads\/2016\/12\/Gemeinsames-Labordatenmanagement-zwischen-labfolder-und-Max-Planck-Gesellschaft-management-und-qualitaet.jpg 640w, https:\/\/www.m-q.ch\/wp-content\/uploads\/2016\/12\/Gemeinsames-Labordatenmanagement-zwischen-labfolder-und-Max-Planck-Gesellschaft-management-und-qualitaet-16x12.jpg 16w, https:\/\/www.m-q.ch\/wp-content\/uploads\/2016\/12\/Gemeinsames-Labordatenmanagement-zwischen-labfolder-und-Max-Planck-Gesellschaft-management-und-qualitaet-262x175.jpg 262w, https:\/\/www.m-q.ch\/wp-content\/uploads\/2016\/12\/Gemeinsames-Labordatenmanagement-zwischen-labfolder-und-Max-Planck-Gesellschaft-management-und-qualitaet-525x350.jpg 525w, https:\/\/www.m-q.ch\/wp-content\/uploads\/2016\/12\/Gemeinsames-Labordatenmanagement-zwischen-labfolder-und-Max-Planck-Gesellschaft-management-und-qualitaet-300x200.jpg 300w, https:\/\/www.m-q.ch\/wp-content\/uploads\/2016\/12\/Gemeinsames-Labordatenmanagement-zwischen-labfolder-und-Max-Planck-Gesellschaft-management-und-qualitaet-624x416.jpg 624w\" sizes=\"auto, (max-width: 640px) 100vw, 640px\" \/><\/a><figcaption id=\"caption-attachment-125\" class=\"wp-caption-text\">Il lavoro di laboratorio diventa ancora pi\u00f9 agile e coordinato. (Immagine: labfolder GmbH)<\/figcaption><\/figure>\n<blockquote><p>\"Attualmente c'\u00e8 un'enorme richiesta tra gli scienziati della Max Planck Society per la conversione alla registrazione elettronica dei dati di laboratorio\", spiega il Dr. Frank Sander, capo della Max Planck Digital Library.<\/p><\/blockquote>\n<p>Questa \u00e8 la prima volta al mondo che uno strumento di gestione dei dati di laboratorio \u00e8 stato reso disponibile a livello di un'organizzazione di ricerca in tutte le discipline scientifiche, dalla fisica, alla chimica, alle scienze della vita e alle scienze umane. Il software di gestione dei dati di laboratorio di labfolder permette agli scienziati di tutte le discipline di catturare, collegare e gestire i dati scientifici da fonti di dati disparate come computer, tablet e attrezzature di laboratorio, rispettando le linee guida del laboratorio e gli standard industriali.<\/p>\n<p><strong>Posizionamento intercontinentale \u00a0\u00a0<\/strong><\/p>\n<p>labfolder accelera la ricerca e l'innovazione e facilita l'analisi dei dati e la collaborazione tra scienziati di diversi dipartimenti e continenti. labfolder pu\u00f2 essere installato su server locali presso gli istituti e su un server centrale. La piattaforma di dati labfolder \u00e8 estremamente flessibile e pu\u00f2 essere adattata dagli stessi scienziati Max Planck alle loro esigenze.<\/p>\n<p>\"L'accordo di licenza con la Max Planck Society, una delle organizzazioni scientifiche di maggior successo e prestigio al mondo, \u00e8 un'importante pietra miliare nello sviluppo di labfolder\", ha dichiarato il Dr. Simon Bungers, CEO di labfolder.<\/p>\n<p>Per molti scienziati, il classico quaderno di laboratorio su carta \u00e8 ancora lo strumento informatico centrale attraverso le cui voci gli esperimenti e le ipotesi diventano comprensibili e i dati raccolti diventano interpretabili. \"Attualmente c'\u00e8 un'enorme richiesta tra gli scienziati della Max Planck Society per la conversione alla registrazione elettronica dei dati di laboratorio\", spiega il Dr. Frank Sander, capo della Max Planck Digital Library, l'ufficio centrale per lo sviluppo e la fornitura di servizi di gestione delle informazioni e dei dati nella Max Planck Society.<\/p>\n<p><strong>\"Discontinuit\u00e0 mediatica\" svantaggiosa<\/strong><\/p>\n<p>La discontinuit\u00e0 dei media nell'uso di un misto di quaderni cartacei, dati memorizzati localmente e file server per la gestione dei dati significa che la documentazione, il recupero e l'uso sostenibile dei dati scientifici \u00e8 spesso possibile solo in misura limitata. Inoltre, la quantit\u00e0 di dati nella scienza e nella medicina sta crescendo esponenzialmente.<\/p>\n<p>La digitalizzazione e l'ottimizzazione della gestione dei dati nella ricerca e nella pratica clinica \u00e8 quindi vista dagli scienziati, dagli istituti di ricerca, dalle aziende e dai finanziatori pubblici e dai legislatori come un prossimo passo che fa tendenza.<\/p>\n<p><a href=\"http:\/\/www.labfolder.com\" target=\"_blank\" rel=\"noreferrer\" data-cke-saved-href=\"http:\/\/www.labfolder.com\">www.labfolder.com<\/a><\/p>","protected":false},"excerpt":{"rendered":"<p>\u201eBei den Wissenschaftlern in der Max-Planck-Gesellschaft gibt es aktuell einen enormen Bedarf nach Umstellung auf eine elektronische Laborbuchf\u00fchrung\u201c, erl\u00e4utert Dr. Frank Sander, Leiter der Max Planck Digital Library. Damit wird weltweit erstmals ein Labordatenmanagement-Tool auf Ebene einer Forschungsorganisation \u00fcbergreifend f\u00fcr alle wissenschaftlichen Disziplinen von Physik, Chemie, Biowissenschaften bis hin zu Geisteswissenschaften bereitgestellt. Die Labordatenmanagement-Software von [&hellip;]<\/p>\n","protected":false},"author":1,"featured_media":125,"comment_status":"open","ping_status":"open","sticky":false,"template":"","format":"standard","meta":{"_acf_changed":false,"footnotes":""},"categories":[5],"tags":[3328,3383,3360],"class_list":["post-599","post","type-post","status-publish","format-standard","has-post-thumbnail","hentry","category-business_excellence","tag-business-excellence","tag-kooperation","tag-management-und-unternehmensfuehrung"],"acf":[],"yoast_head":"<!-- This site is optimized with the Yoast SEO plugin v26.2 - https:\/\/yoast.com\/wordpress\/plugins\/seo\/ -->\n<title>Gemeinsames Labordatenmanagement zwischen labfolder und Max-Planck-Gesellschaft - MQ Management und Qualit\u00e4t<\/title>\n<meta name=\"description\" content=\"Die labfolder GmbH und die Max-Planck-Gesellschaft geben heute die Unterzeichnung einer Lizenzvereinbarung bekannt.\" \/>\n<meta name=\"robots\" content=\"index, follow, max-snippet:-1, max-image-preview:large, max-video-preview:-1\" \/>\n<link rel=\"canonical\" href=\"https:\/\/www.m-q.ch\/it\/gestione-congiunta-dei-dati-di-laboratorio-tra-labfolder-e-la-max-planck-society\/\" \/>\n<meta property=\"og:locale\" content=\"it_IT\" \/>\n<meta property=\"og:type\" content=\"article\" \/>\n<meta property=\"og:title\" content=\"Gemeinsames Labordatenmanagement zwischen labfolder und Max-Planck-Gesellschaft - MQ Management und Qualit\u00e4t\" \/>\n<meta property=\"og:description\" content=\"Die labfolder GmbH und die Max-Planck-Gesellschaft geben heute die Unterzeichnung einer Lizenzvereinbarung bekannt.\" \/>\n<meta property=\"og:url\" content=\"https:\/\/www.m-q.ch\/it\/gestione-congiunta-dei-dati-di-laboratorio-tra-labfolder-e-la-max-planck-society\/\" \/>\n<meta property=\"og:site_name\" content=\"MQ Management und Qualit\u00e4t\" \/>\n<meta property=\"article:publisher\" content=\"https:\/\/www.facebook.com\/ManagementUndQualitaet\" \/>\n<meta property=\"article:published_time\" content=\"2016-10-12T07:13:06+00:00\" \/>\n<meta property=\"article:modified_time\" content=\"2017-03-01T07:33:52+00:00\" \/>\n<meta property=\"og:image\" content=\"https:\/\/www.m-q.ch\/wp-content\/uploads\/2016\/12\/Gemeinsames-Labordatenmanagement-zwischen-labfolder-und-Max-Planck-Gesellschaft-management-und-qualitaet.jpg\" \/>\n\t<meta property=\"og:image:width\" content=\"640\" \/>\n\t<meta property=\"og:image:height\" content=\"427\" \/>\n\t<meta property=\"og:image:type\" content=\"image\/jpeg\" \/>\n<meta name=\"author\" content=\"galledia\" \/>\n<meta name=\"twitter:card\" content=\"summary_large_image\" \/>\n<meta name=\"twitter:label1\" content=\"Scritto da\" \/>\n\t<meta name=\"twitter:data1\" content=\"galledia\" \/>\n\t<meta name=\"twitter:label2\" content=\"Tempo di lettura stimato\" \/>\n\t<meta name=\"twitter:data2\" content=\"2 minuti\" \/>\n<script type=\"application\/ld+json\" class=\"yoast-schema-graph\">{\"@context\":\"https:\/\/schema.org\",\"@graph\":[{\"@type\":\"Article\",\"@id\":\"https:\/\/www.m-q.ch\/gemeinsames-labordatenmanagement-zwischen-labfolder-und-max-planck-gesellschaft\/#article\",\"isPartOf\":{\"@id\":\"https:\/\/www.m-q.ch\/gemeinsames-labordatenmanagement-zwischen-labfolder-und-max-planck-gesellschaft\/\"},\"author\":{\"name\":\"galledia\",\"@id\":\"https:\/\/www.m-q.ch\/fr\/#\/schema\/person\/c0139a2c55a374db6df2cde78ec87148\"},\"headline\":\"Gemeinsames Labordatenmanagement zwischen labfolder und Max-Planck-Gesellschaft\",\"datePublished\":\"2016-10-12T07:13:06+00:00\",\"dateModified\":\"2017-03-01T07:33:52+00:00\",\"mainEntityOfPage\":{\"@id\":\"https:\/\/www.m-q.ch\/gemeinsames-labordatenmanagement-zwischen-labfolder-und-max-planck-gesellschaft\/\"},\"wordCount\":358,\"commentCount\":0,\"publisher\":{\"@id\":\"https:\/\/www.m-q.ch\/fr\/#organization\"},\"image\":{\"@id\":\"https:\/\/www.m-q.ch\/gemeinsames-labordatenmanagement-zwischen-labfolder-und-max-planck-gesellschaft\/#primaryimage\"},\"thumbnailUrl\":\"https:\/\/www.m-q.ch\/wp-content\/uploads\/2016\/12\/Gemeinsames-Labordatenmanagement-zwischen-labfolder-und-Max-Planck-Gesellschaft-management-und-qualitaet.jpg\",\"keywords\":[\"Business Excellence\",\"Kooperation\",\"Management und Unternehmensf\u00fchrung\"],\"articleSection\":[\"Business Excellence\"],\"inLanguage\":\"it-IT\"},{\"@type\":\"WebPage\",\"@id\":\"https:\/\/www.m-q.ch\/gemeinsames-labordatenmanagement-zwischen-labfolder-und-max-planck-gesellschaft\/\",\"url\":\"https:\/\/www.m-q.ch\/gemeinsames-labordatenmanagement-zwischen-labfolder-und-max-planck-gesellschaft\/\",\"name\":\"Gemeinsames Labordatenmanagement zwischen labfolder und Max-Planck-Gesellschaft - MQ Management und Qualit\u00e4t\",\"isPartOf\":{\"@id\":\"https:\/\/www.m-q.ch\/fr\/#website\"},\"primaryImageOfPage\":{\"@id\":\"https:\/\/www.m-q.ch\/gemeinsames-labordatenmanagement-zwischen-labfolder-und-max-planck-gesellschaft\/#primaryimage\"},\"image\":{\"@id\":\"https:\/\/www.m-q.ch\/gemeinsames-labordatenmanagement-zwischen-labfolder-und-max-planck-gesellschaft\/#primaryimage\"},\"thumbnailUrl\":\"https:\/\/www.m-q.ch\/wp-content\/uploads\/2016\/12\/Gemeinsames-Labordatenmanagement-zwischen-labfolder-und-Max-Planck-Gesellschaft-management-und-qualitaet.jpg\",\"datePublished\":\"2016-10-12T07:13:06+00:00\",\"dateModified\":\"2017-03-01T07:33:52+00:00\",\"description\":\"Die labfolder GmbH und die Max-Planck-Gesellschaft geben heute die Unterzeichnung einer Lizenzvereinbarung bekannt.\",\"breadcrumb\":{\"@id\":\"https:\/\/www.m-q.ch\/gemeinsames-labordatenmanagement-zwischen-labfolder-und-max-planck-gesellschaft\/#breadcrumb\"},\"inLanguage\":\"it-IT\",\"potentialAction\":[{\"@type\":\"ReadAction\",\"target\":[\"https:\/\/www.m-q.ch\/gemeinsames-labordatenmanagement-zwischen-labfolder-und-max-planck-gesellschaft\/\"]}]},{\"@type\":\"ImageObject\",\"inLanguage\":\"it-IT\",\"@id\":\"https:\/\/www.m-q.ch\/gemeinsames-labordatenmanagement-zwischen-labfolder-und-max-planck-gesellschaft\/#primaryimage\",\"url\":\"https:\/\/www.m-q.ch\/wp-content\/uploads\/2016\/12\/Gemeinsames-Labordatenmanagement-zwischen-labfolder-und-Max-Planck-Gesellschaft-management-und-qualitaet.jpg\",\"contentUrl\":\"https:\/\/www.m-q.ch\/wp-content\/uploads\/2016\/12\/Gemeinsames-Labordatenmanagement-zwischen-labfolder-und-Max-Planck-Gesellschaft-management-und-qualitaet.jpg\",\"width\":640,\"height\":427,\"caption\":\"Die Laborarbeit wird noch agiler und koordinierter. (Bild: labfolder GmbH)\"},{\"@type\":\"BreadcrumbList\",\"@id\":\"https:\/\/www.m-q.ch\/gemeinsames-labordatenmanagement-zwischen-labfolder-und-max-planck-gesellschaft\/#breadcrumb\",\"itemListElement\":[{\"@type\":\"ListItem\",\"position\":1,\"name\":\"Business Excellence\",\"item\":\"https:\/\/www.m-q.ch\/kategorie\/business_excellence\/\"},{\"@type\":\"ListItem\",\"position\":2,\"name\":\"Gemeinsames Labordatenmanagement zwischen labfolder und Max-Planck-Gesellschaft\"}]},{\"@type\":\"WebSite\",\"@id\":\"https:\/\/www.m-q.ch\/fr\/#website\",\"url\":\"https:\/\/www.m-q.ch\/fr\/\",\"name\":\"MQ Management und Qualit\u00e4t\",\"description\":\"Plattform f\u00fcr integrierte Managementsysteme.\",\"publisher\":{\"@id\":\"https:\/\/www.m-q.ch\/fr\/#organization\"},\"potentialAction\":[{\"@type\":\"SearchAction\",\"target\":{\"@type\":\"EntryPoint\",\"urlTemplate\":\"https:\/\/www.m-q.ch\/fr\/?s={search_term_string}\"},\"query-input\":{\"@type\":\"PropertyValueSpecification\",\"valueRequired\":true,\"valueName\":\"search_term_string\"}}],\"inLanguage\":\"it-IT\"},{\"@type\":\"Organization\",\"@id\":\"https:\/\/www.m-q.ch\/fr\/#organization\",\"name\":\"Galledia Fachmedien AG\",\"url\":\"https:\/\/www.m-q.ch\/fr\/\",\"logo\":{\"@type\":\"ImageObject\",\"inLanguage\":\"it-IT\",\"@id\":\"https:\/\/www.m-q.ch\/fr\/#\/schema\/logo\/image\/\",\"url\":\"https:\/\/www.m-q.ch\/wp-content\/uploads\/2020\/12\/cropped-logo_small.png\",\"contentUrl\":\"https:\/\/www.m-q.ch\/wp-content\/uploads\/2020\/12\/cropped-logo_small.png\",\"width\":512,\"height\":512,\"caption\":\"Galledia Fachmedien AG\"},\"image\":{\"@id\":\"https:\/\/www.m-q.ch\/fr\/#\/schema\/logo\/image\/\"},\"sameAs\":[\"https:\/\/www.facebook.com\/ManagementUndQualitaet\",\"https:\/\/www.linkedin.com\/showcase\/17982321\/admin\/\"]},{\"@type\":\"Person\",\"@id\":\"https:\/\/www.m-q.ch\/fr\/#\/schema\/person\/c0139a2c55a374db6df2cde78ec87148\",\"name\":\"galledia\",\"image\":{\"@type\":\"ImageObject\",\"inLanguage\":\"it-IT\",\"@id\":\"https:\/\/www.m-q.ch\/fr\/#\/schema\/person\/image\/\",\"url\":\"https:\/\/secure.gravatar.com\/avatar\/66edf527eac29e9a5eb25bcada01f61a?s=96&d=mm&r=g\",\"contentUrl\":\"https:\/\/secure.gravatar.com\/avatar\/66edf527eac29e9a5eb25bcada01f61a?s=96&d=mm&r=g\",\"caption\":\"galledia\"},\"url\":\"https:\/\/www.m-q.ch\/it\/author\/galledia\/\"}]}<\/script>\n<!-- \/ Yoast SEO plugin. -->","yoast_head_json":{"title":"Gestione comune dei dati di laboratorio tra labfolder e la Max Planck Society - MQ Management und Qualit\u00e4t","description":"labfolder GmbH e la Max Planck Society hanno annunciato oggi la firma di un accordo di licenza.","robots":{"index":"index","follow":"follow","max-snippet":"max-snippet:-1","max-image-preview":"max-image-preview:large","max-video-preview":"max-video-preview:-1"},"canonical":"https:\/\/www.m-q.ch\/it\/gestione-congiunta-dei-dati-di-laboratorio-tra-labfolder-e-la-max-planck-society\/","og_locale":"it_IT","og_type":"article","og_title":"Gemeinsames Labordatenmanagement zwischen labfolder und Max-Planck-Gesellschaft - MQ Management und Qualit\u00e4t","og_description":"Die labfolder GmbH und die Max-Planck-Gesellschaft geben heute die Unterzeichnung einer Lizenzvereinbarung bekannt.","og_url":"https:\/\/www.m-q.ch\/it\/gestione-congiunta-dei-dati-di-laboratorio-tra-labfolder-e-la-max-planck-society\/","og_site_name":"MQ Management und Qualit\u00e4t","article_publisher":"https:\/\/www.facebook.com\/ManagementUndQualitaet","article_published_time":"2016-10-12T07:13:06+00:00","article_modified_time":"2017-03-01T07:33:52+00:00","og_image":[{"width":640,"height":427,"url":"https:\/\/www.m-q.ch\/wp-content\/uploads\/2016\/12\/Gemeinsames-Labordatenmanagement-zwischen-labfolder-und-Max-Planck-Gesellschaft-management-und-qualitaet.jpg","type":"image\/jpeg"}],"author":"galledia","twitter_card":"summary_large_image","twitter_misc":{"Scritto da":"galledia","Tempo di lettura stimato":"2 minuti"},"schema":{"@context":"https:\/\/schema.org","@graph":[{"@type":"Article","@id":"https:\/\/www.m-q.ch\/gemeinsames-labordatenmanagement-zwischen-labfolder-und-max-planck-gesellschaft\/#article","isPartOf":{"@id":"https:\/\/www.m-q.ch\/gemeinsames-labordatenmanagement-zwischen-labfolder-und-max-planck-gesellschaft\/"},"author":{"name":"galledia","@id":"https:\/\/www.m-q.ch\/fr\/#\/schema\/person\/c0139a2c55a374db6df2cde78ec87148"},"headline":"Gemeinsames Labordatenmanagement zwischen labfolder und Max-Planck-Gesellschaft","datePublished":"2016-10-12T07:13:06+00:00","dateModified":"2017-03-01T07:33:52+00:00","mainEntityOfPage":{"@id":"https:\/\/www.m-q.ch\/gemeinsames-labordatenmanagement-zwischen-labfolder-und-max-planck-gesellschaft\/"},"wordCount":358,"commentCount":0,"publisher":{"@id":"https:\/\/www.m-q.ch\/fr\/#organization"},"image":{"@id":"https:\/\/www.m-q.ch\/gemeinsames-labordatenmanagement-zwischen-labfolder-und-max-planck-gesellschaft\/#primaryimage"},"thumbnailUrl":"https:\/\/www.m-q.ch\/wp-content\/uploads\/2016\/12\/Gemeinsames-Labordatenmanagement-zwischen-labfolder-und-Max-Planck-Gesellschaft-management-und-qualitaet.jpg","keywords":["Business Excellence","Kooperation","Management und Unternehmensf\u00fchrung"],"articleSection":["Business Excellence"],"inLanguage":"it-IT"},{"@type":"WebPage","@id":"https:\/\/www.m-q.ch\/gemeinsames-labordatenmanagement-zwischen-labfolder-und-max-planck-gesellschaft\/","url":"https:\/\/www.m-q.ch\/gemeinsames-labordatenmanagement-zwischen-labfolder-und-max-planck-gesellschaft\/","name":"Gestione comune dei dati di laboratorio tra labfolder e la Max Planck Society - MQ Management und Qualit\u00e4t","isPartOf":{"@id":"https:\/\/www.m-q.ch\/fr\/#website"},"primaryImageOfPage":{"@id":"https:\/\/www.m-q.ch\/gemeinsames-labordatenmanagement-zwischen-labfolder-und-max-planck-gesellschaft\/#primaryimage"},"image":{"@id":"https:\/\/www.m-q.ch\/gemeinsames-labordatenmanagement-zwischen-labfolder-und-max-planck-gesellschaft\/#primaryimage"},"thumbnailUrl":"https:\/\/www.m-q.ch\/wp-content\/uploads\/2016\/12\/Gemeinsames-Labordatenmanagement-zwischen-labfolder-und-Max-Planck-Gesellschaft-management-und-qualitaet.jpg","datePublished":"2016-10-12T07:13:06+00:00","dateModified":"2017-03-01T07:33:52+00:00","description":"labfolder GmbH e la Max Planck Society hanno annunciato oggi la firma di un accordo di licenza.","breadcrumb":{"@id":"https:\/\/www.m-q.ch\/gemeinsames-labordatenmanagement-zwischen-labfolder-und-max-planck-gesellschaft\/#breadcrumb"},"inLanguage":"it-IT","potentialAction":[{"@type":"ReadAction","target":["https:\/\/www.m-q.ch\/gemeinsames-labordatenmanagement-zwischen-labfolder-und-max-planck-gesellschaft\/"]}]},{"@type":"ImageObject","inLanguage":"it-IT","@id":"https:\/\/www.m-q.ch\/gemeinsames-labordatenmanagement-zwischen-labfolder-und-max-planck-gesellschaft\/#primaryimage","url":"https:\/\/www.m-q.ch\/wp-content\/uploads\/2016\/12\/Gemeinsames-Labordatenmanagement-zwischen-labfolder-und-Max-Planck-Gesellschaft-management-und-qualitaet.jpg","contentUrl":"https:\/\/www.m-q.ch\/wp-content\/uploads\/2016\/12\/Gemeinsames-Labordatenmanagement-zwischen-labfolder-und-Max-Planck-Gesellschaft-management-und-qualitaet.jpg","width":640,"height":427,"caption":"Die Laborarbeit wird noch agiler und koordinierter. (Bild: labfolder GmbH)"},{"@type":"BreadcrumbList","@id":"https:\/\/www.m-q.ch\/gemeinsames-labordatenmanagement-zwischen-labfolder-und-max-planck-gesellschaft\/#breadcrumb","itemListElement":[{"@type":"ListItem","position":1,"name":"Business Excellence","item":"https:\/\/www.m-q.ch\/kategorie\/business_excellence\/"},{"@type":"ListItem","position":2,"name":"Gemeinsames Labordatenmanagement zwischen labfolder und Max-Planck-Gesellschaft"}]},{"@type":"WebSite","@id":"https:\/\/www.m-q.ch\/fr\/#website","url":"https:\/\/www.m-q.ch\/fr\/","name":"Gestione e qualit\u00e0 MQ","description":"Piattaforma per sistemi di gestione integrati.","publisher":{"@id":"https:\/\/www.m-q.ch\/fr\/#organization"},"potentialAction":[{"@type":"SearchAction","target":{"@type":"EntryPoint","urlTemplate":"https:\/\/www.m-q.ch\/fr\/?s={search_term_string}"},"query-input":{"@type":"PropertyValueSpecification","valueRequired":true,"valueName":"search_term_string"}}],"inLanguage":"it-IT"},{"@type":"Organization","@id":"https:\/\/www.m-q.ch\/fr\/#organization","name":"Galledia Fachmedien AG","url":"https:\/\/www.m-q.ch\/fr\/","logo":{"@type":"ImageObject","inLanguage":"it-IT","@id":"https:\/\/www.m-q.ch\/fr\/#\/schema\/logo\/image\/","url":"https:\/\/www.m-q.ch\/wp-content\/uploads\/2020\/12\/cropped-logo_small.png","contentUrl":"https:\/\/www.m-q.ch\/wp-content\/uploads\/2020\/12\/cropped-logo_small.png","width":512,"height":512,"caption":"Galledia Fachmedien AG"},"image":{"@id":"https:\/\/www.m-q.ch\/fr\/#\/schema\/logo\/image\/"},"sameAs":["https:\/\/www.facebook.com\/ManagementUndQualitaet","https:\/\/www.linkedin.com\/showcase\/17982321\/admin\/"]},{"@type":"Person","@id":"https:\/\/www.m-q.ch\/fr\/#\/schema\/person\/c0139a2c55a374db6df2cde78ec87148","name":"galleria","image":{"@type":"ImageObject","inLanguage":"it-IT","@id":"https:\/\/www.m-q.ch\/fr\/#\/schema\/person\/image\/","url":"https:\/\/secure.gravatar.com\/avatar\/66edf527eac29e9a5eb25bcada01f61a?s=96&d=mm&r=g","contentUrl":"https:\/\/secure.gravatar.com\/avatar\/66edf527eac29e9a5eb25bcada01f61a?s=96&d=mm&r=g","caption":"galledia"},"url":"https:\/\/www.m-q.ch\/it\/author\/galledia\/"}]}},"_links":{"self":[{"href":"https:\/\/www.m-q.ch\/it\/wp-json\/wp\/v2\/posts\/599","targetHints":{"allow":["GET"]}}],"collection":[{"href":"https:\/\/www.m-q.ch\/it\/wp-json\/wp\/v2\/posts"}],"about":[{"href":"https:\/\/www.m-q.ch\/it\/wp-json\/wp\/v2\/types\/post"}],"author":[{"embeddable":true,"href":"https:\/\/www.m-q.ch\/it\/wp-json\/wp\/v2\/users\/1"}],"replies":[{"embeddable":true,"href":"https:\/\/www.m-q.ch\/it\/wp-json\/wp\/v2\/comments?post=599"}],"version-history":[{"count":2,"href":"https:\/\/www.m-q.ch\/it\/wp-json\/wp\/v2\/posts\/599\/revisions"}],"predecessor-version":[{"id":1031,"href":"https:\/\/www.m-q.ch\/it\/wp-json\/wp\/v2\/posts\/599\/revisions\/1031"}],"wp:featuredmedia":[{"embeddable":true,"href":"https:\/\/www.m-q.ch\/it\/wp-json\/wp\/v2\/media\/125"}],"wp:attachment":[{"href":"https:\/\/www.m-q.ch\/it\/wp-json\/wp\/v2\/media?parent=599"}],"wp:term":[{"taxonomy":"category","embeddable":true,"href":"https:\/\/www.m-q.ch\/it\/wp-json\/wp\/v2\/categories?post=599"},{"taxonomy":"post_tag","embeddable":true,"href":"https:\/\/www.m-q.ch\/it\/wp-json\/wp\/v2\/tags?post=599"}],"curies":[{"name":"wp","href":"https:\/\/api.w.org\/{rel}","templated":true}]}}