{"id":629,"date":"2016-11-02T09:25:28","date_gmt":"2016-11-02T08:25:28","guid":{"rendered":"http:\/\/dev.m-q.ch\/?p=629"},"modified":"2017-02-28T08:57:50","modified_gmt":"2017-02-28T07:57:50","slug":"indagine-sulla-cosiddetta-apocalisse-della-protezione-dei-dati-di-yahoo","status":"publish","type":"post","link":"https:\/\/www.m-q.ch\/it\/untersuchung-der-so-genannten-yahoo-datenschutz-apokalypse\/","title":{"rendered":"Indagare sulla cosiddetta apocalisse della privacy di Yahoo"},"content":{"rendered":"<p><em><strong>Ricalcolato: Sanzioni sotto il GDPR<\/strong><\/em><\/p>\n<p><em>Se il GDPR fosse gi\u00e0 applicabile - cosa che avverr\u00e0 solo a partire dal 25 maggio 2018 - e Yahoo non avesse denunciato il furto dei dati personali di 500 milioni di utenti a un'autorit\u00e0 di protezione dei dati entro 72 ore, l'azienda andrebbe incontro a pesanti sanzioni.<\/em><\/p>\n<p><em>Una violazione dell'obbligo di notifica sancito dall'articolo 33 del GDPR pu\u00f2 comportare sanzioni pari al due per cento del fatturato globale annuo. Il fatturato di Yahoo ha superato i 4,5 miliardi di dollari negli ultimi anni.<\/em><\/p>\n<p><em>Con l'obbligo di applicare il GDPR, Yahoo dovrebbe quindi trasferire almeno 90 milioni di dollari all'UE.<\/em><\/p>\n<p><em>E poi Verizon, con un fatturato annuo di pi\u00f9 di 130 miliardi di dollari, \u00e8 in procinto di acquistare Yahoo. Se l'acquisizione fosse gi\u00e0 stata completata, Verizon dovrebbe fare i conti con una penalit\u00e0 del due per cento dei 134 miliardi, o circa 268 milioni di dollari.<\/em><\/p>\n<p><em>Cosa impariamo da questo? Le grandi aziende multinazionali e statunitensi con una presenza globale su internet dovrebbero ora prendere precauzioni in caso di un incidente di sicurezza simile a quello di Yahoo dopo il 25 maggio 2018.<\/em><\/p>\n<p><em><a href=\"http:\/\/blog.varonis.de\/eu-datenschutz-grundverordnung-5-punkte-die-sie-kennen-sollten\/\" target=\"_blank\" rel=\"noreferrer\" data-cke-saved-href=\"http:\/\/blog.varonis.de\/eu-datenschutz-grundverordnung-5-punkte-die-sie-kennen-sollten\/\">Qui <\/a>Un altro link a punti importanti riguardanti il GDPR<\/em><\/p>\n<p><em>(Fonte: Varonis)<\/em><\/p>\n<p><a href=\"https:\/\/m-q.ch\/wp-content\/uploads\/2016\/12\/Untersuchung-der-so-genannten-Yahoo-Datenschutz-Apokalypse-management-und-qualitaet.jpg\"><img loading=\"lazy\" decoding=\"async\" class=\"alignnone wp-image-245 size-full\" src=\"https:\/\/www.m-q.ch\/wp-content\/uploads\/2016\/12\/Untersuchung-der-so-genannten-Yahoo-Datenschutz-Apokalypse-management-und-qualitaet.jpg\" width=\"548\" height=\"480\" srcset=\"https:\/\/www.m-q.ch\/wp-content\/uploads\/2016\/12\/Untersuchung-der-so-genannten-Yahoo-Datenschutz-Apokalypse-management-und-qualitaet.jpg 548w, https:\/\/www.m-q.ch\/wp-content\/uploads\/2016\/12\/Untersuchung-der-so-genannten-Yahoo-Datenschutz-Apokalypse-management-und-qualitaet-14x12.jpg 14w, https:\/\/www.m-q.ch\/wp-content\/uploads\/2016\/12\/Untersuchung-der-so-genannten-Yahoo-Datenschutz-Apokalypse-management-und-qualitaet-200x175.jpg 200w, https:\/\/www.m-q.ch\/wp-content\/uploads\/2016\/12\/Untersuchung-der-so-genannten-Yahoo-Datenschutz-Apokalypse-management-und-qualitaet-400x350.jpg 400w, https:\/\/www.m-q.ch\/wp-content\/uploads\/2016\/12\/Untersuchung-der-so-genannten-Yahoo-Datenschutz-Apokalypse-management-und-qualitaet-300x263.jpg 300w\" sizes=\"auto, (max-width: 548px) 100vw, 548px\" \/><\/a><\/p>\n<p>Tra molte altre incongruenze in questo incidente, \u00e8 abbastanza sorprendente che Yahoo sapeva gi\u00e0 di questo incidente di sicurezza in estate. Dopo tutto, i dati degli utenti erano gi\u00e0 stati messi in vendita sulla darknet. I dati rubati sembrano risalire a un attacco avvenuto nel 2014. Si tratta quindi di un'evidente violazione dell'obbligo di segnalazione.<\/p>\n<p><strong>Persone fisiche interessate?<\/strong><\/p>\n<p>L'unica legge federale degli Stati Uniti che impone un rigoroso obbligo di segnalazione si applica solo alle informazioni mediche personali detenute da \"entit\u00e0 coperte dalla legge\" come le compagnie di assicurazione, gli ospedali e i fornitori di assistenza sanitaria. Questa legge \u00e8 l'Health Insurance Portability and Accountability Act, o HIPAA.<\/p>\n<p>Cos\u00ec il governo degli Stati Uniti non ha modo di sanzionare Yahoo a causa della segnalazione estremamente tardiva dell'incidente di sicurezza. Ci sono leggi in 47 stati americani che richiedono la segnalazione obbligatoria. Questi si applicherebbero qui, ma la sanzione di solito dipende dal rispettivo danno ai consumatori, che \u00e8 difficile da provare in termini concreti.<\/p>\n<p>L'unica eccezione, come sempre, \u00e8 la California, dove si trova il quartier generale di Yahoo. L\u00ec, l'accesso non autorizzato ai dati deve essere segnalato immediatamente dopo che se ne viene a conoscenza. Yahoo sta quindi affrontando una visita del procuratore generale della California.<\/p>\n<p><strong>Controllo da parte dell'Unione Europea?<\/strong><\/p>\n<p>Si potrebbe pensare che l'Unione europea sia pi\u00f9 severa degli Stati Uniti in materia di violazione dei dati. Ma la direttiva europea sulla protezione dei dati, attualmente in vigore, non prevede alcun obbligo di segnalare gli incidenti di sicurezza. Questo \u00e8 stato anche uno dei motivi per la stesura del regolamento generale sulla protezione dei dati, che si applicher\u00e0 da maggio 2018.<\/p>\n<p><strong>Conseguenze legali<\/strong><\/p>\n<p>\u00c8 possibile, tuttavia, che Yahoo non se la caver\u00e0 completamente senza problemi nell'UE: La direttiva sulla protezione dei dati richiede misure di sicurezza adeguate (articolo 16). Yahoo potrebbe quindi essere teoricamente perseguita per misure inadeguate di protezione dei dati.<\/p>\n<p>Tuttavia, Yahoo \u00e8 una societ\u00e0 statunitense i cui server per la raccolta dei dati si trovano principalmente al di fuori dell'UE. Quindi pu\u00f2 darsi che il lungo braccio della direttiva sulla protezione dei dati non sia abbastanza lungo dopo tutto. Quindi la situazione \u00e8 tutt'altro che chiara.<\/p>\n<p>Se volete saperne di pi\u00f9 sulla misura in cui l'attuale direttiva sulla protezione dei dati si applica anche alle aziende non UE, allora troverete una buona analisi della situazione giuridica in questo post del blog.<\/p>\n<p>Panoramica delle norme sulla protezione dei dati nell'UE, si pu\u00f2 anche trovare nel <a href=\"https:\/\/info.varonis.com\/wp-eu-regulation-de\" target=\"_blank\" rel=\"noreferrer\" data-cke-saved-href=\"https:\/\/info.varonis.com\/wp-eu-regulation-de\">Whitepaper<\/a> da Varonis.<\/p>\n<p>&nbsp;<\/p>","protected":false},"excerpt":{"rendered":"<p>Nachgerechnet: Strafen nach DSGVO W\u00e4re die DSGVO bereits anwendbar \u2013 was erst ab dem 25. Mai 2018 der Fall sein wird \u2013 und Yahoo h\u00e4tte den Diebstahl pers\u00f6nlicher Daten von 500 Millionen Nutzern nicht innerhalb von 72 Stunden an eine Datenschutzbeh\u00f6rde gemeldet, w\u00fcrden dem Unternehmen massive Strafen drohen. Ein Verstoss gegen die in Artikel 33 [&hellip;]<\/p>\n","protected":false},"author":1,"featured_media":245,"comment_status":"open","ping_status":"open","sticky":false,"template":"","format":"standard","meta":{"_acf_changed":false,"footnotes":""},"categories":[1],"tags":[3384],"class_list":["post-629","post","type-post","status-publish","format-standard","has-post-thumbnail","hentry","category-unkategorisiert","tag-korruptionwhistleblowing"],"acf":[],"yoast_head":"<!-- This site is optimized with the Yoast SEO plugin v26.2 - https:\/\/yoast.com\/wordpress\/plugins\/seo\/ -->\n<title>Untersuchung der so genannten Yahoo-Datenschutz-Apokalypse - MQ Management und Qualit\u00e4t<\/title>\n<meta name=\"description\" content=\"Datenschutz: Yahoo wird nun von zwei EU-Datenschutzbeh\u00f6rden unter die Lupe genommen.\" \/>\n<meta name=\"robots\" content=\"index, follow, max-snippet:-1, max-image-preview:large, max-video-preview:-1\" \/>\n<link rel=\"canonical\" href=\"https:\/\/www.m-q.ch\/it\/indagine-sulla-cosiddetta-apocalisse-della-protezione-dei-dati-di-yahoo\/\" \/>\n<meta property=\"og:locale\" content=\"it_IT\" \/>\n<meta property=\"og:type\" content=\"article\" \/>\n<meta property=\"og:title\" content=\"Untersuchung der so genannten Yahoo-Datenschutz-Apokalypse - MQ Management und Qualit\u00e4t\" \/>\n<meta property=\"og:description\" content=\"Datenschutz: Yahoo wird nun von zwei EU-Datenschutzbeh\u00f6rden unter die Lupe genommen.\" \/>\n<meta property=\"og:url\" content=\"https:\/\/www.m-q.ch\/it\/indagine-sulla-cosiddetta-apocalisse-della-protezione-dei-dati-di-yahoo\/\" \/>\n<meta property=\"og:site_name\" content=\"MQ Management und Qualit\u00e4t\" \/>\n<meta property=\"article:publisher\" content=\"https:\/\/www.facebook.com\/ManagementUndQualitaet\" \/>\n<meta property=\"article:published_time\" content=\"2016-11-02T08:25:28+00:00\" \/>\n<meta property=\"article:modified_time\" content=\"2017-02-28T07:57:50+00:00\" \/>\n<meta property=\"og:image\" content=\"https:\/\/www.m-q.ch\/wp-content\/uploads\/2016\/12\/Untersuchung-der-so-genannten-Yahoo-Datenschutz-Apokalypse-management-und-qualitaet.jpg\" \/>\n\t<meta property=\"og:image:width\" content=\"548\" \/>\n\t<meta property=\"og:image:height\" content=\"480\" \/>\n\t<meta property=\"og:image:type\" content=\"image\/jpeg\" \/>\n<meta name=\"author\" content=\"galledia\" \/>\n<meta name=\"twitter:card\" content=\"summary_large_image\" \/>\n<meta name=\"twitter:label1\" content=\"Scritto da\" \/>\n\t<meta name=\"twitter:data1\" content=\"galledia\" \/>\n\t<meta name=\"twitter:label2\" content=\"Tempo di lettura stimato\" \/>\n\t<meta name=\"twitter:data2\" content=\"3 minuti\" \/>\n<script type=\"application\/ld+json\" class=\"yoast-schema-graph\">{\"@context\":\"https:\/\/schema.org\",\"@graph\":[{\"@type\":\"Article\",\"@id\":\"https:\/\/www.m-q.ch\/de\/untersuchung-der-so-genannten-yahoo-datenschutz-apokalypse\/#article\",\"isPartOf\":{\"@id\":\"https:\/\/www.m-q.ch\/de\/untersuchung-der-so-genannten-yahoo-datenschutz-apokalypse\/\"},\"author\":{\"name\":\"galledia\",\"@id\":\"https:\/\/www.m-q.ch\/fr\/#\/schema\/person\/c0139a2c55a374db6df2cde78ec87148\"},\"headline\":\"Untersuchung der so genannten Yahoo-Datenschutz-Apokalypse\",\"datePublished\":\"2016-11-02T08:25:28+00:00\",\"dateModified\":\"2017-02-28T07:57:50+00:00\",\"mainEntityOfPage\":{\"@id\":\"https:\/\/www.m-q.ch\/de\/untersuchung-der-so-genannten-yahoo-datenschutz-apokalypse\/\"},\"wordCount\":550,\"commentCount\":0,\"publisher\":{\"@id\":\"https:\/\/www.m-q.ch\/fr\/#organization\"},\"image\":{\"@id\":\"https:\/\/www.m-q.ch\/de\/untersuchung-der-so-genannten-yahoo-datenschutz-apokalypse\/#primaryimage\"},\"thumbnailUrl\":\"https:\/\/www.m-q.ch\/wp-content\/uploads\/2016\/12\/Untersuchung-der-so-genannten-Yahoo-Datenschutz-Apokalypse-management-und-qualitaet.jpg\",\"keywords\":[\"Korruption\/Whistleblowing\"],\"articleSection\":[\"Unkategorisiert\"],\"inLanguage\":\"it-IT\"},{\"@type\":\"WebPage\",\"@id\":\"https:\/\/www.m-q.ch\/de\/untersuchung-der-so-genannten-yahoo-datenschutz-apokalypse\/\",\"url\":\"https:\/\/www.m-q.ch\/de\/untersuchung-der-so-genannten-yahoo-datenschutz-apokalypse\/\",\"name\":\"Untersuchung der so genannten Yahoo-Datenschutz-Apokalypse - MQ Management und Qualit\u00e4t\",\"isPartOf\":{\"@id\":\"https:\/\/www.m-q.ch\/fr\/#website\"},\"primaryImageOfPage\":{\"@id\":\"https:\/\/www.m-q.ch\/de\/untersuchung-der-so-genannten-yahoo-datenschutz-apokalypse\/#primaryimage\"},\"image\":{\"@id\":\"https:\/\/www.m-q.ch\/de\/untersuchung-der-so-genannten-yahoo-datenschutz-apokalypse\/#primaryimage\"},\"thumbnailUrl\":\"https:\/\/www.m-q.ch\/wp-content\/uploads\/2016\/12\/Untersuchung-der-so-genannten-Yahoo-Datenschutz-Apokalypse-management-und-qualitaet.jpg\",\"datePublished\":\"2016-11-02T08:25:28+00:00\",\"dateModified\":\"2017-02-28T07:57:50+00:00\",\"description\":\"Datenschutz: Yahoo wird nun von zwei EU-Datenschutzbeh\u00f6rden unter die Lupe genommen.\",\"breadcrumb\":{\"@id\":\"https:\/\/www.m-q.ch\/de\/untersuchung-der-so-genannten-yahoo-datenschutz-apokalypse\/#breadcrumb\"},\"inLanguage\":\"it-IT\",\"potentialAction\":[{\"@type\":\"ReadAction\",\"target\":[\"https:\/\/www.m-q.ch\/de\/untersuchung-der-so-genannten-yahoo-datenschutz-apokalypse\/\"]}]},{\"@type\":\"ImageObject\",\"inLanguage\":\"it-IT\",\"@id\":\"https:\/\/www.m-q.ch\/de\/untersuchung-der-so-genannten-yahoo-datenschutz-apokalypse\/#primaryimage\",\"url\":\"https:\/\/www.m-q.ch\/wp-content\/uploads\/2016\/12\/Untersuchung-der-so-genannten-Yahoo-Datenschutz-Apokalypse-management-und-qualitaet.jpg\",\"contentUrl\":\"https:\/\/www.m-q.ch\/wp-content\/uploads\/2016\/12\/Untersuchung-der-so-genannten-Yahoo-Datenschutz-Apokalypse-management-und-qualitaet.jpg\",\"width\":548,\"height\":480},{\"@type\":\"BreadcrumbList\",\"@id\":\"https:\/\/www.m-q.ch\/de\/untersuchung-der-so-genannten-yahoo-datenschutz-apokalypse\/#breadcrumb\",\"itemListElement\":[{\"@type\":\"ListItem\",\"position\":1,\"name\":\"Unkategorisiert\",\"item\":\"https:\/\/www.m-q.ch\/it\/categoria\/senza-categoria\/\"},{\"@type\":\"ListItem\",\"position\":2,\"name\":\"Untersuchung der so genannten Yahoo-Datenschutz-Apokalypse\"}]},{\"@type\":\"WebSite\",\"@id\":\"https:\/\/www.m-q.ch\/fr\/#website\",\"url\":\"https:\/\/www.m-q.ch\/fr\/\",\"name\":\"MQ Management und Qualit\u00e4t\",\"description\":\"Plattform f\u00fcr integrierte Managementsysteme.\",\"publisher\":{\"@id\":\"https:\/\/www.m-q.ch\/fr\/#organization\"},\"potentialAction\":[{\"@type\":\"SearchAction\",\"target\":{\"@type\":\"EntryPoint\",\"urlTemplate\":\"https:\/\/www.m-q.ch\/fr\/?s={search_term_string}\"},\"query-input\":{\"@type\":\"PropertyValueSpecification\",\"valueRequired\":true,\"valueName\":\"search_term_string\"}}],\"inLanguage\":\"it-IT\"},{\"@type\":\"Organization\",\"@id\":\"https:\/\/www.m-q.ch\/fr\/#organization\",\"name\":\"Galledia Fachmedien AG\",\"url\":\"https:\/\/www.m-q.ch\/fr\/\",\"logo\":{\"@type\":\"ImageObject\",\"inLanguage\":\"it-IT\",\"@id\":\"https:\/\/www.m-q.ch\/fr\/#\/schema\/logo\/image\/\",\"url\":\"https:\/\/www.m-q.ch\/wp-content\/uploads\/2020\/12\/cropped-logo_small.png\",\"contentUrl\":\"https:\/\/www.m-q.ch\/wp-content\/uploads\/2020\/12\/cropped-logo_small.png\",\"width\":512,\"height\":512,\"caption\":\"Galledia Fachmedien AG\"},\"image\":{\"@id\":\"https:\/\/www.m-q.ch\/fr\/#\/schema\/logo\/image\/\"},\"sameAs\":[\"https:\/\/www.facebook.com\/ManagementUndQualitaet\",\"https:\/\/www.linkedin.com\/showcase\/17982321\/admin\/\"]},{\"@type\":\"Person\",\"@id\":\"https:\/\/www.m-q.ch\/fr\/#\/schema\/person\/c0139a2c55a374db6df2cde78ec87148\",\"name\":\"galledia\",\"image\":{\"@type\":\"ImageObject\",\"inLanguage\":\"it-IT\",\"@id\":\"https:\/\/www.m-q.ch\/fr\/#\/schema\/person\/image\/\",\"url\":\"https:\/\/secure.gravatar.com\/avatar\/66edf527eac29e9a5eb25bcada01f61a?s=96&d=mm&r=g\",\"contentUrl\":\"https:\/\/secure.gravatar.com\/avatar\/66edf527eac29e9a5eb25bcada01f61a?s=96&d=mm&r=g\",\"caption\":\"galledia\"},\"url\":\"https:\/\/www.m-q.ch\/it\/author\/galledia\/\"}]}<\/script>\n<!-- \/ Yoast SEO plugin. -->","yoast_head_json":{"title":"Indagare sulla cosiddetta apocalisse della privacy di Yahoo - MQ Management and Quality","description":"Protezione dei dati: Yahoo \u00e8 ora sotto il microscopio di due autorit\u00e0 europee per la protezione dei dati.","robots":{"index":"index","follow":"follow","max-snippet":"max-snippet:-1","max-image-preview":"max-image-preview:large","max-video-preview":"max-video-preview:-1"},"canonical":"https:\/\/www.m-q.ch\/it\/indagine-sulla-cosiddetta-apocalisse-della-protezione-dei-dati-di-yahoo\/","og_locale":"it_IT","og_type":"article","og_title":"Untersuchung der so genannten Yahoo-Datenschutz-Apokalypse - MQ Management und Qualit\u00e4t","og_description":"Datenschutz: Yahoo wird nun von zwei EU-Datenschutzbeh\u00f6rden unter die Lupe genommen.","og_url":"https:\/\/www.m-q.ch\/it\/indagine-sulla-cosiddetta-apocalisse-della-protezione-dei-dati-di-yahoo\/","og_site_name":"MQ Management und Qualit\u00e4t","article_publisher":"https:\/\/www.facebook.com\/ManagementUndQualitaet","article_published_time":"2016-11-02T08:25:28+00:00","article_modified_time":"2017-02-28T07:57:50+00:00","og_image":[{"width":548,"height":480,"url":"https:\/\/www.m-q.ch\/wp-content\/uploads\/2016\/12\/Untersuchung-der-so-genannten-Yahoo-Datenschutz-Apokalypse-management-und-qualitaet.jpg","type":"image\/jpeg"}],"author":"galledia","twitter_card":"summary_large_image","twitter_misc":{"Scritto da":"galledia","Tempo di lettura stimato":"3 minuti"},"schema":{"@context":"https:\/\/schema.org","@graph":[{"@type":"Article","@id":"https:\/\/www.m-q.ch\/de\/untersuchung-der-so-genannten-yahoo-datenschutz-apokalypse\/#article","isPartOf":{"@id":"https:\/\/www.m-q.ch\/de\/untersuchung-der-so-genannten-yahoo-datenschutz-apokalypse\/"},"author":{"name":"galledia","@id":"https:\/\/www.m-q.ch\/fr\/#\/schema\/person\/c0139a2c55a374db6df2cde78ec87148"},"headline":"Untersuchung der so genannten Yahoo-Datenschutz-Apokalypse","datePublished":"2016-11-02T08:25:28+00:00","dateModified":"2017-02-28T07:57:50+00:00","mainEntityOfPage":{"@id":"https:\/\/www.m-q.ch\/de\/untersuchung-der-so-genannten-yahoo-datenschutz-apokalypse\/"},"wordCount":550,"commentCount":0,"publisher":{"@id":"https:\/\/www.m-q.ch\/fr\/#organization"},"image":{"@id":"https:\/\/www.m-q.ch\/de\/untersuchung-der-so-genannten-yahoo-datenschutz-apokalypse\/#primaryimage"},"thumbnailUrl":"https:\/\/www.m-q.ch\/wp-content\/uploads\/2016\/12\/Untersuchung-der-so-genannten-Yahoo-Datenschutz-Apokalypse-management-und-qualitaet.jpg","keywords":["Korruption\/Whistleblowing"],"articleSection":["Unkategorisiert"],"inLanguage":"it-IT"},{"@type":"WebPage","@id":"https:\/\/www.m-q.ch\/de\/untersuchung-der-so-genannten-yahoo-datenschutz-apokalypse\/","url":"https:\/\/www.m-q.ch\/de\/untersuchung-der-so-genannten-yahoo-datenschutz-apokalypse\/","name":"Indagare sulla cosiddetta apocalisse della privacy di Yahoo - MQ Management and Quality","isPartOf":{"@id":"https:\/\/www.m-q.ch\/fr\/#website"},"primaryImageOfPage":{"@id":"https:\/\/www.m-q.ch\/de\/untersuchung-der-so-genannten-yahoo-datenschutz-apokalypse\/#primaryimage"},"image":{"@id":"https:\/\/www.m-q.ch\/de\/untersuchung-der-so-genannten-yahoo-datenschutz-apokalypse\/#primaryimage"},"thumbnailUrl":"https:\/\/www.m-q.ch\/wp-content\/uploads\/2016\/12\/Untersuchung-der-so-genannten-Yahoo-Datenschutz-Apokalypse-management-und-qualitaet.jpg","datePublished":"2016-11-02T08:25:28+00:00","dateModified":"2017-02-28T07:57:50+00:00","description":"Protezione dei dati: Yahoo \u00e8 ora sotto il microscopio di due autorit\u00e0 europee per la protezione dei dati.","breadcrumb":{"@id":"https:\/\/www.m-q.ch\/de\/untersuchung-der-so-genannten-yahoo-datenschutz-apokalypse\/#breadcrumb"},"inLanguage":"it-IT","potentialAction":[{"@type":"ReadAction","target":["https:\/\/www.m-q.ch\/de\/untersuchung-der-so-genannten-yahoo-datenschutz-apokalypse\/"]}]},{"@type":"ImageObject","inLanguage":"it-IT","@id":"https:\/\/www.m-q.ch\/de\/untersuchung-der-so-genannten-yahoo-datenschutz-apokalypse\/#primaryimage","url":"https:\/\/www.m-q.ch\/wp-content\/uploads\/2016\/12\/Untersuchung-der-so-genannten-Yahoo-Datenschutz-Apokalypse-management-und-qualitaet.jpg","contentUrl":"https:\/\/www.m-q.ch\/wp-content\/uploads\/2016\/12\/Untersuchung-der-so-genannten-Yahoo-Datenschutz-Apokalypse-management-und-qualitaet.jpg","width":548,"height":480},{"@type":"BreadcrumbList","@id":"https:\/\/www.m-q.ch\/de\/untersuchung-der-so-genannten-yahoo-datenschutz-apokalypse\/#breadcrumb","itemListElement":[{"@type":"ListItem","position":1,"name":"Unkategorisiert","item":"https:\/\/www.m-q.ch\/it\/categoria\/senza-categoria\/"},{"@type":"ListItem","position":2,"name":"Untersuchung der so genannten Yahoo-Datenschutz-Apokalypse"}]},{"@type":"WebSite","@id":"https:\/\/www.m-q.ch\/fr\/#website","url":"https:\/\/www.m-q.ch\/fr\/","name":"Gestione e qualit\u00e0 MQ","description":"Piattaforma per sistemi di gestione integrati.","publisher":{"@id":"https:\/\/www.m-q.ch\/fr\/#organization"},"potentialAction":[{"@type":"SearchAction","target":{"@type":"EntryPoint","urlTemplate":"https:\/\/www.m-q.ch\/fr\/?s={search_term_string}"},"query-input":{"@type":"PropertyValueSpecification","valueRequired":true,"valueName":"search_term_string"}}],"inLanguage":"it-IT"},{"@type":"Organization","@id":"https:\/\/www.m-q.ch\/fr\/#organization","name":"Galledia Fachmedien AG","url":"https:\/\/www.m-q.ch\/fr\/","logo":{"@type":"ImageObject","inLanguage":"it-IT","@id":"https:\/\/www.m-q.ch\/fr\/#\/schema\/logo\/image\/","url":"https:\/\/www.m-q.ch\/wp-content\/uploads\/2020\/12\/cropped-logo_small.png","contentUrl":"https:\/\/www.m-q.ch\/wp-content\/uploads\/2020\/12\/cropped-logo_small.png","width":512,"height":512,"caption":"Galledia Fachmedien AG"},"image":{"@id":"https:\/\/www.m-q.ch\/fr\/#\/schema\/logo\/image\/"},"sameAs":["https:\/\/www.facebook.com\/ManagementUndQualitaet","https:\/\/www.linkedin.com\/showcase\/17982321\/admin\/"]},{"@type":"Person","@id":"https:\/\/www.m-q.ch\/fr\/#\/schema\/person\/c0139a2c55a374db6df2cde78ec87148","name":"galleria","image":{"@type":"ImageObject","inLanguage":"it-IT","@id":"https:\/\/www.m-q.ch\/fr\/#\/schema\/person\/image\/","url":"https:\/\/secure.gravatar.com\/avatar\/66edf527eac29e9a5eb25bcada01f61a?s=96&d=mm&r=g","contentUrl":"https:\/\/secure.gravatar.com\/avatar\/66edf527eac29e9a5eb25bcada01f61a?s=96&d=mm&r=g","caption":"galledia"},"url":"https:\/\/www.m-q.ch\/it\/author\/galledia\/"}]}},"_links":{"self":[{"href":"https:\/\/www.m-q.ch\/it\/wp-json\/wp\/v2\/posts\/629","targetHints":{"allow":["GET"]}}],"collection":[{"href":"https:\/\/www.m-q.ch\/it\/wp-json\/wp\/v2\/posts"}],"about":[{"href":"https:\/\/www.m-q.ch\/it\/wp-json\/wp\/v2\/types\/post"}],"author":[{"embeddable":true,"href":"https:\/\/www.m-q.ch\/it\/wp-json\/wp\/v2\/users\/1"}],"replies":[{"embeddable":true,"href":"https:\/\/www.m-q.ch\/it\/wp-json\/wp\/v2\/comments?post=629"}],"version-history":[{"count":4,"href":"https:\/\/www.m-q.ch\/it\/wp-json\/wp\/v2\/posts\/629\/revisions"}],"predecessor-version":[{"id":1004,"href":"https:\/\/www.m-q.ch\/it\/wp-json\/wp\/v2\/posts\/629\/revisions\/1004"}],"wp:featuredmedia":[{"embeddable":true,"href":"https:\/\/www.m-q.ch\/it\/wp-json\/wp\/v2\/media\/245"}],"wp:attachment":[{"href":"https:\/\/www.m-q.ch\/it\/wp-json\/wp\/v2\/media?parent=629"}],"wp:term":[{"taxonomy":"category","embeddable":true,"href":"https:\/\/www.m-q.ch\/it\/wp-json\/wp\/v2\/categories?post=629"},{"taxonomy":"post_tag","embeddable":true,"href":"https:\/\/www.m-q.ch\/it\/wp-json\/wp\/v2\/tags?post=629"}],"curies":[{"name":"wp","href":"https:\/\/api.w.org\/{rel}","templated":true}]}}