{"id":675,"date":"2016-12-07T10:30:35","date_gmt":"2016-12-07T09:30:35","guid":{"rendered":"http:\/\/dev.m-q.ch\/?p=675"},"modified":"2017-02-24T15:04:52","modified_gmt":"2017-02-24T14:04:52","slug":"decisione-del-tribunale-sulla-quasi-collisione-allaeroporto-di-zuerich","status":"publish","type":"post","link":"https:\/\/www.m-q.ch\/it\/gerichtsentscheid-zur-fast-kollision-am-flughafen-zuerich\/","title":{"rendered":"Decisione del tribunale sulla quasi-collisione all'aeroporto di Zurigo"},"content":{"rendered":"<figure id=\"attachment_676\" aria-describedby=\"caption-attachment-676\" style=\"width: 640px\" class=\"wp-caption alignnone\"><a href=\"https:\/\/m-q.ch\/wp-content\/uploads\/2016\/12\/Gerichtsentscheid-zur-Fast-Kollision-am-Flughafen-Z\u00fcrich-management-und-qualitaet.jpg\"><img loading=\"lazy\" decoding=\"async\" class=\"wp-image-676 size-full\" src=\"https:\/\/www.m-q.ch\/wp-content\/uploads\/2016\/12\/Gerichtsentscheid-zur-Fast-Kollision-am-Flughafen-Z\u00fcrich-management-und-qualitaet.jpg\" width=\"640\" height=\"427\" srcset=\"https:\/\/www.m-q.ch\/wp-content\/uploads\/2016\/12\/Gerichtsentscheid-zur-Fast-Kollision-am-Flughafen-Z\u00fcrich-management-und-qualitaet.jpg 640w, https:\/\/www.m-q.ch\/wp-content\/uploads\/2016\/12\/Gerichtsentscheid-zur-Fast-Kollision-am-Flughafen-Z\u00fcrich-management-und-qualitaet-16x12.jpg 16w, https:\/\/www.m-q.ch\/wp-content\/uploads\/2016\/12\/Gerichtsentscheid-zur-Fast-Kollision-am-Flughafen-Z\u00fcrich-management-und-qualitaet-262x175.jpg 262w, https:\/\/www.m-q.ch\/wp-content\/uploads\/2016\/12\/Gerichtsentscheid-zur-Fast-Kollision-am-Flughafen-Z\u00fcrich-management-und-qualitaet-525x350.jpg 525w, https:\/\/www.m-q.ch\/wp-content\/uploads\/2016\/12\/Gerichtsentscheid-zur-Fast-Kollision-am-Flughafen-Z\u00fcrich-management-und-qualitaet-300x200.jpg 300w, https:\/\/www.m-q.ch\/wp-content\/uploads\/2016\/12\/Gerichtsentscheid-zur-Fast-Kollision-am-Flughafen-Z\u00fcrich-management-und-qualitaet-624x416.jpg 624w\" sizes=\"auto, (max-width: 640px) 100vw, 640px\" \/><\/a><figcaption id=\"caption-attachment-676\" class=\"wp-caption-text\">Terminale A dell'aeroporto di Zurigo. (Immagine: Depositphotos_swisshippo)<\/figcaption><\/figure>\n<blockquote><p>Il controllo del traffico aereo a Zurigo \u00e8 ancora inadeguato, Aerocontrol sottolinea l'incidente, in cui un controllore del traffico aereo voleva far decollare due aerei Airbus \"incrociati\" nel 2011.<\/p><\/blockquote>\n<p>L'incidente \u00e8 avvenuto nel marzo 2011. Il controllore del traffico aereo ha dato il permesso a due aerei Airbus con un totale di pi\u00f9 di 260 passeggeri a bordo di decollare immediatamente dopo l'altro su due piste che si incrociano. I piloti di un aereo hanno riconosciuto il pericolo all'ultimo momento e hanno interrotto il decollo appena in tempo. Subito dopo, anche il pilota dello skyguide ha reagito e ha dato l'ordine di interrompere il decollo. Nella cabina di pilotaggio dell'altro aereo, tuttavia, il pericolo \u00e8 passato inosservato.<\/p>\n<p>L'incidente, secondo un comunicato di Aerocontrol (Associazione dei controllori del traffico aereo), \u00e8 stato dovuto principalmente a un livello di complessit\u00e0 enormemente alto con pochissima tolleranza all'errore nelle operazioni di volo quotidiane. Il controllore di volo in servizio \u00e8 stato assolto dall'accusa di aver disturbato negligentemente il traffico pubblico il 7 dicembre. Tuttavia, nonostante diverse quasi-collisioni, l'aeroporto di Zurigo non \u00e8 ancora gestito secondo il principio della \"sicurezza prima di tutto\".<\/p>\n<p>Le condizioni prevalenti, non ultima una compressione della capacit\u00e0, restringerebbero il controllo del traffico aereo a Zurigo. Aerocontrol scrive anche di un \"margine di sicurezza minimo che continuer\u00e0 a favorire tali incidenti in futuro\".<\/p>\n<p><strong>Effetti sulla cultura dell'errore<\/strong><\/p>\n<p>\u00c8 stata la prima volta in Svizzera che un controllore del traffico aereo ha dovuto rispondere legalmente di un incidente in cui nessuno \u00e8 rimasto ferito. Un verdetto di colpevolezza avrebbe avuto un impatto decisivo sulla cultura di segnalazione degli errori di Skyguide. I dipendenti temevano che gli errori e le sviste sarebbero stati segnalati meno frequentemente in futuro per paura delle conseguenze. Riconoscere le debolezze e imparare da esse sarebbe diventato pi\u00f9 difficile in caso di condanna.<\/p>\n<p><strong>Sicurezza all'aeroporto di Zurigo discutibile<\/strong><\/p>\n<p>L'Autorit\u00e0 svizzera d'inchiesta sugli incidenti (SUST) afferma nel suo rapporto sull'incidente negoziato che dal 2000 ha dovuto indagare su dieci incidenti gravi sulle piste d'intersezione dell'aeroporto di Zurigo. Le misure di miglioramento proposte sono fallite principalmente a causa dei requisiti della politica del rumore o del loro impatto sulla capacit\u00e0 dell'aeroporto.<\/p>\n<p>\"L'esperienza mostra che le previsioni di crescita porteranno a un'ulteriore pressione sulla capacit\u00e0, che inevitabilmente metter\u00e0 ulteriore pressione sul margine di sicurezza gi\u00e0 minimo\", dice il comunicato. La variante dei decolli da sud, favorita da tutti i partner aeroportuali rispetto al concetto di nord, non \u00e8 sostenuta dai politici, anche se questa procedura migliorerebbe notevolmente la sicurezza dei voli.<\/p>\n<p><strong>Pericolo dovuto ai requisiti della politica del rumore<\/strong><\/p>\n<p>Pi\u00f9 di un terzo di tutte le partenze sono instradate sopra l'aeroporto a bassa quota. I vantaggi risultanti in termini di riduzione del rumore sarebbero annullati dal raggruppamento dei voli. Purtroppo, secondo i rappresentanti di Aerocontrol, l'aeroporto di Zurigo \u00e8 \"l'unico aeroporto in Europa\" con piste di decollo che si intersecano. Tali incidenti potrebbero essere evitati con procedure meno complesse, come il decollo lineare verso sud. (Skyguide\/Aerocontrol\/mm)<\/p>","protected":false},"excerpt":{"rendered":"<p>Die Flugsicherung \u00a0in Z\u00fcrich sei nach wie vor ungen\u00fcgend, unsterstreicht Aerocontrol den Vorfall, wobei ein Fluglotse 2011 zwei Airbus Maschinen &#8222;gekreuzt&#8220; abfliegen lassen wollte. Der Vorfall ereignete im M\u00e4rz 2011. Der Fluglotse erteilte zwei Airbus-Maschinen mit insgesamt mehr als 260 Passagieren an Bord unmittelbar nacheinander die Starterlaubnis auf zwei sich kreuzenden Pisten. Die Piloten der [&hellip;]<\/p>\n","protected":false},"author":1,"featured_media":676,"comment_status":"open","ping_status":"open","sticky":false,"template":"","format":"standard","meta":{"_acf_changed":false,"footnotes":""},"categories":[4],"tags":[3326,3385],"class_list":["post-675","post","type-post","status-publish","format-standard","has-post-thumbnail","hentry","category-risikomanagement","tag-risikomanagement","tag-sicherheits-konzept"],"acf":[],"yoast_head":"<!-- This site is optimized with the Yoast SEO plugin v26.2 - https:\/\/yoast.com\/wordpress\/plugins\/seo\/ -->\n<title>Gerichtsentscheid zur Fast-Kollision am Flughafen Z\u00fcrich - MQ Management und Qualit\u00e4t<\/title>\n<meta name=\"description\" content=\"Fast-Kollision: Der diensthabende Flugverkehrsleiter wurde vom Vorwurf der fahrl\u00e4ssigen St\u00f6rung des \u00f6ffentlichen Verkehrs freigesprochen.\" \/>\n<meta name=\"robots\" content=\"index, follow, max-snippet:-1, max-image-preview:large, max-video-preview:-1\" \/>\n<link rel=\"canonical\" href=\"https:\/\/www.m-q.ch\/it\/decisione-del-tribunale-sulla-quasi-collisione-allaeroporto-di-zuerich\/\" \/>\n<meta property=\"og:locale\" content=\"it_IT\" \/>\n<meta property=\"og:type\" content=\"article\" \/>\n<meta property=\"og:title\" content=\"Gerichtsentscheid zur Fast-Kollision am Flughafen Z\u00fcrich - MQ Management und Qualit\u00e4t\" \/>\n<meta property=\"og:description\" content=\"Fast-Kollision: Der diensthabende Flugverkehrsleiter wurde vom Vorwurf der fahrl\u00e4ssigen St\u00f6rung des \u00f6ffentlichen Verkehrs freigesprochen.\" \/>\n<meta property=\"og:url\" content=\"https:\/\/www.m-q.ch\/it\/decisione-del-tribunale-sulla-quasi-collisione-allaeroporto-di-zuerich\/\" \/>\n<meta property=\"og:site_name\" content=\"MQ Management und Qualit\u00e4t\" \/>\n<meta property=\"article:publisher\" content=\"https:\/\/www.facebook.com\/ManagementUndQualitaet\" \/>\n<meta property=\"article:published_time\" content=\"2016-12-07T09:30:35+00:00\" \/>\n<meta property=\"article:modified_time\" content=\"2017-02-24T14:04:52+00:00\" \/>\n<meta property=\"og:image\" content=\"https:\/\/www.m-q.ch\/wp-content\/uploads\/2016\/12\/Gerichtsentscheid-zur-Fast-Kollision-am-Flughafen-Z\u00fcrich-management-und-qualitaet.jpg\" \/>\n\t<meta property=\"og:image:width\" content=\"640\" \/>\n\t<meta property=\"og:image:height\" content=\"427\" \/>\n\t<meta property=\"og:image:type\" content=\"image\/jpeg\" \/>\n<meta name=\"author\" content=\"galledia\" \/>\n<meta name=\"twitter:card\" content=\"summary_large_image\" \/>\n<meta name=\"twitter:label1\" content=\"Scritto da\" \/>\n\t<meta name=\"twitter:data1\" content=\"galledia\" \/>\n\t<meta name=\"twitter:label2\" content=\"Tempo di lettura stimato\" \/>\n\t<meta name=\"twitter:data2\" content=\"2 minuti\" \/>\n<script type=\"application\/ld+json\" class=\"yoast-schema-graph\">{\"@context\":\"https:\/\/schema.org\",\"@graph\":[{\"@type\":\"Article\",\"@id\":\"https:\/\/www.m-q.ch\/gerichtsentscheid-zur-fast-kollision-am-flughafen-zuerich\/#article\",\"isPartOf\":{\"@id\":\"https:\/\/www.m-q.ch\/gerichtsentscheid-zur-fast-kollision-am-flughafen-zuerich\/\"},\"author\":{\"name\":\"galledia\",\"@id\":\"https:\/\/www.m-q.ch\/fr\/#\/schema\/person\/c0139a2c55a374db6df2cde78ec87148\"},\"headline\":\"Gerichtsentscheid zur Fast-Kollision am Flughafen Z\u00fcrich\",\"datePublished\":\"2016-12-07T09:30:35+00:00\",\"dateModified\":\"2017-02-24T14:04:52+00:00\",\"mainEntityOfPage\":{\"@id\":\"https:\/\/www.m-q.ch\/gerichtsentscheid-zur-fast-kollision-am-flughafen-zuerich\/\"},\"wordCount\":477,\"commentCount\":0,\"publisher\":{\"@id\":\"https:\/\/www.m-q.ch\/fr\/#organization\"},\"image\":{\"@id\":\"https:\/\/www.m-q.ch\/gerichtsentscheid-zur-fast-kollision-am-flughafen-zuerich\/#primaryimage\"},\"thumbnailUrl\":\"https:\/\/www.m-q.ch\/wp-content\/uploads\/2016\/12\/Gerichtsentscheid-zur-Fast-Kollision-am-Flughafen-Z\u00fcrich-management-und-qualitaet.jpg\",\"keywords\":[\"Risikomanagement\",\"Sicherheits-Konzept\"],\"articleSection\":[\"Risikomanagement\"],\"inLanguage\":\"it-IT\"},{\"@type\":\"WebPage\",\"@id\":\"https:\/\/www.m-q.ch\/gerichtsentscheid-zur-fast-kollision-am-flughafen-zuerich\/\",\"url\":\"https:\/\/www.m-q.ch\/gerichtsentscheid-zur-fast-kollision-am-flughafen-zuerich\/\",\"name\":\"Gerichtsentscheid zur Fast-Kollision am Flughafen Z\u00fcrich - MQ Management und Qualit\u00e4t\",\"isPartOf\":{\"@id\":\"https:\/\/www.m-q.ch\/fr\/#website\"},\"primaryImageOfPage\":{\"@id\":\"https:\/\/www.m-q.ch\/gerichtsentscheid-zur-fast-kollision-am-flughafen-zuerich\/#primaryimage\"},\"image\":{\"@id\":\"https:\/\/www.m-q.ch\/gerichtsentscheid-zur-fast-kollision-am-flughafen-zuerich\/#primaryimage\"},\"thumbnailUrl\":\"https:\/\/www.m-q.ch\/wp-content\/uploads\/2016\/12\/Gerichtsentscheid-zur-Fast-Kollision-am-Flughafen-Z\u00fcrich-management-und-qualitaet.jpg\",\"datePublished\":\"2016-12-07T09:30:35+00:00\",\"dateModified\":\"2017-02-24T14:04:52+00:00\",\"description\":\"Fast-Kollision: Der diensthabende Flugverkehrsleiter wurde vom Vorwurf der fahrl\u00e4ssigen St\u00f6rung des \u00f6ffentlichen Verkehrs freigesprochen.\",\"breadcrumb\":{\"@id\":\"https:\/\/www.m-q.ch\/gerichtsentscheid-zur-fast-kollision-am-flughafen-zuerich\/#breadcrumb\"},\"inLanguage\":\"it-IT\",\"potentialAction\":[{\"@type\":\"ReadAction\",\"target\":[\"https:\/\/www.m-q.ch\/gerichtsentscheid-zur-fast-kollision-am-flughafen-zuerich\/\"]}]},{\"@type\":\"ImageObject\",\"inLanguage\":\"it-IT\",\"@id\":\"https:\/\/www.m-q.ch\/gerichtsentscheid-zur-fast-kollision-am-flughafen-zuerich\/#primaryimage\",\"url\":\"https:\/\/www.m-q.ch\/wp-content\/uploads\/2016\/12\/Gerichtsentscheid-zur-Fast-Kollision-am-Flughafen-Z\u00fcrich-management-und-qualitaet.jpg\",\"contentUrl\":\"https:\/\/www.m-q.ch\/wp-content\/uploads\/2016\/12\/Gerichtsentscheid-zur-Fast-Kollision-am-Flughafen-Z\u00fcrich-management-und-qualitaet.jpg\",\"width\":640,\"height\":427,\"caption\":\"Terminal A des Flughafens Z\u00fcrich. (Bild: Depositphotos_swisshippo)\"},{\"@type\":\"BreadcrumbList\",\"@id\":\"https:\/\/www.m-q.ch\/gerichtsentscheid-zur-fast-kollision-am-flughafen-zuerich\/#breadcrumb\",\"itemListElement\":[{\"@type\":\"ListItem\",\"position\":1,\"name\":\"Risikomanagement\",\"item\":\"https:\/\/www.m-q.ch\/kategorie\/risikomanagement\/\"},{\"@type\":\"ListItem\",\"position\":2,\"name\":\"Gerichtsentscheid zur Fast-Kollision am Flughafen Z\u00fcrich\"}]},{\"@type\":\"WebSite\",\"@id\":\"https:\/\/www.m-q.ch\/fr\/#website\",\"url\":\"https:\/\/www.m-q.ch\/fr\/\",\"name\":\"MQ Management und Qualit\u00e4t\",\"description\":\"Plattform f\u00fcr integrierte Managementsysteme.\",\"publisher\":{\"@id\":\"https:\/\/www.m-q.ch\/fr\/#organization\"},\"potentialAction\":[{\"@type\":\"SearchAction\",\"target\":{\"@type\":\"EntryPoint\",\"urlTemplate\":\"https:\/\/www.m-q.ch\/fr\/?s={search_term_string}\"},\"query-input\":{\"@type\":\"PropertyValueSpecification\",\"valueRequired\":true,\"valueName\":\"search_term_string\"}}],\"inLanguage\":\"it-IT\"},{\"@type\":\"Organization\",\"@id\":\"https:\/\/www.m-q.ch\/fr\/#organization\",\"name\":\"Galledia Fachmedien AG\",\"url\":\"https:\/\/www.m-q.ch\/fr\/\",\"logo\":{\"@type\":\"ImageObject\",\"inLanguage\":\"it-IT\",\"@id\":\"https:\/\/www.m-q.ch\/fr\/#\/schema\/logo\/image\/\",\"url\":\"https:\/\/www.m-q.ch\/wp-content\/uploads\/2020\/12\/cropped-logo_small.png\",\"contentUrl\":\"https:\/\/www.m-q.ch\/wp-content\/uploads\/2020\/12\/cropped-logo_small.png\",\"width\":512,\"height\":512,\"caption\":\"Galledia Fachmedien AG\"},\"image\":{\"@id\":\"https:\/\/www.m-q.ch\/fr\/#\/schema\/logo\/image\/\"},\"sameAs\":[\"https:\/\/www.facebook.com\/ManagementUndQualitaet\",\"https:\/\/www.linkedin.com\/showcase\/17982321\/admin\/\"]},{\"@type\":\"Person\",\"@id\":\"https:\/\/www.m-q.ch\/fr\/#\/schema\/person\/c0139a2c55a374db6df2cde78ec87148\",\"name\":\"galledia\",\"image\":{\"@type\":\"ImageObject\",\"inLanguage\":\"it-IT\",\"@id\":\"https:\/\/www.m-q.ch\/fr\/#\/schema\/person\/image\/\",\"url\":\"https:\/\/secure.gravatar.com\/avatar\/66edf527eac29e9a5eb25bcada01f61a?s=96&d=mm&r=g\",\"contentUrl\":\"https:\/\/secure.gravatar.com\/avatar\/66edf527eac29e9a5eb25bcada01f61a?s=96&d=mm&r=g\",\"caption\":\"galledia\"},\"url\":\"https:\/\/www.m-q.ch\/it\/author\/galledia\/\"}]}<\/script>\n<!-- \/ Yoast SEO plugin. -->","yoast_head_json":{"title":"Decisione del tribunale sulla quasi-collisione all'aeroporto di Zurigo - MQ Management und Qualit\u00e4t","description":"Quasi collisione: il controllore del traffico aereo in servizio \u00e8 stato assolto dall'accusa di interferenza negligente con il traffico pubblico.","robots":{"index":"index","follow":"follow","max-snippet":"max-snippet:-1","max-image-preview":"max-image-preview:large","max-video-preview":"max-video-preview:-1"},"canonical":"https:\/\/www.m-q.ch\/it\/decisione-del-tribunale-sulla-quasi-collisione-allaeroporto-di-zuerich\/","og_locale":"it_IT","og_type":"article","og_title":"Gerichtsentscheid zur Fast-Kollision am Flughafen Z\u00fcrich - MQ Management und Qualit\u00e4t","og_description":"Fast-Kollision: Der diensthabende Flugverkehrsleiter wurde vom Vorwurf der fahrl\u00e4ssigen St\u00f6rung des \u00f6ffentlichen Verkehrs freigesprochen.","og_url":"https:\/\/www.m-q.ch\/it\/decisione-del-tribunale-sulla-quasi-collisione-allaeroporto-di-zuerich\/","og_site_name":"MQ Management und Qualit\u00e4t","article_publisher":"https:\/\/www.facebook.com\/ManagementUndQualitaet","article_published_time":"2016-12-07T09:30:35+00:00","article_modified_time":"2017-02-24T14:04:52+00:00","og_image":[{"width":640,"height":427,"url":"https:\/\/www.m-q.ch\/wp-content\/uploads\/2016\/12\/Gerichtsentscheid-zur-Fast-Kollision-am-Flughafen-Z\u00fcrich-management-und-qualitaet.jpg","type":"image\/jpeg"}],"author":"galledia","twitter_card":"summary_large_image","twitter_misc":{"Scritto da":"galledia","Tempo di lettura stimato":"2 minuti"},"schema":{"@context":"https:\/\/schema.org","@graph":[{"@type":"Article","@id":"https:\/\/www.m-q.ch\/gerichtsentscheid-zur-fast-kollision-am-flughafen-zuerich\/#article","isPartOf":{"@id":"https:\/\/www.m-q.ch\/gerichtsentscheid-zur-fast-kollision-am-flughafen-zuerich\/"},"author":{"name":"galledia","@id":"https:\/\/www.m-q.ch\/fr\/#\/schema\/person\/c0139a2c55a374db6df2cde78ec87148"},"headline":"Gerichtsentscheid zur Fast-Kollision am Flughafen Z\u00fcrich","datePublished":"2016-12-07T09:30:35+00:00","dateModified":"2017-02-24T14:04:52+00:00","mainEntityOfPage":{"@id":"https:\/\/www.m-q.ch\/gerichtsentscheid-zur-fast-kollision-am-flughafen-zuerich\/"},"wordCount":477,"commentCount":0,"publisher":{"@id":"https:\/\/www.m-q.ch\/fr\/#organization"},"image":{"@id":"https:\/\/www.m-q.ch\/gerichtsentscheid-zur-fast-kollision-am-flughafen-zuerich\/#primaryimage"},"thumbnailUrl":"https:\/\/www.m-q.ch\/wp-content\/uploads\/2016\/12\/Gerichtsentscheid-zur-Fast-Kollision-am-Flughafen-Z\u00fcrich-management-und-qualitaet.jpg","keywords":["Risikomanagement","Sicherheits-Konzept"],"articleSection":["Risikomanagement"],"inLanguage":"it-IT"},{"@type":"WebPage","@id":"https:\/\/www.m-q.ch\/gerichtsentscheid-zur-fast-kollision-am-flughafen-zuerich\/","url":"https:\/\/www.m-q.ch\/gerichtsentscheid-zur-fast-kollision-am-flughafen-zuerich\/","name":"Decisione del tribunale sulla quasi-collisione all'aeroporto di Zurigo - MQ Management und Qualit\u00e4t","isPartOf":{"@id":"https:\/\/www.m-q.ch\/fr\/#website"},"primaryImageOfPage":{"@id":"https:\/\/www.m-q.ch\/gerichtsentscheid-zur-fast-kollision-am-flughafen-zuerich\/#primaryimage"},"image":{"@id":"https:\/\/www.m-q.ch\/gerichtsentscheid-zur-fast-kollision-am-flughafen-zuerich\/#primaryimage"},"thumbnailUrl":"https:\/\/www.m-q.ch\/wp-content\/uploads\/2016\/12\/Gerichtsentscheid-zur-Fast-Kollision-am-Flughafen-Z\u00fcrich-management-und-qualitaet.jpg","datePublished":"2016-12-07T09:30:35+00:00","dateModified":"2017-02-24T14:04:52+00:00","description":"Quasi collisione: il controllore del traffico aereo in servizio \u00e8 stato assolto dall'accusa di interferenza negligente con il traffico pubblico.","breadcrumb":{"@id":"https:\/\/www.m-q.ch\/gerichtsentscheid-zur-fast-kollision-am-flughafen-zuerich\/#breadcrumb"},"inLanguage":"it-IT","potentialAction":[{"@type":"ReadAction","target":["https:\/\/www.m-q.ch\/gerichtsentscheid-zur-fast-kollision-am-flughafen-zuerich\/"]}]},{"@type":"ImageObject","inLanguage":"it-IT","@id":"https:\/\/www.m-q.ch\/gerichtsentscheid-zur-fast-kollision-am-flughafen-zuerich\/#primaryimage","url":"https:\/\/www.m-q.ch\/wp-content\/uploads\/2016\/12\/Gerichtsentscheid-zur-Fast-Kollision-am-Flughafen-Z\u00fcrich-management-und-qualitaet.jpg","contentUrl":"https:\/\/www.m-q.ch\/wp-content\/uploads\/2016\/12\/Gerichtsentscheid-zur-Fast-Kollision-am-Flughafen-Z\u00fcrich-management-und-qualitaet.jpg","width":640,"height":427,"caption":"Terminal A des Flughafens Z\u00fcrich. (Bild: Depositphotos_swisshippo)"},{"@type":"BreadcrumbList","@id":"https:\/\/www.m-q.ch\/gerichtsentscheid-zur-fast-kollision-am-flughafen-zuerich\/#breadcrumb","itemListElement":[{"@type":"ListItem","position":1,"name":"Risikomanagement","item":"https:\/\/www.m-q.ch\/kategorie\/risikomanagement\/"},{"@type":"ListItem","position":2,"name":"Gerichtsentscheid zur Fast-Kollision am Flughafen Z\u00fcrich"}]},{"@type":"WebSite","@id":"https:\/\/www.m-q.ch\/fr\/#website","url":"https:\/\/www.m-q.ch\/fr\/","name":"Gestione e qualit\u00e0 MQ","description":"Piattaforma per sistemi di gestione integrati.","publisher":{"@id":"https:\/\/www.m-q.ch\/fr\/#organization"},"potentialAction":[{"@type":"SearchAction","target":{"@type":"EntryPoint","urlTemplate":"https:\/\/www.m-q.ch\/fr\/?s={search_term_string}"},"query-input":{"@type":"PropertyValueSpecification","valueRequired":true,"valueName":"search_term_string"}}],"inLanguage":"it-IT"},{"@type":"Organization","@id":"https:\/\/www.m-q.ch\/fr\/#organization","name":"Galledia Fachmedien AG","url":"https:\/\/www.m-q.ch\/fr\/","logo":{"@type":"ImageObject","inLanguage":"it-IT","@id":"https:\/\/www.m-q.ch\/fr\/#\/schema\/logo\/image\/","url":"https:\/\/www.m-q.ch\/wp-content\/uploads\/2020\/12\/cropped-logo_small.png","contentUrl":"https:\/\/www.m-q.ch\/wp-content\/uploads\/2020\/12\/cropped-logo_small.png","width":512,"height":512,"caption":"Galledia Fachmedien AG"},"image":{"@id":"https:\/\/www.m-q.ch\/fr\/#\/schema\/logo\/image\/"},"sameAs":["https:\/\/www.facebook.com\/ManagementUndQualitaet","https:\/\/www.linkedin.com\/showcase\/17982321\/admin\/"]},{"@type":"Person","@id":"https:\/\/www.m-q.ch\/fr\/#\/schema\/person\/c0139a2c55a374db6df2cde78ec87148","name":"galleria","image":{"@type":"ImageObject","inLanguage":"it-IT","@id":"https:\/\/www.m-q.ch\/fr\/#\/schema\/person\/image\/","url":"https:\/\/secure.gravatar.com\/avatar\/66edf527eac29e9a5eb25bcada01f61a?s=96&d=mm&r=g","contentUrl":"https:\/\/secure.gravatar.com\/avatar\/66edf527eac29e9a5eb25bcada01f61a?s=96&d=mm&r=g","caption":"galledia"},"url":"https:\/\/www.m-q.ch\/it\/author\/galledia\/"}]}},"_links":{"self":[{"href":"https:\/\/www.m-q.ch\/it\/wp-json\/wp\/v2\/posts\/675","targetHints":{"allow":["GET"]}}],"collection":[{"href":"https:\/\/www.m-q.ch\/it\/wp-json\/wp\/v2\/posts"}],"about":[{"href":"https:\/\/www.m-q.ch\/it\/wp-json\/wp\/v2\/types\/post"}],"author":[{"embeddable":true,"href":"https:\/\/www.m-q.ch\/it\/wp-json\/wp\/v2\/users\/1"}],"replies":[{"embeddable":true,"href":"https:\/\/www.m-q.ch\/it\/wp-json\/wp\/v2\/comments?post=675"}],"version-history":[{"count":3,"href":"https:\/\/www.m-q.ch\/it\/wp-json\/wp\/v2\/posts\/675\/revisions"}],"predecessor-version":[{"id":977,"href":"https:\/\/www.m-q.ch\/it\/wp-json\/wp\/v2\/posts\/675\/revisions\/977"}],"wp:featuredmedia":[{"embeddable":true,"href":"https:\/\/www.m-q.ch\/it\/wp-json\/wp\/v2\/media\/676"}],"wp:attachment":[{"href":"https:\/\/www.m-q.ch\/it\/wp-json\/wp\/v2\/media?parent=675"}],"wp:term":[{"taxonomy":"category","embeddable":true,"href":"https:\/\/www.m-q.ch\/it\/wp-json\/wp\/v2\/categories?post=675"},{"taxonomy":"post_tag","embeddable":true,"href":"https:\/\/www.m-q.ch\/it\/wp-json\/wp\/v2\/tags?post=675"}],"curies":[{"name":"wp","href":"https:\/\/api.w.org\/{rel}","templated":true}]}}