{"id":698,"date":"2016-12-12T15:42:12","date_gmt":"2016-12-12T14:42:12","guid":{"rendered":"http:\/\/dev.m-q.ch\/?p=698"},"modified":"2017-08-24T15:10:31","modified_gmt":"2017-08-24T13:10:31","slug":"nuove-specifiche-iso-per-il-benessere-degli-animali","status":"publish","type":"post","link":"https:\/\/www.m-q.ch\/it\/neue-iso-spezifizierung-in-sachen-tierschutz\/","title":{"rendered":"Nuova specifica ISO sul benessere degli animali"},"content":{"rendered":"<figure id=\"attachment_700\" aria-describedby=\"caption-attachment-700\" style=\"width: 400px\" class=\"wp-caption alignnone\"><a href=\"https:\/\/m-q.ch\/wp-content\/uploads\/2016\/12\/Neue-ISO-Spezifizierung-in-Sachen-Tierschutz-management-und-qualitaet.jpg\"><img loading=\"lazy\" decoding=\"async\" class=\"wp-image-700 size-full\" src=\"https:\/\/www.m-q.ch\/wp-content\/uploads\/2016\/12\/Neue-ISO-Spezifizierung-in-Sachen-Tierschutz-management-und-qualitaet.jpg\" alt=\"Sede dell&#039;ISO (Organizzazione internazionale delle norme) a Ginevra. (Immagine: zVg)\" width=\"400\" height=\"340\" srcset=\"https:\/\/www.m-q.ch\/wp-content\/uploads\/2016\/12\/Neue-ISO-Spezifizierung-in-Sachen-Tierschutz-management-und-qualitaet.jpg 400w, https:\/\/www.m-q.ch\/wp-content\/uploads\/2016\/12\/Neue-ISO-Spezifizierung-in-Sachen-Tierschutz-management-und-qualitaet-14x12.jpg 14w, https:\/\/www.m-q.ch\/wp-content\/uploads\/2016\/12\/Neue-ISO-Spezifizierung-in-Sachen-Tierschutz-management-und-qualitaet-206x175.jpg 206w, https:\/\/www.m-q.ch\/wp-content\/uploads\/2016\/12\/Neue-ISO-Spezifizierung-in-Sachen-Tierschutz-management-und-qualitaet-300x255.jpg 300w\" sizes=\"auto, (max-width: 400px) 100vw, 400px\" \/><\/a><figcaption id=\"caption-attachment-700\" class=\"wp-caption-text\">Sede dell'ISO (Organizzazione internazionale delle norme) a Ginevra. (Immagine: zVg)<\/figcaption><\/figure>\n<p>I consumatori sono sempre pi\u00f9 preoccupati per il trattamento crudele degli animali. Allo stesso tempo, \u00e8 evidente a tutti che il benessere dell'uomo \u00e8 legato in modo indispensabile alla qualit\u00e0 e alla sicurezza degli alimenti di origine animale. La consapevolezza delle emissioni nella zootecnia cresce di anno in anno, cos\u00ec come la domanda di prodotti biologici.<\/p>\n<p>I prodotti e le merci di origine animale dovrebbero quindi soddisfare i nuovi standard di benessere animale ottimizzati, in generale sono conformi agli standard pi\u00f9 elevati e offrono ai produttori un vantaggio competitivo pianificabile attraverso la gestione del benessere animale. La ISO\/TS 34700:2016 ha lo scopo di fornire uno standard efficace e aggiornato per questo scopo. Lo standard \u00e8 allineato con i principi dell'Organizzazione Mondiale della Sanit\u00e0 Animale (OIE) e il Codice di Salute degli Animali Terrestri (TAHC). (Fonte: Organizzazione internazionale per gli standard)<\/p>","protected":false},"excerpt":{"rendered":"<p>Verbraucher sorgen sich zunehmend \u00fcber die plumpe Behandlung von Tieren. Dabei leuchtet es allen ein, dass das menschliche Wohlbehagen unabdingbar mit der Qualit\u00e4t und Sicherheit von Lebensmittel von Tieren von der Qualit\u00e4t und sogar der Sicherheit vom Essen stark abh\u00e4ngt. Das Bewusstsein gegen\u00fcber Emissionen in der Tierhaltung wird von Jahr zu Jahr gr\u00f6sser, ebenso steigt [&hellip;]<\/p>\n","protected":false},"author":1,"featured_media":700,"comment_status":"open","ping_status":"open","sticky":false,"template":"","format":"standard","meta":{"_acf_changed":false,"footnotes":""},"categories":[1],"tags":[3386],"class_list":["post-698","post","type-post","status-publish","format-standard","has-post-thumbnail","hentry","category-unkategorisiert","tag-isots-34700-347002016"],"acf":[],"yoast_head":"<!-- This site is optimized with the Yoast SEO plugin v26.2 - https:\/\/yoast.com\/wordpress\/plugins\/seo\/ -->\n<title>Neue ISO-Spezifizierung in Sachen Tierschutz - MQ Management und Qualit\u00e4t<\/title>\n<meta name=\"description\" content=\"ISO-Spezifizierung: Umfassender Schutz und F\u00fcrsorge gegen\u00fcber eines Nutztieres bedeutet seine physischen und &quot;geistigen&quot; Bed\u00fcrfnisse zu respektieren.\" \/>\n<meta name=\"robots\" content=\"index, follow, max-snippet:-1, max-image-preview:large, max-video-preview:-1\" \/>\n<link rel=\"canonical\" href=\"https:\/\/www.m-q.ch\/it\/nuove-specifiche-iso-per-il-benessere-degli-animali\/\" \/>\n<meta property=\"og:locale\" content=\"it_IT\" \/>\n<meta property=\"og:type\" content=\"article\" \/>\n<meta property=\"og:title\" content=\"Neue ISO-Spezifizierung in Sachen Tierschutz - MQ Management und Qualit\u00e4t\" \/>\n<meta property=\"og:description\" content=\"ISO-Spezifizierung: Umfassender Schutz und F\u00fcrsorge gegen\u00fcber eines Nutztieres bedeutet seine physischen und &quot;geistigen&quot; Bed\u00fcrfnisse zu respektieren.\" \/>\n<meta property=\"og:url\" content=\"https:\/\/www.m-q.ch\/it\/nuove-specifiche-iso-per-il-benessere-degli-animali\/\" \/>\n<meta property=\"og:site_name\" content=\"MQ Management und Qualit\u00e4t\" \/>\n<meta property=\"article:publisher\" content=\"https:\/\/www.facebook.com\/ManagementUndQualitaet\" \/>\n<meta property=\"article:published_time\" content=\"2016-12-12T14:42:12+00:00\" \/>\n<meta property=\"article:modified_time\" content=\"2017-08-24T13:10:31+00:00\" \/>\n<meta property=\"og:image\" content=\"https:\/\/www.m-q.ch\/wp-content\/uploads\/2016\/12\/Neue-ISO-Spezifizierung-in-Sachen-Tierschutz-management-und-qualitaet.jpg\" \/>\n\t<meta property=\"og:image:width\" content=\"400\" \/>\n\t<meta property=\"og:image:height\" content=\"340\" \/>\n\t<meta property=\"og:image:type\" content=\"image\/jpeg\" \/>\n<meta name=\"author\" content=\"galledia\" \/>\n<meta name=\"twitter:card\" content=\"summary_large_image\" \/>\n<meta name=\"twitter:label1\" content=\"Scritto da\" \/>\n\t<meta name=\"twitter:data1\" content=\"galledia\" \/>\n\t<meta name=\"twitter:label2\" content=\"Tempo di lettura stimato\" \/>\n\t<meta name=\"twitter:data2\" content=\"1 minuto\" \/>\n<script type=\"application\/ld+json\" class=\"yoast-schema-graph\">{\"@context\":\"https:\/\/schema.org\",\"@graph\":[{\"@type\":\"Article\",\"@id\":\"https:\/\/www.m-q.ch\/de\/neue-iso-spezifizierung-in-sachen-tierschutz\/#article\",\"isPartOf\":{\"@id\":\"https:\/\/www.m-q.ch\/de\/neue-iso-spezifizierung-in-sachen-tierschutz\/\"},\"author\":{\"name\":\"galledia\",\"@id\":\"https:\/\/www.m-q.ch\/fr\/#\/schema\/person\/c0139a2c55a374db6df2cde78ec87148\"},\"headline\":\"Neue ISO-Spezifizierung in Sachen Tierschutz\",\"datePublished\":\"2016-12-12T14:42:12+00:00\",\"dateModified\":\"2017-08-24T13:10:31+00:00\",\"mainEntityOfPage\":{\"@id\":\"https:\/\/www.m-q.ch\/de\/neue-iso-spezifizierung-in-sachen-tierschutz\/\"},\"wordCount\":147,\"commentCount\":0,\"publisher\":{\"@id\":\"https:\/\/www.m-q.ch\/fr\/#organization\"},\"image\":{\"@id\":\"https:\/\/www.m-q.ch\/de\/neue-iso-spezifizierung-in-sachen-tierschutz\/#primaryimage\"},\"thumbnailUrl\":\"https:\/\/www.m-q.ch\/wp-content\/uploads\/2016\/12\/Neue-ISO-Spezifizierung-in-Sachen-Tierschutz-management-und-qualitaet.jpg\",\"keywords\":[\"ISO\/TS 34700 34700:2016\"],\"articleSection\":[\"Unkategorisiert\"],\"inLanguage\":\"it-IT\"},{\"@type\":\"WebPage\",\"@id\":\"https:\/\/www.m-q.ch\/de\/neue-iso-spezifizierung-in-sachen-tierschutz\/\",\"url\":\"https:\/\/www.m-q.ch\/de\/neue-iso-spezifizierung-in-sachen-tierschutz\/\",\"name\":\"Neue ISO-Spezifizierung in Sachen Tierschutz - MQ Management und Qualit\u00e4t\",\"isPartOf\":{\"@id\":\"https:\/\/www.m-q.ch\/fr\/#website\"},\"primaryImageOfPage\":{\"@id\":\"https:\/\/www.m-q.ch\/de\/neue-iso-spezifizierung-in-sachen-tierschutz\/#primaryimage\"},\"image\":{\"@id\":\"https:\/\/www.m-q.ch\/de\/neue-iso-spezifizierung-in-sachen-tierschutz\/#primaryimage\"},\"thumbnailUrl\":\"https:\/\/www.m-q.ch\/wp-content\/uploads\/2016\/12\/Neue-ISO-Spezifizierung-in-Sachen-Tierschutz-management-und-qualitaet.jpg\",\"datePublished\":\"2016-12-12T14:42:12+00:00\",\"dateModified\":\"2017-08-24T13:10:31+00:00\",\"description\":\"ISO-Spezifizierung: Umfassender Schutz und F\u00fcrsorge gegen\u00fcber eines Nutztieres bedeutet seine physischen und \\\"geistigen\\\" Bed\u00fcrfnisse zu respektieren.\",\"breadcrumb\":{\"@id\":\"https:\/\/www.m-q.ch\/de\/neue-iso-spezifizierung-in-sachen-tierschutz\/#breadcrumb\"},\"inLanguage\":\"it-IT\",\"potentialAction\":[{\"@type\":\"ReadAction\",\"target\":[\"https:\/\/www.m-q.ch\/de\/neue-iso-spezifizierung-in-sachen-tierschutz\/\"]}]},{\"@type\":\"ImageObject\",\"inLanguage\":\"it-IT\",\"@id\":\"https:\/\/www.m-q.ch\/de\/neue-iso-spezifizierung-in-sachen-tierschutz\/#primaryimage\",\"url\":\"https:\/\/www.m-q.ch\/wp-content\/uploads\/2016\/12\/Neue-ISO-Spezifizierung-in-Sachen-Tierschutz-management-und-qualitaet.jpg\",\"contentUrl\":\"https:\/\/www.m-q.ch\/wp-content\/uploads\/2016\/12\/Neue-ISO-Spezifizierung-in-Sachen-Tierschutz-management-und-qualitaet.jpg\",\"width\":400,\"height\":340,\"caption\":\"ISO (International Organisation of Standards) Hauptsitz in Genf. (Bild: zVg)\"},{\"@type\":\"BreadcrumbList\",\"@id\":\"https:\/\/www.m-q.ch\/de\/neue-iso-spezifizierung-in-sachen-tierschutz\/#breadcrumb\",\"itemListElement\":[{\"@type\":\"ListItem\",\"position\":1,\"name\":\"Unkategorisiert\",\"item\":\"https:\/\/www.m-q.ch\/it\/categoria\/senza-categoria\/\"},{\"@type\":\"ListItem\",\"position\":2,\"name\":\"Neue ISO-Spezifizierung in Sachen Tierschutz\"}]},{\"@type\":\"WebSite\",\"@id\":\"https:\/\/www.m-q.ch\/fr\/#website\",\"url\":\"https:\/\/www.m-q.ch\/fr\/\",\"name\":\"MQ Management und Qualit\u00e4t\",\"description\":\"Plattform f\u00fcr integrierte Managementsysteme.\",\"publisher\":{\"@id\":\"https:\/\/www.m-q.ch\/fr\/#organization\"},\"potentialAction\":[{\"@type\":\"SearchAction\",\"target\":{\"@type\":\"EntryPoint\",\"urlTemplate\":\"https:\/\/www.m-q.ch\/fr\/?s={search_term_string}\"},\"query-input\":{\"@type\":\"PropertyValueSpecification\",\"valueRequired\":true,\"valueName\":\"search_term_string\"}}],\"inLanguage\":\"it-IT\"},{\"@type\":\"Organization\",\"@id\":\"https:\/\/www.m-q.ch\/fr\/#organization\",\"name\":\"Galledia Fachmedien AG\",\"url\":\"https:\/\/www.m-q.ch\/fr\/\",\"logo\":{\"@type\":\"ImageObject\",\"inLanguage\":\"it-IT\",\"@id\":\"https:\/\/www.m-q.ch\/fr\/#\/schema\/logo\/image\/\",\"url\":\"https:\/\/www.m-q.ch\/wp-content\/uploads\/2020\/12\/cropped-logo_small.png\",\"contentUrl\":\"https:\/\/www.m-q.ch\/wp-content\/uploads\/2020\/12\/cropped-logo_small.png\",\"width\":512,\"height\":512,\"caption\":\"Galledia Fachmedien AG\"},\"image\":{\"@id\":\"https:\/\/www.m-q.ch\/fr\/#\/schema\/logo\/image\/\"},\"sameAs\":[\"https:\/\/www.facebook.com\/ManagementUndQualitaet\",\"https:\/\/www.linkedin.com\/showcase\/17982321\/admin\/\"]},{\"@type\":\"Person\",\"@id\":\"https:\/\/www.m-q.ch\/fr\/#\/schema\/person\/c0139a2c55a374db6df2cde78ec87148\",\"name\":\"galledia\",\"image\":{\"@type\":\"ImageObject\",\"inLanguage\":\"it-IT\",\"@id\":\"https:\/\/www.m-q.ch\/fr\/#\/schema\/person\/image\/\",\"url\":\"https:\/\/secure.gravatar.com\/avatar\/66edf527eac29e9a5eb25bcada01f61a?s=96&d=mm&r=g\",\"contentUrl\":\"https:\/\/secure.gravatar.com\/avatar\/66edf527eac29e9a5eb25bcada01f61a?s=96&d=mm&r=g\",\"caption\":\"galledia\"},\"url\":\"https:\/\/www.m-q.ch\/it\/author\/galledia\/\"}]}<\/script>\n<!-- \/ Yoast SEO plugin. -->","yoast_head_json":{"title":"Nuova specifica ISO nel benessere degli animali - MQ Management und Qualit\u00e4t","description":"Specifica ISO: Protezione e cura completa di un animale da allevamento significa rispettare i suoi bisogni fisici e \"mentali\".","robots":{"index":"index","follow":"follow","max-snippet":"max-snippet:-1","max-image-preview":"max-image-preview:large","max-video-preview":"max-video-preview:-1"},"canonical":"https:\/\/www.m-q.ch\/it\/nuove-specifiche-iso-per-il-benessere-degli-animali\/","og_locale":"it_IT","og_type":"article","og_title":"Neue ISO-Spezifizierung in Sachen Tierschutz - MQ Management und Qualit\u00e4t","og_description":"ISO-Spezifizierung: Umfassender Schutz und F\u00fcrsorge gegen\u00fcber eines Nutztieres bedeutet seine physischen und \"geistigen\" Bed\u00fcrfnisse zu respektieren.","og_url":"https:\/\/www.m-q.ch\/it\/nuove-specifiche-iso-per-il-benessere-degli-animali\/","og_site_name":"MQ Management und Qualit\u00e4t","article_publisher":"https:\/\/www.facebook.com\/ManagementUndQualitaet","article_published_time":"2016-12-12T14:42:12+00:00","article_modified_time":"2017-08-24T13:10:31+00:00","og_image":[{"width":400,"height":340,"url":"https:\/\/www.m-q.ch\/wp-content\/uploads\/2016\/12\/Neue-ISO-Spezifizierung-in-Sachen-Tierschutz-management-und-qualitaet.jpg","type":"image\/jpeg"}],"author":"galledia","twitter_card":"summary_large_image","twitter_misc":{"Scritto da":"galledia","Tempo di lettura stimato":"1 minuto"},"schema":{"@context":"https:\/\/schema.org","@graph":[{"@type":"Article","@id":"https:\/\/www.m-q.ch\/de\/neue-iso-spezifizierung-in-sachen-tierschutz\/#article","isPartOf":{"@id":"https:\/\/www.m-q.ch\/de\/neue-iso-spezifizierung-in-sachen-tierschutz\/"},"author":{"name":"galledia","@id":"https:\/\/www.m-q.ch\/fr\/#\/schema\/person\/c0139a2c55a374db6df2cde78ec87148"},"headline":"Neue ISO-Spezifizierung in Sachen Tierschutz","datePublished":"2016-12-12T14:42:12+00:00","dateModified":"2017-08-24T13:10:31+00:00","mainEntityOfPage":{"@id":"https:\/\/www.m-q.ch\/de\/neue-iso-spezifizierung-in-sachen-tierschutz\/"},"wordCount":147,"commentCount":0,"publisher":{"@id":"https:\/\/www.m-q.ch\/fr\/#organization"},"image":{"@id":"https:\/\/www.m-q.ch\/de\/neue-iso-spezifizierung-in-sachen-tierschutz\/#primaryimage"},"thumbnailUrl":"https:\/\/www.m-q.ch\/wp-content\/uploads\/2016\/12\/Neue-ISO-Spezifizierung-in-Sachen-Tierschutz-management-und-qualitaet.jpg","keywords":["ISO\/TS 34700 34700:2016"],"articleSection":["Unkategorisiert"],"inLanguage":"it-IT"},{"@type":"WebPage","@id":"https:\/\/www.m-q.ch\/de\/neue-iso-spezifizierung-in-sachen-tierschutz\/","url":"https:\/\/www.m-q.ch\/de\/neue-iso-spezifizierung-in-sachen-tierschutz\/","name":"Nuova specifica ISO nel benessere degli animali - MQ Management und Qualit\u00e4t","isPartOf":{"@id":"https:\/\/www.m-q.ch\/fr\/#website"},"primaryImageOfPage":{"@id":"https:\/\/www.m-q.ch\/de\/neue-iso-spezifizierung-in-sachen-tierschutz\/#primaryimage"},"image":{"@id":"https:\/\/www.m-q.ch\/de\/neue-iso-spezifizierung-in-sachen-tierschutz\/#primaryimage"},"thumbnailUrl":"https:\/\/www.m-q.ch\/wp-content\/uploads\/2016\/12\/Neue-ISO-Spezifizierung-in-Sachen-Tierschutz-management-und-qualitaet.jpg","datePublished":"2016-12-12T14:42:12+00:00","dateModified":"2017-08-24T13:10:31+00:00","description":"Specifica ISO: Protezione e cura completa di un animale da allevamento significa rispettare i suoi bisogni fisici e \"mentali\".","breadcrumb":{"@id":"https:\/\/www.m-q.ch\/de\/neue-iso-spezifizierung-in-sachen-tierschutz\/#breadcrumb"},"inLanguage":"it-IT","potentialAction":[{"@type":"ReadAction","target":["https:\/\/www.m-q.ch\/de\/neue-iso-spezifizierung-in-sachen-tierschutz\/"]}]},{"@type":"ImageObject","inLanguage":"it-IT","@id":"https:\/\/www.m-q.ch\/de\/neue-iso-spezifizierung-in-sachen-tierschutz\/#primaryimage","url":"https:\/\/www.m-q.ch\/wp-content\/uploads\/2016\/12\/Neue-ISO-Spezifizierung-in-Sachen-Tierschutz-management-und-qualitaet.jpg","contentUrl":"https:\/\/www.m-q.ch\/wp-content\/uploads\/2016\/12\/Neue-ISO-Spezifizierung-in-Sachen-Tierschutz-management-und-qualitaet.jpg","width":400,"height":340,"caption":"ISO (International Organisation of Standards) Hauptsitz in Genf. (Bild: zVg)"},{"@type":"BreadcrumbList","@id":"https:\/\/www.m-q.ch\/de\/neue-iso-spezifizierung-in-sachen-tierschutz\/#breadcrumb","itemListElement":[{"@type":"ListItem","position":1,"name":"Unkategorisiert","item":"https:\/\/www.m-q.ch\/it\/categoria\/senza-categoria\/"},{"@type":"ListItem","position":2,"name":"Neue ISO-Spezifizierung in Sachen Tierschutz"}]},{"@type":"WebSite","@id":"https:\/\/www.m-q.ch\/fr\/#website","url":"https:\/\/www.m-q.ch\/fr\/","name":"Gestione e qualit\u00e0 MQ","description":"Piattaforma per sistemi di gestione integrati.","publisher":{"@id":"https:\/\/www.m-q.ch\/fr\/#organization"},"potentialAction":[{"@type":"SearchAction","target":{"@type":"EntryPoint","urlTemplate":"https:\/\/www.m-q.ch\/fr\/?s={search_term_string}"},"query-input":{"@type":"PropertyValueSpecification","valueRequired":true,"valueName":"search_term_string"}}],"inLanguage":"it-IT"},{"@type":"Organization","@id":"https:\/\/www.m-q.ch\/fr\/#organization","name":"Galledia Fachmedien AG","url":"https:\/\/www.m-q.ch\/fr\/","logo":{"@type":"ImageObject","inLanguage":"it-IT","@id":"https:\/\/www.m-q.ch\/fr\/#\/schema\/logo\/image\/","url":"https:\/\/www.m-q.ch\/wp-content\/uploads\/2020\/12\/cropped-logo_small.png","contentUrl":"https:\/\/www.m-q.ch\/wp-content\/uploads\/2020\/12\/cropped-logo_small.png","width":512,"height":512,"caption":"Galledia Fachmedien AG"},"image":{"@id":"https:\/\/www.m-q.ch\/fr\/#\/schema\/logo\/image\/"},"sameAs":["https:\/\/www.facebook.com\/ManagementUndQualitaet","https:\/\/www.linkedin.com\/showcase\/17982321\/admin\/"]},{"@type":"Person","@id":"https:\/\/www.m-q.ch\/fr\/#\/schema\/person\/c0139a2c55a374db6df2cde78ec87148","name":"galleria","image":{"@type":"ImageObject","inLanguage":"it-IT","@id":"https:\/\/www.m-q.ch\/fr\/#\/schema\/person\/image\/","url":"https:\/\/secure.gravatar.com\/avatar\/66edf527eac29e9a5eb25bcada01f61a?s=96&d=mm&r=g","contentUrl":"https:\/\/secure.gravatar.com\/avatar\/66edf527eac29e9a5eb25bcada01f61a?s=96&d=mm&r=g","caption":"galledia"},"url":"https:\/\/www.m-q.ch\/it\/author\/galledia\/"}]}},"_links":{"self":[{"href":"https:\/\/www.m-q.ch\/it\/wp-json\/wp\/v2\/posts\/698","targetHints":{"allow":["GET"]}}],"collection":[{"href":"https:\/\/www.m-q.ch\/it\/wp-json\/wp\/v2\/posts"}],"about":[{"href":"https:\/\/www.m-q.ch\/it\/wp-json\/wp\/v2\/types\/post"}],"author":[{"embeddable":true,"href":"https:\/\/www.m-q.ch\/it\/wp-json\/wp\/v2\/users\/1"}],"replies":[{"embeddable":true,"href":"https:\/\/www.m-q.ch\/it\/wp-json\/wp\/v2\/comments?post=698"}],"version-history":[{"count":3,"href":"https:\/\/www.m-q.ch\/it\/wp-json\/wp\/v2\/posts\/698\/revisions"}],"predecessor-version":[{"id":975,"href":"https:\/\/www.m-q.ch\/it\/wp-json\/wp\/v2\/posts\/698\/revisions\/975"}],"wp:featuredmedia":[{"embeddable":true,"href":"https:\/\/www.m-q.ch\/it\/wp-json\/wp\/v2\/media\/700"}],"wp:attachment":[{"href":"https:\/\/www.m-q.ch\/it\/wp-json\/wp\/v2\/media?parent=698"}],"wp:term":[{"taxonomy":"category","embeddable":true,"href":"https:\/\/www.m-q.ch\/it\/wp-json\/wp\/v2\/categories?post=698"},{"taxonomy":"post_tag","embeddable":true,"href":"https:\/\/www.m-q.ch\/it\/wp-json\/wp\/v2\/tags?post=698"}],"curies":[{"name":"wp","href":"https:\/\/api.w.org\/{rel}","templated":true}]}}