{"id":713,"date":"2016-12-19T16:48:10","date_gmt":"2016-12-19T15:48:10","guid":{"rendered":"http:\/\/dev.m-q.ch\/?p=713"},"modified":"2016-12-19T16:50:52","modified_gmt":"2016-12-19T15:50:52","slug":"zeiss-raggiunge-vendite-e-utili-record","status":"publish","type":"post","link":"https:\/\/www.m-q.ch\/it\/zeiss-gelingt-rekordumsatz-und-ergebnis\/","title":{"rendered":"ZEISS raggiunge ricavi e utili record"},"content":{"rendered":"<figure id=\"attachment_714\" aria-describedby=\"caption-attachment-714\" style=\"width: 622px\" class=\"wp-caption alignnone\"><a href=\"https:\/\/m-q.ch\/wp-content\/uploads\/2016\/12\/ZEISS-gelingt-Rekordumsatz-und-ergebnis-management-und-qualitaet.jpg\"><img loading=\"lazy\" decoding=\"async\" class=\"size-full wp-image-714\" src=\"https:\/\/m-q.ch\/wp-content\/uploads\/2016\/12\/ZEISS-gelingt-Rekordumsatz-und-ergebnis-management-und-qualitaet.jpg\" alt=\"Jena era gi\u00e0 influente nella produzione di vetro e microscopia nel XIX secolo. Copyright: Carl_Zeiss_Microscopy_ASSAYbuilder\" width=\"622\" height=\"414\" srcset=\"https:\/\/www.m-q.ch\/wp-content\/uploads\/2016\/12\/ZEISS-gelingt-Rekordumsatz-und-ergebnis-management-und-qualitaet.jpg 622w, https:\/\/www.m-q.ch\/wp-content\/uploads\/2016\/12\/ZEISS-gelingt-Rekordumsatz-und-ergebnis-management-und-qualitaet-16x12.jpg 16w, https:\/\/www.m-q.ch\/wp-content\/uploads\/2016\/12\/ZEISS-gelingt-Rekordumsatz-und-ergebnis-management-und-qualitaet-263x175.jpg 263w, https:\/\/www.m-q.ch\/wp-content\/uploads\/2016\/12\/ZEISS-gelingt-Rekordumsatz-und-ergebnis-management-und-qualitaet-526x350.jpg 526w, https:\/\/www.m-q.ch\/wp-content\/uploads\/2016\/12\/ZEISS-gelingt-Rekordumsatz-und-ergebnis-management-und-qualitaet-300x200.jpg 300w\" sizes=\"auto, (max-width: 622px) 100vw, 622px\" \/><\/a><figcaption id=\"caption-attachment-714\" class=\"wp-caption-text\">Jena era gi\u00e0 influente nella produzione di vetro e microscopia nel XIX secolo. Copyright: Carl_Zeiss_Microscopy_ASSAYbuilder<\/figcaption><\/figure>\n<p>L'anno fiscale 2015\/16 \u00e8 stato il pi\u00f9 riuscito fino ad oggi per il gruppo ZEISS: \"I nostri programmi per aumentare la competitivit\u00e0 stanno avendo un effetto impressionante. Tutto il nostro portafoglio sta contribuendo al risultato positivo. Tutte le nostre attivit\u00e0 sono state in grado di crescere a un livello elevato\", afferma il Prof. Dr. Michael Kaschke, CEO di Carl Zeiss AG. \"Stiamo crescendo - anche con uno sviluppo parzialmente frenato nel mercato dei semiconduttori e uno slancio in declino nei mercati emergenti\".<\/p>\n<p><strong>Ricerca e qualit\u00e0<\/strong><\/p>\n<p>All'interno della divisione Research &amp; Quality Technology, la business unit Industrial Metrology sta beneficiando in particolare del forte mercato automobilistico e delle sue soluzioni Industry 4.0. La business unit Microscopy sta realizzando il turnaround e sta tornando a crescere. La divisione Medical Technology si sta affermando nel mercato altamente competitivo della sanit\u00e0 e sta espandendo ulteriormente la sua posizione di leader. Grazie al lancio di prodotti di successo, anche la divisione Vision Care\/Consumer Products \u00e8 in grado di crescere fortemente.<\/p>\n<p>Anche se non ci sono stati segni di una ripresa sostenuta del mercato dei semiconduttori nell'anno fiscale 2015\/16, la divisione Semiconductor Manufacturing Technology (SMT) \u00e8 in grado di crescere nuovamente con un solido business nei sistemi di litografia Deep Ultra Violet (DUV). C'\u00e8 stato anche uno slancio positivo per la futura tecnologia della litografia Extreme Ultra Violet (EUV). Un passo significativo per l'ulteriore sviluppo di questa tecnologia \u00e8 stato fatto con l'espansione della partnership con la societ\u00e0 olandese ASML.<\/p>\n<p>Il leader mondiale delle attrezzature per l'intera industria dei chip acquisir\u00e0 una quota di minoranza del 24,9% nella filiale Carl Zeiss SMT per un prezzo di acquisto di un miliardo di euro. Inoltre, ASML investir\u00e0 circa 760 milioni di euro per la ricerca e lo sviluppo, nonch\u00e9 per gli impianti e altre attrezzature direttamente alla Carl Zeiss SMT.<\/p>\n<p><strong>Cifre chiave attuali<\/strong><\/p>\n<p>ZEISS genera quasi il 90% delle sue entrate al di fuori della Germania. ZEISS ha avuto particolarmente successo nella regione Asia\/Pacifico (APAC) nell'anno fiscale 2015\/16 con un fatturato di 1,123 miliardi di euro. Questo corrisponde a un aumento del 17% rispetto all'anno precedente (953 milioni). Solo in Cina, le entrate sono state di 504 milioni di euro (anno precedente: 390 milioni di euro). In tutto il mondo, ZEISS sta crescendo del 16% su una base corretta per la valuta a 995 milioni di euro (anno precedente: 883 milioni di euro) con attivit\u00e0 dirette nei mercati emergenti.<\/p>\n<p>Nell'anno fiscale 2015\/16, le spese totali per le attivit\u00e0 di ricerca e sviluppo sono rimaste al livello elevato dell'anno precedente. Dopo le sovvenzioni e la partecipazione di terzi alle attivit\u00e0, nel conto economico rimane una spesa netta di 436 milioni di euro (anno precedente: 466 milioni di euro).<\/p>\n<p>Nell'anno fiscale 2015\/16, ZEISS ha investito 154 milioni di euro in immobili, impianti e attrezzature (anno precedente: 160 milioni). Questo si confronta con ammortamenti di 155 milioni di euro (anno precedente: 150 milioni). La liquidit\u00e0 netta ammonta a 568 milioni di euro alla data del bilancio (30 settembre 2015: 374 milioni).<\/p>\n<p>\"Nel complesso, la nostra posizione finanziaria rimane quindi estremamente solida e il nostro margine di finanziamento per il gruppo proporzionalmente ampio. Stiamo quindi esaminando intensamente come integrare strategicamente il nostro portafoglio con ulteriori investimenti e acquisizioni\", ha annunciato Thomas Spitzenpfeil, CFO di Carl Zeiss AG. Il free cash flow \u00e8 aumentato significativamente a 709 milioni di euro (anno precedente: 477 milioni di euro). Il patrimonio netto del gruppo ammonta a 1.416 milioni di euro, il che corrisponde a una percentuale di capitale proprio invariata del 25%.<\/p>\n<p><strong>Spinta all'innovazione nei mercati in crescita<\/strong><\/p>\n<p>\"In stretta collaborazione con i nostri clienti, ci stiamo trasformando in un fornitore di soluzioni ricercate per i grandi problemi del futuro. In molte aree di business, i nostri dipendenti competenti e altamente motivati stanno attivamente plasmando i megatrend globali nei settori della digitalizzazione e dell'Industria 4.0 o della salute\", dice il gruppo ZEISS, spiegando le sue aspettative di crescita.<\/p>\n<p><a href=\"http:\/\/www.zeiss.de\" target=\"_blank\" rel=\"noreferrer\" data-cke-saved-href=\"http:\/\/www.zeiss.de\">www.zeiss.de<\/a><\/p>","protected":false},"excerpt":{"rendered":"<p>Das Gesch\u00e4ftsjahr 2015\/16 ist das bislang erfolgreichste f\u00fcr die ZEISS Gruppe: \u201eUnsere Programme zur Steigerung der Wettbewerbsf\u00e4higkeit entfalten nun eindrucksvoll ihre Wirkung. Unser gesamtes Portfolio tr\u00e4gt zum positiven Ergebnis bei. Alle unsere Gesch\u00e4fte konnten auf hohem Niveau zulegen\u201c, sagt Prof. Dr. Michael Kaschke, Vorstandsvorsitzender der Carl Zeiss AG. \u201eWir wachsen \u2013 auch bei einer zum [&hellip;]<\/p>\n","protected":false},"author":1,"featured_media":714,"comment_status":"open","ping_status":"open","sticky":false,"template":"","format":"standard","meta":{"_acf_changed":false,"footnotes":""},"categories":[1],"tags":[3397,3398,3396],"class_list":["post-713","post","type-post","status-publish","format-standard","has-post-thumbnail","hentry","category-unkategorisiert","tag-carl-zeiss-ag","tag-rekordumsatz","tag-zeiss-gruppe"],"acf":[],"yoast_head":"<!-- This site is optimized with the Yoast SEO plugin v26.2 - https:\/\/yoast.com\/wordpress\/plugins\/seo\/ -->\n<title>ZEISS gelingt Rekordumsatz und -ergebnis - MQ Management und Qualit\u00e4t<\/title>\n<meta name=\"description\" content=\"Die ZEISS Gruppe erh\u00f6ht im abgeschlossenen Gesch\u00e4ftsjahr 2015\/16 (Bilanzstichtag: 30. September 2016) Umsatz und Gewinn auf Rekordniveau.\" \/>\n<meta name=\"robots\" content=\"index, follow, max-snippet:-1, max-image-preview:large, max-video-preview:-1\" \/>\n<link rel=\"canonical\" href=\"https:\/\/www.m-q.ch\/it\/zeiss-gelingt-record-revenue-and-profit\/\" \/>\n<meta property=\"og:locale\" content=\"it_IT\" \/>\n<meta property=\"og:type\" content=\"article\" \/>\n<meta property=\"og:title\" content=\"ZEISS gelingt Rekordumsatz und -ergebnis - MQ Management und Qualit\u00e4t\" \/>\n<meta property=\"og:description\" content=\"Die ZEISS Gruppe erh\u00f6ht im abgeschlossenen Gesch\u00e4ftsjahr 2015\/16 (Bilanzstichtag: 30. September 2016) Umsatz und Gewinn auf Rekordniveau.\" \/>\n<meta property=\"og:url\" content=\"https:\/\/www.m-q.ch\/it\/zeiss-gelingt-record-revenue-and-profit\/\" \/>\n<meta property=\"og:site_name\" content=\"MQ Management und Qualit\u00e4t\" \/>\n<meta property=\"article:publisher\" content=\"https:\/\/www.facebook.com\/ManagementUndQualitaet\" \/>\n<meta property=\"article:published_time\" content=\"2016-12-19T15:48:10+00:00\" \/>\n<meta property=\"article:modified_time\" content=\"2016-12-19T15:50:52+00:00\" \/>\n<meta property=\"og:image\" content=\"https:\/\/www.m-q.ch\/wp-content\/uploads\/2016\/12\/ZEISS-gelingt-Rekordumsatz-und-ergebnis-management-und-qualitaet.jpg\" \/>\n\t<meta property=\"og:image:width\" content=\"622\" \/>\n\t<meta property=\"og:image:height\" content=\"414\" \/>\n\t<meta property=\"og:image:type\" content=\"image\/jpeg\" \/>\n<meta name=\"author\" content=\"galledia\" \/>\n<meta name=\"twitter:card\" content=\"summary_large_image\" \/>\n<meta name=\"twitter:label1\" content=\"Scritto da\" \/>\n\t<meta name=\"twitter:data1\" content=\"galledia\" \/>\n\t<meta name=\"twitter:label2\" content=\"Tempo di lettura stimato\" \/>\n\t<meta name=\"twitter:data2\" content=\"3 minuti\" \/>\n<script type=\"application\/ld+json\" class=\"yoast-schema-graph\">{\"@context\":\"https:\/\/schema.org\",\"@graph\":[{\"@type\":\"Article\",\"@id\":\"https:\/\/www.m-q.ch\/it\/zeiss-gelingt-record-revenue-and-profit\/#article\",\"isPartOf\":{\"@id\":\"https:\/\/www.m-q.ch\/it\/zeiss-gelingt-record-revenue-and-profit\/\"},\"author\":{\"name\":\"galledia\",\"@id\":\"https:\/\/www.m-q.ch\/fr\/#\/schema\/person\/c0139a2c55a374db6df2cde78ec87148\"},\"headline\":\"ZEISS gelingt Rekordumsatz und -ergebnis\",\"datePublished\":\"2016-12-19T15:48:10+00:00\",\"dateModified\":\"2016-12-19T15:50:52+00:00\",\"mainEntityOfPage\":{\"@id\":\"https:\/\/www.m-q.ch\/it\/zeiss-gelingt-record-revenue-and-profit\/\"},\"wordCount\":573,\"commentCount\":0,\"publisher\":{\"@id\":\"https:\/\/www.m-q.ch\/fr\/#organization\"},\"image\":{\"@id\":\"https:\/\/www.m-q.ch\/it\/zeiss-gelingt-record-revenue-and-profit\/#primaryimage\"},\"thumbnailUrl\":\"https:\/\/www.m-q.ch\/wp-content\/uploads\/2016\/12\/ZEISS-gelingt-Rekordumsatz-und-ergebnis-management-und-qualitaet.jpg\",\"keywords\":[\"Carl Zeiss AG\",\"Rekordumsatz\",\"ZEISS Gruppe\"],\"articleSection\":[\"Unkategorisiert\"],\"inLanguage\":\"it-IT\"},{\"@type\":\"WebPage\",\"@id\":\"https:\/\/www.m-q.ch\/it\/zeiss-gelingt-record-revenue-and-profit\/\",\"url\":\"https:\/\/www.m-q.ch\/it\/zeiss-gelingt-record-revenue-and-profit\/\",\"name\":\"ZEISS gelingt Rekordumsatz und -ergebnis - MQ Management und Qualit\u00e4t\",\"isPartOf\":{\"@id\":\"https:\/\/www.m-q.ch\/fr\/#website\"},\"primaryImageOfPage\":{\"@id\":\"https:\/\/www.m-q.ch\/it\/zeiss-gelingt-record-revenue-and-profit\/#primaryimage\"},\"image\":{\"@id\":\"https:\/\/www.m-q.ch\/it\/zeiss-gelingt-record-revenue-and-profit\/#primaryimage\"},\"thumbnailUrl\":\"https:\/\/www.m-q.ch\/wp-content\/uploads\/2016\/12\/ZEISS-gelingt-Rekordumsatz-und-ergebnis-management-und-qualitaet.jpg\",\"datePublished\":\"2016-12-19T15:48:10+00:00\",\"dateModified\":\"2016-12-19T15:50:52+00:00\",\"description\":\"Die ZEISS Gruppe erh\u00f6ht im abgeschlossenen Gesch\u00e4ftsjahr 2015\/16 (Bilanzstichtag: 30. September 2016) Umsatz und Gewinn auf Rekordniveau.\",\"breadcrumb\":{\"@id\":\"https:\/\/www.m-q.ch\/it\/zeiss-gelingt-record-revenue-and-profit\/#breadcrumb\"},\"inLanguage\":\"it-IT\",\"potentialAction\":[{\"@type\":\"ReadAction\",\"target\":[\"https:\/\/www.m-q.ch\/it\/zeiss-gelingt-record-revenue-and-profit\/\"]}]},{\"@type\":\"ImageObject\",\"inLanguage\":\"it-IT\",\"@id\":\"https:\/\/www.m-q.ch\/it\/zeiss-gelingt-record-revenue-and-profit\/#primaryimage\",\"url\":\"https:\/\/www.m-q.ch\/wp-content\/uploads\/2016\/12\/ZEISS-gelingt-Rekordumsatz-und-ergebnis-management-und-qualitaet.jpg\",\"contentUrl\":\"https:\/\/www.m-q.ch\/wp-content\/uploads\/2016\/12\/ZEISS-gelingt-Rekordumsatz-und-ergebnis-management-und-qualitaet.jpg\",\"width\":622,\"height\":414,\"caption\":\"Jena war schon im 19. Jahrhundert pr\u00e4gend in der Glass- und Mikroskopie-Fertigung. Copyright: Carl_Zeiss_Microscopy_ASSAYbuilder\"},{\"@type\":\"BreadcrumbList\",\"@id\":\"https:\/\/www.m-q.ch\/it\/zeiss-gelingt-record-revenue-and-profit\/#breadcrumb\",\"itemListElement\":[{\"@type\":\"ListItem\",\"position\":1,\"name\":\"Unkategorisiert\",\"item\":\"https:\/\/www.m-q.ch\/it\/categoria\/senza-categoria\/\"},{\"@type\":\"ListItem\",\"position\":2,\"name\":\"ZEISS gelingt Rekordumsatz und -ergebnis\"}]},{\"@type\":\"WebSite\",\"@id\":\"https:\/\/www.m-q.ch\/fr\/#website\",\"url\":\"https:\/\/www.m-q.ch\/fr\/\",\"name\":\"MQ Management und Qualit\u00e4t\",\"description\":\"Plattform f\u00fcr integrierte Managementsysteme.\",\"publisher\":{\"@id\":\"https:\/\/www.m-q.ch\/fr\/#organization\"},\"potentialAction\":[{\"@type\":\"SearchAction\",\"target\":{\"@type\":\"EntryPoint\",\"urlTemplate\":\"https:\/\/www.m-q.ch\/fr\/?s={search_term_string}\"},\"query-input\":{\"@type\":\"PropertyValueSpecification\",\"valueRequired\":true,\"valueName\":\"search_term_string\"}}],\"inLanguage\":\"it-IT\"},{\"@type\":\"Organization\",\"@id\":\"https:\/\/www.m-q.ch\/fr\/#organization\",\"name\":\"Galledia Fachmedien AG\",\"url\":\"https:\/\/www.m-q.ch\/fr\/\",\"logo\":{\"@type\":\"ImageObject\",\"inLanguage\":\"it-IT\",\"@id\":\"https:\/\/www.m-q.ch\/fr\/#\/schema\/logo\/image\/\",\"url\":\"https:\/\/www.m-q.ch\/wp-content\/uploads\/2020\/12\/cropped-logo_small.png\",\"contentUrl\":\"https:\/\/www.m-q.ch\/wp-content\/uploads\/2020\/12\/cropped-logo_small.png\",\"width\":512,\"height\":512,\"caption\":\"Galledia Fachmedien AG\"},\"image\":{\"@id\":\"https:\/\/www.m-q.ch\/fr\/#\/schema\/logo\/image\/\"},\"sameAs\":[\"https:\/\/www.facebook.com\/ManagementUndQualitaet\",\"https:\/\/www.linkedin.com\/showcase\/17982321\/admin\/\"]},{\"@type\":\"Person\",\"@id\":\"https:\/\/www.m-q.ch\/fr\/#\/schema\/person\/c0139a2c55a374db6df2cde78ec87148\",\"name\":\"galledia\",\"image\":{\"@type\":\"ImageObject\",\"inLanguage\":\"it-IT\",\"@id\":\"https:\/\/www.m-q.ch\/fr\/#\/schema\/person\/image\/\",\"url\":\"https:\/\/secure.gravatar.com\/avatar\/66edf527eac29e9a5eb25bcada01f61a?s=96&d=mm&r=g\",\"contentUrl\":\"https:\/\/secure.gravatar.com\/avatar\/66edf527eac29e9a5eb25bcada01f61a?s=96&d=mm&r=g\",\"caption\":\"galledia\"},\"url\":\"https:\/\/www.m-q.ch\/it\/author\/galledia\/\"}]}<\/script>\n<!-- \/ Yoast SEO plugin. -->","yoast_head_json":{"title":"ZEISS raggiunge ricavi e utili record - MQ Management und Qualit\u00e4t","description":"Nell'anno fiscale 2015\/16 (data di riferimento: 30 settembre 2016), il gruppo ZEISS ha aumentato le entrate e i guadagni a livelli record.","robots":{"index":"index","follow":"follow","max-snippet":"max-snippet:-1","max-image-preview":"max-image-preview:large","max-video-preview":"max-video-preview:-1"},"canonical":"https:\/\/www.m-q.ch\/it\/zeiss-gelingt-record-revenue-and-profit\/","og_locale":"it_IT","og_type":"article","og_title":"ZEISS gelingt Rekordumsatz und -ergebnis - MQ Management und Qualit\u00e4t","og_description":"Die ZEISS Gruppe erh\u00f6ht im abgeschlossenen Gesch\u00e4ftsjahr 2015\/16 (Bilanzstichtag: 30. September 2016) Umsatz und Gewinn auf Rekordniveau.","og_url":"https:\/\/www.m-q.ch\/it\/zeiss-gelingt-record-revenue-and-profit\/","og_site_name":"MQ Management und Qualit\u00e4t","article_publisher":"https:\/\/www.facebook.com\/ManagementUndQualitaet","article_published_time":"2016-12-19T15:48:10+00:00","article_modified_time":"2016-12-19T15:50:52+00:00","og_image":[{"width":622,"height":414,"url":"https:\/\/www.m-q.ch\/wp-content\/uploads\/2016\/12\/ZEISS-gelingt-Rekordumsatz-und-ergebnis-management-und-qualitaet.jpg","type":"image\/jpeg"}],"author":"galledia","twitter_card":"summary_large_image","twitter_misc":{"Scritto da":"galledia","Tempo di lettura stimato":"3 minuti"},"schema":{"@context":"https:\/\/schema.org","@graph":[{"@type":"Article","@id":"https:\/\/www.m-q.ch\/it\/zeiss-gelingt-record-revenue-and-profit\/#article","isPartOf":{"@id":"https:\/\/www.m-q.ch\/it\/zeiss-gelingt-record-revenue-and-profit\/"},"author":{"name":"galledia","@id":"https:\/\/www.m-q.ch\/fr\/#\/schema\/person\/c0139a2c55a374db6df2cde78ec87148"},"headline":"ZEISS gelingt Rekordumsatz und -ergebnis","datePublished":"2016-12-19T15:48:10+00:00","dateModified":"2016-12-19T15:50:52+00:00","mainEntityOfPage":{"@id":"https:\/\/www.m-q.ch\/it\/zeiss-gelingt-record-revenue-and-profit\/"},"wordCount":573,"commentCount":0,"publisher":{"@id":"https:\/\/www.m-q.ch\/fr\/#organization"},"image":{"@id":"https:\/\/www.m-q.ch\/it\/zeiss-gelingt-record-revenue-and-profit\/#primaryimage"},"thumbnailUrl":"https:\/\/www.m-q.ch\/wp-content\/uploads\/2016\/12\/ZEISS-gelingt-Rekordumsatz-und-ergebnis-management-und-qualitaet.jpg","keywords":["Carl Zeiss AG","Rekordumsatz","ZEISS Gruppe"],"articleSection":["Unkategorisiert"],"inLanguage":"it-IT"},{"@type":"WebPage","@id":"https:\/\/www.m-q.ch\/it\/zeiss-gelingt-record-revenue-and-profit\/","url":"https:\/\/www.m-q.ch\/it\/zeiss-gelingt-record-revenue-and-profit\/","name":"ZEISS raggiunge ricavi e utili record - MQ Management und Qualit\u00e4t","isPartOf":{"@id":"https:\/\/www.m-q.ch\/fr\/#website"},"primaryImageOfPage":{"@id":"https:\/\/www.m-q.ch\/it\/zeiss-gelingt-record-revenue-and-profit\/#primaryimage"},"image":{"@id":"https:\/\/www.m-q.ch\/it\/zeiss-gelingt-record-revenue-and-profit\/#primaryimage"},"thumbnailUrl":"https:\/\/www.m-q.ch\/wp-content\/uploads\/2016\/12\/ZEISS-gelingt-Rekordumsatz-und-ergebnis-management-und-qualitaet.jpg","datePublished":"2016-12-19T15:48:10+00:00","dateModified":"2016-12-19T15:50:52+00:00","description":"Nell'anno fiscale 2015\/16 (data di riferimento: 30 settembre 2016), il gruppo ZEISS ha aumentato le entrate e i guadagni a livelli record.","breadcrumb":{"@id":"https:\/\/www.m-q.ch\/it\/zeiss-gelingt-record-revenue-and-profit\/#breadcrumb"},"inLanguage":"it-IT","potentialAction":[{"@type":"ReadAction","target":["https:\/\/www.m-q.ch\/it\/zeiss-gelingt-record-revenue-and-profit\/"]}]},{"@type":"ImageObject","inLanguage":"it-IT","@id":"https:\/\/www.m-q.ch\/it\/zeiss-gelingt-record-revenue-and-profit\/#primaryimage","url":"https:\/\/www.m-q.ch\/wp-content\/uploads\/2016\/12\/ZEISS-gelingt-Rekordumsatz-und-ergebnis-management-und-qualitaet.jpg","contentUrl":"https:\/\/www.m-q.ch\/wp-content\/uploads\/2016\/12\/ZEISS-gelingt-Rekordumsatz-und-ergebnis-management-und-qualitaet.jpg","width":622,"height":414,"caption":"Jena war schon im 19. Jahrhundert pr\u00e4gend in der Glass- und Mikroskopie-Fertigung. Copyright: Carl_Zeiss_Microscopy_ASSAYbuilder"},{"@type":"BreadcrumbList","@id":"https:\/\/www.m-q.ch\/it\/zeiss-gelingt-record-revenue-and-profit\/#breadcrumb","itemListElement":[{"@type":"ListItem","position":1,"name":"Unkategorisiert","item":"https:\/\/www.m-q.ch\/it\/categoria\/senza-categoria\/"},{"@type":"ListItem","position":2,"name":"ZEISS gelingt Rekordumsatz und -ergebnis"}]},{"@type":"WebSite","@id":"https:\/\/www.m-q.ch\/fr\/#website","url":"https:\/\/www.m-q.ch\/fr\/","name":"Gestione e qualit\u00e0 MQ","description":"Piattaforma per sistemi di gestione integrati.","publisher":{"@id":"https:\/\/www.m-q.ch\/fr\/#organization"},"potentialAction":[{"@type":"SearchAction","target":{"@type":"EntryPoint","urlTemplate":"https:\/\/www.m-q.ch\/fr\/?s={search_term_string}"},"query-input":{"@type":"PropertyValueSpecification","valueRequired":true,"valueName":"search_term_string"}}],"inLanguage":"it-IT"},{"@type":"Organization","@id":"https:\/\/www.m-q.ch\/fr\/#organization","name":"Galledia Fachmedien AG","url":"https:\/\/www.m-q.ch\/fr\/","logo":{"@type":"ImageObject","inLanguage":"it-IT","@id":"https:\/\/www.m-q.ch\/fr\/#\/schema\/logo\/image\/","url":"https:\/\/www.m-q.ch\/wp-content\/uploads\/2020\/12\/cropped-logo_small.png","contentUrl":"https:\/\/www.m-q.ch\/wp-content\/uploads\/2020\/12\/cropped-logo_small.png","width":512,"height":512,"caption":"Galledia Fachmedien AG"},"image":{"@id":"https:\/\/www.m-q.ch\/fr\/#\/schema\/logo\/image\/"},"sameAs":["https:\/\/www.facebook.com\/ManagementUndQualitaet","https:\/\/www.linkedin.com\/showcase\/17982321\/admin\/"]},{"@type":"Person","@id":"https:\/\/www.m-q.ch\/fr\/#\/schema\/person\/c0139a2c55a374db6df2cde78ec87148","name":"galleria","image":{"@type":"ImageObject","inLanguage":"it-IT","@id":"https:\/\/www.m-q.ch\/fr\/#\/schema\/person\/image\/","url":"https:\/\/secure.gravatar.com\/avatar\/66edf527eac29e9a5eb25bcada01f61a?s=96&d=mm&r=g","contentUrl":"https:\/\/secure.gravatar.com\/avatar\/66edf527eac29e9a5eb25bcada01f61a?s=96&d=mm&r=g","caption":"galledia"},"url":"https:\/\/www.m-q.ch\/it\/author\/galledia\/"}]}},"_links":{"self":[{"href":"https:\/\/www.m-q.ch\/it\/wp-json\/wp\/v2\/posts\/713","targetHints":{"allow":["GET"]}}],"collection":[{"href":"https:\/\/www.m-q.ch\/it\/wp-json\/wp\/v2\/posts"}],"about":[{"href":"https:\/\/www.m-q.ch\/it\/wp-json\/wp\/v2\/types\/post"}],"author":[{"embeddable":true,"href":"https:\/\/www.m-q.ch\/it\/wp-json\/wp\/v2\/users\/1"}],"replies":[{"embeddable":true,"href":"https:\/\/www.m-q.ch\/it\/wp-json\/wp\/v2\/comments?post=713"}],"version-history":[{"count":1,"href":"https:\/\/www.m-q.ch\/it\/wp-json\/wp\/v2\/posts\/713\/revisions"}],"predecessor-version":[{"id":715,"href":"https:\/\/www.m-q.ch\/it\/wp-json\/wp\/v2\/posts\/713\/revisions\/715"}],"wp:featuredmedia":[{"embeddable":true,"href":"https:\/\/www.m-q.ch\/it\/wp-json\/wp\/v2\/media\/714"}],"wp:attachment":[{"href":"https:\/\/www.m-q.ch\/it\/wp-json\/wp\/v2\/media?parent=713"}],"wp:term":[{"taxonomy":"category","embeddable":true,"href":"https:\/\/www.m-q.ch\/it\/wp-json\/wp\/v2\/categories?post=713"},{"taxonomy":"post_tag","embeddable":true,"href":"https:\/\/www.m-q.ch\/it\/wp-json\/wp\/v2\/tags?post=713"}],"curies":[{"name":"wp","href":"https:\/\/api.w.org\/{rel}","templated":true}]}}