{"id":8072,"date":"2020-12-22T06:00:57","date_gmt":"2020-12-22T05:00:57","guid":{"rendered":"https:\/\/www.m-q.ch\/?p=4402"},"modified":"2021-02-02T14:40:54","modified_gmt":"2021-02-02T13:40:54","slug":"il-marchio-svizzero-e-adeguatamente-protetto","status":"publish","type":"post","link":"https:\/\/www.m-q.ch\/it\/die-marke-schweiz-ist-angemessen-geschuetzt\/","title":{"rendered":"Il marchio \"Svizzera\" \u00e8 adeguatamente protetto, ma ..."},"content":{"rendered":"<figure id=\"attachment_8318\" aria-describedby=\"caption-attachment-8318\" style=\"width: 680px\" class=\"wp-caption alignnone\"><img loading=\"lazy\" decoding=\"async\" class=\"size-full wp-image-8318\" src=\"https:\/\/www.m-q.ch\/wp-content\/uploads\/2020\/12\/Depositphotos_24925727_s-2019-680x680-1.jpg\" alt=\"\" width=\"680\" height=\"680\" srcset=\"https:\/\/www.m-q.ch\/wp-content\/uploads\/2020\/12\/Depositphotos_24925727_s-2019-680x680-1.jpg 680w, https:\/\/www.m-q.ch\/wp-content\/uploads\/2020\/12\/Depositphotos_24925727_s-2019-680x680-1-12x12.jpg 12w, https:\/\/www.m-q.ch\/wp-content\/uploads\/2020\/12\/Depositphotos_24925727_s-2019-680x680-1-175x175.jpg 175w, https:\/\/www.m-q.ch\/wp-content\/uploads\/2020\/12\/Depositphotos_24925727_s-2019-680x680-1-350x350.jpg 350w, https:\/\/www.m-q.ch\/wp-content\/uploads\/2020\/12\/Depositphotos_24925727_s-2019-680x680-1-250x250.jpg 250w, https:\/\/www.m-q.ch\/wp-content\/uploads\/2020\/12\/Depositphotos_24925727_s-2019-680x680-1-150x150.jpg 150w, https:\/\/www.m-q.ch\/wp-content\/uploads\/2020\/12\/Depositphotos_24925727_s-2019-680x680-1-300x300.jpg 300w, https:\/\/www.m-q.ch\/wp-content\/uploads\/2020\/12\/Depositphotos_24925727_s-2019-680x680-1-100x100.jpg 100w\" sizes=\"auto, (max-width: 680px) 100vw, 680px\" \/><figcaption id=\"caption-attachment-8318\" class=\"wp-caption-text\">\u00a9 Depositphotos, oxlock<\/figcaption><\/figure>\n<p>Dal 1\u00b0 gennaio 2017, le regole legali si applicano ai prodotti e servizi che i produttori vogliono pubblicizzare con una croce svizzera o \"Swiss Made\", per esempio. Queste regole hanno lo scopo di proteggere meglio il marchio \"Svizzera\" dai free riders e di assicurare a lungo termine un importante vantaggio competitivo alle aziende che producono in Svizzera.<\/p>\n<p><strong>La legislazione Swissness porta pi\u00f9 di un miliardo di franchi all'anno<\/strong><\/p>\n<p>Gli studi preparati da istituti indipendenti di consulenza e ricerca economica mostrano che, nel complesso, la legislazione Swissness ha un effetto moderatamente positivo sull'economia svizzera. Il beneficio economico complessivo netto calcolato della revisione, cio\u00e8 dopo la deduzione dei nuovi costi sostenuti per conformarsi ai requisiti di legge, \u00e8 di almeno 0,2 punti percentuali della produzione economica annuale (prodotto interno lordo). In termini assoluti, ci\u00f2 corrisponde a circa 1,4 miliardi di franchi all'anno, o 163 franchi pro capite. Questa cifra include anche gli effetti indiretti, poich\u00e9 oltre ai produttori, altri attori dell'economia beneficiano della nuova legislazione e contribuiscono cos\u00ec al suddetto beneficio economico, come i fornitori e gli esportatori.<\/p>\n<p><strong>Necessit\u00e0 di azione all'estero e nel settore alimentare<\/strong><\/p>\n<p>Per quanto riguarda l'applicazione di Swissness, le aziende di tutti i settori segnalano un calo degli abusi di Swissness in patria, grazie anche a una maggiore consapevolezza. Poich\u00e9 le misure disponibili in Svizzera per combattere gli abusi non sono applicabili all'estero, far rispettare la protezione delle indicazioni di provenienza all'estero \u00e8 particolarmente difficile. Gli autori dello studio raccomandano quindi di ampliare la rete di accordi bilaterali. Identificano anche il potenziale di miglioramento nelle aree dell'informazione e dell'applicazione in collaborazione con le associazioni e le industrie.<\/p>\n<p>Secondo gli autori, i criteri legali nei settori dell'industria e dei servizi non dovrebbero essere cambiati. D'altra parte, c'\u00e8 una certa necessit\u00e0 di azione nel settore alimentare. Mentre l'importanza di Swissness per la commercializzazione delle derrate alimentari \u00e8 relativamente alta, le aziende sono allo stesso tempo piuttosto critiche sull'attuazione di Swissness. Qui, gli autori raccomandano l'uso del valore aggiunto nazionale invece del contenuto di materie prime nazionali - come nel caso dei prodotti industriali. Un tale criterio uniforme per i prodotti alimentari e industriali era gi\u00e0 stato proposto dal Consiglio federale nel corso dell'introduzione della legislazione. Tuttavia, la proposta ha incontrato poca approvazione, in particolare da parte delle organizzazioni agricole e dei consumatori e dei produttori alimentari. In alternativa, la procedura per la concessione di esenzioni nel settore alimentare dovrebbe essere semplificata e resa pi\u00f9 trasparente.<\/p>\n<p><strong>Nessuna necessit\u00e0 di revisione dal punto di vista del Consiglio federale<\/strong><\/p>\n<p>Sulla base dei risultati dello studio, il Consiglio federale conclude che la nuova legislazione Swissness raggiunge complessivamente il suo obiettivo. A suo parere, non c'\u00e8 quindi bisogno di cambiamenti fondamentali al sistema. Laddove la valutazione ha individuato un potenziale di miglioramento, l'Istituto federale della propriet\u00e0 intellettuale e l'Ufficio federale dell'agricoltura devono esaminare misure concrete. Per esempio, bisognerebbe adeguare le eccezioni nel settore alimentare a livello di ordinanza e intensificare la cooperazione con gli ambienti interessati.<\/p>\n<p><em>Fonte: Governo federale, <a href=\"https:\/\/www.newsd.admin.ch\/newsd\/message\/attachments\/64677.pdf\">Rapporto del Consiglio federale<\/a><\/em><\/p>","protected":false},"excerpt":{"rendered":"<p>Seit dem 1. Januar 2017 gelten gesetzliche Regeln f\u00fcr Erzeugnisse und Dienstleistungen, welche die Produzenten beispielsweise mit einem Schweizerkreuz oder \u00abSwiss Made\u00bb bewerben wollen. Diese Regeln sollen die Marke \u00abSchweiz\u00bb besser vor Trittbrettfahrern sch\u00fctzen und in der Schweiz produzierenden Unternehmen einen wichtigen Wettbewerbsvorteil langfristig sichern. Swissness-Gesetzgebung bringt j\u00e4hrlich \u00fcber eine Milliarde Franken Die durch unabh\u00e4ngige [&hellip;]<\/p>\n","protected":false},"author":35,"featured_media":8318,"comment_status":"closed","ping_status":"closed","sticky":false,"template":"","format":"standard","meta":{"_acf_changed":false,"footnotes":""},"categories":[4448],"tags":[4592,4593],"class_list":["post-8072","post","type-post","status-publish","format-standard","has-post-thumbnail","hentry","category-allgemein","tag-marke-schweiz","tag-swissness"],"acf":[],"yoast_head":"<!-- This site is optimized with the Yoast SEO plugin v26.2 - https:\/\/yoast.com\/wordpress\/plugins\/seo\/ -->\n<title>Die Marke \u00abSchweiz\u00bb ist angemessen gesch\u00fctzt, aber ... - MQ Management und Qualit\u00e4t<\/title>\n<meta name=\"description\" content=\"Die gesetzlichen Kriterien zum nachhaltigen Schutz der Swissness erf\u00fcllen ihren Zweck. Dies best\u00e4tigen Studien im Auftrag des Bundesrates.\" \/>\n<meta name=\"robots\" content=\"index, follow, max-snippet:-1, max-image-preview:large, max-video-preview:-1\" \/>\n<link rel=\"canonical\" href=\"https:\/\/www.m-q.ch\/it\/il-marchio-svizzero-e-adeguatamente-protetto\/\" \/>\n<meta property=\"og:locale\" content=\"it_IT\" \/>\n<meta property=\"og:type\" content=\"article\" \/>\n<meta property=\"og:title\" content=\"Die Marke \u00abSchweiz\u00bb ist angemessen gesch\u00fctzt, aber ... - MQ Management und Qualit\u00e4t\" \/>\n<meta property=\"og:description\" content=\"Die gesetzlichen Kriterien zum nachhaltigen Schutz der Swissness erf\u00fcllen ihren Zweck. Dies best\u00e4tigen Studien im Auftrag des Bundesrates.\" \/>\n<meta property=\"og:url\" content=\"https:\/\/www.m-q.ch\/it\/il-marchio-svizzero-e-adeguatamente-protetto\/\" \/>\n<meta property=\"og:site_name\" content=\"MQ Management und Qualit\u00e4t\" \/>\n<meta property=\"article:publisher\" content=\"https:\/\/www.facebook.com\/ManagementUndQualitaet\" \/>\n<meta property=\"article:published_time\" content=\"2020-12-22T05:00:57+00:00\" \/>\n<meta property=\"article:modified_time\" content=\"2021-02-02T13:40:54+00:00\" \/>\n<meta property=\"og:image\" content=\"https:\/\/www.m-q.ch\/wp-content\/uploads\/2020\/12\/Depositphotos_24925727_s-2019-680x680-1.jpg\" \/>\n\t<meta property=\"og:image:width\" content=\"680\" \/>\n\t<meta property=\"og:image:height\" content=\"680\" \/>\n\t<meta property=\"og:image:type\" content=\"image\/jpeg\" \/>\n<meta name=\"author\" content=\"Roger Str\u00e4ssle\" \/>\n<meta name=\"twitter:card\" content=\"summary_large_image\" \/>\n<meta name=\"twitter:label1\" content=\"Scritto da\" \/>\n\t<meta name=\"twitter:data1\" content=\"Roger Str\u00e4ssle\" \/>\n\t<meta name=\"twitter:label2\" content=\"Tempo di lettura stimato\" \/>\n\t<meta name=\"twitter:data2\" content=\"2 minuti\" \/>\n<script type=\"application\/ld+json\" class=\"yoast-schema-graph\">{\"@context\":\"https:\/\/schema.org\",\"@graph\":[{\"@type\":\"Article\",\"@id\":\"https:\/\/www.m-q.ch\/die-marke-schweiz-ist-angemessen-geschuetzt\/#article\",\"isPartOf\":{\"@id\":\"https:\/\/www.m-q.ch\/die-marke-schweiz-ist-angemessen-geschuetzt\/\"},\"author\":{\"name\":\"Roger Str\u00e4ssle\",\"@id\":\"https:\/\/www.m-q.ch\/fr\/#\/schema\/person\/47d540e081acd98ccbeb69b55df653d7\"},\"headline\":\"Die Marke \u00abSchweiz\u00bb ist angemessen gesch\u00fctzt, aber &#8230;\",\"datePublished\":\"2020-12-22T05:00:57+00:00\",\"dateModified\":\"2021-02-02T13:40:54+00:00\",\"mainEntityOfPage\":{\"@id\":\"https:\/\/www.m-q.ch\/die-marke-schweiz-ist-angemessen-geschuetzt\/\"},\"wordCount\":469,\"publisher\":{\"@id\":\"https:\/\/www.m-q.ch\/fr\/#organization\"},\"image\":{\"@id\":\"https:\/\/www.m-q.ch\/die-marke-schweiz-ist-angemessen-geschuetzt\/#primaryimage\"},\"thumbnailUrl\":\"https:\/\/www.m-q.ch\/wp-content\/uploads\/2020\/12\/Depositphotos_24925727_s-2019-680x680-1.jpg\",\"keywords\":[\"Marke \\\"Schweiz\\\"\",\"Swissness\"],\"articleSection\":[\"Allgemein\"],\"inLanguage\":\"it-IT\"},{\"@type\":\"WebPage\",\"@id\":\"https:\/\/www.m-q.ch\/die-marke-schweiz-ist-angemessen-geschuetzt\/\",\"url\":\"https:\/\/www.m-q.ch\/die-marke-schweiz-ist-angemessen-geschuetzt\/\",\"name\":\"Die Marke \u00abSchweiz\u00bb ist angemessen gesch\u00fctzt, aber ... - MQ Management und Qualit\u00e4t\",\"isPartOf\":{\"@id\":\"https:\/\/www.m-q.ch\/fr\/#website\"},\"primaryImageOfPage\":{\"@id\":\"https:\/\/www.m-q.ch\/die-marke-schweiz-ist-angemessen-geschuetzt\/#primaryimage\"},\"image\":{\"@id\":\"https:\/\/www.m-q.ch\/die-marke-schweiz-ist-angemessen-geschuetzt\/#primaryimage\"},\"thumbnailUrl\":\"https:\/\/www.m-q.ch\/wp-content\/uploads\/2020\/12\/Depositphotos_24925727_s-2019-680x680-1.jpg\",\"datePublished\":\"2020-12-22T05:00:57+00:00\",\"dateModified\":\"2021-02-02T13:40:54+00:00\",\"description\":\"Die gesetzlichen Kriterien zum nachhaltigen Schutz der Swissness erf\u00fcllen ihren Zweck. Dies best\u00e4tigen Studien im Auftrag des Bundesrates.\",\"breadcrumb\":{\"@id\":\"https:\/\/www.m-q.ch\/die-marke-schweiz-ist-angemessen-geschuetzt\/#breadcrumb\"},\"inLanguage\":\"it-IT\",\"potentialAction\":[{\"@type\":\"ReadAction\",\"target\":[\"https:\/\/www.m-q.ch\/die-marke-schweiz-ist-angemessen-geschuetzt\/\"]}]},{\"@type\":\"ImageObject\",\"inLanguage\":\"it-IT\",\"@id\":\"https:\/\/www.m-q.ch\/die-marke-schweiz-ist-angemessen-geschuetzt\/#primaryimage\",\"url\":\"https:\/\/www.m-q.ch\/wp-content\/uploads\/2020\/12\/Depositphotos_24925727_s-2019-680x680-1.jpg\",\"contentUrl\":\"https:\/\/www.m-q.ch\/wp-content\/uploads\/2020\/12\/Depositphotos_24925727_s-2019-680x680-1.jpg\",\"width\":680,\"height\":680,\"caption\":\"\u00a9 Depositphotos, oxlock\"},{\"@type\":\"BreadcrumbList\",\"@id\":\"https:\/\/www.m-q.ch\/die-marke-schweiz-ist-angemessen-geschuetzt\/#breadcrumb\",\"itemListElement\":[{\"@type\":\"ListItem\",\"position\":1,\"name\":\"Unkategorisiert\",\"item\":\"https:\/\/www.m-q.ch\/it\/categoria\/senza-categoria\/\"},{\"@type\":\"ListItem\",\"position\":2,\"name\":\"Die Marke \u00abSchweiz\u00bb ist angemessen gesch\u00fctzt, aber &#8230;\"}]},{\"@type\":\"WebSite\",\"@id\":\"https:\/\/www.m-q.ch\/fr\/#website\",\"url\":\"https:\/\/www.m-q.ch\/fr\/\",\"name\":\"MQ Management und Qualit\u00e4t\",\"description\":\"Plattform f\u00fcr integrierte Managementsysteme.\",\"publisher\":{\"@id\":\"https:\/\/www.m-q.ch\/fr\/#organization\"},\"potentialAction\":[{\"@type\":\"SearchAction\",\"target\":{\"@type\":\"EntryPoint\",\"urlTemplate\":\"https:\/\/www.m-q.ch\/fr\/?s={search_term_string}\"},\"query-input\":{\"@type\":\"PropertyValueSpecification\",\"valueRequired\":true,\"valueName\":\"search_term_string\"}}],\"inLanguage\":\"it-IT\"},{\"@type\":\"Organization\",\"@id\":\"https:\/\/www.m-q.ch\/fr\/#organization\",\"name\":\"Galledia Fachmedien AG\",\"url\":\"https:\/\/www.m-q.ch\/fr\/\",\"logo\":{\"@type\":\"ImageObject\",\"inLanguage\":\"it-IT\",\"@id\":\"https:\/\/www.m-q.ch\/fr\/#\/schema\/logo\/image\/\",\"url\":\"https:\/\/www.m-q.ch\/wp-content\/uploads\/2020\/12\/cropped-logo_small.png\",\"contentUrl\":\"https:\/\/www.m-q.ch\/wp-content\/uploads\/2020\/12\/cropped-logo_small.png\",\"width\":512,\"height\":512,\"caption\":\"Galledia Fachmedien AG\"},\"image\":{\"@id\":\"https:\/\/www.m-q.ch\/fr\/#\/schema\/logo\/image\/\"},\"sameAs\":[\"https:\/\/www.facebook.com\/ManagementUndQualitaet\",\"https:\/\/www.linkedin.com\/showcase\/17982321\/admin\/\"]},{\"@type\":\"Person\",\"@id\":\"https:\/\/www.m-q.ch\/fr\/#\/schema\/person\/47d540e081acd98ccbeb69b55df653d7\",\"name\":\"Roger Str\u00e4ssle\",\"image\":{\"@type\":\"ImageObject\",\"inLanguage\":\"it-IT\",\"@id\":\"https:\/\/www.m-q.ch\/fr\/#\/schema\/person\/image\/\",\"url\":\"https:\/\/secure.gravatar.com\/avatar\/e4dde3046d8a184d2e2d27651a418883?s=96&d=mm&r=g\",\"contentUrl\":\"https:\/\/secure.gravatar.com\/avatar\/e4dde3046d8a184d2e2d27651a418883?s=96&d=mm&r=g\",\"caption\":\"Roger Str\u00e4ssle\"},\"url\":\"https:\/\/www.m-q.ch\/it\/author\/roger-straessle\/\"}]}<\/script>\n<!-- \/ Yoast SEO plugin. -->","yoast_head_json":{"title":"Il marchio \"Svizzera\" \u00e8 adeguatamente protetto, ma ... - MQ Gestione e qualit\u00e0","description":"I criteri legali per la protezione sostenibile della svizzerit\u00e0 soddisfano il loro scopo. Questo \u00e8 confermato da studi commissionati dal Consiglio federale.","robots":{"index":"index","follow":"follow","max-snippet":"max-snippet:-1","max-image-preview":"max-image-preview:large","max-video-preview":"max-video-preview:-1"},"canonical":"https:\/\/www.m-q.ch\/it\/il-marchio-svizzero-e-adeguatamente-protetto\/","og_locale":"it_IT","og_type":"article","og_title":"Die Marke \u00abSchweiz\u00bb ist angemessen gesch\u00fctzt, aber ... - MQ Management und Qualit\u00e4t","og_description":"Die gesetzlichen Kriterien zum nachhaltigen Schutz der Swissness erf\u00fcllen ihren Zweck. Dies best\u00e4tigen Studien im Auftrag des Bundesrates.","og_url":"https:\/\/www.m-q.ch\/it\/il-marchio-svizzero-e-adeguatamente-protetto\/","og_site_name":"MQ Management und Qualit\u00e4t","article_publisher":"https:\/\/www.facebook.com\/ManagementUndQualitaet","article_published_time":"2020-12-22T05:00:57+00:00","article_modified_time":"2021-02-02T13:40:54+00:00","og_image":[{"width":680,"height":680,"url":"https:\/\/www.m-q.ch\/wp-content\/uploads\/2020\/12\/Depositphotos_24925727_s-2019-680x680-1.jpg","type":"image\/jpeg"}],"author":"Roger Str\u00e4ssle","twitter_card":"summary_large_image","twitter_misc":{"Scritto da":"Roger Str\u00e4ssle","Tempo di lettura stimato":"2 minuti"},"schema":{"@context":"https:\/\/schema.org","@graph":[{"@type":"Article","@id":"https:\/\/www.m-q.ch\/die-marke-schweiz-ist-angemessen-geschuetzt\/#article","isPartOf":{"@id":"https:\/\/www.m-q.ch\/die-marke-schweiz-ist-angemessen-geschuetzt\/"},"author":{"name":"Roger Str\u00e4ssle","@id":"https:\/\/www.m-q.ch\/fr\/#\/schema\/person\/47d540e081acd98ccbeb69b55df653d7"},"headline":"Die Marke \u00abSchweiz\u00bb ist angemessen gesch\u00fctzt, aber &#8230;","datePublished":"2020-12-22T05:00:57+00:00","dateModified":"2021-02-02T13:40:54+00:00","mainEntityOfPage":{"@id":"https:\/\/www.m-q.ch\/die-marke-schweiz-ist-angemessen-geschuetzt\/"},"wordCount":469,"publisher":{"@id":"https:\/\/www.m-q.ch\/fr\/#organization"},"image":{"@id":"https:\/\/www.m-q.ch\/die-marke-schweiz-ist-angemessen-geschuetzt\/#primaryimage"},"thumbnailUrl":"https:\/\/www.m-q.ch\/wp-content\/uploads\/2020\/12\/Depositphotos_24925727_s-2019-680x680-1.jpg","keywords":["Marke \"Schweiz\"","Swissness"],"articleSection":["Allgemein"],"inLanguage":"it-IT"},{"@type":"WebPage","@id":"https:\/\/www.m-q.ch\/die-marke-schweiz-ist-angemessen-geschuetzt\/","url":"https:\/\/www.m-q.ch\/die-marke-schweiz-ist-angemessen-geschuetzt\/","name":"Il marchio \"Svizzera\" \u00e8 adeguatamente protetto, ma ... - MQ Gestione e qualit\u00e0","isPartOf":{"@id":"https:\/\/www.m-q.ch\/fr\/#website"},"primaryImageOfPage":{"@id":"https:\/\/www.m-q.ch\/die-marke-schweiz-ist-angemessen-geschuetzt\/#primaryimage"},"image":{"@id":"https:\/\/www.m-q.ch\/die-marke-schweiz-ist-angemessen-geschuetzt\/#primaryimage"},"thumbnailUrl":"https:\/\/www.m-q.ch\/wp-content\/uploads\/2020\/12\/Depositphotos_24925727_s-2019-680x680-1.jpg","datePublished":"2020-12-22T05:00:57+00:00","dateModified":"2021-02-02T13:40:54+00:00","description":"I criteri legali per la protezione sostenibile della svizzerit\u00e0 soddisfano il loro scopo. Questo \u00e8 confermato da studi commissionati dal Consiglio federale.","breadcrumb":{"@id":"https:\/\/www.m-q.ch\/die-marke-schweiz-ist-angemessen-geschuetzt\/#breadcrumb"},"inLanguage":"it-IT","potentialAction":[{"@type":"ReadAction","target":["https:\/\/www.m-q.ch\/die-marke-schweiz-ist-angemessen-geschuetzt\/"]}]},{"@type":"ImageObject","inLanguage":"it-IT","@id":"https:\/\/www.m-q.ch\/die-marke-schweiz-ist-angemessen-geschuetzt\/#primaryimage","url":"https:\/\/www.m-q.ch\/wp-content\/uploads\/2020\/12\/Depositphotos_24925727_s-2019-680x680-1.jpg","contentUrl":"https:\/\/www.m-q.ch\/wp-content\/uploads\/2020\/12\/Depositphotos_24925727_s-2019-680x680-1.jpg","width":680,"height":680,"caption":"\u00a9 Depositphotos, oxlock"},{"@type":"BreadcrumbList","@id":"https:\/\/www.m-q.ch\/die-marke-schweiz-ist-angemessen-geschuetzt\/#breadcrumb","itemListElement":[{"@type":"ListItem","position":1,"name":"Unkategorisiert","item":"https:\/\/www.m-q.ch\/it\/categoria\/senza-categoria\/"},{"@type":"ListItem","position":2,"name":"Die Marke \u00abSchweiz\u00bb ist angemessen gesch\u00fctzt, aber &#8230;"}]},{"@type":"WebSite","@id":"https:\/\/www.m-q.ch\/fr\/#website","url":"https:\/\/www.m-q.ch\/fr\/","name":"Gestione e qualit\u00e0 MQ","description":"Piattaforma per sistemi di gestione integrati.","publisher":{"@id":"https:\/\/www.m-q.ch\/fr\/#organization"},"potentialAction":[{"@type":"SearchAction","target":{"@type":"EntryPoint","urlTemplate":"https:\/\/www.m-q.ch\/fr\/?s={search_term_string}"},"query-input":{"@type":"PropertyValueSpecification","valueRequired":true,"valueName":"search_term_string"}}],"inLanguage":"it-IT"},{"@type":"Organization","@id":"https:\/\/www.m-q.ch\/fr\/#organization","name":"Galledia Fachmedien AG","url":"https:\/\/www.m-q.ch\/fr\/","logo":{"@type":"ImageObject","inLanguage":"it-IT","@id":"https:\/\/www.m-q.ch\/fr\/#\/schema\/logo\/image\/","url":"https:\/\/www.m-q.ch\/wp-content\/uploads\/2020\/12\/cropped-logo_small.png","contentUrl":"https:\/\/www.m-q.ch\/wp-content\/uploads\/2020\/12\/cropped-logo_small.png","width":512,"height":512,"caption":"Galledia Fachmedien AG"},"image":{"@id":"https:\/\/www.m-q.ch\/fr\/#\/schema\/logo\/image\/"},"sameAs":["https:\/\/www.facebook.com\/ManagementUndQualitaet","https:\/\/www.linkedin.com\/showcase\/17982321\/admin\/"]},{"@type":"Person","@id":"https:\/\/www.m-q.ch\/fr\/#\/schema\/person\/47d540e081acd98ccbeb69b55df653d7","name":"Roger Str\u00e4ssle","image":{"@type":"ImageObject","inLanguage":"it-IT","@id":"https:\/\/www.m-q.ch\/fr\/#\/schema\/person\/image\/","url":"https:\/\/secure.gravatar.com\/avatar\/e4dde3046d8a184d2e2d27651a418883?s=96&d=mm&r=g","contentUrl":"https:\/\/secure.gravatar.com\/avatar\/e4dde3046d8a184d2e2d27651a418883?s=96&d=mm&r=g","caption":"Roger Str\u00e4ssle"},"url":"https:\/\/www.m-q.ch\/it\/author\/roger-straessle\/"}]}},"_links":{"self":[{"href":"https:\/\/www.m-q.ch\/it\/wp-json\/wp\/v2\/posts\/8072","targetHints":{"allow":["GET"]}}],"collection":[{"href":"https:\/\/www.m-q.ch\/it\/wp-json\/wp\/v2\/posts"}],"about":[{"href":"https:\/\/www.m-q.ch\/it\/wp-json\/wp\/v2\/types\/post"}],"author":[{"embeddable":true,"href":"https:\/\/www.m-q.ch\/it\/wp-json\/wp\/v2\/users\/35"}],"replies":[{"embeddable":true,"href":"https:\/\/www.m-q.ch\/it\/wp-json\/wp\/v2\/comments?post=8072"}],"version-history":[{"count":2,"href":"https:\/\/www.m-q.ch\/it\/wp-json\/wp\/v2\/posts\/8072\/revisions"}],"predecessor-version":[{"id":8319,"href":"https:\/\/www.m-q.ch\/it\/wp-json\/wp\/v2\/posts\/8072\/revisions\/8319"}],"wp:featuredmedia":[{"embeddable":true,"href":"https:\/\/www.m-q.ch\/it\/wp-json\/wp\/v2\/media\/8318"}],"wp:attachment":[{"href":"https:\/\/www.m-q.ch\/it\/wp-json\/wp\/v2\/media?parent=8072"}],"wp:term":[{"taxonomy":"category","embeddable":true,"href":"https:\/\/www.m-q.ch\/it\/wp-json\/wp\/v2\/categories?post=8072"},{"taxonomy":"post_tag","embeddable":true,"href":"https:\/\/www.m-q.ch\/it\/wp-json\/wp\/v2\/tags?post=8072"}],"curies":[{"name":"wp","href":"https:\/\/api.w.org\/{rel}","templated":true}]}}