{"id":8097,"date":"2021-01-29T13:29:49","date_gmt":"2021-01-29T12:29:49","guid":{"rendered":"https:\/\/www.m-q.ch\/?p=4720"},"modified":"2021-02-02T14:15:03","modified_gmt":"2021-02-02T13:15:03","slug":"certificato-di-sostenibilita-rilasciato-a-commercianti-e-produttori","status":"publish","type":"post","link":"https:\/\/www.m-q.ch\/it\/nachhaltigkeitszertifikat-an-haendler-und-erzeuger-verliehen\/","title":{"rendered":"Certificato di sostenibilit\u00e0 assegnato a commercianti e produttori"},"content":{"rendered":"<figure id=\"attachment_8231\" aria-describedby=\"caption-attachment-8231\" style=\"width: 550px\" class=\"wp-caption alignnone\"><img loading=\"lazy\" decoding=\"async\" class=\"size-full wp-image-8231\" src=\"https:\/\/www.m-q.ch\/wp-content\/uploads\/2021\/01\/grafik-1-1.jpg\" alt=\"\" width=\"550\" height=\"379\" srcset=\"https:\/\/www.m-q.ch\/wp-content\/uploads\/2021\/01\/grafik-1-1.jpg 550w, https:\/\/www.m-q.ch\/wp-content\/uploads\/2021\/01\/grafik-1-1-16x12.jpg 16w, https:\/\/www.m-q.ch\/wp-content\/uploads\/2021\/01\/grafik-1-1-254x175.jpg 254w, https:\/\/www.m-q.ch\/wp-content\/uploads\/2021\/01\/grafik-1-1-508x350.jpg 508w, https:\/\/www.m-q.ch\/wp-content\/uploads\/2021\/01\/grafik-1-1-300x207.jpg 300w\" sizes=\"auto, (max-width: 550px) 100vw, 550px\" \/><figcaption id=\"caption-attachment-8231\" class=\"wp-caption-text\">\u00a9 IFCO<\/figcaption><\/figure>\n<p>L'uso di contenitori di plastica riutilizzabili (RPC) ha permesso un risparmio di pi\u00f9 di 551.000 tonnellate di emissioni di CO2 nel 2020, scrive la IFCO. Questo la rende una delle aziende di logistica e imballaggio pi\u00f9 sostenibili del mondo. Il premio della IFCO dimostra quindi l'impegno delle aziende a proteggere l'ambiente e a lavorare insieme per creare catene di approvvigionamento pi\u00f9 sostenibili, ha aggiunto. Il certificato di sostenibilit\u00e0 \u00e8 stato assegnato per la prima volta ai rivenditori in Europa e Nord America nel settembre 2018.<\/p>\n<p><strong>Prove dell'impegno ambientale di rivenditori e produttori<\/strong><\/p>\n<p>Rispondendo alla crescente domanda di prodotti e processi ecologici, i rivenditori e i produttori possono differenziarsi dalla concorrenza e aumentare la fedelt\u00e0 dei loro clienti, scrive ancora il fornitore RPC. Per questo la IFCO assegna il suo certificato di sostenibilit\u00e0 come prova dell'impegno dei dettaglianti e dei produttori nei confronti dell'ambiente. Dato che sia gli azionisti che i clienti sono sempre pi\u00f9 alla ricerca di obiettivi aziendali sostenibili, il certificato di sostenibilit\u00e0 della IFCO \u00e8 una forte prova di comportamento ecologico sia per i clienti che per gli azionisti.<\/p>\n<p>\"Molti rivenditori e coltivatori stanno lavorando duramente per rendere le loro catene di approvvigionamento pi\u00f9 sostenibili e ridurre la loro impronta ambientale. Come riconoscimento di questi ampi sforzi e per fornire ai clienti e agli azionisti una prova affidabile delle misure attuate, assegniamo il nostro certificato di sostenibilit\u00e0 a rivenditori e produttori. Il certificato attesta che le aziende premiate stanno prendendo misure chiare per rendere le loro catene di approvvigionamento pi\u00f9 sostenibili e quindi proteggere l'ambiente. Essere in grado di dimostrare questo impegno ai clienti e ai partner commerciali \u00e8 fondamentale per il successo aziendale\", spiega Michael Pooley, CEO di IFCO Systems.<\/p>\n<p>Ogni cliente, sia dettagliante che produttore, riceverebbe un certificato che mostra la quantit\u00e0 di anidride carbonica, acqua, energia e rifiuti solidi e alimentari evitati usando gli RPC nella loro catena di approvvigionamento. Questi risparmi erano basati sulla stima del fornitore di RPC delle riduzioni di energia e di risorse.<\/p>\n<p><strong>Impatto ambientale positivo<\/strong><\/p>\n<p>La IFCO dice che sta monitorando costantemente i benefici ambientali del suo concetto di logistica \"SmartCycle\", che si basa sul principio di \"condivisione e riutilizzo\" per ridurre l'impronta ambientale delle catene di fornitura aziendali. I clienti del fornitore hanno dichiarato di aver risparmiato tra il 17 e il 20 per cento in pi\u00f9 di acqua, energia ed emissioni di CO2, cos\u00ec come di rifiuti solidi e di prodotto, nel 2020 rispetto al 2017, quando i rivenditori hanno vinto per la prima volta il premio. Ha detto che questo \u00e8 possibile perch\u00e9 tutti gli RPC del fornitore sono riutilizzati da 30 a 120 volte durante la loro vita. Dopo ogni ciclo, gli RPC sarebbero stati sottoposti a un processo di pulizia e ispezione approfondita prima di essere spediti di nuovo. I contenitori danneggiati che non potevano pi\u00f9 essere utilizzati sarebbero stati riciclati al 100% e usati per fare nuovi RPC.<\/p>\n<p>Diversi studi hanno dimostrato che l'uso di RPC porta al risparmio di CO2 (fino a 60%), energia (64%), acqua (80%), rifiuti solidi (fino a 86%) e danni al cibo (fino a 96%) rispetto al packaging monouso, dice il comunicato stampa.<\/p>\n<p><img loading=\"lazy\" decoding=\"async\" class=\"alignnone size-medium wp-image-4724\" src=\"https:\/\/www.m-q.ch\/wp-content\/uploads\/2021\/01\/LCA_Counter_2020_DE-680x285.png\" alt=\"\" width=\"680\" height=\"285\" \/><\/p>\n<p><em>Fonte: <a href=\"https:\/\/www.ifco.com\/de\/\">IFCO<\/a><\/em><\/p>","protected":false},"excerpt":{"rendered":"<p>Die Verwendung von Mehrwegbeh\u00e4ltern (Reusable Plastic Containers, RPCs) habe im Jahr 2020 Einsparungen von mehr als 551\u2019000 Tonnen an CO2-Emissionen erm\u00f6glicht, schreibt IFCO. Damit sei man eines der nachhaltigsten Logistik- und Verpackungsunternehmen weltweit. Die Auszeichnung durch IFCO zeige daher das Engagement von Unternehmen f\u00fcr den Umweltschutz und die gemeinsame Gestaltung nachhaltigerer Lieferketten. Das Nachhaltigkeitszertifikat wurde [&hellip;]<\/p>\n","protected":false},"author":35,"featured_media":8231,"comment_status":"closed","ping_status":"closed","sticky":false,"template":"","format":"standard","meta":{"_acf_changed":false,"footnotes":""},"categories":[2,3303],"tags":[4667,4668,4669,4670,4671],"class_list":["post-8097","post","type-post","status-publish","format-standard","has-post-thumbnail","hentry","category-produktenews","category-qualitaetsmanagement","tag-ifco","tag-mehrwegbehaelter","tag-nachhaltigkeitszertifikat","tag-reusable-plastic-containers","tag-rpcs"],"acf":[],"yoast_head":"<!-- This site is optimized with the Yoast SEO plugin v26.2 - https:\/\/yoast.com\/wordpress\/plugins\/seo\/ -->\n<title>Nachhaltigkeitszertifikat an H\u00e4ndler und Erzeuger verliehen - MQ Management und Qualit\u00e4t<\/title>\n<meta name=\"description\" content=\"Die auf Mehrwegbeh\u00e4lter spezialisierte IFCO, verleiht zum vierten Mal in Folge sein j\u00e4hrliches Nachhaltigkeitszertifikat.\" \/>\n<meta name=\"robots\" content=\"index, follow, max-snippet:-1, max-image-preview:large, max-video-preview:-1\" \/>\n<link rel=\"canonical\" href=\"https:\/\/www.m-q.ch\/it\/certificato-di-sostenibilita-rilasciato-a-commercianti-e-produttori\/\" \/>\n<meta property=\"og:locale\" content=\"it_IT\" \/>\n<meta property=\"og:type\" content=\"article\" \/>\n<meta property=\"og:title\" content=\"Nachhaltigkeitszertifikat an H\u00e4ndler und Erzeuger verliehen - MQ Management und Qualit\u00e4t\" \/>\n<meta property=\"og:description\" content=\"Die auf Mehrwegbeh\u00e4lter spezialisierte IFCO, verleiht zum vierten Mal in Folge sein j\u00e4hrliches Nachhaltigkeitszertifikat.\" \/>\n<meta property=\"og:url\" content=\"https:\/\/www.m-q.ch\/it\/certificato-di-sostenibilita-rilasciato-a-commercianti-e-produttori\/\" \/>\n<meta property=\"og:site_name\" content=\"MQ Management und Qualit\u00e4t\" \/>\n<meta property=\"article:publisher\" content=\"https:\/\/www.facebook.com\/ManagementUndQualitaet\" \/>\n<meta property=\"article:published_time\" content=\"2021-01-29T12:29:49+00:00\" \/>\n<meta property=\"article:modified_time\" content=\"2021-02-02T13:15:03+00:00\" \/>\n<meta property=\"og:image\" content=\"https:\/\/www.m-q.ch\/wp-content\/uploads\/2021\/01\/grafik-1-1.jpg\" \/>\n\t<meta property=\"og:image:width\" content=\"550\" \/>\n\t<meta property=\"og:image:height\" content=\"379\" \/>\n\t<meta property=\"og:image:type\" content=\"image\/jpeg\" \/>\n<meta name=\"author\" content=\"Roger Str\u00e4ssle\" \/>\n<meta name=\"twitter:card\" content=\"summary_large_image\" \/>\n<meta name=\"twitter:label1\" content=\"Scritto da\" \/>\n\t<meta name=\"twitter:data1\" content=\"Roger Str\u00e4ssle\" \/>\n\t<meta name=\"twitter:label2\" content=\"Tempo di lettura stimato\" \/>\n\t<meta name=\"twitter:data2\" content=\"2 minuti\" \/>\n<script type=\"application\/ld+json\" class=\"yoast-schema-graph\">{\"@context\":\"https:\/\/schema.org\",\"@graph\":[{\"@type\":\"Article\",\"@id\":\"https:\/\/www.m-q.ch\/nachhaltigkeitszertifikat-an-haendler-und-erzeuger-verliehen\/#article\",\"isPartOf\":{\"@id\":\"https:\/\/www.m-q.ch\/nachhaltigkeitszertifikat-an-haendler-und-erzeuger-verliehen\/\"},\"author\":{\"name\":\"Roger Str\u00e4ssle\",\"@id\":\"https:\/\/www.m-q.ch\/fr\/#\/schema\/person\/47d540e081acd98ccbeb69b55df653d7\"},\"headline\":\"Nachhaltigkeitszertifikat an H\u00e4ndler und Erzeuger verliehen\",\"datePublished\":\"2021-01-29T12:29:49+00:00\",\"dateModified\":\"2021-02-02T13:15:03+00:00\",\"mainEntityOfPage\":{\"@id\":\"https:\/\/www.m-q.ch\/nachhaltigkeitszertifikat-an-haendler-und-erzeuger-verliehen\/\"},\"wordCount\":487,\"publisher\":{\"@id\":\"https:\/\/www.m-q.ch\/fr\/#organization\"},\"image\":{\"@id\":\"https:\/\/www.m-q.ch\/nachhaltigkeitszertifikat-an-haendler-und-erzeuger-verliehen\/#primaryimage\"},\"thumbnailUrl\":\"https:\/\/www.m-q.ch\/wp-content\/uploads\/2021\/01\/grafik-1-1.jpg\",\"keywords\":[\"IFCO\",\"Mehrwegbeh\u00e4lter\",\"Nachhaltigkeitszertifikat\",\"Reusable Plastic Containers\",\"RPCs\"],\"articleSection\":[\"Produktenews\",\"Qualit\u00e4tsmanagement\"],\"inLanguage\":\"it-IT\"},{\"@type\":\"WebPage\",\"@id\":\"https:\/\/www.m-q.ch\/nachhaltigkeitszertifikat-an-haendler-und-erzeuger-verliehen\/\",\"url\":\"https:\/\/www.m-q.ch\/nachhaltigkeitszertifikat-an-haendler-und-erzeuger-verliehen\/\",\"name\":\"Nachhaltigkeitszertifikat an H\u00e4ndler und Erzeuger verliehen - MQ Management und Qualit\u00e4t\",\"isPartOf\":{\"@id\":\"https:\/\/www.m-q.ch\/fr\/#website\"},\"primaryImageOfPage\":{\"@id\":\"https:\/\/www.m-q.ch\/nachhaltigkeitszertifikat-an-haendler-und-erzeuger-verliehen\/#primaryimage\"},\"image\":{\"@id\":\"https:\/\/www.m-q.ch\/nachhaltigkeitszertifikat-an-haendler-und-erzeuger-verliehen\/#primaryimage\"},\"thumbnailUrl\":\"https:\/\/www.m-q.ch\/wp-content\/uploads\/2021\/01\/grafik-1-1.jpg\",\"datePublished\":\"2021-01-29T12:29:49+00:00\",\"dateModified\":\"2021-02-02T13:15:03+00:00\",\"description\":\"Die auf Mehrwegbeh\u00e4lter spezialisierte IFCO, verleiht zum vierten Mal in Folge sein j\u00e4hrliches Nachhaltigkeitszertifikat.\",\"breadcrumb\":{\"@id\":\"https:\/\/www.m-q.ch\/nachhaltigkeitszertifikat-an-haendler-und-erzeuger-verliehen\/#breadcrumb\"},\"inLanguage\":\"it-IT\",\"potentialAction\":[{\"@type\":\"ReadAction\",\"target\":[\"https:\/\/www.m-q.ch\/nachhaltigkeitszertifikat-an-haendler-und-erzeuger-verliehen\/\"]}]},{\"@type\":\"ImageObject\",\"inLanguage\":\"it-IT\",\"@id\":\"https:\/\/www.m-q.ch\/nachhaltigkeitszertifikat-an-haendler-und-erzeuger-verliehen\/#primaryimage\",\"url\":\"https:\/\/www.m-q.ch\/wp-content\/uploads\/2021\/01\/grafik-1-1.jpg\",\"contentUrl\":\"https:\/\/www.m-q.ch\/wp-content\/uploads\/2021\/01\/grafik-1-1.jpg\",\"width\":550,\"height\":379,\"caption\":\"\u00a9 IFCO\"},{\"@type\":\"BreadcrumbList\",\"@id\":\"https:\/\/www.m-q.ch\/nachhaltigkeitszertifikat-an-haendler-und-erzeuger-verliehen\/#breadcrumb\",\"itemListElement\":[{\"@type\":\"ListItem\",\"position\":1,\"name\":\"Produktenews\",\"item\":\"https:\/\/www.m-q.ch\/kategorie\/produktenews\/\"},{\"@type\":\"ListItem\",\"position\":2,\"name\":\"Nachhaltigkeitszertifikat an H\u00e4ndler und Erzeuger verliehen\"}]},{\"@type\":\"WebSite\",\"@id\":\"https:\/\/www.m-q.ch\/fr\/#website\",\"url\":\"https:\/\/www.m-q.ch\/fr\/\",\"name\":\"MQ Management und Qualit\u00e4t\",\"description\":\"Plattform f\u00fcr integrierte Managementsysteme.\",\"publisher\":{\"@id\":\"https:\/\/www.m-q.ch\/fr\/#organization\"},\"potentialAction\":[{\"@type\":\"SearchAction\",\"target\":{\"@type\":\"EntryPoint\",\"urlTemplate\":\"https:\/\/www.m-q.ch\/fr\/?s={search_term_string}\"},\"query-input\":{\"@type\":\"PropertyValueSpecification\",\"valueRequired\":true,\"valueName\":\"search_term_string\"}}],\"inLanguage\":\"it-IT\"},{\"@type\":\"Organization\",\"@id\":\"https:\/\/www.m-q.ch\/fr\/#organization\",\"name\":\"Galledia Fachmedien AG\",\"url\":\"https:\/\/www.m-q.ch\/fr\/\",\"logo\":{\"@type\":\"ImageObject\",\"inLanguage\":\"it-IT\",\"@id\":\"https:\/\/www.m-q.ch\/fr\/#\/schema\/logo\/image\/\",\"url\":\"https:\/\/www.m-q.ch\/wp-content\/uploads\/2020\/12\/cropped-logo_small.png\",\"contentUrl\":\"https:\/\/www.m-q.ch\/wp-content\/uploads\/2020\/12\/cropped-logo_small.png\",\"width\":512,\"height\":512,\"caption\":\"Galledia Fachmedien AG\"},\"image\":{\"@id\":\"https:\/\/www.m-q.ch\/fr\/#\/schema\/logo\/image\/\"},\"sameAs\":[\"https:\/\/www.facebook.com\/ManagementUndQualitaet\",\"https:\/\/www.linkedin.com\/showcase\/17982321\/admin\/\"]},{\"@type\":\"Person\",\"@id\":\"https:\/\/www.m-q.ch\/fr\/#\/schema\/person\/47d540e081acd98ccbeb69b55df653d7\",\"name\":\"Roger Str\u00e4ssle\",\"image\":{\"@type\":\"ImageObject\",\"inLanguage\":\"it-IT\",\"@id\":\"https:\/\/www.m-q.ch\/fr\/#\/schema\/person\/image\/\",\"url\":\"https:\/\/secure.gravatar.com\/avatar\/e4dde3046d8a184d2e2d27651a418883?s=96&d=mm&r=g\",\"contentUrl\":\"https:\/\/secure.gravatar.com\/avatar\/e4dde3046d8a184d2e2d27651a418883?s=96&d=mm&r=g\",\"caption\":\"Roger Str\u00e4ssle\"},\"url\":\"https:\/\/www.m-q.ch\/it\/author\/roger-straessle\/\"}]}<\/script>\n<!-- \/ Yoast SEO plugin. -->","yoast_head_json":{"title":"Certificato di sostenibilit\u00e0 assegnato a commercianti e produttori - MQ Management und Qualit\u00e4t","description":"La IFCO, specializzata in contenitori riutilizzabili, assegna il suo certificato annuale di sostenibilit\u00e0 per il quarto anno di fila.","robots":{"index":"index","follow":"follow","max-snippet":"max-snippet:-1","max-image-preview":"max-image-preview:large","max-video-preview":"max-video-preview:-1"},"canonical":"https:\/\/www.m-q.ch\/it\/certificato-di-sostenibilita-rilasciato-a-commercianti-e-produttori\/","og_locale":"it_IT","og_type":"article","og_title":"Nachhaltigkeitszertifikat an H\u00e4ndler und Erzeuger verliehen - MQ Management und Qualit\u00e4t","og_description":"Die auf Mehrwegbeh\u00e4lter spezialisierte IFCO, verleiht zum vierten Mal in Folge sein j\u00e4hrliches Nachhaltigkeitszertifikat.","og_url":"https:\/\/www.m-q.ch\/it\/certificato-di-sostenibilita-rilasciato-a-commercianti-e-produttori\/","og_site_name":"MQ Management und Qualit\u00e4t","article_publisher":"https:\/\/www.facebook.com\/ManagementUndQualitaet","article_published_time":"2021-01-29T12:29:49+00:00","article_modified_time":"2021-02-02T13:15:03+00:00","og_image":[{"width":550,"height":379,"url":"https:\/\/www.m-q.ch\/wp-content\/uploads\/2021\/01\/grafik-1-1.jpg","type":"image\/jpeg"}],"author":"Roger Str\u00e4ssle","twitter_card":"summary_large_image","twitter_misc":{"Scritto da":"Roger Str\u00e4ssle","Tempo di lettura stimato":"2 minuti"},"schema":{"@context":"https:\/\/schema.org","@graph":[{"@type":"Article","@id":"https:\/\/www.m-q.ch\/nachhaltigkeitszertifikat-an-haendler-und-erzeuger-verliehen\/#article","isPartOf":{"@id":"https:\/\/www.m-q.ch\/nachhaltigkeitszertifikat-an-haendler-und-erzeuger-verliehen\/"},"author":{"name":"Roger Str\u00e4ssle","@id":"https:\/\/www.m-q.ch\/fr\/#\/schema\/person\/47d540e081acd98ccbeb69b55df653d7"},"headline":"Nachhaltigkeitszertifikat an H\u00e4ndler und Erzeuger verliehen","datePublished":"2021-01-29T12:29:49+00:00","dateModified":"2021-02-02T13:15:03+00:00","mainEntityOfPage":{"@id":"https:\/\/www.m-q.ch\/nachhaltigkeitszertifikat-an-haendler-und-erzeuger-verliehen\/"},"wordCount":487,"publisher":{"@id":"https:\/\/www.m-q.ch\/fr\/#organization"},"image":{"@id":"https:\/\/www.m-q.ch\/nachhaltigkeitszertifikat-an-haendler-und-erzeuger-verliehen\/#primaryimage"},"thumbnailUrl":"https:\/\/www.m-q.ch\/wp-content\/uploads\/2021\/01\/grafik-1-1.jpg","keywords":["IFCO","Mehrwegbeh\u00e4lter","Nachhaltigkeitszertifikat","Reusable Plastic Containers","RPCs"],"articleSection":["Produktenews","Qualit\u00e4tsmanagement"],"inLanguage":"it-IT"},{"@type":"WebPage","@id":"https:\/\/www.m-q.ch\/nachhaltigkeitszertifikat-an-haendler-und-erzeuger-verliehen\/","url":"https:\/\/www.m-q.ch\/nachhaltigkeitszertifikat-an-haendler-und-erzeuger-verliehen\/","name":"Certificato di sostenibilit\u00e0 assegnato a commercianti e produttori - MQ Management und Qualit\u00e4t","isPartOf":{"@id":"https:\/\/www.m-q.ch\/fr\/#website"},"primaryImageOfPage":{"@id":"https:\/\/www.m-q.ch\/nachhaltigkeitszertifikat-an-haendler-und-erzeuger-verliehen\/#primaryimage"},"image":{"@id":"https:\/\/www.m-q.ch\/nachhaltigkeitszertifikat-an-haendler-und-erzeuger-verliehen\/#primaryimage"},"thumbnailUrl":"https:\/\/www.m-q.ch\/wp-content\/uploads\/2021\/01\/grafik-1-1.jpg","datePublished":"2021-01-29T12:29:49+00:00","dateModified":"2021-02-02T13:15:03+00:00","description":"La IFCO, specializzata in contenitori riutilizzabili, assegna il suo certificato annuale di sostenibilit\u00e0 per il quarto anno di fila.","breadcrumb":{"@id":"https:\/\/www.m-q.ch\/nachhaltigkeitszertifikat-an-haendler-und-erzeuger-verliehen\/#breadcrumb"},"inLanguage":"it-IT","potentialAction":[{"@type":"ReadAction","target":["https:\/\/www.m-q.ch\/nachhaltigkeitszertifikat-an-haendler-und-erzeuger-verliehen\/"]}]},{"@type":"ImageObject","inLanguage":"it-IT","@id":"https:\/\/www.m-q.ch\/nachhaltigkeitszertifikat-an-haendler-und-erzeuger-verliehen\/#primaryimage","url":"https:\/\/www.m-q.ch\/wp-content\/uploads\/2021\/01\/grafik-1-1.jpg","contentUrl":"https:\/\/www.m-q.ch\/wp-content\/uploads\/2021\/01\/grafik-1-1.jpg","width":550,"height":379,"caption":"\u00a9 IFCO"},{"@type":"BreadcrumbList","@id":"https:\/\/www.m-q.ch\/nachhaltigkeitszertifikat-an-haendler-und-erzeuger-verliehen\/#breadcrumb","itemListElement":[{"@type":"ListItem","position":1,"name":"Produktenews","item":"https:\/\/www.m-q.ch\/kategorie\/produktenews\/"},{"@type":"ListItem","position":2,"name":"Nachhaltigkeitszertifikat an H\u00e4ndler und Erzeuger verliehen"}]},{"@type":"WebSite","@id":"https:\/\/www.m-q.ch\/fr\/#website","url":"https:\/\/www.m-q.ch\/fr\/","name":"Gestione e qualit\u00e0 MQ","description":"Piattaforma per sistemi di gestione integrati.","publisher":{"@id":"https:\/\/www.m-q.ch\/fr\/#organization"},"potentialAction":[{"@type":"SearchAction","target":{"@type":"EntryPoint","urlTemplate":"https:\/\/www.m-q.ch\/fr\/?s={search_term_string}"},"query-input":{"@type":"PropertyValueSpecification","valueRequired":true,"valueName":"search_term_string"}}],"inLanguage":"it-IT"},{"@type":"Organization","@id":"https:\/\/www.m-q.ch\/fr\/#organization","name":"Galledia Fachmedien AG","url":"https:\/\/www.m-q.ch\/fr\/","logo":{"@type":"ImageObject","inLanguage":"it-IT","@id":"https:\/\/www.m-q.ch\/fr\/#\/schema\/logo\/image\/","url":"https:\/\/www.m-q.ch\/wp-content\/uploads\/2020\/12\/cropped-logo_small.png","contentUrl":"https:\/\/www.m-q.ch\/wp-content\/uploads\/2020\/12\/cropped-logo_small.png","width":512,"height":512,"caption":"Galledia Fachmedien AG"},"image":{"@id":"https:\/\/www.m-q.ch\/fr\/#\/schema\/logo\/image\/"},"sameAs":["https:\/\/www.facebook.com\/ManagementUndQualitaet","https:\/\/www.linkedin.com\/showcase\/17982321\/admin\/"]},{"@type":"Person","@id":"https:\/\/www.m-q.ch\/fr\/#\/schema\/person\/47d540e081acd98ccbeb69b55df653d7","name":"Roger Str\u00e4ssle","image":{"@type":"ImageObject","inLanguage":"it-IT","@id":"https:\/\/www.m-q.ch\/fr\/#\/schema\/person\/image\/","url":"https:\/\/secure.gravatar.com\/avatar\/e4dde3046d8a184d2e2d27651a418883?s=96&d=mm&r=g","contentUrl":"https:\/\/secure.gravatar.com\/avatar\/e4dde3046d8a184d2e2d27651a418883?s=96&d=mm&r=g","caption":"Roger Str\u00e4ssle"},"url":"https:\/\/www.m-q.ch\/it\/author\/roger-straessle\/"}]}},"_links":{"self":[{"href":"https:\/\/www.m-q.ch\/it\/wp-json\/wp\/v2\/posts\/8097","targetHints":{"allow":["GET"]}}],"collection":[{"href":"https:\/\/www.m-q.ch\/it\/wp-json\/wp\/v2\/posts"}],"about":[{"href":"https:\/\/www.m-q.ch\/it\/wp-json\/wp\/v2\/types\/post"}],"author":[{"embeddable":true,"href":"https:\/\/www.m-q.ch\/it\/wp-json\/wp\/v2\/users\/35"}],"replies":[{"embeddable":true,"href":"https:\/\/www.m-q.ch\/it\/wp-json\/wp\/v2\/comments?post=8097"}],"version-history":[{"count":3,"href":"https:\/\/www.m-q.ch\/it\/wp-json\/wp\/v2\/posts\/8097\/revisions"}],"predecessor-version":[{"id":8232,"href":"https:\/\/www.m-q.ch\/it\/wp-json\/wp\/v2\/posts\/8097\/revisions\/8232"}],"wp:featuredmedia":[{"embeddable":true,"href":"https:\/\/www.m-q.ch\/it\/wp-json\/wp\/v2\/media\/8231"}],"wp:attachment":[{"href":"https:\/\/www.m-q.ch\/it\/wp-json\/wp\/v2\/media?parent=8097"}],"wp:term":[{"taxonomy":"category","embeddable":true,"href":"https:\/\/www.m-q.ch\/it\/wp-json\/wp\/v2\/categories?post=8097"},{"taxonomy":"post_tag","embeddable":true,"href":"https:\/\/www.m-q.ch\/it\/wp-json\/wp\/v2\/tags?post=8097"}],"curies":[{"name":"wp","href":"https:\/\/api.w.org\/{rel}","templated":true}]}}