{"id":822,"date":"2017-01-25T13:58:31","date_gmt":"2017-01-25T12:58:31","guid":{"rendered":"https:\/\/m-q.ch\/?p=822"},"modified":"2017-02-01T11:23:29","modified_gmt":"2017-02-01T10:23:29","slug":"il-worldwebforum-premia-linventore-del-www-tim-berners-lee","status":"publish","type":"post","link":"https:\/\/www.m-q.ch\/it\/worldwebforum-ehrt-www-erfinder-tim-berners-lee\/","title":{"rendered":"WORLDWEBFORUM rende omaggio all'inventore del WWW Tim Berners-Lee"},"content":{"rendered":"<p>&nbsp;<\/p>\n<figure id=\"attachment_823\" aria-describedby=\"caption-attachment-823\" style=\"width: 680px\" class=\"wp-caption alignnone\"><img loading=\"lazy\" decoding=\"async\" class=\"size-medium wp-image-823\" src=\"https:\/\/m-q.ch\/wp-content\/uploads\/2017\/01\/WorldWebForum-mq-management-qualit\u00e4t-680x454.jpg\" alt=\"\" width=\"680\" height=\"454\" srcset=\"https:\/\/www.m-q.ch\/wp-content\/uploads\/2017\/01\/WorldWebForum-mq-management-qualit\u00e4t-680x454.jpg 680w, https:\/\/www.m-q.ch\/wp-content\/uploads\/2017\/01\/WorldWebForum-mq-management-qualit\u00e4t-768x512.jpg 768w, https:\/\/www.m-q.ch\/wp-content\/uploads\/2017\/01\/WorldWebForum-mq-management-qualit\u00e4t-1536x1025.jpg 1536w, https:\/\/www.m-q.ch\/wp-content\/uploads\/2017\/01\/WorldWebForum-mq-management-qualit\u00e4t-2048x1366.jpg 2048w, https:\/\/www.m-q.ch\/wp-content\/uploads\/2017\/01\/WorldWebForum-mq-management-qualit\u00e4t-16x12.jpg 16w, https:\/\/www.m-q.ch\/wp-content\/uploads\/2017\/01\/WorldWebForum-mq-management-qualit\u00e4t-262x175.jpg 262w, https:\/\/www.m-q.ch\/wp-content\/uploads\/2017\/01\/WorldWebForum-mq-management-qualit\u00e4t-525x350.jpg 525w, https:\/\/www.m-q.ch\/wp-content\/uploads\/2017\/01\/WorldWebForum-mq-management-qualit\u00e4t-1199x800.jpg 1199w, https:\/\/www.m-q.ch\/wp-content\/uploads\/2017\/01\/WorldWebForum-mq-management-qualit\u00e4t-920x614.jpg 920w, https:\/\/www.m-q.ch\/wp-content\/uploads\/2017\/01\/WorldWebForum-mq-management-qualit\u00e4t-1400x934.jpg 1400w, https:\/\/www.m-q.ch\/wp-content\/uploads\/2017\/01\/WorldWebForum-mq-management-qualit\u00e4t-300x200.jpg 300w, https:\/\/www.m-q.ch\/wp-content\/uploads\/2017\/01\/WorldWebForum-mq-management-qualit\u00e4t-1024x683.jpg 1024w, https:\/\/www.m-q.ch\/wp-content\/uploads\/2017\/01\/WorldWebForum-mq-management-qualit\u00e4t-624x416.jpg 624w\" sizes=\"auto, (max-width: 680px) 100vw, 680px\" \/><figcaption id=\"caption-attachment-823\" class=\"wp-caption-text\">Al WORLDWEBFORUM 2017 di Zurigo, Sir Tim-Berners Lee, inventore del WWW, \u00e8 stato premiato dal consigliere federale Johann Schneider-Ammann. (Immagine zVg)<\/figcaption><\/figure>\n<p>Il consigliere federale Johann Schneider-Ammann ha consegnato all'inventore del World Wide Web (WWW), Tim Berners-Lee, il \"WORLDWEBFORUM Lifetime Achievement Award\". Il consigliere federale Johann Schneider-Ammann presenta Berners-Lee con il \"WORLDWEBFORUM Lifetime Achievement Award\" per il suo lavoro di una vita.<\/p>\n<p><strong>WWW inventato in Svizzera?<\/strong><\/p>\n<p>\"Il fatto che internet sia stato inventato in Svizzera dovrebbe essere sia un faro che una sfida per noi nei prossimi anni: la digitalizzazione \u00e8 un'enorme opportunit\u00e0 per noi - abbiamo la migliore posizione di partenza. Dobbiamo approfittarne. Per la forza innovativa, la competitivit\u00e0, i posti di lavoro e la prosperit\u00e0\", dice Schneider-Ammann in un discorso.<\/p>\n<p><strong>Personalit\u00e0 diverse <\/strong><\/p>\n<p>Quest'anno, il WORLDWEBFORUM ha un'affluenza record di 2.000 visitatori ed \u00e8 il pi\u00f9 grande evento sulla digitalizzazione in Svizzera. Al WORLDWEBFORUM 2017 parteciperanno personalit\u00e0 tanto diverse quanto ispiratrici: Ed Catmull, l'informatico americano, cofondatore dei Pixar Animation Studios e vincitore dell'Oscar, la cubana Herminia Ibarra, docente di Leadership alla rinomata Universit\u00e0 Insead, o Sir Tim Berners-Lee. Il fisico e informatico britannico ha inventato l'HTML (Hypertext Markup Language) al centro di ricerca nucleare europeo CERN di Ginevra ed \u00e8 quindi il fondatore del World Wide Web.<\/p>\n<p>\"La digitalizzazione \u00e8 ancora una parola d'ordine per molte aziende\", dice il fondatore di WORLDWEBFORUM Fabian Hediger. Questo \u00e8 il motivo per cui la conferenza \u00e8 stata fondata nel 2012 per mostrare ai decisori del business e della politica cosa significa la trasformazione digitale per i modelli di business e la leadership.<\/p>\n<p><strong>Manifesto digitale<\/strong><\/p>\n<p>Per far s\u00ec che la Svizzera abbia un ruolo di primo piano nella trasformazione digitale a livello mondiale, 50 leader del pensiero digitale hanno redatto un Manifesto digitale insieme all'iniziativa di localizzazione digitalswitzerland. Marcel Dobler, presidente designato di ICTswitzerland, digital shaper e consigliere nazionale, e Marc Walder, iniziatore di digitalswitzerland e CEO di Ringier, consegnano il manifesto digitale a Schneider-Ammann.<\/p>\n<p><strong><a href=\"http:\/\/e2.marco.ch\/publish\/furrerhugi\/329_10276\/03_Digitales-Manifest-CH.pdf?TensidTrafficShaper=1&amp;f=03_Digitales-Manifest-CH.pdf\">Qui<\/a> potete andare al Manifesto digitale di digitalswitzerland. <\/strong><\/p>\n<p><strong>\u00a0<\/strong><\/p>","protected":false},"excerpt":{"rendered":"<p>&nbsp; Bundesrat Johann Schneider-Ammann \u00fcberreichte dem Erfinder des World Wide Web (WWW), Tim Berners-Lee, den &#8222;WORLDWEBFORUM Lifetime Achievement Award&#8220;. Bundesrat Johann Schneider-Ammann zeichnet Berners-Lee mit dem \u201eWORLDWEBFORUM Lifetime Achievement Award\u201c f\u00fcr sein Lebenswerk aus. WWW in der Schweiz erfunden? \u201eDass das Internet in der Schweiz erfunden wurde, sollte uns Leuchtturm und Challenge zugleich sein f\u00fcr [&hellip;]<\/p>\n","protected":false},"author":35,"featured_media":823,"comment_status":"open","ping_status":"open","sticky":false,"template":"","format":"standard","meta":{"_acf_changed":false,"footnotes":""},"categories":[1],"tags":[3420,3342],"class_list":["post-822","post","type-post","status-publish","format-standard","has-post-thumbnail","hentry","category-unkategorisiert","tag-digitalitaet","tag-fachkongressfachmesse"],"acf":[],"yoast_head":"<!-- This site is optimized with the Yoast SEO plugin v26.2 - https:\/\/yoast.com\/wordpress\/plugins\/seo\/ -->\n<title>WORLDWEBFORUM ehrt WWW-Erfinder Tim Berners-Lee - MQ Management und Qualit\u00e4t<\/title>\n<meta name=\"description\" content=\"Bundesrat Johann Schneider-Ammann \u00fcberreichte dem Erfinder des World Wide Web (WWW), Tim Berners-Lee, den &quot;WORLDWEBFORUM Lifetime Achievement Award&quot;.\" \/>\n<meta name=\"robots\" content=\"index, follow, max-snippet:-1, max-image-preview:large, max-video-preview:-1\" \/>\n<link rel=\"canonical\" href=\"https:\/\/www.m-q.ch\/it\/il-worldwebforum-premia-linventore-del-www-tim-berners-lee\/\" \/>\n<meta property=\"og:locale\" content=\"it_IT\" \/>\n<meta property=\"og:type\" content=\"article\" \/>\n<meta property=\"og:title\" content=\"WORLDWEBFORUM ehrt WWW-Erfinder Tim Berners-Lee - MQ Management und Qualit\u00e4t\" \/>\n<meta property=\"og:description\" content=\"Bundesrat Johann Schneider-Ammann \u00fcberreichte dem Erfinder des World Wide Web (WWW), Tim Berners-Lee, den &quot;WORLDWEBFORUM Lifetime Achievement Award&quot;.\" \/>\n<meta property=\"og:url\" content=\"https:\/\/www.m-q.ch\/it\/il-worldwebforum-premia-linventore-del-www-tim-berners-lee\/\" \/>\n<meta property=\"og:site_name\" content=\"MQ Management und Qualit\u00e4t\" \/>\n<meta property=\"article:publisher\" content=\"https:\/\/www.facebook.com\/ManagementUndQualitaet\" \/>\n<meta property=\"article:published_time\" content=\"2017-01-25T12:58:31+00:00\" \/>\n<meta property=\"article:modified_time\" content=\"2017-02-01T10:23:29+00:00\" \/>\n<meta property=\"og:image\" content=\"https:\/\/www.m-q.ch\/wp-content\/uploads\/2017\/01\/WorldWebForum-mq-management-qualit\u00e4t-scaled.jpg\" \/>\n\t<meta property=\"og:image:width\" content=\"2560\" \/>\n\t<meta property=\"og:image:height\" content=\"1708\" \/>\n\t<meta property=\"og:image:type\" content=\"image\/jpeg\" \/>\n<meta name=\"author\" content=\"Roger Str\u00e4ssle\" \/>\n<meta name=\"twitter:card\" content=\"summary_large_image\" \/>\n<meta name=\"twitter:label1\" content=\"Scritto da\" \/>\n\t<meta name=\"twitter:data1\" content=\"Roger Str\u00e4ssle\" \/>\n\t<meta name=\"twitter:label2\" content=\"Tempo di lettura stimato\" \/>\n\t<meta name=\"twitter:data2\" content=\"2 minuti\" \/>\n<script type=\"application\/ld+json\" class=\"yoast-schema-graph\">{\"@context\":\"https:\/\/schema.org\",\"@graph\":[{\"@type\":\"Article\",\"@id\":\"https:\/\/www.m-q.ch\/de\/worldwebforum-ehrt-www-erfinder-tim-berners-lee\/#article\",\"isPartOf\":{\"@id\":\"https:\/\/www.m-q.ch\/de\/worldwebforum-ehrt-www-erfinder-tim-berners-lee\/\"},\"author\":{\"name\":\"Roger Str\u00e4ssle\",\"@id\":\"https:\/\/www.m-q.ch\/fr\/#\/schema\/person\/47d540e081acd98ccbeb69b55df653d7\"},\"headline\":\"WORLDWEBFORUM ehrt WWW-Erfinder Tim Berners-Lee\",\"datePublished\":\"2017-01-25T12:58:31+00:00\",\"dateModified\":\"2017-02-01T10:23:29+00:00\",\"mainEntityOfPage\":{\"@id\":\"https:\/\/www.m-q.ch\/de\/worldwebforum-ehrt-www-erfinder-tim-berners-lee\/\"},\"wordCount\":315,\"commentCount\":0,\"publisher\":{\"@id\":\"https:\/\/www.m-q.ch\/fr\/#organization\"},\"image\":{\"@id\":\"https:\/\/www.m-q.ch\/de\/worldwebforum-ehrt-www-erfinder-tim-berners-lee\/#primaryimage\"},\"thumbnailUrl\":\"https:\/\/www.m-q.ch\/wp-content\/uploads\/2017\/01\/WorldWebForum-mq-management-qualit\u00e4t-scaled.jpg\",\"keywords\":[\"Digitalit\u00e4t\",\"Fachkongress\/Fachmesse\"],\"articleSection\":[\"Unkategorisiert\"],\"inLanguage\":\"it-IT\"},{\"@type\":\"WebPage\",\"@id\":\"https:\/\/www.m-q.ch\/de\/worldwebforum-ehrt-www-erfinder-tim-berners-lee\/\",\"url\":\"https:\/\/www.m-q.ch\/de\/worldwebforum-ehrt-www-erfinder-tim-berners-lee\/\",\"name\":\"WORLDWEBFORUM ehrt WWW-Erfinder Tim Berners-Lee - MQ Management und Qualit\u00e4t\",\"isPartOf\":{\"@id\":\"https:\/\/www.m-q.ch\/fr\/#website\"},\"primaryImageOfPage\":{\"@id\":\"https:\/\/www.m-q.ch\/de\/worldwebforum-ehrt-www-erfinder-tim-berners-lee\/#primaryimage\"},\"image\":{\"@id\":\"https:\/\/www.m-q.ch\/de\/worldwebforum-ehrt-www-erfinder-tim-berners-lee\/#primaryimage\"},\"thumbnailUrl\":\"https:\/\/www.m-q.ch\/wp-content\/uploads\/2017\/01\/WorldWebForum-mq-management-qualit\u00e4t-scaled.jpg\",\"datePublished\":\"2017-01-25T12:58:31+00:00\",\"dateModified\":\"2017-02-01T10:23:29+00:00\",\"description\":\"Bundesrat Johann Schneider-Ammann \u00fcberreichte dem Erfinder des World Wide Web (WWW), Tim Berners-Lee, den \\\"WORLDWEBFORUM Lifetime Achievement Award\\\".\",\"breadcrumb\":{\"@id\":\"https:\/\/www.m-q.ch\/de\/worldwebforum-ehrt-www-erfinder-tim-berners-lee\/#breadcrumb\"},\"inLanguage\":\"it-IT\",\"potentialAction\":[{\"@type\":\"ReadAction\",\"target\":[\"https:\/\/www.m-q.ch\/de\/worldwebforum-ehrt-www-erfinder-tim-berners-lee\/\"]}]},{\"@type\":\"ImageObject\",\"inLanguage\":\"it-IT\",\"@id\":\"https:\/\/www.m-q.ch\/de\/worldwebforum-ehrt-www-erfinder-tim-berners-lee\/#primaryimage\",\"url\":\"https:\/\/www.m-q.ch\/wp-content\/uploads\/2017\/01\/WorldWebForum-mq-management-qualit\u00e4t-scaled.jpg\",\"contentUrl\":\"https:\/\/www.m-q.ch\/wp-content\/uploads\/2017\/01\/WorldWebForum-mq-management-qualit\u00e4t-scaled.jpg\",\"width\":2560,\"height\":1708,\"caption\":\"Am WORLDWEBFORUM 2017 in Z\u00fcrich wurde Sir Tim-Berners Lee, WWW-Erfinder, geehrt.\"},{\"@type\":\"BreadcrumbList\",\"@id\":\"https:\/\/www.m-q.ch\/de\/worldwebforum-ehrt-www-erfinder-tim-berners-lee\/#breadcrumb\",\"itemListElement\":[{\"@type\":\"ListItem\",\"position\":1,\"name\":\"Unkategorisiert\",\"item\":\"https:\/\/www.m-q.ch\/it\/categoria\/senza-categoria\/\"},{\"@type\":\"ListItem\",\"position\":2,\"name\":\"WORLDWEBFORUM ehrt WWW-Erfinder Tim Berners-Lee\"}]},{\"@type\":\"WebSite\",\"@id\":\"https:\/\/www.m-q.ch\/fr\/#website\",\"url\":\"https:\/\/www.m-q.ch\/fr\/\",\"name\":\"MQ Management und Qualit\u00e4t\",\"description\":\"Plattform f\u00fcr integrierte Managementsysteme.\",\"publisher\":{\"@id\":\"https:\/\/www.m-q.ch\/fr\/#organization\"},\"potentialAction\":[{\"@type\":\"SearchAction\",\"target\":{\"@type\":\"EntryPoint\",\"urlTemplate\":\"https:\/\/www.m-q.ch\/fr\/?s={search_term_string}\"},\"query-input\":{\"@type\":\"PropertyValueSpecification\",\"valueRequired\":true,\"valueName\":\"search_term_string\"}}],\"inLanguage\":\"it-IT\"},{\"@type\":\"Organization\",\"@id\":\"https:\/\/www.m-q.ch\/fr\/#organization\",\"name\":\"Galledia Fachmedien AG\",\"url\":\"https:\/\/www.m-q.ch\/fr\/\",\"logo\":{\"@type\":\"ImageObject\",\"inLanguage\":\"it-IT\",\"@id\":\"https:\/\/www.m-q.ch\/fr\/#\/schema\/logo\/image\/\",\"url\":\"https:\/\/www.m-q.ch\/wp-content\/uploads\/2020\/12\/cropped-logo_small.png\",\"contentUrl\":\"https:\/\/www.m-q.ch\/wp-content\/uploads\/2020\/12\/cropped-logo_small.png\",\"width\":512,\"height\":512,\"caption\":\"Galledia Fachmedien AG\"},\"image\":{\"@id\":\"https:\/\/www.m-q.ch\/fr\/#\/schema\/logo\/image\/\"},\"sameAs\":[\"https:\/\/www.facebook.com\/ManagementUndQualitaet\",\"https:\/\/www.linkedin.com\/showcase\/17982321\/admin\/\"]},{\"@type\":\"Person\",\"@id\":\"https:\/\/www.m-q.ch\/fr\/#\/schema\/person\/47d540e081acd98ccbeb69b55df653d7\",\"name\":\"Roger Str\u00e4ssle\",\"image\":{\"@type\":\"ImageObject\",\"inLanguage\":\"it-IT\",\"@id\":\"https:\/\/www.m-q.ch\/fr\/#\/schema\/person\/image\/\",\"url\":\"https:\/\/secure.gravatar.com\/avatar\/e4dde3046d8a184d2e2d27651a418883?s=96&d=mm&r=g\",\"contentUrl\":\"https:\/\/secure.gravatar.com\/avatar\/e4dde3046d8a184d2e2d27651a418883?s=96&d=mm&r=g\",\"caption\":\"Roger Str\u00e4ssle\"},\"url\":\"https:\/\/www.m-q.ch\/it\/author\/roger-straessle\/\"}]}<\/script>\n<!-- \/ Yoast SEO plugin. -->","yoast_head_json":{"title":"WORLDWEBFORUM onora l'inventore del WWW Tim Berners-Lee - MQ Management und Qualit\u00e4t","description":"Il consigliere federale Johann Schneider-Ammann ha consegnato all'inventore del World Wide Web (WWW), Tim Berners-Lee, il \"WORLDWEBFORUM Lifetime Achievement Award\".","robots":{"index":"index","follow":"follow","max-snippet":"max-snippet:-1","max-image-preview":"max-image-preview:large","max-video-preview":"max-video-preview:-1"},"canonical":"https:\/\/www.m-q.ch\/it\/il-worldwebforum-premia-linventore-del-www-tim-berners-lee\/","og_locale":"it_IT","og_type":"article","og_title":"WORLDWEBFORUM ehrt WWW-Erfinder Tim Berners-Lee - MQ Management und Qualit\u00e4t","og_description":"Bundesrat Johann Schneider-Ammann \u00fcberreichte dem Erfinder des World Wide Web (WWW), Tim Berners-Lee, den \"WORLDWEBFORUM Lifetime Achievement Award\".","og_url":"https:\/\/www.m-q.ch\/it\/il-worldwebforum-premia-linventore-del-www-tim-berners-lee\/","og_site_name":"MQ Management und Qualit\u00e4t","article_publisher":"https:\/\/www.facebook.com\/ManagementUndQualitaet","article_published_time":"2017-01-25T12:58:31+00:00","article_modified_time":"2017-02-01T10:23:29+00:00","og_image":[{"width":2560,"height":1708,"url":"https:\/\/www.m-q.ch\/wp-content\/uploads\/2017\/01\/WorldWebForum-mq-management-qualit\u00e4t-scaled.jpg","type":"image\/jpeg"}],"author":"Roger Str\u00e4ssle","twitter_card":"summary_large_image","twitter_misc":{"Scritto da":"Roger Str\u00e4ssle","Tempo di lettura stimato":"2 minuti"},"schema":{"@context":"https:\/\/schema.org","@graph":[{"@type":"Article","@id":"https:\/\/www.m-q.ch\/de\/worldwebforum-ehrt-www-erfinder-tim-berners-lee\/#article","isPartOf":{"@id":"https:\/\/www.m-q.ch\/de\/worldwebforum-ehrt-www-erfinder-tim-berners-lee\/"},"author":{"name":"Roger Str\u00e4ssle","@id":"https:\/\/www.m-q.ch\/fr\/#\/schema\/person\/47d540e081acd98ccbeb69b55df653d7"},"headline":"WORLDWEBFORUM ehrt WWW-Erfinder Tim Berners-Lee","datePublished":"2017-01-25T12:58:31+00:00","dateModified":"2017-02-01T10:23:29+00:00","mainEntityOfPage":{"@id":"https:\/\/www.m-q.ch\/de\/worldwebforum-ehrt-www-erfinder-tim-berners-lee\/"},"wordCount":315,"commentCount":0,"publisher":{"@id":"https:\/\/www.m-q.ch\/fr\/#organization"},"image":{"@id":"https:\/\/www.m-q.ch\/de\/worldwebforum-ehrt-www-erfinder-tim-berners-lee\/#primaryimage"},"thumbnailUrl":"https:\/\/www.m-q.ch\/wp-content\/uploads\/2017\/01\/WorldWebForum-mq-management-qualit\u00e4t-scaled.jpg","keywords":["Digitalit\u00e4t","Fachkongress\/Fachmesse"],"articleSection":["Unkategorisiert"],"inLanguage":"it-IT"},{"@type":"WebPage","@id":"https:\/\/www.m-q.ch\/de\/worldwebforum-ehrt-www-erfinder-tim-berners-lee\/","url":"https:\/\/www.m-q.ch\/de\/worldwebforum-ehrt-www-erfinder-tim-berners-lee\/","name":"WORLDWEBFORUM onora l'inventore del WWW Tim Berners-Lee - MQ Management und Qualit\u00e4t","isPartOf":{"@id":"https:\/\/www.m-q.ch\/fr\/#website"},"primaryImageOfPage":{"@id":"https:\/\/www.m-q.ch\/de\/worldwebforum-ehrt-www-erfinder-tim-berners-lee\/#primaryimage"},"image":{"@id":"https:\/\/www.m-q.ch\/de\/worldwebforum-ehrt-www-erfinder-tim-berners-lee\/#primaryimage"},"thumbnailUrl":"https:\/\/www.m-q.ch\/wp-content\/uploads\/2017\/01\/WorldWebForum-mq-management-qualit\u00e4t-scaled.jpg","datePublished":"2017-01-25T12:58:31+00:00","dateModified":"2017-02-01T10:23:29+00:00","description":"Il consigliere federale Johann Schneider-Ammann ha consegnato all'inventore del World Wide Web (WWW), Tim Berners-Lee, il \"WORLDWEBFORUM Lifetime Achievement Award\".","breadcrumb":{"@id":"https:\/\/www.m-q.ch\/de\/worldwebforum-ehrt-www-erfinder-tim-berners-lee\/#breadcrumb"},"inLanguage":"it-IT","potentialAction":[{"@type":"ReadAction","target":["https:\/\/www.m-q.ch\/de\/worldwebforum-ehrt-www-erfinder-tim-berners-lee\/"]}]},{"@type":"ImageObject","inLanguage":"it-IT","@id":"https:\/\/www.m-q.ch\/de\/worldwebforum-ehrt-www-erfinder-tim-berners-lee\/#primaryimage","url":"https:\/\/www.m-q.ch\/wp-content\/uploads\/2017\/01\/WorldWebForum-mq-management-qualit\u00e4t-scaled.jpg","contentUrl":"https:\/\/www.m-q.ch\/wp-content\/uploads\/2017\/01\/WorldWebForum-mq-management-qualit\u00e4t-scaled.jpg","width":2560,"height":1708,"caption":"Am WORLDWEBFORUM 2017 in Z\u00fcrich wurde Sir Tim-Berners Lee, WWW-Erfinder, geehrt."},{"@type":"BreadcrumbList","@id":"https:\/\/www.m-q.ch\/de\/worldwebforum-ehrt-www-erfinder-tim-berners-lee\/#breadcrumb","itemListElement":[{"@type":"ListItem","position":1,"name":"Unkategorisiert","item":"https:\/\/www.m-q.ch\/it\/categoria\/senza-categoria\/"},{"@type":"ListItem","position":2,"name":"WORLDWEBFORUM ehrt WWW-Erfinder Tim Berners-Lee"}]},{"@type":"WebSite","@id":"https:\/\/www.m-q.ch\/fr\/#website","url":"https:\/\/www.m-q.ch\/fr\/","name":"Gestione e qualit\u00e0 MQ","description":"Piattaforma per sistemi di gestione integrati.","publisher":{"@id":"https:\/\/www.m-q.ch\/fr\/#organization"},"potentialAction":[{"@type":"SearchAction","target":{"@type":"EntryPoint","urlTemplate":"https:\/\/www.m-q.ch\/fr\/?s={search_term_string}"},"query-input":{"@type":"PropertyValueSpecification","valueRequired":true,"valueName":"search_term_string"}}],"inLanguage":"it-IT"},{"@type":"Organization","@id":"https:\/\/www.m-q.ch\/fr\/#organization","name":"Galledia Fachmedien AG","url":"https:\/\/www.m-q.ch\/fr\/","logo":{"@type":"ImageObject","inLanguage":"it-IT","@id":"https:\/\/www.m-q.ch\/fr\/#\/schema\/logo\/image\/","url":"https:\/\/www.m-q.ch\/wp-content\/uploads\/2020\/12\/cropped-logo_small.png","contentUrl":"https:\/\/www.m-q.ch\/wp-content\/uploads\/2020\/12\/cropped-logo_small.png","width":512,"height":512,"caption":"Galledia Fachmedien AG"},"image":{"@id":"https:\/\/www.m-q.ch\/fr\/#\/schema\/logo\/image\/"},"sameAs":["https:\/\/www.facebook.com\/ManagementUndQualitaet","https:\/\/www.linkedin.com\/showcase\/17982321\/admin\/"]},{"@type":"Person","@id":"https:\/\/www.m-q.ch\/fr\/#\/schema\/person\/47d540e081acd98ccbeb69b55df653d7","name":"Roger Str\u00e4ssle","image":{"@type":"ImageObject","inLanguage":"it-IT","@id":"https:\/\/www.m-q.ch\/fr\/#\/schema\/person\/image\/","url":"https:\/\/secure.gravatar.com\/avatar\/e4dde3046d8a184d2e2d27651a418883?s=96&d=mm&r=g","contentUrl":"https:\/\/secure.gravatar.com\/avatar\/e4dde3046d8a184d2e2d27651a418883?s=96&d=mm&r=g","caption":"Roger Str\u00e4ssle"},"url":"https:\/\/www.m-q.ch\/it\/author\/roger-straessle\/"}]}},"_links":{"self":[{"href":"https:\/\/www.m-q.ch\/it\/wp-json\/wp\/v2\/posts\/822","targetHints":{"allow":["GET"]}}],"collection":[{"href":"https:\/\/www.m-q.ch\/it\/wp-json\/wp\/v2\/posts"}],"about":[{"href":"https:\/\/www.m-q.ch\/it\/wp-json\/wp\/v2\/types\/post"}],"author":[{"embeddable":true,"href":"https:\/\/www.m-q.ch\/it\/wp-json\/wp\/v2\/users\/35"}],"replies":[{"embeddable":true,"href":"https:\/\/www.m-q.ch\/it\/wp-json\/wp\/v2\/comments?post=822"}],"version-history":[{"count":1,"href":"https:\/\/www.m-q.ch\/it\/wp-json\/wp\/v2\/posts\/822\/revisions"}],"predecessor-version":[{"id":824,"href":"https:\/\/www.m-q.ch\/it\/wp-json\/wp\/v2\/posts\/822\/revisions\/824"}],"wp:featuredmedia":[{"embeddable":true,"href":"https:\/\/www.m-q.ch\/it\/wp-json\/wp\/v2\/media\/823"}],"wp:attachment":[{"href":"https:\/\/www.m-q.ch\/it\/wp-json\/wp\/v2\/media?parent=822"}],"wp:term":[{"taxonomy":"category","embeddable":true,"href":"https:\/\/www.m-q.ch\/it\/wp-json\/wp\/v2\/categories?post=822"},{"taxonomy":"post_tag","embeddable":true,"href":"https:\/\/www.m-q.ch\/it\/wp-json\/wp\/v2\/tags?post=822"}],"curies":[{"name":"wp","href":"https:\/\/api.w.org\/{rel}","templated":true}]}}