{"id":905,"date":"2017-02-16T12:47:24","date_gmt":"2017-02-16T11:47:24","guid":{"rendered":"https:\/\/www.m-q.ch\/?p=905"},"modified":"2017-02-16T13:21:47","modified_gmt":"2017-02-16T12:21:47","slug":"bilancio-della-manutenzione-in-svizzera-2017","status":"publish","type":"post","link":"https:\/\/www.m-q.ch\/it\/rueckschau-der-maintenance-schweiz-2017\/","title":{"rendered":"Revisione della manutenzione Svizzera 2017"},"content":{"rendered":"<p>&nbsp;<\/p>\n<p>&nbsp;<\/p>\n<p><img loading=\"lazy\" decoding=\"async\" class=\"alignnone size-full wp-image-909\" src=\"https:\/\/www.m-q.ch\/wp-content\/uploads\/2017\/02\/maintenance-Schweiz-2017-mq_-management-u-qualit\u00e4t.jpg\" alt=\"\" width=\"593\" height=\"392\" srcset=\"https:\/\/www.m-q.ch\/wp-content\/uploads\/2017\/02\/maintenance-Schweiz-2017-mq_-management-u-qualit\u00e4t.jpg 593w, https:\/\/www.m-q.ch\/wp-content\/uploads\/2017\/02\/maintenance-Schweiz-2017-mq_-management-u-qualit\u00e4t-16x12.jpg 16w, https:\/\/www.m-q.ch\/wp-content\/uploads\/2017\/02\/maintenance-Schweiz-2017-mq_-management-u-qualit\u00e4t-265x175.jpg 265w, https:\/\/www.m-q.ch\/wp-content\/uploads\/2017\/02\/maintenance-Schweiz-2017-mq_-management-u-qualit\u00e4t-529x350.jpg 529w, https:\/\/www.m-q.ch\/wp-content\/uploads\/2017\/02\/maintenance-Schweiz-2017-mq_-management-u-qualit\u00e4t-300x198.jpg 300w\" sizes=\"auto, (max-width: 593px) 100vw, 593px\" \/><\/p>\n<p>Molti manager del settore erano interessati alla manutenzione Svizzera 2017, per esempio Sandro Maciocia, capo del Service Sales and Account Management di ABB Svizzera AG. (Immagine: zVg).<\/p>\n<p>&nbsp;<\/p>\n<p>Con 2.512 visitatori e 142 espositori, l'organizzatore Easyfairs \u00e8 riuscito a raggiungere un risultato ottimale nei due giorni di fiera (8-9 febbraio). Il focus era sul tema orientato al futuro della \"Digitalizzazione\" insieme a \"Industria 4.0\".<\/p>\n<p>Smart in movimento con tablet e smartphone, virtualmente in rete con i colleghi e collaborativamente attivi sui social network: il mondo della manutenzione \u00e8 chiaramente cambiato e - per esempio, secondo Stefan Frefel, amministratore delegato di Bilfinger Industrial Services Schweiz AG - \u00e8 gi\u00e0 arrivato \"nel bel mezzo della rivoluzione industriale 4.0\".<\/p>\n<p><strong>Nuove tecnologie <\/strong><\/p>\n<p>Chiunque abbia visitato la manutenzione Schweiz 2017 dall'8 al 9 febbraio ha notato che le analisi predittive sono diventate recentemente all'ordine del giorno. Le aree della \"manutenzione basata sulle condizioni\" e della \"manutenzione predittiva\" sono attualmente i principali argomenti di discussione per i professionisti della manutenzione. Invece di eseguire la manutenzione preventiva a intervalli fissi, in futuro lo sviluppo di un sistema tecnico sar\u00e0 continuamente monitorato sulla base di un software - per poter elaborare previsioni per l'ulteriore corso e piani di manutenzione efficaci e ottimizzati dal punto di vista dei costi.<\/p>\n<p><strong>Una fiera per esperti <\/strong><\/p>\n<p>Gli specialisti della manutenzione hanno potuto rivolgersi agli esperti degli espositori con domande specifiche. Cos\u00ec facendo, hanno ricevuto un input orientato alla soluzione per la loro pratica operativa. Per molte aziende svizzere, la digitalizzazione \u00e8 appena iniziata: \"Molte aziende manifatturiere sono ancora nelle prime fasi di sviluppo\", \u00e8 l'esperienza di Sandro Maciocia, responsabile del Service Sales and Account Management di ABB Svizzera SA.<\/p>\n<p>Una piattaforma espositiva come la manutenzione Svizzera \u00e8 esattamente il posto giusto per discutere di passi concreti verso la digitalizzazione e per implementare insieme soluzioni adeguate a livello di prodotto, sistema o sito. Per il momento, l'attenzione si concentra su come i dati possono essere raccolti e analizzati in modo pulito. Il prossimo passo sarebbe quello di considerare come misure intelligenti e sensate potrebbero essere basate su questo, hanno detto alcuni esperti. La digitalizzazione \u00e8 anche un'opportunit\u00e0 per le PMI che vogliono orientarsi tra i vari dipartimenti e settori.<\/p>\n<p><em>La prossima manutenzione Svizzera avr\u00e0 luogo dal 7 all'8 febbraio 2018 a Zurigo, parallelamente a SOLIDS (bulk solids).<\/em><\/p>\n<p><em><br \/>\n<\/em><\/p>","protected":false},"excerpt":{"rendered":"<p>&nbsp; &nbsp; Die maintenance Schweiz 2017 interessierte viele Sektorenverantwortliche, so zum Beispiel Sandro Maciocia, Leiter Service Verkauf und Account Management ABB Schweiz AG. (Bild: zVg). &nbsp; Mit 2\u2018512 Besuchern und 142 Ausstellern ist es Veranstalter Easyfairs gelungen, an zwei Messetagen (8.- 9. Februar) ein optimales Ergebnis zu erzielen. Im Mittelpunkt stand das zukunftsorientierte Thema &#8222;Digitalisierung&#8220; [&hellip;]<\/p>\n","protected":false},"author":35,"featured_media":909,"comment_status":"open","ping_status":"open","sticky":false,"template":"","format":"standard","meta":{"_acf_changed":false,"footnotes":""},"categories":[2,3303],"tags":[3450,3449],"class_list":["post-905","post","type-post","status-publish","format-standard","has-post-thumbnail","hentry","category-produktenews","category-qualitaetsmanagement","tag-industrie-4-0","tag-maintenance-2017"],"acf":[],"yoast_head":"<!-- This site is optimized with the Yoast SEO plugin v26.2 - https:\/\/yoast.com\/wordpress\/plugins\/seo\/ -->\n<title>R\u00fcckschau zur maintenance Schweiz 2017 - MQ Management und Qualit\u00e4t<\/title>\n<meta name=\"description\" content=\"Die maintenance Schweiz war zum 10. Jubil\u00e4um gefragter denn je. Im Fokus der Fachmesse standen Themen wie Digitalisierung und Industrie 4.0.\" \/>\n<meta name=\"robots\" content=\"index, follow, max-snippet:-1, max-image-preview:large, max-video-preview:-1\" \/>\n<link rel=\"canonical\" href=\"https:\/\/www.m-q.ch\/it\/bilancio-della-manutenzione-in-svizzera-2017\/\" \/>\n<meta property=\"og:locale\" content=\"it_IT\" \/>\n<meta property=\"og:type\" content=\"article\" \/>\n<meta property=\"og:title\" content=\"R\u00fcckschau zur maintenance Schweiz 2017 - MQ Management und Qualit\u00e4t\" \/>\n<meta property=\"og:description\" content=\"Die maintenance Schweiz war zum 10. Jubil\u00e4um gefragter denn je. Im Fokus der Fachmesse standen Themen wie Digitalisierung und Industrie 4.0.\" \/>\n<meta property=\"og:url\" content=\"https:\/\/www.m-q.ch\/it\/bilancio-della-manutenzione-in-svizzera-2017\/\" \/>\n<meta property=\"og:site_name\" content=\"MQ Management und Qualit\u00e4t\" \/>\n<meta property=\"article:publisher\" content=\"https:\/\/www.facebook.com\/ManagementUndQualitaet\" \/>\n<meta property=\"article:published_time\" content=\"2017-02-16T11:47:24+00:00\" \/>\n<meta property=\"article:modified_time\" content=\"2017-02-16T12:21:47+00:00\" \/>\n<meta property=\"og:image\" content=\"https:\/\/www.m-q.ch\/wp-content\/uploads\/2017\/02\/maintenance-Schweiz-2017-mq_-management-u-qualit\u00e4t.jpg\" \/>\n\t<meta property=\"og:image:width\" content=\"593\" \/>\n\t<meta property=\"og:image:height\" content=\"392\" \/>\n\t<meta property=\"og:image:type\" content=\"image\/jpeg\" \/>\n<meta name=\"author\" content=\"Roger Str\u00e4ssle\" \/>\n<meta name=\"twitter:card\" content=\"summary_large_image\" \/>\n<meta name=\"twitter:label1\" content=\"Scritto da\" \/>\n\t<meta name=\"twitter:data1\" content=\"Roger Str\u00e4ssle\" \/>\n\t<meta name=\"twitter:label2\" content=\"Tempo di lettura stimato\" \/>\n\t<meta name=\"twitter:data2\" content=\"2 minuti\" \/>\n<script type=\"application\/ld+json\" class=\"yoast-schema-graph\">{\"@context\":\"https:\/\/schema.org\",\"@graph\":[{\"@type\":\"Article\",\"@id\":\"https:\/\/www.m-q.ch\/rueckschau-der-maintenance-schweiz-2017\/#article\",\"isPartOf\":{\"@id\":\"https:\/\/www.m-q.ch\/rueckschau-der-maintenance-schweiz-2017\/\"},\"author\":{\"name\":\"Roger Str\u00e4ssle\",\"@id\":\"https:\/\/www.m-q.ch\/fr\/#\/schema\/person\/47d540e081acd98ccbeb69b55df653d7\"},\"headline\":\"R\u00fcckschau zur maintenance Schweiz 2017\",\"datePublished\":\"2017-02-16T11:47:24+00:00\",\"dateModified\":\"2017-02-16T12:21:47+00:00\",\"mainEntityOfPage\":{\"@id\":\"https:\/\/www.m-q.ch\/rueckschau-der-maintenance-schweiz-2017\/\"},\"wordCount\":346,\"commentCount\":0,\"publisher\":{\"@id\":\"https:\/\/www.m-q.ch\/fr\/#organization\"},\"image\":{\"@id\":\"https:\/\/www.m-q.ch\/rueckschau-der-maintenance-schweiz-2017\/#primaryimage\"},\"thumbnailUrl\":\"https:\/\/www.m-q.ch\/wp-content\/uploads\/2017\/02\/maintenance-Schweiz-2017-mq_-management-u-qualit\u00e4t.jpg\",\"keywords\":[\"Industrie 4.0\",\"maintenance 2017\"],\"articleSection\":[\"Produktenews\",\"Qualit\u00e4tsmanagement\"],\"inLanguage\":\"it-IT\"},{\"@type\":\"WebPage\",\"@id\":\"https:\/\/www.m-q.ch\/rueckschau-der-maintenance-schweiz-2017\/\",\"url\":\"https:\/\/www.m-q.ch\/rueckschau-der-maintenance-schweiz-2017\/\",\"name\":\"R\u00fcckschau zur maintenance Schweiz 2017 - MQ Management und Qualit\u00e4t\",\"isPartOf\":{\"@id\":\"https:\/\/www.m-q.ch\/fr\/#website\"},\"primaryImageOfPage\":{\"@id\":\"https:\/\/www.m-q.ch\/rueckschau-der-maintenance-schweiz-2017\/#primaryimage\"},\"image\":{\"@id\":\"https:\/\/www.m-q.ch\/rueckschau-der-maintenance-schweiz-2017\/#primaryimage\"},\"thumbnailUrl\":\"https:\/\/www.m-q.ch\/wp-content\/uploads\/2017\/02\/maintenance-Schweiz-2017-mq_-management-u-qualit\u00e4t.jpg\",\"datePublished\":\"2017-02-16T11:47:24+00:00\",\"dateModified\":\"2017-02-16T12:21:47+00:00\",\"description\":\"Die maintenance Schweiz war zum 10. Jubil\u00e4um gefragter denn je. Im Fokus der Fachmesse standen Themen wie Digitalisierung und Industrie 4.0.\",\"breadcrumb\":{\"@id\":\"https:\/\/www.m-q.ch\/rueckschau-der-maintenance-schweiz-2017\/#breadcrumb\"},\"inLanguage\":\"it-IT\",\"potentialAction\":[{\"@type\":\"ReadAction\",\"target\":[\"https:\/\/www.m-q.ch\/rueckschau-der-maintenance-schweiz-2017\/\"]}]},{\"@type\":\"ImageObject\",\"inLanguage\":\"it-IT\",\"@id\":\"https:\/\/www.m-q.ch\/rueckschau-der-maintenance-schweiz-2017\/#primaryimage\",\"url\":\"https:\/\/www.m-q.ch\/wp-content\/uploads\/2017\/02\/maintenance-Schweiz-2017-mq_-management-u-qualit\u00e4t.jpg\",\"contentUrl\":\"https:\/\/www.m-q.ch\/wp-content\/uploads\/2017\/02\/maintenance-Schweiz-2017-mq_-management-u-qualit\u00e4t.jpg\",\"width\":593,\"height\":392},{\"@type\":\"BreadcrumbList\",\"@id\":\"https:\/\/www.m-q.ch\/rueckschau-der-maintenance-schweiz-2017\/#breadcrumb\",\"itemListElement\":[{\"@type\":\"ListItem\",\"position\":1,\"name\":\"Qualit\u00e4tsmanagement\",\"item\":\"https:\/\/www.m-q.ch\/kategorie\/qualitaetsmanagement\/\"},{\"@type\":\"ListItem\",\"position\":2,\"name\":\"R\u00fcckschau zur maintenance Schweiz 2017\"}]},{\"@type\":\"WebSite\",\"@id\":\"https:\/\/www.m-q.ch\/fr\/#website\",\"url\":\"https:\/\/www.m-q.ch\/fr\/\",\"name\":\"MQ Management und Qualit\u00e4t\",\"description\":\"Plattform f\u00fcr integrierte Managementsysteme.\",\"publisher\":{\"@id\":\"https:\/\/www.m-q.ch\/fr\/#organization\"},\"potentialAction\":[{\"@type\":\"SearchAction\",\"target\":{\"@type\":\"EntryPoint\",\"urlTemplate\":\"https:\/\/www.m-q.ch\/fr\/?s={search_term_string}\"},\"query-input\":{\"@type\":\"PropertyValueSpecification\",\"valueRequired\":true,\"valueName\":\"search_term_string\"}}],\"inLanguage\":\"it-IT\"},{\"@type\":\"Organization\",\"@id\":\"https:\/\/www.m-q.ch\/fr\/#organization\",\"name\":\"Galledia Fachmedien AG\",\"url\":\"https:\/\/www.m-q.ch\/fr\/\",\"logo\":{\"@type\":\"ImageObject\",\"inLanguage\":\"it-IT\",\"@id\":\"https:\/\/www.m-q.ch\/fr\/#\/schema\/logo\/image\/\",\"url\":\"https:\/\/www.m-q.ch\/wp-content\/uploads\/2020\/12\/cropped-logo_small.png\",\"contentUrl\":\"https:\/\/www.m-q.ch\/wp-content\/uploads\/2020\/12\/cropped-logo_small.png\",\"width\":512,\"height\":512,\"caption\":\"Galledia Fachmedien AG\"},\"image\":{\"@id\":\"https:\/\/www.m-q.ch\/fr\/#\/schema\/logo\/image\/\"},\"sameAs\":[\"https:\/\/www.facebook.com\/ManagementUndQualitaet\",\"https:\/\/www.linkedin.com\/showcase\/17982321\/admin\/\"]},{\"@type\":\"Person\",\"@id\":\"https:\/\/www.m-q.ch\/fr\/#\/schema\/person\/47d540e081acd98ccbeb69b55df653d7\",\"name\":\"Roger Str\u00e4ssle\",\"image\":{\"@type\":\"ImageObject\",\"inLanguage\":\"it-IT\",\"@id\":\"https:\/\/www.m-q.ch\/fr\/#\/schema\/person\/image\/\",\"url\":\"https:\/\/secure.gravatar.com\/avatar\/e4dde3046d8a184d2e2d27651a418883?s=96&d=mm&r=g\",\"contentUrl\":\"https:\/\/secure.gravatar.com\/avatar\/e4dde3046d8a184d2e2d27651a418883?s=96&d=mm&r=g\",\"caption\":\"Roger Str\u00e4ssle\"},\"url\":\"https:\/\/www.m-q.ch\/it\/author\/roger-straessle\/\"}]}<\/script>\n<!-- \/ Yoast SEO plugin. -->","yoast_head_json":{"title":"Rassegna della manutenzione Svizzera 2017 - MQ Management und Qualit\u00e4t","description":"Per il suo decimo anniversario, la manutenzione della Svizzera era pi\u00f9 richiesta che mai. Il focus della fiera era su temi come la digitalizzazione e l'Industria 4.0.","robots":{"index":"index","follow":"follow","max-snippet":"max-snippet:-1","max-image-preview":"max-image-preview:large","max-video-preview":"max-video-preview:-1"},"canonical":"https:\/\/www.m-q.ch\/it\/bilancio-della-manutenzione-in-svizzera-2017\/","og_locale":"it_IT","og_type":"article","og_title":"R\u00fcckschau zur maintenance Schweiz 2017 - MQ Management und Qualit\u00e4t","og_description":"Die maintenance Schweiz war zum 10. Jubil\u00e4um gefragter denn je. Im Fokus der Fachmesse standen Themen wie Digitalisierung und Industrie 4.0.","og_url":"https:\/\/www.m-q.ch\/it\/bilancio-della-manutenzione-in-svizzera-2017\/","og_site_name":"MQ Management und Qualit\u00e4t","article_publisher":"https:\/\/www.facebook.com\/ManagementUndQualitaet","article_published_time":"2017-02-16T11:47:24+00:00","article_modified_time":"2017-02-16T12:21:47+00:00","og_image":[{"width":593,"height":392,"url":"https:\/\/www.m-q.ch\/wp-content\/uploads\/2017\/02\/maintenance-Schweiz-2017-mq_-management-u-qualit\u00e4t.jpg","type":"image\/jpeg"}],"author":"Roger Str\u00e4ssle","twitter_card":"summary_large_image","twitter_misc":{"Scritto da":"Roger Str\u00e4ssle","Tempo di lettura stimato":"2 minuti"},"schema":{"@context":"https:\/\/schema.org","@graph":[{"@type":"Article","@id":"https:\/\/www.m-q.ch\/rueckschau-der-maintenance-schweiz-2017\/#article","isPartOf":{"@id":"https:\/\/www.m-q.ch\/rueckschau-der-maintenance-schweiz-2017\/"},"author":{"name":"Roger Str\u00e4ssle","@id":"https:\/\/www.m-q.ch\/fr\/#\/schema\/person\/47d540e081acd98ccbeb69b55df653d7"},"headline":"R\u00fcckschau zur maintenance Schweiz 2017","datePublished":"2017-02-16T11:47:24+00:00","dateModified":"2017-02-16T12:21:47+00:00","mainEntityOfPage":{"@id":"https:\/\/www.m-q.ch\/rueckschau-der-maintenance-schweiz-2017\/"},"wordCount":346,"commentCount":0,"publisher":{"@id":"https:\/\/www.m-q.ch\/fr\/#organization"},"image":{"@id":"https:\/\/www.m-q.ch\/rueckschau-der-maintenance-schweiz-2017\/#primaryimage"},"thumbnailUrl":"https:\/\/www.m-q.ch\/wp-content\/uploads\/2017\/02\/maintenance-Schweiz-2017-mq_-management-u-qualit\u00e4t.jpg","keywords":["Industrie 4.0","maintenance 2017"],"articleSection":["Produktenews","Qualit\u00e4tsmanagement"],"inLanguage":"it-IT"},{"@type":"WebPage","@id":"https:\/\/www.m-q.ch\/rueckschau-der-maintenance-schweiz-2017\/","url":"https:\/\/www.m-q.ch\/rueckschau-der-maintenance-schweiz-2017\/","name":"Rassegna della manutenzione Svizzera 2017 - MQ Management und Qualit\u00e4t","isPartOf":{"@id":"https:\/\/www.m-q.ch\/fr\/#website"},"primaryImageOfPage":{"@id":"https:\/\/www.m-q.ch\/rueckschau-der-maintenance-schweiz-2017\/#primaryimage"},"image":{"@id":"https:\/\/www.m-q.ch\/rueckschau-der-maintenance-schweiz-2017\/#primaryimage"},"thumbnailUrl":"https:\/\/www.m-q.ch\/wp-content\/uploads\/2017\/02\/maintenance-Schweiz-2017-mq_-management-u-qualit\u00e4t.jpg","datePublished":"2017-02-16T11:47:24+00:00","dateModified":"2017-02-16T12:21:47+00:00","description":"Per il suo decimo anniversario, la manutenzione della Svizzera era pi\u00f9 richiesta che mai. Il focus della fiera era su temi come la digitalizzazione e l'Industria 4.0.","breadcrumb":{"@id":"https:\/\/www.m-q.ch\/rueckschau-der-maintenance-schweiz-2017\/#breadcrumb"},"inLanguage":"it-IT","potentialAction":[{"@type":"ReadAction","target":["https:\/\/www.m-q.ch\/rueckschau-der-maintenance-schweiz-2017\/"]}]},{"@type":"ImageObject","inLanguage":"it-IT","@id":"https:\/\/www.m-q.ch\/rueckschau-der-maintenance-schweiz-2017\/#primaryimage","url":"https:\/\/www.m-q.ch\/wp-content\/uploads\/2017\/02\/maintenance-Schweiz-2017-mq_-management-u-qualit\u00e4t.jpg","contentUrl":"https:\/\/www.m-q.ch\/wp-content\/uploads\/2017\/02\/maintenance-Schweiz-2017-mq_-management-u-qualit\u00e4t.jpg","width":593,"height":392},{"@type":"BreadcrumbList","@id":"https:\/\/www.m-q.ch\/rueckschau-der-maintenance-schweiz-2017\/#breadcrumb","itemListElement":[{"@type":"ListItem","position":1,"name":"Qualit\u00e4tsmanagement","item":"https:\/\/www.m-q.ch\/kategorie\/qualitaetsmanagement\/"},{"@type":"ListItem","position":2,"name":"R\u00fcckschau zur maintenance Schweiz 2017"}]},{"@type":"WebSite","@id":"https:\/\/www.m-q.ch\/fr\/#website","url":"https:\/\/www.m-q.ch\/fr\/","name":"Gestione e qualit\u00e0 MQ","description":"Piattaforma per sistemi di gestione integrati.","publisher":{"@id":"https:\/\/www.m-q.ch\/fr\/#organization"},"potentialAction":[{"@type":"SearchAction","target":{"@type":"EntryPoint","urlTemplate":"https:\/\/www.m-q.ch\/fr\/?s={search_term_string}"},"query-input":{"@type":"PropertyValueSpecification","valueRequired":true,"valueName":"search_term_string"}}],"inLanguage":"it-IT"},{"@type":"Organization","@id":"https:\/\/www.m-q.ch\/fr\/#organization","name":"Galledia Fachmedien AG","url":"https:\/\/www.m-q.ch\/fr\/","logo":{"@type":"ImageObject","inLanguage":"it-IT","@id":"https:\/\/www.m-q.ch\/fr\/#\/schema\/logo\/image\/","url":"https:\/\/www.m-q.ch\/wp-content\/uploads\/2020\/12\/cropped-logo_small.png","contentUrl":"https:\/\/www.m-q.ch\/wp-content\/uploads\/2020\/12\/cropped-logo_small.png","width":512,"height":512,"caption":"Galledia Fachmedien AG"},"image":{"@id":"https:\/\/www.m-q.ch\/fr\/#\/schema\/logo\/image\/"},"sameAs":["https:\/\/www.facebook.com\/ManagementUndQualitaet","https:\/\/www.linkedin.com\/showcase\/17982321\/admin\/"]},{"@type":"Person","@id":"https:\/\/www.m-q.ch\/fr\/#\/schema\/person\/47d540e081acd98ccbeb69b55df653d7","name":"Roger Str\u00e4ssle","image":{"@type":"ImageObject","inLanguage":"it-IT","@id":"https:\/\/www.m-q.ch\/fr\/#\/schema\/person\/image\/","url":"https:\/\/secure.gravatar.com\/avatar\/e4dde3046d8a184d2e2d27651a418883?s=96&d=mm&r=g","contentUrl":"https:\/\/secure.gravatar.com\/avatar\/e4dde3046d8a184d2e2d27651a418883?s=96&d=mm&r=g","caption":"Roger Str\u00e4ssle"},"url":"https:\/\/www.m-q.ch\/it\/author\/roger-straessle\/"}]}},"_links":{"self":[{"href":"https:\/\/www.m-q.ch\/it\/wp-json\/wp\/v2\/posts\/905","targetHints":{"allow":["GET"]}}],"collection":[{"href":"https:\/\/www.m-q.ch\/it\/wp-json\/wp\/v2\/posts"}],"about":[{"href":"https:\/\/www.m-q.ch\/it\/wp-json\/wp\/v2\/types\/post"}],"author":[{"embeddable":true,"href":"https:\/\/www.m-q.ch\/it\/wp-json\/wp\/v2\/users\/35"}],"replies":[{"embeddable":true,"href":"https:\/\/www.m-q.ch\/it\/wp-json\/wp\/v2\/comments?post=905"}],"version-history":[{"count":5,"href":"https:\/\/www.m-q.ch\/it\/wp-json\/wp\/v2\/posts\/905\/revisions"}],"predecessor-version":[{"id":913,"href":"https:\/\/www.m-q.ch\/it\/wp-json\/wp\/v2\/posts\/905\/revisions\/913"}],"wp:featuredmedia":[{"embeddable":true,"href":"https:\/\/www.m-q.ch\/it\/wp-json\/wp\/v2\/media\/909"}],"wp:attachment":[{"href":"https:\/\/www.m-q.ch\/it\/wp-json\/wp\/v2\/media?parent=905"}],"wp:term":[{"taxonomy":"category","embeddable":true,"href":"https:\/\/www.m-q.ch\/it\/wp-json\/wp\/v2\/categories?post=905"},{"taxonomy":"post_tag","embeddable":true,"href":"https:\/\/www.m-q.ch\/it\/wp-json\/wp\/v2\/tags?post=905"}],"curies":[{"name":"wp","href":"https:\/\/api.w.org\/{rel}","templated":true}]}}