{"id":9607,"date":"2020-11-06T17:01:08","date_gmt":"2020-11-06T16:01:08","guid":{"rendered":"https:\/\/www.m-q.ch\/?p=9607"},"modified":"2021-02-09T08:54:03","modified_gmt":"2021-02-09T07:54:03","slug":"strumenti-di-gestione-armonizzati-per-il-gruppo","status":"publish","type":"post","link":"https:\/\/www.m-q.ch\/it\/management-tools-fuer-die-gruppe-harmonisiert\/","title":{"rendered":"Strumenti di gestione armonizzati per il gruppo"},"content":{"rendered":"<p><img loading=\"lazy\" decoding=\"async\" class=\"alignnone  wp-image-9613\" src=\"https:\/\/www.m-q.ch\/wp-content\/uploads\/2020\/11\/Sample-Article-1.jpg\" alt=\"\" width=\"845\" height=\"632\" srcset=\"https:\/\/www.m-q.ch\/wp-content\/uploads\/2020\/11\/Sample-Article-1.jpg 571w, https:\/\/www.m-q.ch\/wp-content\/uploads\/2020\/11\/Sample-Article-1-16x12.jpg 16w, https:\/\/www.m-q.ch\/wp-content\/uploads\/2020\/11\/Sample-Article-1-234x175.jpg 234w, https:\/\/www.m-q.ch\/wp-content\/uploads\/2020\/11\/Sample-Article-1-468x350.jpg 468w, https:\/\/www.m-q.ch\/wp-content\/uploads\/2020\/11\/Sample-Article-1-300x224.jpg 300w\" sizes=\"auto, (max-width: 845px) 100vw, 845px\" \/><\/p>\n<p>Dopo diverse acquisizioni, l'azienda familiare fondata nel 1936 ha formato il gruppo Thommen all'inizio del 2020 con 23 sedi distribuite in Svizzera, Germania, Belgio e Italia. L'attivit\u00e0 di riciclaggio svizzera \u00e8 rappresentata dal marchio Thommen con i suoi 10 siti ribattezzati, il commercio internazionale dal marchio Metallum e i rottami elettronici dal marchio Immark. Il CEO Dr Tobias Thommen (TT) spiega il contesto di questa decisione. E il Quality Manager Rolf Sonderegger (RS) descrive come \u00e8 stato implementato il sistema di gestione a livello di gruppo.<\/p>\n<p><strong>Come si \u00e8 arrivati a questo?<\/strong><\/p>\n<p>TT: \u00c8 stato un lungo processo di ponderazione, perch\u00e9 da un lato c'erano aziende ancorate nella regione di cui alcuni clienti non erano a conoscenza dell'appartenenza al gruppo Thommen. D'altra parte, volevo assicurarmi che tutte le aziende Thommen lavorassero secondo gli standard Thommen. Il nostro obiettivo \u00e8 quello di smaltire correttamente i materiali riciclabili e di restituirli al ciclo produttivo come materie prime secondarie. Ristrutturando e standardizzando le applicazioni software nelle aree di ERP, finanza, registrazione del tempo e sistemi di gestione, sono stato finalmente in grado di lanciare un cambio di nome con la coscienza pulita. Il nuovo marchio \u00e8 stato lanciato nel settembre 2019 all'evento per i dipendenti a Kaiseraugst.<\/p>\n<p><strong>Quali sono gli effetti della nuova struttura aziendale?<\/strong><\/p>\n<p>TT: Gli esempi qui sotto illustrano la trasformazione:<\/p>\n<ul>\n<li>Propriet\u00e0: Thommen \u00e8 ancora una societ\u00e0 a responsabilit\u00e0 limitata familiare, gestita dalla terza generazione della famiglia Thommen.<\/li>\n<li>Gestione: Le responsabilit\u00e0 storicamente stabilite e locali sono state standardizzate e armonizzate in tutto il Gruppo, il che ha portato a un significativo rafforzamento del sentimento del Gruppo. Il gruppo Thommen \u00e8 gestito da un comitato esecutivo del gruppo composto da sei rappresentanti dei tre marchi.<\/li>\n<li>Logistica: all'interno del gruppo Thommen, i clienti possono far riciclare il loro materiale per la via pi\u00f9 breve. Hanno un solo contatto per i loro vari problemi di rifiuti. Con il cambio di nome in Thommen, abbiamo, per esempio, centralizzato e standardizzato le disposizioni nella regione di Berna. Questo ci permette di rispondere in modo pi\u00f9 rapido ed efficiente alle richieste dei clienti e di far circolare i container in modo ottimale.<\/li>\n<li>Presenza sul mercato e comunicazione<strong>: <\/strong>L'affiliazione delle sedi Thommen e dei tre marchi \u00e8 ora chiaramente segnalata sia all'interno che all'esterno. Il marketing centrale assicura la parit\u00e0 di condizioni in tutto il gruppo. La comunicazione di marketing, i siti web e la CI del marchio Thommen sono stati standardizzati. Quelli delle altre due marche saranno adattati gradualmente. In futuro, un'app di comunicazione interna promuover\u00e0 la comprensione del gruppo e semplificher\u00e0 la comunicazione con e tra i dipendenti.<\/li>\n<li>Vendite: Qui abbiamo creato posizioni specifiche con diversi profili di requisiti. Questi titolari di posti di lavoro agiscono come product manager o division manager che prendono le decisioni finali per la loro divisione.<\/li>\n<li>Controlling: Con l'introduzione di un sistema di gestione del gruppo, i vari sistemi esistenti sono stati sostituiti dallo strumento ConSense QM. In futuro, questo permetter\u00e0 di confrontare e, se possibile, standardizzare i processi (soprattutto quelli di creazione del valore). Lo stesso vale per i documenti (istruzioni di lavoro, liste di controllo, ecc.). Inoltre, i nuovi processi e documenti possono essere indirizzati direttamente ai dipendenti interessati e confermati da loro.<\/li>\n<\/ul>\n<p><strong>Cosa offre il nuovo sistema di gestione a livello di gruppo? <\/strong><\/p>\n<p>RS: \u00c8 fondamentale per l'architettura del sistema e tutti i flussi di lavoro associati considerare prima esattamente come la struttura dell'azienda, il panorama dei processi e il ruolo dei titolari delle funzioni devono essere definiti. Fino ad ora, i processi e i documenti per il sistema di gestione erano mantenuti in una variet\u00e0 di applicazioni (Word, Visio, Intranet, ecc.) e archiviati in una grande variet\u00e0 di luoghi. Con l'introduzione del nuovo software, questo \u00e8 finito. Tutti i processi e i documenti sono memorizzati centralmente in un unico strumento e vi si pu\u00f2 accedere molto facilmente. Usiamo lo strumento non solo per mappare i processi e per i documenti controllati, ma anche per gestire documenti di verifica, documenti di formazione, manuali e rapporti.<\/p>\n<p><strong>Le tue prime esperienze con il nuovo software? <\/strong><\/p>\n<p>RS: Con i corsi pratici di formazione, Con-Sense ha creato una solida base per l'ulteriore sviluppo del sistema in gran parte autoesplicativo. Inoltre, all'inizio del 2020 sono stati introdotti i moduli di audit e di gestione delle misure, che permettono una gestione efficiente di questi strumenti. Le misure possono anche essere assegnate a una persona responsabile. Questo facilita il monitoraggio dell'attuazione. Le liste pendenti di Excel non esistono pi\u00f9 ....<\/p>\n<p><strong>Come \u00e8 stato realizzato il progetto?<\/strong><\/p>\n<p>RS: Nell'autunno del 2018, la direzione ha dato l'ordine di istituire un sistema di gestione del gruppo per le norme ISO 9001, 14001 e 45001. In una prima fase, tutte le sedi in Svizzera dovevano essere integrate. Con il supporto esterno, \u00e8 stato sviluppato un progetto preliminare nel dicembre 2018, per il quale il consiglio esecutivo ha dato la sua approvazione all'inizio di febbraio 2019. Tuttavia, il progetto non poteva essere implementato con le soluzioni software esistenti. Abbiamo quindi elaborato un catalogo di requisiti e lo abbiamo inviato a sette fornitori di strumenti di QM. Dopo un'attenta valutazione, \u00e8 stato scelto il software di ConSense GmbH. Gli argomenti principali per questo erano: un software moderno e orientato al futuro, un'applicazione semplice per gli utenti, il multilinguismo con un programma di traduzione integrato e una gestione semplice per la persona che inserisce i processi e i documenti. Il software \u00e8 stato ordinato nel giugno 2019. Una sessione di formazione di quattro giorni ha avuto luogo alla fine di luglio 2019. Insieme alla direzione, abbiamo sviluppato un panorama di processi completamente nuovo e definito i principali argomenti dei processi. Le basi per la registrazione nello strumento QM di ConSense sono state cos\u00ec gettate. Quali effetti ha avuto il software sulla ricertificazione dell'azienda? RS: Al momento della ricertificazione a met\u00e0 marzo 2020, circa 600 processi e documenti erano stati registrati nel nuovo strumento e i dipendenti coinvolti nell'audit erano stati formati. La certificazione ha poi avuto successo. Il nostro prossimo obiettivo \u00e8 quello di avere tutti i processi e i documenti registrati e tutti i dipendenti formati entro la fine del 2020. Abbiamo coinvolto gli auditor di SQS nel progetto fin dall'inizio. Il fine settimana prima della certificazione, l'inaspettato blocco di Corona \u00e8 scattato. Dopo aver consultato i revisori, la prima parte (1,5 giorni) \u00e8 stata effettuata con un programma ridotto in loco a Kaiseraugst. Siamo stati in grado di completare la seconda parte della certificazione (4 giorni) con una valutazione a distanza tramite videoconferenza. Questa procedura, creata per le situazioni di emergenza, ha permesso di completare con successo la certificazione.<\/p>\n<p>&nbsp;<\/p>","protected":false},"excerpt":{"rendered":"<p>Nach mehreren \u00dcbernahmen formierte sich der 1936 gegr\u00fcndete Familienbetrieb Anfang 2020 zur Thommen Group mit 23 Standorten, verteilt auf die Schweiz, Deutschland sowie Belgien und Italien. F\u00fcr das Schweizer Recyclinggesch\u00e4ft steht die Marke Thommen mit ihren 10 umfirmierten Standorten, f\u00fcr das internationale Handelsgesch\u00e4ft die Marke Metallum und f\u00fcr den Elektronikschrott die Marke Immark. CEO Dr. [&hellip;]<\/p>\n","protected":false},"author":60,"featured_media":9613,"comment_status":"closed","ping_status":"closed","sticky":false,"template":"","format":"standard","meta":{"_acf_changed":false,"footnotes":""},"categories":[4448],"tags":[4725],"class_list":["post-9607","post","type-post","status-publish","format-standard","has-post-thumbnail","hentry","category-allgemein","tag-11-2020"],"acf":[],"yoast_head":"<!-- This site is optimized with the Yoast SEO plugin v26.2 - https:\/\/yoast.com\/wordpress\/plugins\/seo\/ -->\n<title>Management-Tools f\u00fcr die Gruppe harmonisiert - MQ Management und Qualit\u00e4t<\/title>\n<meta name=\"description\" content=\"Organisches Wachstum, neue Gesch\u00e4ftsfelder und Akquisitionen k\u00f6nnen Firmen markant ver\u00e4ndern. \u00dcber die Jahre gewachsene Strukturen m\u00fcssen deshalb angepasst werden. Das Recycling-Unternehmen Thommen Group hat diesen Schritt erfolgreich vollzogen.\" \/>\n<meta name=\"robots\" content=\"index, follow, max-snippet:-1, max-image-preview:large, max-video-preview:-1\" \/>\n<link rel=\"canonical\" href=\"https:\/\/www.m-q.ch\/it\/strumenti-di-gestione-armonizzati-per-il-gruppo\/\" \/>\n<meta property=\"og:locale\" content=\"it_IT\" \/>\n<meta property=\"og:type\" content=\"article\" \/>\n<meta property=\"og:title\" content=\"Management-Tools f\u00fcr die Gruppe harmonisiert - MQ Management und Qualit\u00e4t\" \/>\n<meta property=\"og:description\" content=\"Organisches Wachstum, neue Gesch\u00e4ftsfelder und Akquisitionen k\u00f6nnen Firmen markant ver\u00e4ndern. \u00dcber die Jahre gewachsene Strukturen m\u00fcssen deshalb angepasst werden. Das Recycling-Unternehmen Thommen Group hat diesen Schritt erfolgreich vollzogen.\" \/>\n<meta property=\"og:url\" content=\"https:\/\/www.m-q.ch\/it\/strumenti-di-gestione-armonizzati-per-il-gruppo\/\" \/>\n<meta property=\"og:site_name\" content=\"MQ Management und Qualit\u00e4t\" \/>\n<meta property=\"article:publisher\" content=\"https:\/\/www.facebook.com\/ManagementUndQualitaet\" \/>\n<meta property=\"article:published_time\" content=\"2020-11-06T16:01:08+00:00\" \/>\n<meta property=\"article:modified_time\" content=\"2021-02-09T07:54:03+00:00\" \/>\n<meta property=\"og:image\" content=\"https:\/\/www.m-q.ch\/wp-content\/uploads\/2020\/11\/Sample-Article-1.jpg\" \/>\n\t<meta property=\"og:image:width\" content=\"571\" \/>\n\t<meta property=\"og:image:height\" content=\"427\" \/>\n\t<meta property=\"og:image:type\" content=\"image\/jpeg\" \/>\n<meta name=\"author\" content=\"upwork\" \/>\n<meta name=\"twitter:card\" content=\"summary_large_image\" \/>\n<meta name=\"twitter:label1\" content=\"Scritto da\" \/>\n\t<meta name=\"twitter:data1\" content=\"upwork\" \/>\n\t<meta name=\"twitter:label2\" content=\"Tempo di lettura stimato\" \/>\n\t<meta name=\"twitter:data2\" content=\"5 minuti\" \/>\n<script type=\"application\/ld+json\" class=\"yoast-schema-graph\">{\"@context\":\"https:\/\/schema.org\",\"@graph\":[{\"@type\":\"Article\",\"@id\":\"https:\/\/www.m-q.ch\/management-tools-fuer-die-gruppe-harmonisiert\/#article\",\"isPartOf\":{\"@id\":\"https:\/\/www.m-q.ch\/management-tools-fuer-die-gruppe-harmonisiert\/\"},\"author\":{\"name\":\"upwork\",\"@id\":\"https:\/\/www.m-q.ch\/fr\/#\/schema\/person\/6044ff1d138701fac0f63fd4c5c93267\"},\"headline\":\"Management-Tools f\u00fcr die Gruppe harmonisiert\",\"datePublished\":\"2020-11-06T16:01:08+00:00\",\"dateModified\":\"2021-02-09T07:54:03+00:00\",\"mainEntityOfPage\":{\"@id\":\"https:\/\/www.m-q.ch\/management-tools-fuer-die-gruppe-harmonisiert\/\"},\"wordCount\":967,\"publisher\":{\"@id\":\"https:\/\/www.m-q.ch\/fr\/#organization\"},\"image\":{\"@id\":\"https:\/\/www.m-q.ch\/management-tools-fuer-die-gruppe-harmonisiert\/#primaryimage\"},\"thumbnailUrl\":\"https:\/\/www.m-q.ch\/wp-content\/uploads\/2020\/11\/Sample-Article-1.jpg\",\"keywords\":[\"11\/2020\"],\"articleSection\":[\"Allgemein\"],\"inLanguage\":\"it-IT\"},{\"@type\":\"WebPage\",\"@id\":\"https:\/\/www.m-q.ch\/management-tools-fuer-die-gruppe-harmonisiert\/\",\"url\":\"https:\/\/www.m-q.ch\/management-tools-fuer-die-gruppe-harmonisiert\/\",\"name\":\"Management-Tools f\u00fcr die Gruppe harmonisiert - MQ Management und Qualit\u00e4t\",\"isPartOf\":{\"@id\":\"https:\/\/www.m-q.ch\/fr\/#website\"},\"primaryImageOfPage\":{\"@id\":\"https:\/\/www.m-q.ch\/management-tools-fuer-die-gruppe-harmonisiert\/#primaryimage\"},\"image\":{\"@id\":\"https:\/\/www.m-q.ch\/management-tools-fuer-die-gruppe-harmonisiert\/#primaryimage\"},\"thumbnailUrl\":\"https:\/\/www.m-q.ch\/wp-content\/uploads\/2020\/11\/Sample-Article-1.jpg\",\"datePublished\":\"2020-11-06T16:01:08+00:00\",\"dateModified\":\"2021-02-09T07:54:03+00:00\",\"description\":\"Organisches Wachstum, neue Gesch\u00e4ftsfelder und Akquisitionen k\u00f6nnen Firmen markant ver\u00e4ndern. \u00dcber die Jahre gewachsene Strukturen m\u00fcssen deshalb angepasst werden. Das Recycling-Unternehmen Thommen Group hat diesen Schritt erfolgreich vollzogen.\",\"breadcrumb\":{\"@id\":\"https:\/\/www.m-q.ch\/management-tools-fuer-die-gruppe-harmonisiert\/#breadcrumb\"},\"inLanguage\":\"it-IT\",\"potentialAction\":[{\"@type\":\"ReadAction\",\"target\":[\"https:\/\/www.m-q.ch\/management-tools-fuer-die-gruppe-harmonisiert\/\"]}]},{\"@type\":\"ImageObject\",\"inLanguage\":\"it-IT\",\"@id\":\"https:\/\/www.m-q.ch\/management-tools-fuer-die-gruppe-harmonisiert\/#primaryimage\",\"url\":\"https:\/\/www.m-q.ch\/wp-content\/uploads\/2020\/11\/Sample-Article-1.jpg\",\"contentUrl\":\"https:\/\/www.m-q.ch\/wp-content\/uploads\/2020\/11\/Sample-Article-1.jpg\",\"width\":571,\"height\":427},{\"@type\":\"BreadcrumbList\",\"@id\":\"https:\/\/www.m-q.ch\/management-tools-fuer-die-gruppe-harmonisiert\/#breadcrumb\",\"itemListElement\":[{\"@type\":\"ListItem\",\"position\":1,\"name\":\"Allgemein\",\"item\":\"https:\/\/www.m-q.ch\/kategorie\/allgemein\/\"},{\"@type\":\"ListItem\",\"position\":2,\"name\":\"Management-Tools f\u00fcr die Gruppe harmonisiert\"}]},{\"@type\":\"WebSite\",\"@id\":\"https:\/\/www.m-q.ch\/fr\/#website\",\"url\":\"https:\/\/www.m-q.ch\/fr\/\",\"name\":\"MQ Management und Qualit\u00e4t\",\"description\":\"Plattform f\u00fcr integrierte Managementsysteme.\",\"publisher\":{\"@id\":\"https:\/\/www.m-q.ch\/fr\/#organization\"},\"potentialAction\":[{\"@type\":\"SearchAction\",\"target\":{\"@type\":\"EntryPoint\",\"urlTemplate\":\"https:\/\/www.m-q.ch\/fr\/?s={search_term_string}\"},\"query-input\":{\"@type\":\"PropertyValueSpecification\",\"valueRequired\":true,\"valueName\":\"search_term_string\"}}],\"inLanguage\":\"it-IT\"},{\"@type\":\"Organization\",\"@id\":\"https:\/\/www.m-q.ch\/fr\/#organization\",\"name\":\"Galledia Fachmedien AG\",\"url\":\"https:\/\/www.m-q.ch\/fr\/\",\"logo\":{\"@type\":\"ImageObject\",\"inLanguage\":\"it-IT\",\"@id\":\"https:\/\/www.m-q.ch\/fr\/#\/schema\/logo\/image\/\",\"url\":\"https:\/\/www.m-q.ch\/wp-content\/uploads\/2020\/12\/cropped-logo_small.png\",\"contentUrl\":\"https:\/\/www.m-q.ch\/wp-content\/uploads\/2020\/12\/cropped-logo_small.png\",\"width\":512,\"height\":512,\"caption\":\"Galledia Fachmedien AG\"},\"image\":{\"@id\":\"https:\/\/www.m-q.ch\/fr\/#\/schema\/logo\/image\/\"},\"sameAs\":[\"https:\/\/www.facebook.com\/ManagementUndQualitaet\",\"https:\/\/www.linkedin.com\/showcase\/17982321\/admin\/\"]},{\"@type\":\"Person\",\"@id\":\"https:\/\/www.m-q.ch\/fr\/#\/schema\/person\/6044ff1d138701fac0f63fd4c5c93267\",\"name\":\"upwork\",\"image\":{\"@type\":\"ImageObject\",\"inLanguage\":\"it-IT\",\"@id\":\"https:\/\/www.m-q.ch\/fr\/#\/schema\/person\/image\/\",\"url\":\"https:\/\/secure.gravatar.com\/avatar\/fe2de2b04483edb0f28eb7fd34d15d6c?s=96&d=mm&r=g\",\"contentUrl\":\"https:\/\/secure.gravatar.com\/avatar\/fe2de2b04483edb0f28eb7fd34d15d6c?s=96&d=mm&r=g\",\"caption\":\"upwork\"},\"description\":\"uf3J7(qCI6jN0^0y6%%0ti70\",\"url\":\"https:\/\/www.m-q.ch\/it\/author\/upwork\/\"}]}<\/script>\n<!-- \/ Yoast SEO plugin. -->","yoast_head_json":{"title":"Strumenti di gestione armonizzati per il Gruppo - MQ Gestione e Qualit\u00e0","description":"La crescita organica, le nuove aree di business e le acquisizioni possono cambiare le aziende in modo significativo. Le strutture che sono cresciute nel corso degli anni devono quindi essere adattate. L'azienda di riciclaggio Thommen Group ha fatto questo passo con successo.","robots":{"index":"index","follow":"follow","max-snippet":"max-snippet:-1","max-image-preview":"max-image-preview:large","max-video-preview":"max-video-preview:-1"},"canonical":"https:\/\/www.m-q.ch\/it\/strumenti-di-gestione-armonizzati-per-il-gruppo\/","og_locale":"it_IT","og_type":"article","og_title":"Management-Tools f\u00fcr die Gruppe harmonisiert - MQ Management und Qualit\u00e4t","og_description":"Organisches Wachstum, neue Gesch\u00e4ftsfelder und Akquisitionen k\u00f6nnen Firmen markant ver\u00e4ndern. \u00dcber die Jahre gewachsene Strukturen m\u00fcssen deshalb angepasst werden. Das Recycling-Unternehmen Thommen Group hat diesen Schritt erfolgreich vollzogen.","og_url":"https:\/\/www.m-q.ch\/it\/strumenti-di-gestione-armonizzati-per-il-gruppo\/","og_site_name":"MQ Management und Qualit\u00e4t","article_publisher":"https:\/\/www.facebook.com\/ManagementUndQualitaet","article_published_time":"2020-11-06T16:01:08+00:00","article_modified_time":"2021-02-09T07:54:03+00:00","og_image":[{"width":571,"height":427,"url":"https:\/\/www.m-q.ch\/wp-content\/uploads\/2020\/11\/Sample-Article-1.jpg","type":"image\/jpeg"}],"author":"upwork","twitter_card":"summary_large_image","twitter_misc":{"Scritto da":"upwork","Tempo di lettura stimato":"5 minuti"},"schema":{"@context":"https:\/\/schema.org","@graph":[{"@type":"Article","@id":"https:\/\/www.m-q.ch\/management-tools-fuer-die-gruppe-harmonisiert\/#article","isPartOf":{"@id":"https:\/\/www.m-q.ch\/management-tools-fuer-die-gruppe-harmonisiert\/"},"author":{"name":"upwork","@id":"https:\/\/www.m-q.ch\/fr\/#\/schema\/person\/6044ff1d138701fac0f63fd4c5c93267"},"headline":"Management-Tools f\u00fcr die Gruppe harmonisiert","datePublished":"2020-11-06T16:01:08+00:00","dateModified":"2021-02-09T07:54:03+00:00","mainEntityOfPage":{"@id":"https:\/\/www.m-q.ch\/management-tools-fuer-die-gruppe-harmonisiert\/"},"wordCount":967,"publisher":{"@id":"https:\/\/www.m-q.ch\/fr\/#organization"},"image":{"@id":"https:\/\/www.m-q.ch\/management-tools-fuer-die-gruppe-harmonisiert\/#primaryimage"},"thumbnailUrl":"https:\/\/www.m-q.ch\/wp-content\/uploads\/2020\/11\/Sample-Article-1.jpg","keywords":["11\/2020"],"articleSection":["Allgemein"],"inLanguage":"it-IT"},{"@type":"WebPage","@id":"https:\/\/www.m-q.ch\/management-tools-fuer-die-gruppe-harmonisiert\/","url":"https:\/\/www.m-q.ch\/management-tools-fuer-die-gruppe-harmonisiert\/","name":"Strumenti di gestione armonizzati per il Gruppo - MQ Gestione e Qualit\u00e0","isPartOf":{"@id":"https:\/\/www.m-q.ch\/fr\/#website"},"primaryImageOfPage":{"@id":"https:\/\/www.m-q.ch\/management-tools-fuer-die-gruppe-harmonisiert\/#primaryimage"},"image":{"@id":"https:\/\/www.m-q.ch\/management-tools-fuer-die-gruppe-harmonisiert\/#primaryimage"},"thumbnailUrl":"https:\/\/www.m-q.ch\/wp-content\/uploads\/2020\/11\/Sample-Article-1.jpg","datePublished":"2020-11-06T16:01:08+00:00","dateModified":"2021-02-09T07:54:03+00:00","description":"La crescita organica, le nuove aree di business e le acquisizioni possono cambiare le aziende in modo significativo. Le strutture che sono cresciute nel corso degli anni devono quindi essere adattate. L'azienda di riciclaggio Thommen Group ha fatto questo passo con successo.","breadcrumb":{"@id":"https:\/\/www.m-q.ch\/management-tools-fuer-die-gruppe-harmonisiert\/#breadcrumb"},"inLanguage":"it-IT","potentialAction":[{"@type":"ReadAction","target":["https:\/\/www.m-q.ch\/management-tools-fuer-die-gruppe-harmonisiert\/"]}]},{"@type":"ImageObject","inLanguage":"it-IT","@id":"https:\/\/www.m-q.ch\/management-tools-fuer-die-gruppe-harmonisiert\/#primaryimage","url":"https:\/\/www.m-q.ch\/wp-content\/uploads\/2020\/11\/Sample-Article-1.jpg","contentUrl":"https:\/\/www.m-q.ch\/wp-content\/uploads\/2020\/11\/Sample-Article-1.jpg","width":571,"height":427},{"@type":"BreadcrumbList","@id":"https:\/\/www.m-q.ch\/management-tools-fuer-die-gruppe-harmonisiert\/#breadcrumb","itemListElement":[{"@type":"ListItem","position":1,"name":"Allgemein","item":"https:\/\/www.m-q.ch\/kategorie\/allgemein\/"},{"@type":"ListItem","position":2,"name":"Management-Tools f\u00fcr die Gruppe harmonisiert"}]},{"@type":"WebSite","@id":"https:\/\/www.m-q.ch\/fr\/#website","url":"https:\/\/www.m-q.ch\/fr\/","name":"Gestione e qualit\u00e0 MQ","description":"Piattaforma per sistemi di gestione integrati.","publisher":{"@id":"https:\/\/www.m-q.ch\/fr\/#organization"},"potentialAction":[{"@type":"SearchAction","target":{"@type":"EntryPoint","urlTemplate":"https:\/\/www.m-q.ch\/fr\/?s={search_term_string}"},"query-input":{"@type":"PropertyValueSpecification","valueRequired":true,"valueName":"search_term_string"}}],"inLanguage":"it-IT"},{"@type":"Organization","@id":"https:\/\/www.m-q.ch\/fr\/#organization","name":"Galledia Fachmedien AG","url":"https:\/\/www.m-q.ch\/fr\/","logo":{"@type":"ImageObject","inLanguage":"it-IT","@id":"https:\/\/www.m-q.ch\/fr\/#\/schema\/logo\/image\/","url":"https:\/\/www.m-q.ch\/wp-content\/uploads\/2020\/12\/cropped-logo_small.png","contentUrl":"https:\/\/www.m-q.ch\/wp-content\/uploads\/2020\/12\/cropped-logo_small.png","width":512,"height":512,"caption":"Galledia Fachmedien AG"},"image":{"@id":"https:\/\/www.m-q.ch\/fr\/#\/schema\/logo\/image\/"},"sameAs":["https:\/\/www.facebook.com\/ManagementUndQualitaet","https:\/\/www.linkedin.com\/showcase\/17982321\/admin\/"]},{"@type":"Person","@id":"https:\/\/www.m-q.ch\/fr\/#\/schema\/person\/6044ff1d138701fac0f63fd4c5c93267","name":"upwork","image":{"@type":"ImageObject","inLanguage":"it-IT","@id":"https:\/\/www.m-q.ch\/fr\/#\/schema\/person\/image\/","url":"https:\/\/secure.gravatar.com\/avatar\/fe2de2b04483edb0f28eb7fd34d15d6c?s=96&d=mm&r=g","contentUrl":"https:\/\/secure.gravatar.com\/avatar\/fe2de2b04483edb0f28eb7fd34d15d6c?s=96&d=mm&r=g","caption":"upwork"},"description":"uf3J7(qCI6jN0^0y6%%0ti70","url":"https:\/\/www.m-q.ch\/it\/author\/upwork\/"}]}},"_links":{"self":[{"href":"https:\/\/www.m-q.ch\/it\/wp-json\/wp\/v2\/posts\/9607","targetHints":{"allow":["GET"]}}],"collection":[{"href":"https:\/\/www.m-q.ch\/it\/wp-json\/wp\/v2\/posts"}],"about":[{"href":"https:\/\/www.m-q.ch\/it\/wp-json\/wp\/v2\/types\/post"}],"author":[{"embeddable":true,"href":"https:\/\/www.m-q.ch\/it\/wp-json\/wp\/v2\/users\/60"}],"replies":[{"embeddable":true,"href":"https:\/\/www.m-q.ch\/it\/wp-json\/wp\/v2\/comments?post=9607"}],"version-history":[{"count":6,"href":"https:\/\/www.m-q.ch\/it\/wp-json\/wp\/v2\/posts\/9607\/revisions"}],"predecessor-version":[{"id":10036,"href":"https:\/\/www.m-q.ch\/it\/wp-json\/wp\/v2\/posts\/9607\/revisions\/10036"}],"wp:featuredmedia":[{"embeddable":true,"href":"https:\/\/www.m-q.ch\/it\/wp-json\/wp\/v2\/media\/9613"}],"wp:attachment":[{"href":"https:\/\/www.m-q.ch\/it\/wp-json\/wp\/v2\/media?parent=9607"}],"wp:term":[{"taxonomy":"category","embeddable":true,"href":"https:\/\/www.m-q.ch\/it\/wp-json\/wp\/v2\/categories?post=9607"},{"taxonomy":"post_tag","embeddable":true,"href":"https:\/\/www.m-q.ch\/it\/wp-json\/wp\/v2\/tags?post=9607"}],"curies":[{"name":"wp","href":"https:\/\/api.w.org\/{rel}","templated":true}]}}