{"id":9807,"date":"2019-04-05T10:09:16","date_gmt":"2019-04-05T08:09:16","guid":{"rendered":"https:\/\/www.m-q.ch\/?p=9807"},"modified":"2021-02-08T16:39:08","modified_gmt":"2021-02-08T15:39:08","slug":"indicatori-e-rapporti-ambientali","status":"publish","type":"post","link":"https:\/\/www.m-q.ch\/it\/indicateurs-et-reporting-environnemental\/","title":{"rendered":"Indicatori e rapporti ambientali"},"content":{"rendered":"<p><img loading=\"lazy\" decoding=\"async\" class=\"alignnone size-full wp-image-9809\" src=\"https:\/\/www.m-q.ch\/wp-content\/uploads\/2021\/02\/Indicateurs-et-reporting-environnemental-1.jpg\" alt=\"Indicatori e rapporti ambientali\" width=\"885\" height=\"576\" srcset=\"https:\/\/www.m-q.ch\/wp-content\/uploads\/2021\/02\/Indicateurs-et-reporting-environnemental-1.jpg 885w, https:\/\/www.m-q.ch\/wp-content\/uploads\/2021\/02\/Indicateurs-et-reporting-environnemental-1-768x500.jpg 768w, https:\/\/www.m-q.ch\/wp-content\/uploads\/2021\/02\/Indicateurs-et-reporting-environnemental-1-16x10.jpg 16w, https:\/\/www.m-q.ch\/wp-content\/uploads\/2021\/02\/Indicateurs-et-reporting-environnemental-1-269x175.jpg 269w, https:\/\/www.m-q.ch\/wp-content\/uploads\/2021\/02\/Indicateurs-et-reporting-environnemental-1-538x350.jpg 538w, https:\/\/www.m-q.ch\/wp-content\/uploads\/2021\/02\/Indicateurs-et-reporting-environnemental-1-300x195.jpg 300w\" sizes=\"auto, (max-width: 885px) 100vw, 885px\" \/><\/p>\n<p>Prima di poter migliorare o addirittura comunicare, un'azienda deve capire il proprio sistema, identificare i suoi impatti ambientali significativi e misurare e documentare gli elementi chiave. Per fare questo, ha bisogno di indicatori che le permettano di quantificare i suoi impatti, di valutare la loro importanza in relazione ad altre questioni ambientali, e di confrontarsi con altre organizzazioni all'interno o all'esterno del suo settore.<\/p>\n<p>&nbsp;<\/p>\n<p>L'istituzione di buoni indicatori (litri d'acqua necessari per produrre un chilogrammo di caff\u00e8, chilogrammi di CO2 prodotti per rifornire un cliente, percentuale di fornitori di frutta certificata come \"organica\", etc.) richiede spesso tempo e risorse.) richiede spesso tempo e risorse, ma \u00e8 ci\u00f2 che permette di seguire l'evoluzione del suo impatto ambientale nel tempo.<\/p>\n<p>&nbsp;<\/p>\n<p>Solo quando avr\u00e0 compreso in dettaglio il suo impatto ambientale lungo tutta la sua catena di produzione a valore aggiunto, sar\u00e0 in grado di prendere le decisioni giuste e fornire informazioni su questioni complesse come il clima, la biodiversit\u00e0 e gli imballaggi di plastica.<\/p>\n<p><strong>Uno strumento per la gestione <\/strong><br \/>\nA livello finanziario, nessuno pu\u00f2 creare un'impresa senza avere un bilancio e un sistema di controllo regolare, a volte molto dettagliato. \u00c8 persino richiesto dalla legge che una societ\u00e0 sia pubblica, privata o anche un'associazione. Senza queste informazioni di base, sarebbe impossibile gestire un'azienda e prendere le giuste decisioni.<\/p>\n<p>&nbsp;<\/p>\n<p>Lo stesso vale per l'ambiente. \u00c8 solo disponendo di informazioni solide e quantificate sul suo impatto ambientale che un'azienda pu\u00f2 migliorare le sue prestazioni ambientali nel tempo. Pu\u00f2 quindi fare le scelte giuste in termini di processi e tecnologia, investire al momento giusto e nel posto giusto, e garantire che le sue decisioni portino un reale miglioramento.<\/p>\n<p>&nbsp;<\/p>\n<p>A tal fine, combina indicatori generali per il monitoraggio delle sue prestazioni ambientali su diversi anni e indicatori pi\u00f9 specifici legati ai progetti che sono stati messi in atto. Elle veillera \u00e0 ce que les indicateurs g\u00e9n\u00e9raux soient affect\u00e9s \u00e0 ses impacts environnementaux les plus significatifs.<\/p>\n<p>&nbsp;<\/p>\n<p>Senza indicatori adeguati, le questioni ambientali non possono essere integrate nella gestione, altrimenti si limitano a misure annesse o cosmetiche.<\/p>\n<p><strong>Una base per la comunicazione <\/strong><br \/>\nIn termini di comunicazione esterna e interna, gli indicatori permettono di mostrare quali sono le sfide ambientali dell'azienda e in che misura sta lavorando su di esse. Gli indicatori per la comunicazione devono essere scelti bene in modo che siano comprensibili, credibili e abbiano un significato in relazione alle attivit\u00e0 dell'azienda.<\/p>\n<p>&nbsp;<\/p>\n<p>\u00c8 anche importante collegarli al prodotto in modo tale che il cliente possa fare il collegamento con il proprio impatto e confrontarlo con le altre alternative che sono in offerta. Pu\u00f2 essere interessante in questo contesto collaborare con organizzazioni esterne, offrendo una visione d'insieme e un confronto tra i concorrenti. Pu\u00f2 essere fatto attraverso le ONG o le associazioni industriali.<\/p>\n<p><strong>Uno strumento trasversale nell'impresa <\/strong><br \/>\nCome possiamo vedere, gli indicatori e il reporting ambientale devono essere implementati e utilizzati in modo trasversale all'interno dell'azienda. Mentre la loro implementazione e misurazione \u00e8 spesso responsabilit\u00e0 del responsabile ambientale o di professionisti specializzati, il loro uso deve essere portato avanti dalla direzione, e ci deve essere una forte cooperazione, sia con la produzione che con la comunicazione, per avere un approccio coerente e integrato, e non cadere nel greenwashing.<\/p>\n<p>&nbsp;<\/p>\n<p>A livello pragmatico, si vuole anche rimanere il pi\u00f9 semplice possibile, troppe informazioni portano all'informazione, e nel settore, la semplicit\u00e0 \u00e8 segno di maestria.<\/p>","protected":false},"excerpt":{"rendered":"<p>Avant de pouvoir s\u2019am\u00e9liorer ou m\u00eame de songer \u00e0 communiquer, une entreprise doit comprendre son propre syst\u00e8me, identifier ses impacts significatifs sur l\u2019environnement, et mesurer et documenter les \u00e9l\u00e9ments cl\u00e9s. Pour cela, elle a besoin d\u2019indicateurs qui lui permettent de quantifier ses impacts, d\u2019\u00e9valuer leur importance par rapport aux autres th\u00e9matiques environnementales, et de se [&hellip;]<\/p>\n","protected":false},"author":62,"featured_media":9809,"comment_status":"closed","ping_status":"closed","sticky":false,"template":"","format":"standard","meta":{"_acf_changed":false,"footnotes":""},"categories":[5],"tags":[4730],"class_list":["post-9807","post","type-post","status-publish","format-standard","has-post-thumbnail","hentry","category-business_excellence","tag-04-2019"],"acf":[],"yoast_head":"<!-- This site is optimized with the Yoast SEO plugin v26.2 - https:\/\/yoast.com\/wordpress\/plugins\/seo\/ -->\n<title>Indicateurs et reporting environnemental - MQ Management und Qualit\u00e4t<\/title>\n<meta name=\"description\" content=\"Les th\u00e8mes du climat, de la biodiversit\u00e9 et des emballages plastiques fontaujourd\u2019hui la une des journaux. Les consommateurs et les clients se questionnentde plus en plus, et attendent de leurs fournisseurs des r\u00e9ponses d\u2019une part enmati\u00e8re d\u2019information et de transparence, et d\u2019autre part en ce qui concernel\u2019am\u00e9lioration et les solutions. Face \u00e0 cela, les entreprises sont souvent dans unpremier temps d\u00e9munies, sans compter que l\u2019environnement ne se limite pas \u00e0ces trois th\u00e9matiques, mais concerne tout autant les th\u00e8mes de l\u2019eau, de l\u2019air,de l\u2019\u00e9nergie, ou encore de la consommation de ressources.\" \/>\n<meta name=\"robots\" content=\"index, follow, max-snippet:-1, max-image-preview:large, max-video-preview:-1\" \/>\n<link rel=\"canonical\" href=\"https:\/\/www.m-q.ch\/it\/indicatori-e-rapporti-ambientali\/\" \/>\n<meta property=\"og:locale\" content=\"it_IT\" \/>\n<meta property=\"og:type\" content=\"article\" \/>\n<meta property=\"og:title\" content=\"Indicateurs et reporting environnemental - MQ Management und Qualit\u00e4t\" \/>\n<meta property=\"og:description\" content=\"Les th\u00e8mes du climat, de la biodiversit\u00e9 et des emballages plastiques fontaujourd\u2019hui la une des journaux. Les consommateurs et les clients se questionnentde plus en plus, et attendent de leurs fournisseurs des r\u00e9ponses d\u2019une part enmati\u00e8re d\u2019information et de transparence, et d\u2019autre part en ce qui concernel\u2019am\u00e9lioration et les solutions. Face \u00e0 cela, les entreprises sont souvent dans unpremier temps d\u00e9munies, sans compter que l\u2019environnement ne se limite pas \u00e0ces trois th\u00e9matiques, mais concerne tout autant les th\u00e8mes de l\u2019eau, de l\u2019air,de l\u2019\u00e9nergie, ou encore de la consommation de ressources.\" \/>\n<meta property=\"og:url\" content=\"https:\/\/www.m-q.ch\/it\/indicatori-e-rapporti-ambientali\/\" \/>\n<meta property=\"og:site_name\" content=\"MQ Management und Qualit\u00e4t\" \/>\n<meta property=\"article:publisher\" content=\"https:\/\/www.facebook.com\/ManagementUndQualitaet\" \/>\n<meta property=\"article:published_time\" content=\"2019-04-05T08:09:16+00:00\" \/>\n<meta property=\"article:modified_time\" content=\"2021-02-08T15:39:08+00:00\" \/>\n<meta property=\"og:image\" content=\"https:\/\/www.m-q.ch\/wp-content\/uploads\/2021\/02\/Indicateurs-et-reporting-environnemental-1.jpg\" \/>\n\t<meta property=\"og:image:width\" content=\"885\" \/>\n\t<meta property=\"og:image:height\" content=\"576\" \/>\n\t<meta property=\"og:image:type\" content=\"image\/jpeg\" \/>\n<meta name=\"author\" content=\"upwork_2\" \/>\n<meta name=\"twitter:card\" content=\"summary_large_image\" \/>\n<meta name=\"twitter:label1\" content=\"Scritto da\" \/>\n\t<meta name=\"twitter:data1\" content=\"upwork_2\" \/>\n\t<meta name=\"twitter:label2\" content=\"Tempo di lettura stimato\" \/>\n\t<meta name=\"twitter:data2\" content=\"3 minuti\" \/>\n<script type=\"application\/ld+json\" class=\"yoast-schema-graph\">{\"@context\":\"https:\/\/schema.org\",\"@graph\":[{\"@type\":\"Article\",\"@id\":\"https:\/\/www.m-q.ch\/indicateurs-et-reporting-environnemental\/#article\",\"isPartOf\":{\"@id\":\"https:\/\/www.m-q.ch\/indicateurs-et-reporting-environnemental\/\"},\"author\":{\"name\":\"upwork_2\",\"@id\":\"https:\/\/www.m-q.ch\/fr\/#\/schema\/person\/71f647a41e4a3e361e6230f5134f3ba9\"},\"headline\":\"Indicateurs et reporting environnemental\",\"datePublished\":\"2019-04-05T08:09:16+00:00\",\"dateModified\":\"2021-02-08T15:39:08+00:00\",\"mainEntityOfPage\":{\"@id\":\"https:\/\/www.m-q.ch\/indicateurs-et-reporting-environnemental\/\"},\"wordCount\":699,\"publisher\":{\"@id\":\"https:\/\/www.m-q.ch\/fr\/#organization\"},\"image\":{\"@id\":\"https:\/\/www.m-q.ch\/indicateurs-et-reporting-environnemental\/#primaryimage\"},\"thumbnailUrl\":\"https:\/\/www.m-q.ch\/wp-content\/uploads\/2021\/02\/Indicateurs-et-reporting-environnemental-1.jpg\",\"keywords\":[\"04\/2019\"],\"articleSection\":[\"Business Excellence\"],\"inLanguage\":\"it-IT\"},{\"@type\":\"WebPage\",\"@id\":\"https:\/\/www.m-q.ch\/indicateurs-et-reporting-environnemental\/\",\"url\":\"https:\/\/www.m-q.ch\/indicateurs-et-reporting-environnemental\/\",\"name\":\"Indicateurs et reporting environnemental - MQ Management und Qualit\u00e4t\",\"isPartOf\":{\"@id\":\"https:\/\/www.m-q.ch\/fr\/#website\"},\"primaryImageOfPage\":{\"@id\":\"https:\/\/www.m-q.ch\/indicateurs-et-reporting-environnemental\/#primaryimage\"},\"image\":{\"@id\":\"https:\/\/www.m-q.ch\/indicateurs-et-reporting-environnemental\/#primaryimage\"},\"thumbnailUrl\":\"https:\/\/www.m-q.ch\/wp-content\/uploads\/2021\/02\/Indicateurs-et-reporting-environnemental-1.jpg\",\"datePublished\":\"2019-04-05T08:09:16+00:00\",\"dateModified\":\"2021-02-08T15:39:08+00:00\",\"description\":\"Les th\u00e8mes du climat, de la biodiversit\u00e9 et des emballages plastiques fontaujourd\u2019hui la une des journaux. Les consommateurs et les clients se questionnentde plus en plus, et attendent de leurs fournisseurs des r\u00e9ponses d\u2019une part enmati\u00e8re d\u2019information et de transparence, et d\u2019autre part en ce qui concernel\u2019am\u00e9lioration et les solutions. Face \u00e0 cela, les entreprises sont souvent dans unpremier temps d\u00e9munies, sans compter que l\u2019environnement ne se limite pas \u00e0ces trois th\u00e9matiques, mais concerne tout autant les th\u00e8mes de l\u2019eau, de l\u2019air,de l\u2019\u00e9nergie, ou encore de la consommation de ressources.\",\"breadcrumb\":{\"@id\":\"https:\/\/www.m-q.ch\/indicateurs-et-reporting-environnemental\/#breadcrumb\"},\"inLanguage\":\"it-IT\",\"potentialAction\":[{\"@type\":\"ReadAction\",\"target\":[\"https:\/\/www.m-q.ch\/indicateurs-et-reporting-environnemental\/\"]}]},{\"@type\":\"ImageObject\",\"inLanguage\":\"it-IT\",\"@id\":\"https:\/\/www.m-q.ch\/indicateurs-et-reporting-environnemental\/#primaryimage\",\"url\":\"https:\/\/www.m-q.ch\/wp-content\/uploads\/2021\/02\/Indicateurs-et-reporting-environnemental-1.jpg\",\"contentUrl\":\"https:\/\/www.m-q.ch\/wp-content\/uploads\/2021\/02\/Indicateurs-et-reporting-environnemental-1.jpg\",\"width\":885,\"height\":576},{\"@type\":\"BreadcrumbList\",\"@id\":\"https:\/\/www.m-q.ch\/indicateurs-et-reporting-environnemental\/#breadcrumb\",\"itemListElement\":[{\"@type\":\"ListItem\",\"position\":1,\"name\":\"Business Excellence\",\"item\":\"https:\/\/www.m-q.ch\/kategorie\/business_excellence\/\"},{\"@type\":\"ListItem\",\"position\":2,\"name\":\"Indicateurs et reporting environnemental\"}]},{\"@type\":\"WebSite\",\"@id\":\"https:\/\/www.m-q.ch\/fr\/#website\",\"url\":\"https:\/\/www.m-q.ch\/fr\/\",\"name\":\"MQ Management und Qualit\u00e4t\",\"description\":\"Plattform f\u00fcr integrierte Managementsysteme.\",\"publisher\":{\"@id\":\"https:\/\/www.m-q.ch\/fr\/#organization\"},\"potentialAction\":[{\"@type\":\"SearchAction\",\"target\":{\"@type\":\"EntryPoint\",\"urlTemplate\":\"https:\/\/www.m-q.ch\/fr\/?s={search_term_string}\"},\"query-input\":{\"@type\":\"PropertyValueSpecification\",\"valueRequired\":true,\"valueName\":\"search_term_string\"}}],\"inLanguage\":\"it-IT\"},{\"@type\":\"Organization\",\"@id\":\"https:\/\/www.m-q.ch\/fr\/#organization\",\"name\":\"Galledia Fachmedien AG\",\"url\":\"https:\/\/www.m-q.ch\/fr\/\",\"logo\":{\"@type\":\"ImageObject\",\"inLanguage\":\"it-IT\",\"@id\":\"https:\/\/www.m-q.ch\/fr\/#\/schema\/logo\/image\/\",\"url\":\"https:\/\/www.m-q.ch\/wp-content\/uploads\/2020\/12\/cropped-logo_small.png\",\"contentUrl\":\"https:\/\/www.m-q.ch\/wp-content\/uploads\/2020\/12\/cropped-logo_small.png\",\"width\":512,\"height\":512,\"caption\":\"Galledia Fachmedien AG\"},\"image\":{\"@id\":\"https:\/\/www.m-q.ch\/fr\/#\/schema\/logo\/image\/\"},\"sameAs\":[\"https:\/\/www.facebook.com\/ManagementUndQualitaet\",\"https:\/\/www.linkedin.com\/showcase\/17982321\/admin\/\"]},{\"@type\":\"Person\",\"@id\":\"https:\/\/www.m-q.ch\/fr\/#\/schema\/person\/71f647a41e4a3e361e6230f5134f3ba9\",\"name\":\"upwork_2\",\"image\":{\"@type\":\"ImageObject\",\"inLanguage\":\"it-IT\",\"@id\":\"https:\/\/www.m-q.ch\/fr\/#\/schema\/person\/image\/\",\"url\":\"https:\/\/secure.gravatar.com\/avatar\/777b90ab56092bbf3c85feacda5c1bce?s=96&d=mm&r=g\",\"contentUrl\":\"https:\/\/secure.gravatar.com\/avatar\/777b90ab56092bbf3c85feacda5c1bce?s=96&d=mm&r=g\",\"caption\":\"upwork_2\"},\"url\":\"https:\/\/www.m-q.ch\/it\/author\/upwork_2\/\"}]}<\/script>\n<!-- \/ Yoast SEO plugin. -->","yoast_head_json":{"title":"Indicateurs et reporting environnemental - MQ Gestione e qualit\u00e0","description":"Le questioni del clima, della biodiversit\u00e0 e degli imballaggi di plastica dominano ormai le notizie. I consumatori e i clienti fanno sempre pi\u00f9 domande e si aspettano che i loro fornitori rispondano, da un lato, con informazioni e trasparenza e, dall'altro, con miglioramenti e soluzioni. Di fronte a ci\u00f2, le imprese vengono spesso demonizzate ad un ritmo senza precedenti, nonostante il fatto che l'ambiente non si limiti a tre sole questioni, ma riguardi anche questioni come l'acqua, l'aria, l'energia e persino il consumo di risorse.","robots":{"index":"index","follow":"follow","max-snippet":"max-snippet:-1","max-image-preview":"max-image-preview:large","max-video-preview":"max-video-preview:-1"},"canonical":"https:\/\/www.m-q.ch\/it\/indicatori-e-rapporti-ambientali\/","og_locale":"it_IT","og_type":"article","og_title":"Indicateurs et reporting environnemental - MQ Management und Qualit\u00e4t","og_description":"Les th\u00e8mes du climat, de la biodiversit\u00e9 et des emballages plastiques fontaujourd\u2019hui la une des journaux. Les consommateurs et les clients se questionnentde plus en plus, et attendent de leurs fournisseurs des r\u00e9ponses d\u2019une part enmati\u00e8re d\u2019information et de transparence, et d\u2019autre part en ce qui concernel\u2019am\u00e9lioration et les solutions. Face \u00e0 cela, les entreprises sont souvent dans unpremier temps d\u00e9munies, sans compter que l\u2019environnement ne se limite pas \u00e0ces trois th\u00e9matiques, mais concerne tout autant les th\u00e8mes de l\u2019eau, de l\u2019air,de l\u2019\u00e9nergie, ou encore de la consommation de ressources.","og_url":"https:\/\/www.m-q.ch\/it\/indicatori-e-rapporti-ambientali\/","og_site_name":"MQ Management und Qualit\u00e4t","article_publisher":"https:\/\/www.facebook.com\/ManagementUndQualitaet","article_published_time":"2019-04-05T08:09:16+00:00","article_modified_time":"2021-02-08T15:39:08+00:00","og_image":[{"width":885,"height":576,"url":"https:\/\/www.m-q.ch\/wp-content\/uploads\/2021\/02\/Indicateurs-et-reporting-environnemental-1.jpg","type":"image\/jpeg"}],"author":"upwork_2","twitter_card":"summary_large_image","twitter_misc":{"Scritto da":"upwork_2","Tempo di lettura stimato":"3 minuti"},"schema":{"@context":"https:\/\/schema.org","@graph":[{"@type":"Article","@id":"https:\/\/www.m-q.ch\/indicateurs-et-reporting-environnemental\/#article","isPartOf":{"@id":"https:\/\/www.m-q.ch\/indicateurs-et-reporting-environnemental\/"},"author":{"name":"upwork_2","@id":"https:\/\/www.m-q.ch\/fr\/#\/schema\/person\/71f647a41e4a3e361e6230f5134f3ba9"},"headline":"Indicateurs et reporting environnemental","datePublished":"2019-04-05T08:09:16+00:00","dateModified":"2021-02-08T15:39:08+00:00","mainEntityOfPage":{"@id":"https:\/\/www.m-q.ch\/indicateurs-et-reporting-environnemental\/"},"wordCount":699,"publisher":{"@id":"https:\/\/www.m-q.ch\/fr\/#organization"},"image":{"@id":"https:\/\/www.m-q.ch\/indicateurs-et-reporting-environnemental\/#primaryimage"},"thumbnailUrl":"https:\/\/www.m-q.ch\/wp-content\/uploads\/2021\/02\/Indicateurs-et-reporting-environnemental-1.jpg","keywords":["04\/2019"],"articleSection":["Business Excellence"],"inLanguage":"it-IT"},{"@type":"WebPage","@id":"https:\/\/www.m-q.ch\/indicateurs-et-reporting-environnemental\/","url":"https:\/\/www.m-q.ch\/indicateurs-et-reporting-environnemental\/","name":"Indicateurs et reporting environnemental - MQ Gestione e qualit\u00e0","isPartOf":{"@id":"https:\/\/www.m-q.ch\/fr\/#website"},"primaryImageOfPage":{"@id":"https:\/\/www.m-q.ch\/indicateurs-et-reporting-environnemental\/#primaryimage"},"image":{"@id":"https:\/\/www.m-q.ch\/indicateurs-et-reporting-environnemental\/#primaryimage"},"thumbnailUrl":"https:\/\/www.m-q.ch\/wp-content\/uploads\/2021\/02\/Indicateurs-et-reporting-environnemental-1.jpg","datePublished":"2019-04-05T08:09:16+00:00","dateModified":"2021-02-08T15:39:08+00:00","description":"Le questioni del clima, della biodiversit\u00e0 e degli imballaggi di plastica dominano ormai le notizie. I consumatori e i clienti fanno sempre pi\u00f9 domande e si aspettano che i loro fornitori rispondano, da un lato, con informazioni e trasparenza e, dall'altro, con miglioramenti e soluzioni. Di fronte a ci\u00f2, le imprese vengono spesso demonizzate ad un ritmo senza precedenti, nonostante il fatto che l'ambiente non si limiti a tre sole questioni, ma riguardi anche questioni come l'acqua, l'aria, l'energia e persino il consumo di risorse.","breadcrumb":{"@id":"https:\/\/www.m-q.ch\/indicateurs-et-reporting-environnemental\/#breadcrumb"},"inLanguage":"it-IT","potentialAction":[{"@type":"ReadAction","target":["https:\/\/www.m-q.ch\/indicateurs-et-reporting-environnemental\/"]}]},{"@type":"ImageObject","inLanguage":"it-IT","@id":"https:\/\/www.m-q.ch\/indicateurs-et-reporting-environnemental\/#primaryimage","url":"https:\/\/www.m-q.ch\/wp-content\/uploads\/2021\/02\/Indicateurs-et-reporting-environnemental-1.jpg","contentUrl":"https:\/\/www.m-q.ch\/wp-content\/uploads\/2021\/02\/Indicateurs-et-reporting-environnemental-1.jpg","width":885,"height":576},{"@type":"BreadcrumbList","@id":"https:\/\/www.m-q.ch\/indicateurs-et-reporting-environnemental\/#breadcrumb","itemListElement":[{"@type":"ListItem","position":1,"name":"Business Excellence","item":"https:\/\/www.m-q.ch\/kategorie\/business_excellence\/"},{"@type":"ListItem","position":2,"name":"Indicateurs et reporting environnemental"}]},{"@type":"WebSite","@id":"https:\/\/www.m-q.ch\/fr\/#website","url":"https:\/\/www.m-q.ch\/fr\/","name":"Gestione e qualit\u00e0 MQ","description":"Piattaforma per sistemi di gestione integrati.","publisher":{"@id":"https:\/\/www.m-q.ch\/fr\/#organization"},"potentialAction":[{"@type":"SearchAction","target":{"@type":"EntryPoint","urlTemplate":"https:\/\/www.m-q.ch\/fr\/?s={search_term_string}"},"query-input":{"@type":"PropertyValueSpecification","valueRequired":true,"valueName":"search_term_string"}}],"inLanguage":"it-IT"},{"@type":"Organization","@id":"https:\/\/www.m-q.ch\/fr\/#organization","name":"Galledia Fachmedien AG","url":"https:\/\/www.m-q.ch\/fr\/","logo":{"@type":"ImageObject","inLanguage":"it-IT","@id":"https:\/\/www.m-q.ch\/fr\/#\/schema\/logo\/image\/","url":"https:\/\/www.m-q.ch\/wp-content\/uploads\/2020\/12\/cropped-logo_small.png","contentUrl":"https:\/\/www.m-q.ch\/wp-content\/uploads\/2020\/12\/cropped-logo_small.png","width":512,"height":512,"caption":"Galledia Fachmedien AG"},"image":{"@id":"https:\/\/www.m-q.ch\/fr\/#\/schema\/logo\/image\/"},"sameAs":["https:\/\/www.facebook.com\/ManagementUndQualitaet","https:\/\/www.linkedin.com\/showcase\/17982321\/admin\/"]},{"@type":"Person","@id":"https:\/\/www.m-q.ch\/fr\/#\/schema\/person\/71f647a41e4a3e361e6230f5134f3ba9","name":"upwork_2","image":{"@type":"ImageObject","inLanguage":"it-IT","@id":"https:\/\/www.m-q.ch\/fr\/#\/schema\/person\/image\/","url":"https:\/\/secure.gravatar.com\/avatar\/777b90ab56092bbf3c85feacda5c1bce?s=96&d=mm&r=g","contentUrl":"https:\/\/secure.gravatar.com\/avatar\/777b90ab56092bbf3c85feacda5c1bce?s=96&d=mm&r=g","caption":"upwork_2"},"url":"https:\/\/www.m-q.ch\/it\/author\/upwork_2\/"}]}},"_links":{"self":[{"href":"https:\/\/www.m-q.ch\/it\/wp-json\/wp\/v2\/posts\/9807","targetHints":{"allow":["GET"]}}],"collection":[{"href":"https:\/\/www.m-q.ch\/it\/wp-json\/wp\/v2\/posts"}],"about":[{"href":"https:\/\/www.m-q.ch\/it\/wp-json\/wp\/v2\/types\/post"}],"author":[{"embeddable":true,"href":"https:\/\/www.m-q.ch\/it\/wp-json\/wp\/v2\/users\/62"}],"replies":[{"embeddable":true,"href":"https:\/\/www.m-q.ch\/it\/wp-json\/wp\/v2\/comments?post=9807"}],"version-history":[{"count":1,"href":"https:\/\/www.m-q.ch\/it\/wp-json\/wp\/v2\/posts\/9807\/revisions"}],"predecessor-version":[{"id":9810,"href":"https:\/\/www.m-q.ch\/it\/wp-json\/wp\/v2\/posts\/9807\/revisions\/9810"}],"wp:featuredmedia":[{"embeddable":true,"href":"https:\/\/www.m-q.ch\/it\/wp-json\/wp\/v2\/media\/9809"}],"wp:attachment":[{"href":"https:\/\/www.m-q.ch\/it\/wp-json\/wp\/v2\/media?parent=9807"}],"wp:term":[{"taxonomy":"category","embeddable":true,"href":"https:\/\/www.m-q.ch\/it\/wp-json\/wp\/v2\/categories?post=9807"},{"taxonomy":"post_tag","embeddable":true,"href":"https:\/\/www.m-q.ch\/it\/wp-json\/wp\/v2\/tags?post=9807"}],"curies":[{"name":"wp","href":"https:\/\/api.w.org\/{rel}","templated":true}]}}