{"id":9863,"date":"2019-07-30T12:16:42","date_gmt":"2019-07-30T10:16:42","guid":{"rendered":"https:\/\/www.m-q.ch\/?p=9863"},"modified":"2021-02-08T16:44:12","modified_gmt":"2021-02-08T15:44:12","slug":"la-standardizzazione-collega-il-mondo","status":"publish","type":"post","link":"https:\/\/www.m-q.ch\/it\/normung-verbindet-die-welt\/","title":{"rendered":"\"La standardizzazione collega il mondo\""},"content":{"rendered":"<p><img loading=\"lazy\" decoding=\"async\" class=\"alignnone size-full wp-image-9864\" src=\"https:\/\/www.m-q.ch\/wp-content\/uploads\/2021\/02\/Normung-verbindet-die-Welt.jpg\" alt=\"&quot;La standardizzazione collega il mondo&quot;\" width=\"800\" height=\"967\" srcset=\"https:\/\/www.m-q.ch\/wp-content\/uploads\/2021\/02\/Normung-verbindet-die-Welt.jpg 800w, https:\/\/www.m-q.ch\/wp-content\/uploads\/2021\/02\/Normung-verbindet-die-Welt-768x928.jpg 768w, https:\/\/www.m-q.ch\/wp-content\/uploads\/2021\/02\/Normung-verbindet-die-Welt-10x12.jpg 10w, https:\/\/www.m-q.ch\/wp-content\/uploads\/2021\/02\/Normung-verbindet-die-Welt-145x175.jpg 145w, https:\/\/www.m-q.ch\/wp-content\/uploads\/2021\/02\/Normung-verbindet-die-Welt-290x350.jpg 290w, https:\/\/www.m-q.ch\/wp-content\/uploads\/2021\/02\/Normung-verbindet-die-Welt-662x800.jpg 662w, https:\/\/www.m-q.ch\/wp-content\/uploads\/2021\/02\/Normung-verbindet-die-Welt-300x363.jpg 300w\" sizes=\"auto, (max-width: 800px) 100vw, 800px\" \/><\/p>\n<p>&nbsp;<\/p>\n<p>La sede nella sala di trasformazione di Ba den non \u00e8 stata scelta per caso. Nel 1919, i trasformatori sono stati prodotti l\u00ec dall'allora BBC (ora ABB). Ed \u00e8 stata la BBC a fondare la \"Commissione svizzera per le norme\" il 2 luglio 1919, insieme ad altre venerabili aziende industriali svizzere come Sulzer e Escher Wyss. Il suo scopo: creare degli standard che fossero validi in tutta l'industria. Sarebbe difficile immaginare oggi che un cantone svizzero abbia mai avuto i propri standard, per esempio per il dimensionamento delle prese di corrente...<\/p>\n<p>&nbsp;<\/p>\n<p>Per molti, gli standard possono essere un argomento arido e burocratico. Ma \"la standardizzazione collega il mondo\", ha detto il presidente della SNV J\u00fcrg Werner nel suo discorso di apertura. E Stefan Ramseier, capo del centro di ricerca ABB a Baden-D\u00e4ttwil, ha sottolineato nel suo discorso di benvenuto la necessit\u00e0 di comunicazione quando si tratta di implementare gli standard necessari, che alla fine mirano a rendere la nostra vita pi\u00f9 facile. Oggi sono in vigore circa 26.000 norme, 1000 delle quali sono norme puramente svizzere.<\/p>\n<p><strong>Standard 5G per l'ulteriore collegamento in rete<\/strong><br \/>\nIl fatto che gli standard non sono sistemi rigidi, ma sono soggetti a continui cambiamenti, \u00e8 stato dimostrato all'evento dell'anniversario SNV in quattro \"Inspiration Sessions\" - ognuna delle quali si \u00e8 tenuta in una stanza diversa. Il pubblico deve quindi muoversi - proprio come fa lo sviluppo industriale. Un motore dello sviluppo tecnologico - e anche un risultato di esso - \u00e8 lo standard di comunicazione mobile 5G, per esempio, che Matthias Jungen di Swisscom ha spiegato. Il 5G non solo costituisce il presupposto tecnologico per l'Internet delle cose, cio\u00e8 la comunicazione da macchina a macchina, ma apre anche nuove e pi\u00f9 flessibili possibilit\u00e0 per la trasmissione dei dati, per esempio attraverso il cosiddetto network slicing, per cui determinate aree di rete possono essere riservate a uno scopo specifico.<\/p>\n<p><strong>Niente \"teatro dell'innovazione\", per favore...<\/strong><br \/>\nSi parla molto anche di innovazione in relazione alla digitalizzazione. Jean-Philippe Hagmann ha esposto molti di loro come puro, anche se spesso involontario, \"teatro dell'innovazione\". Molti di questi \"laboratori d'innovazione\" o \"hub digitali\" sono \"solo uno sfondo\", secondo Hagmann, che ha anche scritto un libro sull'argomento. Crede che molte aziende abbiano molto da recuperare quando si tratta della loro capacit\u00e0 di innovare. Invece di \"idee\", sarebbe meglio concentrarsi sulle \"scoperte\". \u00c8 necessaria una migliore comprensione del processo d'innovazione: \"Fare \"bene\" prima di fare \"bene\"\", dice l'oratore. \u00c8 anche importante chiarire chi dovrebbe giocare quale ruolo in questo \"teatro dell'innovazione\". Hagmann vede il \"costruttore di ponti\" come cruciale qui, cio\u00e8 il ruolo che assicura che gli avanguardisti e gli abilitatori in un'organizzazione possano capirsi a vicenda.<\/p>\n<p><strong>Da droni e robot<\/strong><br \/>\nNella grande sala, l'attenzione si \u00e8 concentrata su un'innovazione che si \u00e8 affermata da tempo: i droni. Questi sono gi\u00e0 in uso oggi: Come mezzo di trasporto, come strumento di sorveglianza - ovunque le esigenze devono essere soddisfatte dall'aria con poco sforzo. Tuttavia: I droni hanno anche creato nuovi rischi, come Dominique C. Brack ha spiegato in modo impressionante nella sua presentazione. Lo spionaggio e persino la paralisi di interi aeroporti, come \u00e8 successo recentemente a Lon don Gatwick, sono scenari di operazioni di droni indesiderati. Le misure di difesa contro questo non sono ancora completamente sviluppate, come Dominique C. Brack ha dimostrato con un \"esercizio di tiro\": due partecipanti non sono riusciti ad abbattere un drone giocattolo con fucili giocattolo, nonostante la buona precisione di mira ...<\/p>\n<p>&nbsp;<\/p>\n<p>La robotica e l'elettromobilit\u00e0 sono stati i temi dell'ultima \"Inspiration Session\". Andreas Hufschmid e Adrian Wachholz hanno mostrato come ABB, per esempio, fornisce gi\u00e0 tecnologie in entrambe le aree che sono utilizzate nell'industria e nei trasporti. Sempre guidati dall'obiettivo: conservare le risorse - siano esse umane o naturali. \u25a0<\/p>","protected":false},"excerpt":{"rendered":"<p>&nbsp; Der Veranstaltungsort in der Trafohalle in Ba\u00ad den war nicht zuf\u00e4llig gew\u00e4hlt. 1919 wurden dort von der damaligen BBC (heute ABB) Transformatoren hergestellt. Und die BBC war es auch, die am 2. Juli 1919 zusammen mit anderen altehrw\u00fcrdigen Schweizer Indus\u00ad trieunternehmen wie Sulzer oder Escher\u00ad Wyss die \u00abSchweizer Normalien\u00adKommis\u00ad sion\u00bb gr\u00fcndete. Der Zweck: Standards [&hellip;]<\/p>\n","protected":false},"author":62,"featured_media":9864,"comment_status":"closed","ping_status":"closed","sticky":false,"template":"","format":"standard","meta":{"_acf_changed":false,"footnotes":""},"categories":[4448],"tags":[4732],"class_list":["post-9863","post","type-post","status-publish","format-standard","has-post-thumbnail","hentry","category-allgemein","tag-06-2019"],"acf":[],"yoast_head":"<!-- This site is optimized with the Yoast SEO plugin v26.2 - https:\/\/yoast.com\/wordpress\/plugins\/seo\/ -->\n<title>\u00abNormung verbindet die Welt\u00bb - MQ Management und Qualit\u00e4t<\/title>\n<meta name=\"description\" content=\"Am 23. Mai 2019 beging die Schweizerische Normen-Vereinigung SNV in Baden ihren Jubil\u00e4umsanlass zum 100-j\u00e4hrigen Bestehen dieser Institution. Seit einem Jahrhundert ist die SNV die Schweizer Vertreterin der weltweiten und europ\u00e4ischen Normung und handelt zum Nutzen der Wirtschaft und Gesellschaft in unserem Land.\" \/>\n<meta name=\"robots\" content=\"index, follow, max-snippet:-1, max-image-preview:large, max-video-preview:-1\" \/>\n<link rel=\"canonical\" href=\"https:\/\/www.m-q.ch\/it\/la-standardizzazione-collega-il-mondo\/\" \/>\n<meta property=\"og:locale\" content=\"it_IT\" \/>\n<meta property=\"og:type\" content=\"article\" \/>\n<meta property=\"og:title\" content=\"\u00abNormung verbindet die Welt\u00bb - MQ Management und Qualit\u00e4t\" \/>\n<meta property=\"og:description\" content=\"Am 23. Mai 2019 beging die Schweizerische Normen-Vereinigung SNV in Baden ihren Jubil\u00e4umsanlass zum 100-j\u00e4hrigen Bestehen dieser Institution. Seit einem Jahrhundert ist die SNV die Schweizer Vertreterin der weltweiten und europ\u00e4ischen Normung und handelt zum Nutzen der Wirtschaft und Gesellschaft in unserem Land.\" \/>\n<meta property=\"og:url\" content=\"https:\/\/www.m-q.ch\/it\/la-standardizzazione-collega-il-mondo\/\" \/>\n<meta property=\"og:site_name\" content=\"MQ Management und Qualit\u00e4t\" \/>\n<meta property=\"article:publisher\" content=\"https:\/\/www.facebook.com\/ManagementUndQualitaet\" \/>\n<meta property=\"article:published_time\" content=\"2019-07-30T10:16:42+00:00\" \/>\n<meta property=\"article:modified_time\" content=\"2021-02-08T15:44:12+00:00\" \/>\n<meta property=\"og:image\" content=\"https:\/\/www.m-q.ch\/wp-content\/uploads\/2021\/02\/Normung-verbindet-die-Welt.jpg\" \/>\n\t<meta property=\"og:image:width\" content=\"800\" \/>\n\t<meta property=\"og:image:height\" content=\"967\" \/>\n\t<meta property=\"og:image:type\" content=\"image\/jpeg\" \/>\n<meta name=\"author\" content=\"upwork_2\" \/>\n<meta name=\"twitter:card\" content=\"summary_large_image\" \/>\n<meta name=\"twitter:label1\" content=\"Scritto da\" \/>\n\t<meta name=\"twitter:data1\" content=\"upwork_2\" \/>\n\t<meta name=\"twitter:label2\" content=\"Tempo di lettura stimato\" \/>\n\t<meta name=\"twitter:data2\" content=\"3 minuti\" \/>\n<script type=\"application\/ld+json\" class=\"yoast-schema-graph\">{\"@context\":\"https:\/\/schema.org\",\"@graph\":[{\"@type\":\"Article\",\"@id\":\"https:\/\/www.m-q.ch\/normung-verbindet-die-welt\/#article\",\"isPartOf\":{\"@id\":\"https:\/\/www.m-q.ch\/normung-verbindet-die-welt\/\"},\"author\":{\"name\":\"upwork_2\",\"@id\":\"https:\/\/www.m-q.ch\/fr\/#\/schema\/person\/71f647a41e4a3e361e6230f5134f3ba9\"},\"headline\":\"\u00abNormung verbindet die Welt\u00bb\",\"datePublished\":\"2019-07-30T10:16:42+00:00\",\"dateModified\":\"2021-02-08T15:44:12+00:00\",\"mainEntityOfPage\":{\"@id\":\"https:\/\/www.m-q.ch\/normung-verbindet-die-welt\/\"},\"wordCount\":617,\"publisher\":{\"@id\":\"https:\/\/www.m-q.ch\/fr\/#organization\"},\"image\":{\"@id\":\"https:\/\/www.m-q.ch\/normung-verbindet-die-welt\/#primaryimage\"},\"thumbnailUrl\":\"https:\/\/www.m-q.ch\/wp-content\/uploads\/2021\/02\/Normung-verbindet-die-Welt.jpg\",\"keywords\":[\"06\/2019\"],\"articleSection\":[\"Allgemein\"],\"inLanguage\":\"it-IT\"},{\"@type\":\"WebPage\",\"@id\":\"https:\/\/www.m-q.ch\/normung-verbindet-die-welt\/\",\"url\":\"https:\/\/www.m-q.ch\/normung-verbindet-die-welt\/\",\"name\":\"\u00abNormung verbindet die Welt\u00bb - MQ Management und Qualit\u00e4t\",\"isPartOf\":{\"@id\":\"https:\/\/www.m-q.ch\/fr\/#website\"},\"primaryImageOfPage\":{\"@id\":\"https:\/\/www.m-q.ch\/normung-verbindet-die-welt\/#primaryimage\"},\"image\":{\"@id\":\"https:\/\/www.m-q.ch\/normung-verbindet-die-welt\/#primaryimage\"},\"thumbnailUrl\":\"https:\/\/www.m-q.ch\/wp-content\/uploads\/2021\/02\/Normung-verbindet-die-Welt.jpg\",\"datePublished\":\"2019-07-30T10:16:42+00:00\",\"dateModified\":\"2021-02-08T15:44:12+00:00\",\"description\":\"Am 23. Mai 2019 beging die Schweizerische Normen-Vereinigung SNV in Baden ihren Jubil\u00e4umsanlass zum 100-j\u00e4hrigen Bestehen dieser Institution. Seit einem Jahrhundert ist die SNV die Schweizer Vertreterin der weltweiten und europ\u00e4ischen Normung und handelt zum Nutzen der Wirtschaft und Gesellschaft in unserem Land.\",\"breadcrumb\":{\"@id\":\"https:\/\/www.m-q.ch\/normung-verbindet-die-welt\/#breadcrumb\"},\"inLanguage\":\"it-IT\",\"potentialAction\":[{\"@type\":\"ReadAction\",\"target\":[\"https:\/\/www.m-q.ch\/normung-verbindet-die-welt\/\"]}]},{\"@type\":\"ImageObject\",\"inLanguage\":\"it-IT\",\"@id\":\"https:\/\/www.m-q.ch\/normung-verbindet-die-welt\/#primaryimage\",\"url\":\"https:\/\/www.m-q.ch\/wp-content\/uploads\/2021\/02\/Normung-verbindet-die-Welt.jpg\",\"contentUrl\":\"https:\/\/www.m-q.ch\/wp-content\/uploads\/2021\/02\/Normung-verbindet-die-Welt.jpg\",\"width\":800,\"height\":967,\"caption\":\"\u00abNormung verbindet die Welt\u00bb\"},{\"@type\":\"BreadcrumbList\",\"@id\":\"https:\/\/www.m-q.ch\/normung-verbindet-die-welt\/#breadcrumb\",\"itemListElement\":[{\"@type\":\"ListItem\",\"position\":1,\"name\":\"Allgemein\",\"item\":\"https:\/\/www.m-q.ch\/kategorie\/allgemein\/\"},{\"@type\":\"ListItem\",\"position\":2,\"name\":\"\u00abNormung verbindet die Welt\u00bb\"}]},{\"@type\":\"WebSite\",\"@id\":\"https:\/\/www.m-q.ch\/fr\/#website\",\"url\":\"https:\/\/www.m-q.ch\/fr\/\",\"name\":\"MQ Management und Qualit\u00e4t\",\"description\":\"Plattform f\u00fcr integrierte Managementsysteme.\",\"publisher\":{\"@id\":\"https:\/\/www.m-q.ch\/fr\/#organization\"},\"potentialAction\":[{\"@type\":\"SearchAction\",\"target\":{\"@type\":\"EntryPoint\",\"urlTemplate\":\"https:\/\/www.m-q.ch\/fr\/?s={search_term_string}\"},\"query-input\":{\"@type\":\"PropertyValueSpecification\",\"valueRequired\":true,\"valueName\":\"search_term_string\"}}],\"inLanguage\":\"it-IT\"},{\"@type\":\"Organization\",\"@id\":\"https:\/\/www.m-q.ch\/fr\/#organization\",\"name\":\"Galledia Fachmedien AG\",\"url\":\"https:\/\/www.m-q.ch\/fr\/\",\"logo\":{\"@type\":\"ImageObject\",\"inLanguage\":\"it-IT\",\"@id\":\"https:\/\/www.m-q.ch\/fr\/#\/schema\/logo\/image\/\",\"url\":\"https:\/\/www.m-q.ch\/wp-content\/uploads\/2020\/12\/cropped-logo_small.png\",\"contentUrl\":\"https:\/\/www.m-q.ch\/wp-content\/uploads\/2020\/12\/cropped-logo_small.png\",\"width\":512,\"height\":512,\"caption\":\"Galledia Fachmedien AG\"},\"image\":{\"@id\":\"https:\/\/www.m-q.ch\/fr\/#\/schema\/logo\/image\/\"},\"sameAs\":[\"https:\/\/www.facebook.com\/ManagementUndQualitaet\",\"https:\/\/www.linkedin.com\/showcase\/17982321\/admin\/\"]},{\"@type\":\"Person\",\"@id\":\"https:\/\/www.m-q.ch\/fr\/#\/schema\/person\/71f647a41e4a3e361e6230f5134f3ba9\",\"name\":\"upwork_2\",\"image\":{\"@type\":\"ImageObject\",\"inLanguage\":\"it-IT\",\"@id\":\"https:\/\/www.m-q.ch\/fr\/#\/schema\/person\/image\/\",\"url\":\"https:\/\/secure.gravatar.com\/avatar\/777b90ab56092bbf3c85feacda5c1bce?s=96&d=mm&r=g\",\"contentUrl\":\"https:\/\/secure.gravatar.com\/avatar\/777b90ab56092bbf3c85feacda5c1bce?s=96&d=mm&r=g\",\"caption\":\"upwork_2\"},\"url\":\"https:\/\/www.m-q.ch\/it\/author\/upwork_2\/\"}]}<\/script>\n<!-- \/ Yoast SEO plugin. -->","yoast_head_json":{"title":"\"La standardizzazione collega il mondo\" - MQ Management and Quality","description":"Il 23 maggio 2019, l'Associazione svizzera per la standardizzazione (SNV) ha celebrato il suo 100\u00b0 anniversario a Baden. Per un secolo, la SNV \u00e8 stata la rappresentante svizzera della standardizzazione mondiale ed europea, agendo a beneficio dell'economia e della societ\u00e0 del nostro paese.","robots":{"index":"index","follow":"follow","max-snippet":"max-snippet:-1","max-image-preview":"max-image-preview:large","max-video-preview":"max-video-preview:-1"},"canonical":"https:\/\/www.m-q.ch\/it\/la-standardizzazione-collega-il-mondo\/","og_locale":"it_IT","og_type":"article","og_title":"\u00abNormung verbindet die Welt\u00bb - MQ Management und Qualit\u00e4t","og_description":"Am 23. Mai 2019 beging die Schweizerische Normen-Vereinigung SNV in Baden ihren Jubil\u00e4umsanlass zum 100-j\u00e4hrigen Bestehen dieser Institution. Seit einem Jahrhundert ist die SNV die Schweizer Vertreterin der weltweiten und europ\u00e4ischen Normung und handelt zum Nutzen der Wirtschaft und Gesellschaft in unserem Land.","og_url":"https:\/\/www.m-q.ch\/it\/la-standardizzazione-collega-il-mondo\/","og_site_name":"MQ Management und Qualit\u00e4t","article_publisher":"https:\/\/www.facebook.com\/ManagementUndQualitaet","article_published_time":"2019-07-30T10:16:42+00:00","article_modified_time":"2021-02-08T15:44:12+00:00","og_image":[{"width":800,"height":967,"url":"https:\/\/www.m-q.ch\/wp-content\/uploads\/2021\/02\/Normung-verbindet-die-Welt.jpg","type":"image\/jpeg"}],"author":"upwork_2","twitter_card":"summary_large_image","twitter_misc":{"Scritto da":"upwork_2","Tempo di lettura stimato":"3 minuti"},"schema":{"@context":"https:\/\/schema.org","@graph":[{"@type":"Article","@id":"https:\/\/www.m-q.ch\/normung-verbindet-die-welt\/#article","isPartOf":{"@id":"https:\/\/www.m-q.ch\/normung-verbindet-die-welt\/"},"author":{"name":"upwork_2","@id":"https:\/\/www.m-q.ch\/fr\/#\/schema\/person\/71f647a41e4a3e361e6230f5134f3ba9"},"headline":"\u00abNormung verbindet die Welt\u00bb","datePublished":"2019-07-30T10:16:42+00:00","dateModified":"2021-02-08T15:44:12+00:00","mainEntityOfPage":{"@id":"https:\/\/www.m-q.ch\/normung-verbindet-die-welt\/"},"wordCount":617,"publisher":{"@id":"https:\/\/www.m-q.ch\/fr\/#organization"},"image":{"@id":"https:\/\/www.m-q.ch\/normung-verbindet-die-welt\/#primaryimage"},"thumbnailUrl":"https:\/\/www.m-q.ch\/wp-content\/uploads\/2021\/02\/Normung-verbindet-die-Welt.jpg","keywords":["06\/2019"],"articleSection":["Allgemein"],"inLanguage":"it-IT"},{"@type":"WebPage","@id":"https:\/\/www.m-q.ch\/normung-verbindet-die-welt\/","url":"https:\/\/www.m-q.ch\/normung-verbindet-die-welt\/","name":"\"La standardizzazione collega il mondo\" - MQ Management and Quality","isPartOf":{"@id":"https:\/\/www.m-q.ch\/fr\/#website"},"primaryImageOfPage":{"@id":"https:\/\/www.m-q.ch\/normung-verbindet-die-welt\/#primaryimage"},"image":{"@id":"https:\/\/www.m-q.ch\/normung-verbindet-die-welt\/#primaryimage"},"thumbnailUrl":"https:\/\/www.m-q.ch\/wp-content\/uploads\/2021\/02\/Normung-verbindet-die-Welt.jpg","datePublished":"2019-07-30T10:16:42+00:00","dateModified":"2021-02-08T15:44:12+00:00","description":"Il 23 maggio 2019, l'Associazione svizzera per la standardizzazione (SNV) ha celebrato il suo 100\u00b0 anniversario a Baden. Per un secolo, la SNV \u00e8 stata la rappresentante svizzera della standardizzazione mondiale ed europea, agendo a beneficio dell'economia e della societ\u00e0 del nostro paese.","breadcrumb":{"@id":"https:\/\/www.m-q.ch\/normung-verbindet-die-welt\/#breadcrumb"},"inLanguage":"it-IT","potentialAction":[{"@type":"ReadAction","target":["https:\/\/www.m-q.ch\/normung-verbindet-die-welt\/"]}]},{"@type":"ImageObject","inLanguage":"it-IT","@id":"https:\/\/www.m-q.ch\/normung-verbindet-die-welt\/#primaryimage","url":"https:\/\/www.m-q.ch\/wp-content\/uploads\/2021\/02\/Normung-verbindet-die-Welt.jpg","contentUrl":"https:\/\/www.m-q.ch\/wp-content\/uploads\/2021\/02\/Normung-verbindet-die-Welt.jpg","width":800,"height":967,"caption":"\u00abNormung verbindet die Welt\u00bb"},{"@type":"BreadcrumbList","@id":"https:\/\/www.m-q.ch\/normung-verbindet-die-welt\/#breadcrumb","itemListElement":[{"@type":"ListItem","position":1,"name":"Allgemein","item":"https:\/\/www.m-q.ch\/kategorie\/allgemein\/"},{"@type":"ListItem","position":2,"name":"\u00abNormung verbindet die Welt\u00bb"}]},{"@type":"WebSite","@id":"https:\/\/www.m-q.ch\/fr\/#website","url":"https:\/\/www.m-q.ch\/fr\/","name":"Gestione e qualit\u00e0 MQ","description":"Piattaforma per sistemi di gestione integrati.","publisher":{"@id":"https:\/\/www.m-q.ch\/fr\/#organization"},"potentialAction":[{"@type":"SearchAction","target":{"@type":"EntryPoint","urlTemplate":"https:\/\/www.m-q.ch\/fr\/?s={search_term_string}"},"query-input":{"@type":"PropertyValueSpecification","valueRequired":true,"valueName":"search_term_string"}}],"inLanguage":"it-IT"},{"@type":"Organization","@id":"https:\/\/www.m-q.ch\/fr\/#organization","name":"Galledia Fachmedien AG","url":"https:\/\/www.m-q.ch\/fr\/","logo":{"@type":"ImageObject","inLanguage":"it-IT","@id":"https:\/\/www.m-q.ch\/fr\/#\/schema\/logo\/image\/","url":"https:\/\/www.m-q.ch\/wp-content\/uploads\/2020\/12\/cropped-logo_small.png","contentUrl":"https:\/\/www.m-q.ch\/wp-content\/uploads\/2020\/12\/cropped-logo_small.png","width":512,"height":512,"caption":"Galledia Fachmedien AG"},"image":{"@id":"https:\/\/www.m-q.ch\/fr\/#\/schema\/logo\/image\/"},"sameAs":["https:\/\/www.facebook.com\/ManagementUndQualitaet","https:\/\/www.linkedin.com\/showcase\/17982321\/admin\/"]},{"@type":"Person","@id":"https:\/\/www.m-q.ch\/fr\/#\/schema\/person\/71f647a41e4a3e361e6230f5134f3ba9","name":"upwork_2","image":{"@type":"ImageObject","inLanguage":"it-IT","@id":"https:\/\/www.m-q.ch\/fr\/#\/schema\/person\/image\/","url":"https:\/\/secure.gravatar.com\/avatar\/777b90ab56092bbf3c85feacda5c1bce?s=96&d=mm&r=g","contentUrl":"https:\/\/secure.gravatar.com\/avatar\/777b90ab56092bbf3c85feacda5c1bce?s=96&d=mm&r=g","caption":"upwork_2"},"url":"https:\/\/www.m-q.ch\/it\/author\/upwork_2\/"}]}},"_links":{"self":[{"href":"https:\/\/www.m-q.ch\/it\/wp-json\/wp\/v2\/posts\/9863","targetHints":{"allow":["GET"]}}],"collection":[{"href":"https:\/\/www.m-q.ch\/it\/wp-json\/wp\/v2\/posts"}],"about":[{"href":"https:\/\/www.m-q.ch\/it\/wp-json\/wp\/v2\/types\/post"}],"author":[{"embeddable":true,"href":"https:\/\/www.m-q.ch\/it\/wp-json\/wp\/v2\/users\/62"}],"replies":[{"embeddable":true,"href":"https:\/\/www.m-q.ch\/it\/wp-json\/wp\/v2\/comments?post=9863"}],"version-history":[{"count":2,"href":"https:\/\/www.m-q.ch\/it\/wp-json\/wp\/v2\/posts\/9863\/revisions"}],"predecessor-version":[{"id":9924,"href":"https:\/\/www.m-q.ch\/it\/wp-json\/wp\/v2\/posts\/9863\/revisions\/9924"}],"wp:featuredmedia":[{"embeddable":true,"href":"https:\/\/www.m-q.ch\/it\/wp-json\/wp\/v2\/media\/9864"}],"wp:attachment":[{"href":"https:\/\/www.m-q.ch\/it\/wp-json\/wp\/v2\/media?parent=9863"}],"wp:term":[{"taxonomy":"category","embeddable":true,"href":"https:\/\/www.m-q.ch\/it\/wp-json\/wp\/v2\/categories?post=9863"},{"taxonomy":"post_tag","embeddable":true,"href":"https:\/\/www.m-q.ch\/it\/wp-json\/wp\/v2\/tags?post=9863"}],"curies":[{"name":"wp","href":"https:\/\/api.w.org\/{rel}","templated":true}]}}