{"id":9872,"date":"2019-06-05T12:27:01","date_gmt":"2019-06-05T10:27:01","guid":{"rendered":"https:\/\/www.m-q.ch\/?p=9872"},"modified":"2021-02-08T16:35:05","modified_gmt":"2021-02-08T15:35:05","slug":"un-faro-nel-settore","status":"publish","type":"post","link":"https:\/\/www.m-q.ch\/it\/ein-leuchtturm-in-der-branche\/","title":{"rendered":"\"Un faro nel settore\""},"content":{"rendered":"<p><img loading=\"lazy\" decoding=\"async\" class=\"alignnone size-full wp-image-9873\" src=\"https:\/\/www.m-q.ch\/wp-content\/uploads\/2021\/02\/Ein-Leuchtturm-in-der-Branche.jpg\" alt=\"&quot;Un faro nel settore&quot;\" width=\"800\" height=\"445\" srcset=\"https:\/\/www.m-q.ch\/wp-content\/uploads\/2021\/02\/Ein-Leuchtturm-in-der-Branche.jpg 800w, https:\/\/www.m-q.ch\/wp-content\/uploads\/2021\/02\/Ein-Leuchtturm-in-der-Branche-768x427.jpg 768w, https:\/\/www.m-q.ch\/wp-content\/uploads\/2021\/02\/Ein-Leuchtturm-in-der-Branche-16x9.jpg 16w, https:\/\/www.m-q.ch\/wp-content\/uploads\/2021\/02\/Ein-Leuchtturm-in-der-Branche-315x175.jpg 315w, https:\/\/www.m-q.ch\/wp-content\/uploads\/2021\/02\/Ein-Leuchtturm-in-der-Branche-629x350.jpg 629w, https:\/\/www.m-q.ch\/wp-content\/uploads\/2021\/02\/Ein-Leuchtturm-in-der-Branche-300x167.jpg 300w\" sizes=\"auto, (max-width: 800px) 100vw, 800px\" \/><\/p>\n<p>Chiunque nell'industria delle costruzioni che completa la formazione professionale superiore oggi ha probabilmente familiarit\u00e0 con il \"Campus Sursee\". Ogni anno, 15.000 partecipanti completano un'ulteriore formazione presso il Centro di Formazione Edile. Ma anche altri organizzatori di conferenze, corsi, seminari, ecc. trovano un'infrastruttura al top nel Centro Seminari Campus Sursee. Il proprietario del Bildungszentrum Bau AG e del Seminarzentrum AG \u00e8 la Fondazione Campus Sursee. Lo scopo della fondazione \u00e8, secondo le sue stesse dichiarazioni, \"il rafforzamento sostenibile dell'istruzione e della formazione e quindi la profilazione del principale mestiere della costruzione\".<\/p>\n<p><strong>Cambio di strategia per un migliore utilizzo della capacit\u00e0<\/strong><br \/>\nIl Centro di formazione per l'edilizia \u00e8 stato concepito dall'Associazione svizzera dei maestri costruttori. L'associazione voleva creare un centro di formazione per tutta la Svizzera. Nel 1972, questa idea divenne realt\u00e0: il campus di Sursee apr\u00ec le sue porte. Fino agli anni 2000, migliaia di specialisti in erba dell'edilizia - muratori, costruttori di strade, direttori di costruzione, ecc - sono stati \"incanalati\" attraverso il centro di formazione. Ma l'infrastruttura del catering e dei seminari, che era gi\u00e0 buona all'epoca, doveva essere utilizzata ancora di pi\u00f9. Cos\u00ec nel 2006 c'\u00e8 stato un cambio di strategia: il Campus Sursee \u00e8 diventato un centro per seminari e conferenze e con l'arena sportiva, inaugurata due mesi fa, il Campus Sursee ha posto un'altra pietra miliare. Si sta quindi affermando sia nel settore dello sport professionale come luogo di allenamento e di competizione, sia nello sport popolare come impianto sportivo pubblico per le associazioni, le scuole e la regione.<\/p>\n<p><strong>Sviluppo su base sostenibile<\/strong><br \/>\nGrandi investimenti sono stati associati a questo cambiamento, e non solo in termini di costruzione. \u00c8 stato anche introdotto un chiaro sistema di gestione dei processi secondo lo standard ISO 9001. Anche la cultura aziendale doveva svilupparsi positivamente. \"Il modello EFQM \u00e8 perfettamente adatto a questo scopo\", dice Thomas Stocker, amministratore delegato di Bildungszentrum Bau AG. Come parte della sua laurea al MAS, si \u00e8 occupato dell'implementazione pratica di questo modello nella sua tesi finale (vedi intervista). Oggi, il campus di Sursee \u00e8 \"eccellente\" in diversi settori: un - nelle parole di Thomas Stocker - quasi \"sospettosamente basso\" turnover del personale dovuto all'alta soddisfazione dei dipendenti o i pi\u00f9 alti standard in ecologia sono solo alcuni esempi. L'Ufficio federale dell'energia (UFE) ha recentemente assegnato al campus di Sursee il certificato \"2000-Watt Site\". Questa certificazione \u00e8 anche il risultato di un obiettivo che \u00e8 stato alla base di tutti i piani di espansione e ristrutturazione: migliorare continuamente e in modo sostenibile.<\/p>\n<p><strong>In conversazione: Thomas Stocker, amministratore delegato Bildungszentrum Bau AG<\/strong><br \/>\n<em><strong>Signor Stocker, cosa significa per lei il termine \"eccellenza\"?<\/strong><\/em><br \/>\nPer me, eccellenza significa superare le aspettative del cliente. Inoltre, si tratta anche di essere in grado di sviluppare la libert\u00e0 imprenditoriale attraverso l'eccellenza.<\/p>\n<p>&nbsp;<\/p>\n<p><em><strong>Il Campus Sursee lavora secondo il modello EFQM dal 2015. Nel 2017 ha gi\u00e0 raggiunto il livello R4E**** e ora \u00e8 stato nominato per il premio. Quindi siete abbastanza \"sportivi\" sulla strada.<\/strong><\/em><br \/>\n\u00c8 sempre una questione di dove si comincia. Nel 2015, abbiamo effettuato una prima valutazione della maturit\u00e0 e abbiamo scoperto che eravamo gi\u00e0 ad un livello elevato: Siamo gi\u00e0 ad un alto livello. Ecco perch\u00e9 aveva senso fissare il premio come obiettivo. Ma vorrei che fosse chiaro: Non perseguiamo l'eccellenza per il bene del modello, ma per lo sviluppo sostenibile dell'azienda.<\/p>\n<p>&nbsp;<\/p>\n<p><em><strong>Quali sfide ha potuto superare \"meglio\" grazie al modello?<\/strong><\/em><br \/>\nIl modello facilita l'impegno al miglioramento continuo. Ma l'ostacolo pi\u00f9 grande anche per noi \u00e8 stato: come far arrivare la comprensione di questo a tutti i dipendenti? In ogni caso, siamo riusciti a convincere i dipendenti a pensare con la loro testa. Tutti hanno potuto essere coinvolti. Le relazioni sulla nostra autovalutazione ci hanno anche sostenuto in questo.<\/p>\n<p>&nbsp;<\/p>\n<p><em><strong>Tuttavia, il modello EFQM ha ancora la reputazione di essere troppo complesso per molte persone.<\/strong><\/em><br \/>\nNaturalmente, le basi del modello sono scritte in un linguaggio difficilmente comprensibile ai dipendenti \"comuni\". La mia esperienza iniziale ha anche mostrato che il cerchio PDCA, per esempio, ha richiesto tempo per essere implementato in modo coerente, anche nel management.<\/p>\n<p>&nbsp;<\/p>\n<p><em><strong>E oggi il modello facilita la ricertificazione delle norme ISO?<\/strong><\/em><br \/>\nQuesto \u00e8 effettivamente il caso. Non bisogna dimenticare che le norme ISO sono una questione relativamente statica; definiscono ci\u00f2 che deve essere soddisfatto. Ma non vedo l'ISO e l'EFQM come due sistemi concorrenti, perch\u00e9 - usati correttamente - si interconnettono.<\/p>\n<p>&nbsp;<\/p>\n<p><em><strong>In che misura vede il modello EFQM come un buon mezzo per rimanere competitivi nel suo settore?<\/strong><\/em><br \/>\nSono convinto di questo. Vedo il campus di Sursee come un faro nel nostro settore. Dimostra che il lavoro sostenibile viene fatto anche nell'industria delle costruzioni. Molte aziende del settore delle costruzioni sono certificate ISO. Avrebbe senso integrare maggiormente il modello nella formazione degli specialisti della costruzione. La Association of Master Builders ha gi\u00e0 iniziato a pensare a questo. Personalmente, posso raccomandare ad ogni azienda di introdurre il modello EFQM. Nel frattempo ci sono molti buoni corsi di formazione per ottenere gli strumenti necessari. Ma rimane importante: \u00c8 essenziale coinvolgere i dipendenti!<\/p>","protected":false},"excerpt":{"rendered":"<p>Wer in der Baubranche heute eine h\u00f6here Be- rufsausbildung absolviert, dem d\u00fcrfte \u00abCam- pus Sursee\u00bb ein Begriff sein. J\u00e4hrlich absolvie- ren 15 000 Teilnehmende eine Weiterbildung am Bildungszentrum Bau. Aber auch andere Organisatoren von Tagungen, Kursen, Semi- naren usw. finden eine Topinfrastruktur am Campus Sursee Seminarzentrum. Besitzerin der Bildungszentrum Bau AG und der Semi- narzentrum [&hellip;]<\/p>\n","protected":false},"author":62,"featured_media":9873,"comment_status":"closed","ping_status":"closed","sticky":false,"template":"","format":"standard","meta":{"_acf_changed":false,"footnotes":""},"categories":[4448],"tags":[4732],"class_list":["post-9872","post","type-post","status-publish","format-standard","has-post-thumbnail","hentry","category-allgemein","tag-06-2019"],"acf":[],"yoast_head":"<!-- This site is optimized with the Yoast SEO plugin v26.2 - https:\/\/yoast.com\/wordpress\/plugins\/seo\/ -->\n<title>\u00abEin Leuchtturm in der Branche\u00bb - MQ Management und Qualit\u00e4t<\/title>\n<meta name=\"description\" content=\"Vom Masterplan zu gelebter Business Excellence: So l\u00e4sst sich der Weg umschreiben, den der Campus Sursee seit 2015 mit dem EFQM-Modell gegangen ist.\" \/>\n<meta name=\"robots\" content=\"index, follow, max-snippet:-1, max-image-preview:large, max-video-preview:-1\" \/>\n<link rel=\"canonical\" href=\"https:\/\/www.m-q.ch\/it\/un-faro-nel-settore\/\" \/>\n<meta property=\"og:locale\" content=\"it_IT\" \/>\n<meta property=\"og:type\" content=\"article\" \/>\n<meta property=\"og:title\" content=\"\u00abEin Leuchtturm in der Branche\u00bb - MQ Management und Qualit\u00e4t\" \/>\n<meta property=\"og:description\" content=\"Vom Masterplan zu gelebter Business Excellence: So l\u00e4sst sich der Weg umschreiben, den der Campus Sursee seit 2015 mit dem EFQM-Modell gegangen ist.\" \/>\n<meta property=\"og:url\" content=\"https:\/\/www.m-q.ch\/it\/un-faro-nel-settore\/\" \/>\n<meta property=\"og:site_name\" content=\"MQ Management und Qualit\u00e4t\" \/>\n<meta property=\"article:publisher\" content=\"https:\/\/www.facebook.com\/ManagementUndQualitaet\" \/>\n<meta property=\"article:published_time\" content=\"2019-06-05T10:27:01+00:00\" \/>\n<meta property=\"article:modified_time\" content=\"2021-02-08T15:35:05+00:00\" \/>\n<meta property=\"og:image\" content=\"https:\/\/www.m-q.ch\/wp-content\/uploads\/2021\/02\/Ein-Leuchtturm-in-der-Branche.jpg\" \/>\n\t<meta property=\"og:image:width\" content=\"800\" \/>\n\t<meta property=\"og:image:height\" content=\"445\" \/>\n\t<meta property=\"og:image:type\" content=\"image\/jpeg\" \/>\n<meta name=\"author\" content=\"upwork_2\" \/>\n<meta name=\"twitter:card\" content=\"summary_large_image\" \/>\n<meta name=\"twitter:label1\" content=\"Scritto da\" \/>\n\t<meta name=\"twitter:data1\" content=\"upwork_2\" \/>\n\t<meta name=\"twitter:label2\" content=\"Tempo di lettura stimato\" \/>\n\t<meta name=\"twitter:data2\" content=\"4 minuti\" \/>\n<script type=\"application\/ld+json\" class=\"yoast-schema-graph\">{\"@context\":\"https:\/\/schema.org\",\"@graph\":[{\"@type\":\"Article\",\"@id\":\"https:\/\/www.m-q.ch\/ein-leuchtturm-in-der-branche\/#article\",\"isPartOf\":{\"@id\":\"https:\/\/www.m-q.ch\/ein-leuchtturm-in-der-branche\/\"},\"author\":{\"name\":\"upwork_2\",\"@id\":\"https:\/\/www.m-q.ch\/fr\/#\/schema\/person\/71f647a41e4a3e361e6230f5134f3ba9\"},\"headline\":\"\u00abEin Leuchtturm in der Branche\u00bb\",\"datePublished\":\"2019-06-05T10:27:01+00:00\",\"dateModified\":\"2021-02-08T15:35:05+00:00\",\"mainEntityOfPage\":{\"@id\":\"https:\/\/www.m-q.ch\/ein-leuchtturm-in-der-branche\/\"},\"wordCount\":823,\"publisher\":{\"@id\":\"https:\/\/www.m-q.ch\/fr\/#organization\"},\"image\":{\"@id\":\"https:\/\/www.m-q.ch\/ein-leuchtturm-in-der-branche\/#primaryimage\"},\"thumbnailUrl\":\"https:\/\/www.m-q.ch\/wp-content\/uploads\/2021\/02\/Ein-Leuchtturm-in-der-Branche.jpg\",\"keywords\":[\"06\/2019\"],\"articleSection\":[\"Allgemein\"],\"inLanguage\":\"it-IT\"},{\"@type\":\"WebPage\",\"@id\":\"https:\/\/www.m-q.ch\/ein-leuchtturm-in-der-branche\/\",\"url\":\"https:\/\/www.m-q.ch\/ein-leuchtturm-in-der-branche\/\",\"name\":\"\u00abEin Leuchtturm in der Branche\u00bb - MQ Management und Qualit\u00e4t\",\"isPartOf\":{\"@id\":\"https:\/\/www.m-q.ch\/fr\/#website\"},\"primaryImageOfPage\":{\"@id\":\"https:\/\/www.m-q.ch\/ein-leuchtturm-in-der-branche\/#primaryimage\"},\"image\":{\"@id\":\"https:\/\/www.m-q.ch\/ein-leuchtturm-in-der-branche\/#primaryimage\"},\"thumbnailUrl\":\"https:\/\/www.m-q.ch\/wp-content\/uploads\/2021\/02\/Ein-Leuchtturm-in-der-Branche.jpg\",\"datePublished\":\"2019-06-05T10:27:01+00:00\",\"dateModified\":\"2021-02-08T15:35:05+00:00\",\"description\":\"Vom Masterplan zu gelebter Business Excellence: So l\u00e4sst sich der Weg umschreiben, den der Campus Sursee seit 2015 mit dem EFQM-Modell gegangen ist.\",\"breadcrumb\":{\"@id\":\"https:\/\/www.m-q.ch\/ein-leuchtturm-in-der-branche\/#breadcrumb\"},\"inLanguage\":\"it-IT\",\"potentialAction\":[{\"@type\":\"ReadAction\",\"target\":[\"https:\/\/www.m-q.ch\/ein-leuchtturm-in-der-branche\/\"]}]},{\"@type\":\"ImageObject\",\"inLanguage\":\"it-IT\",\"@id\":\"https:\/\/www.m-q.ch\/ein-leuchtturm-in-der-branche\/#primaryimage\",\"url\":\"https:\/\/www.m-q.ch\/wp-content\/uploads\/2021\/02\/Ein-Leuchtturm-in-der-Branche.jpg\",\"contentUrl\":\"https:\/\/www.m-q.ch\/wp-content\/uploads\/2021\/02\/Ein-Leuchtturm-in-der-Branche.jpg\",\"width\":800,\"height\":445,\"caption\":\"\u00abEin Leuchtturm in der Branche\u00bb\"},{\"@type\":\"BreadcrumbList\",\"@id\":\"https:\/\/www.m-q.ch\/ein-leuchtturm-in-der-branche\/#breadcrumb\",\"itemListElement\":[{\"@type\":\"ListItem\",\"position\":1,\"name\":\"Allgemein\",\"item\":\"https:\/\/www.m-q.ch\/kategorie\/allgemein\/\"},{\"@type\":\"ListItem\",\"position\":2,\"name\":\"\u00abEin Leuchtturm in der Branche\u00bb\"}]},{\"@type\":\"WebSite\",\"@id\":\"https:\/\/www.m-q.ch\/fr\/#website\",\"url\":\"https:\/\/www.m-q.ch\/fr\/\",\"name\":\"MQ Management und Qualit\u00e4t\",\"description\":\"Plattform f\u00fcr integrierte Managementsysteme.\",\"publisher\":{\"@id\":\"https:\/\/www.m-q.ch\/fr\/#organization\"},\"potentialAction\":[{\"@type\":\"SearchAction\",\"target\":{\"@type\":\"EntryPoint\",\"urlTemplate\":\"https:\/\/www.m-q.ch\/fr\/?s={search_term_string}\"},\"query-input\":{\"@type\":\"PropertyValueSpecification\",\"valueRequired\":true,\"valueName\":\"search_term_string\"}}],\"inLanguage\":\"it-IT\"},{\"@type\":\"Organization\",\"@id\":\"https:\/\/www.m-q.ch\/fr\/#organization\",\"name\":\"Galledia Fachmedien AG\",\"url\":\"https:\/\/www.m-q.ch\/fr\/\",\"logo\":{\"@type\":\"ImageObject\",\"inLanguage\":\"it-IT\",\"@id\":\"https:\/\/www.m-q.ch\/fr\/#\/schema\/logo\/image\/\",\"url\":\"https:\/\/www.m-q.ch\/wp-content\/uploads\/2020\/12\/cropped-logo_small.png\",\"contentUrl\":\"https:\/\/www.m-q.ch\/wp-content\/uploads\/2020\/12\/cropped-logo_small.png\",\"width\":512,\"height\":512,\"caption\":\"Galledia Fachmedien AG\"},\"image\":{\"@id\":\"https:\/\/www.m-q.ch\/fr\/#\/schema\/logo\/image\/\"},\"sameAs\":[\"https:\/\/www.facebook.com\/ManagementUndQualitaet\",\"https:\/\/www.linkedin.com\/showcase\/17982321\/admin\/\"]},{\"@type\":\"Person\",\"@id\":\"https:\/\/www.m-q.ch\/fr\/#\/schema\/person\/71f647a41e4a3e361e6230f5134f3ba9\",\"name\":\"upwork_2\",\"image\":{\"@type\":\"ImageObject\",\"inLanguage\":\"it-IT\",\"@id\":\"https:\/\/www.m-q.ch\/fr\/#\/schema\/person\/image\/\",\"url\":\"https:\/\/secure.gravatar.com\/avatar\/777b90ab56092bbf3c85feacda5c1bce?s=96&d=mm&r=g\",\"contentUrl\":\"https:\/\/secure.gravatar.com\/avatar\/777b90ab56092bbf3c85feacda5c1bce?s=96&d=mm&r=g\",\"caption\":\"upwork_2\"},\"url\":\"https:\/\/www.m-q.ch\/it\/author\/upwork_2\/\"}]}<\/script>\n<!-- \/ Yoast SEO plugin. -->","yoast_head_json":{"title":"\"Un faro nel settore\" - MQ Management and Quality","description":"Da master plan a vivere l'eccellenza aziendale: \u00e8 cos\u00ec che il Campus Sursee descrive il percorso che ha intrapreso con il modello EFQM dal 2015.","robots":{"index":"index","follow":"follow","max-snippet":"max-snippet:-1","max-image-preview":"max-image-preview:large","max-video-preview":"max-video-preview:-1"},"canonical":"https:\/\/www.m-q.ch\/it\/un-faro-nel-settore\/","og_locale":"it_IT","og_type":"article","og_title":"\u00abEin Leuchtturm in der Branche\u00bb - MQ Management und Qualit\u00e4t","og_description":"Vom Masterplan zu gelebter Business Excellence: So l\u00e4sst sich der Weg umschreiben, den der Campus Sursee seit 2015 mit dem EFQM-Modell gegangen ist.","og_url":"https:\/\/www.m-q.ch\/it\/un-faro-nel-settore\/","og_site_name":"MQ Management und Qualit\u00e4t","article_publisher":"https:\/\/www.facebook.com\/ManagementUndQualitaet","article_published_time":"2019-06-05T10:27:01+00:00","article_modified_time":"2021-02-08T15:35:05+00:00","og_image":[{"width":800,"height":445,"url":"https:\/\/www.m-q.ch\/wp-content\/uploads\/2021\/02\/Ein-Leuchtturm-in-der-Branche.jpg","type":"image\/jpeg"}],"author":"upwork_2","twitter_card":"summary_large_image","twitter_misc":{"Scritto da":"upwork_2","Tempo di lettura stimato":"4 minuti"},"schema":{"@context":"https:\/\/schema.org","@graph":[{"@type":"Article","@id":"https:\/\/www.m-q.ch\/ein-leuchtturm-in-der-branche\/#article","isPartOf":{"@id":"https:\/\/www.m-q.ch\/ein-leuchtturm-in-der-branche\/"},"author":{"name":"upwork_2","@id":"https:\/\/www.m-q.ch\/fr\/#\/schema\/person\/71f647a41e4a3e361e6230f5134f3ba9"},"headline":"\u00abEin Leuchtturm in der Branche\u00bb","datePublished":"2019-06-05T10:27:01+00:00","dateModified":"2021-02-08T15:35:05+00:00","mainEntityOfPage":{"@id":"https:\/\/www.m-q.ch\/ein-leuchtturm-in-der-branche\/"},"wordCount":823,"publisher":{"@id":"https:\/\/www.m-q.ch\/fr\/#organization"},"image":{"@id":"https:\/\/www.m-q.ch\/ein-leuchtturm-in-der-branche\/#primaryimage"},"thumbnailUrl":"https:\/\/www.m-q.ch\/wp-content\/uploads\/2021\/02\/Ein-Leuchtturm-in-der-Branche.jpg","keywords":["06\/2019"],"articleSection":["Allgemein"],"inLanguage":"it-IT"},{"@type":"WebPage","@id":"https:\/\/www.m-q.ch\/ein-leuchtturm-in-der-branche\/","url":"https:\/\/www.m-q.ch\/ein-leuchtturm-in-der-branche\/","name":"\"Un faro nel settore\" - MQ Management and Quality","isPartOf":{"@id":"https:\/\/www.m-q.ch\/fr\/#website"},"primaryImageOfPage":{"@id":"https:\/\/www.m-q.ch\/ein-leuchtturm-in-der-branche\/#primaryimage"},"image":{"@id":"https:\/\/www.m-q.ch\/ein-leuchtturm-in-der-branche\/#primaryimage"},"thumbnailUrl":"https:\/\/www.m-q.ch\/wp-content\/uploads\/2021\/02\/Ein-Leuchtturm-in-der-Branche.jpg","datePublished":"2019-06-05T10:27:01+00:00","dateModified":"2021-02-08T15:35:05+00:00","description":"Da master plan a vivere l'eccellenza aziendale: \u00e8 cos\u00ec che il Campus Sursee descrive il percorso che ha intrapreso con il modello EFQM dal 2015.","breadcrumb":{"@id":"https:\/\/www.m-q.ch\/ein-leuchtturm-in-der-branche\/#breadcrumb"},"inLanguage":"it-IT","potentialAction":[{"@type":"ReadAction","target":["https:\/\/www.m-q.ch\/ein-leuchtturm-in-der-branche\/"]}]},{"@type":"ImageObject","inLanguage":"it-IT","@id":"https:\/\/www.m-q.ch\/ein-leuchtturm-in-der-branche\/#primaryimage","url":"https:\/\/www.m-q.ch\/wp-content\/uploads\/2021\/02\/Ein-Leuchtturm-in-der-Branche.jpg","contentUrl":"https:\/\/www.m-q.ch\/wp-content\/uploads\/2021\/02\/Ein-Leuchtturm-in-der-Branche.jpg","width":800,"height":445,"caption":"\u00abEin Leuchtturm in der Branche\u00bb"},{"@type":"BreadcrumbList","@id":"https:\/\/www.m-q.ch\/ein-leuchtturm-in-der-branche\/#breadcrumb","itemListElement":[{"@type":"ListItem","position":1,"name":"Allgemein","item":"https:\/\/www.m-q.ch\/kategorie\/allgemein\/"},{"@type":"ListItem","position":2,"name":"\u00abEin Leuchtturm in der Branche\u00bb"}]},{"@type":"WebSite","@id":"https:\/\/www.m-q.ch\/fr\/#website","url":"https:\/\/www.m-q.ch\/fr\/","name":"Gestione e qualit\u00e0 MQ","description":"Piattaforma per sistemi di gestione integrati.","publisher":{"@id":"https:\/\/www.m-q.ch\/fr\/#organization"},"potentialAction":[{"@type":"SearchAction","target":{"@type":"EntryPoint","urlTemplate":"https:\/\/www.m-q.ch\/fr\/?s={search_term_string}"},"query-input":{"@type":"PropertyValueSpecification","valueRequired":true,"valueName":"search_term_string"}}],"inLanguage":"it-IT"},{"@type":"Organization","@id":"https:\/\/www.m-q.ch\/fr\/#organization","name":"Galledia Fachmedien AG","url":"https:\/\/www.m-q.ch\/fr\/","logo":{"@type":"ImageObject","inLanguage":"it-IT","@id":"https:\/\/www.m-q.ch\/fr\/#\/schema\/logo\/image\/","url":"https:\/\/www.m-q.ch\/wp-content\/uploads\/2020\/12\/cropped-logo_small.png","contentUrl":"https:\/\/www.m-q.ch\/wp-content\/uploads\/2020\/12\/cropped-logo_small.png","width":512,"height":512,"caption":"Galledia Fachmedien AG"},"image":{"@id":"https:\/\/www.m-q.ch\/fr\/#\/schema\/logo\/image\/"},"sameAs":["https:\/\/www.facebook.com\/ManagementUndQualitaet","https:\/\/www.linkedin.com\/showcase\/17982321\/admin\/"]},{"@type":"Person","@id":"https:\/\/www.m-q.ch\/fr\/#\/schema\/person\/71f647a41e4a3e361e6230f5134f3ba9","name":"upwork_2","image":{"@type":"ImageObject","inLanguage":"it-IT","@id":"https:\/\/www.m-q.ch\/fr\/#\/schema\/person\/image\/","url":"https:\/\/secure.gravatar.com\/avatar\/777b90ab56092bbf3c85feacda5c1bce?s=96&d=mm&r=g","contentUrl":"https:\/\/secure.gravatar.com\/avatar\/777b90ab56092bbf3c85feacda5c1bce?s=96&d=mm&r=g","caption":"upwork_2"},"url":"https:\/\/www.m-q.ch\/it\/author\/upwork_2\/"}]}},"_links":{"self":[{"href":"https:\/\/www.m-q.ch\/it\/wp-json\/wp\/v2\/posts\/9872","targetHints":{"allow":["GET"]}}],"collection":[{"href":"https:\/\/www.m-q.ch\/it\/wp-json\/wp\/v2\/posts"}],"about":[{"href":"https:\/\/www.m-q.ch\/it\/wp-json\/wp\/v2\/types\/post"}],"author":[{"embeddable":true,"href":"https:\/\/www.m-q.ch\/it\/wp-json\/wp\/v2\/users\/62"}],"replies":[{"embeddable":true,"href":"https:\/\/www.m-q.ch\/it\/wp-json\/wp\/v2\/comments?post=9872"}],"version-history":[{"count":3,"href":"https:\/\/www.m-q.ch\/it\/wp-json\/wp\/v2\/posts\/9872\/revisions"}],"predecessor-version":[{"id":9927,"href":"https:\/\/www.m-q.ch\/it\/wp-json\/wp\/v2\/posts\/9872\/revisions\/9927"}],"wp:featuredmedia":[{"embeddable":true,"href":"https:\/\/www.m-q.ch\/it\/wp-json\/wp\/v2\/media\/9873"}],"wp:attachment":[{"href":"https:\/\/www.m-q.ch\/it\/wp-json\/wp\/v2\/media?parent=9872"}],"wp:term":[{"taxonomy":"category","embeddable":true,"href":"https:\/\/www.m-q.ch\/it\/wp-json\/wp\/v2\/categories?post=9872"},{"taxonomy":"post_tag","embeddable":true,"href":"https:\/\/www.m-q.ch\/it\/wp-json\/wp\/v2\/tags?post=9872"}],"curies":[{"name":"wp","href":"https:\/\/api.w.org\/{rel}","templated":true}]}}