{"id":9962,"date":"2019-06-27T15:04:27","date_gmt":"2019-06-27T13:04:27","guid":{"rendered":"https:\/\/www.m-q.ch\/?p=9962"},"modified":"2021-02-08T16:36:11","modified_gmt":"2021-02-08T15:36:11","slug":"qs-mondo-che-cambia","status":"publish","type":"post","link":"https:\/\/www.m-q.ch\/it\/qs-welt-im-wandel\/","title":{"rendered":"Mondo QA in movimento"},"content":{"rendered":"<p><img loading=\"lazy\" decoding=\"async\" class=\"alignnone size-full wp-image-9964\" src=\"https:\/\/www.m-q.ch\/wp-content\/uploads\/2021\/02\/QS-Welt-im-Wandel.jpg\" alt=\"Mondo QA in movimento\" width=\"800\" height=\"579\" srcset=\"https:\/\/www.m-q.ch\/wp-content\/uploads\/2021\/02\/QS-Welt-im-Wandel.jpg 800w, https:\/\/www.m-q.ch\/wp-content\/uploads\/2021\/02\/QS-Welt-im-Wandel-768x556.jpg 768w, https:\/\/www.m-q.ch\/wp-content\/uploads\/2021\/02\/QS-Welt-im-Wandel-16x12.jpg 16w, https:\/\/www.m-q.ch\/wp-content\/uploads\/2021\/02\/QS-Welt-im-Wandel-242x175.jpg 242w, https:\/\/www.m-q.ch\/wp-content\/uploads\/2021\/02\/QS-Welt-im-Wandel-484x350.jpg 484w, https:\/\/www.m-q.ch\/wp-content\/uploads\/2021\/02\/QS-Welt-im-Wandel-300x217.jpg 300w\" sizes=\"auto, (max-width: 800px) 100vw, 800px\" \/><\/p>\n<p>La crescente automazione e il continuo collegamento in rete dei sistemi di produzione industriale stanno guidando il mercato dell'assicurazione della qualit\u00e0 (QA), che \u00e8 quindi soggetto a continui cambiamenti. Questo era chiaramente visibile a molti espositori.<\/p>\n<p><strong>Tutto da una sola fonte<\/strong><br \/>\nNegli ultimi anni, diversi produttori di strumenti di misura hanno unito le loro forze e si sono fusi. Una delle ragioni \u00e8 certamente che il cliente pu\u00f2 ordinare, operare e mantenere diversi dispositivi di misurazione da un'unica fonte.<\/p>\n<p>&nbsp;<\/p>\n<p>Hexagon Metrology aveva gi\u00e0 ampliato la sua gamma per includere la proiezione di frange con l'acquisizione di Aicon. Zeiss ha anche ampliato la sua gamma esistente di sistemi di proiezione a frange con l'acquisizione del produttore di proiezioni a frange Steinbichler e, recentemente, nell'aprile di quest'anno, con l'acquisizione di GOM. La societ\u00e0 Alicona \u00e8 stata rilevata da Bruker alla fine dello scorso anno. Questo si aggiunge alla vasta gamma di sistemi di misurazione di Bruker con la variazione di messa a fuoco di Alicona. Nonostante questa tendenza, anche le piccole aziende specializzate sembrano essere in grado di sopravvivere sul mercato. I loro punti di forza stanno spesso nella soluzione pi\u00f9 individuale per il cliente finale.<\/p>\n<p><strong>Renishaw e Wenzel rafforzano la cooperazione<\/strong><br \/>\nAl Controllo di quest'anno, il gruppo Wenzel e Renishaw hanno deciso di intensificare la loro cooperazione. Come risultato di questa cooperazione, il gi\u00e0 disponibile tester Equator di Renishaw sar\u00e0 anche in grado di essere controllato direttamente tramite il noto software Wenzel WM | Quartis per la programmazione e la valutazione. Il tester Equator fa ora parte del portafoglio Wenzel. I dati del pezzo acquisiti con Equator vengono utilizzati, ad esempio, per aggiornare continuamente e automaticamente la correzione dell'utensile sulla rispettiva macchina utensile. Grazie ai continui miglioramenti, \u00e8 possibile un processo di produzione pi\u00f9 stabile e allo stesso tempo una documentazione completa per ogni pezzo.<\/p>\n<p><strong>Dal CAD al piano di misurazione e ritorno<\/strong><br \/>\nOggi, i disegni 2D o i modelli CAD 3D con le informazioni di fabbricazione del prodotto (PMI) sono solitamente utilizzati nello sviluppo di nuovi prodotti. A partire da questi dati, nel controllo qualit\u00e0 si definiscono i piani di misurazione e si ispezionano i pezzi. Se vengono apportate modifiche ai piani di misurazione durante questo processo, attualmente non c'\u00e8 modo di inoltrare facilmente queste modifiche al dipartimento di sviluppo.<\/p>\n<p>&nbsp;<\/p>\n<p>PolyWorks|PMI+Loop sar\u00e0 una nuova interfaccia tra PolyWorks e la piattaforma CAD esistente del cliente. Fornisce add-in per software CAD che includono le seguenti funzioni:<\/p>\n<p>&nbsp;<\/p>\n<p>-creare e rivedere i piani di misurazione PolyWorks 3D nell'ambiente CAD esistente<br \/>\n-Importazione di piani di misura modificati in Poly Works nel software CAD<\/p>\n<p>&nbsp;<\/p>\n<p><strong>Misurare i fianchi con pi\u00f9 del 90<\/strong><br \/>\nFinora non era possibile toccare lateralmente le superfici verticali con il sistema ottico di misura a coordinate \u00b5MM di Bruker Alicona. Invece, \u00e8 stato necessario l'uso di sistemi di misurazione tattile, tomografia computerizzata o soluzioni ottiche individuali. La nuova versione permette ora anche la misurazione di fianchi con pi\u00f9 di 90\u00b0 e quindi anche la tastatura laterale dei componenti (per esempio di micro fori o contorni). Il campione non deve essere ruotato durante la misurazione.<\/p>\n<p>&nbsp;<\/p>\n<p>Il rapporto diametro\/profondit\u00e0 dei fori varia da 1 : 3 a 1 : 10, il diametro misurabile \u00e8 da 0,1 a 2 mm. Le caratteristiche individuali sono misurate su una vasta area con un'alta densit\u00e0 di punti di misura, che permette anche di misurare la rugosit\u00e0 secondo le norme EN ISO 4287\/88 e 25178.<\/p>\n<p><strong>Intelligenza artificiale nel controllo della qualit\u00e0<\/strong><br \/>\nL'apprendimento automatico \u00e8 un termine generico per l'apprendimento artificiale dall'esperienza. Noi esseri umani impariamo particolarmente velocemente e in parte inconsciamente dall'esperienza. Per esempio, possiamo riconoscere una tazza di caff\u00e8 anche se ha una forma, una dimensione o un colore diverso. Il computer, come noi, deve prima imparare questo. A questo scopo, al computer viene dato, per esempio, un gran numero di immagini con difetti di superficie (per esempio, una tazza di caff\u00e8).<\/p>\n<p>&nbsp;<\/p>\n<p>graffi) sono presentati. Il sistema impara da questo che i difetti che si discostano da queste immagini rappresentano anche un difetto. Il sistema sa quindi che aspetto potrebbe avere un graffio, anche se non l'ha mai visto.<\/p>\n<p>&nbsp;<\/p>\n<p>Al forum dell'evento Fraunhofer IPA, un'ispezione della superficie \u00e8 stata utilizzata per dimostrare come l'apprendimento automatico pu\u00f2 essere utilizzato nella garanzia della qualit\u00e0. A questo scopo, i componenti sono stati posti su una piastra rotante e la superficie \u00e8 stata completamente catturata da una telecamera durante la rotazione. La successiva valutazione adattiva dell'immagine si basa sulla capacit\u00e0 umana di riconoscere le irregolarit\u00e0 anche su superfici non familiari. A condizione che i difetti occupino solo una piccola parte dell'intera superficie, il software con i suoi algoritmi di autoapprendimento li percepisce come deviazioni dallo sfondo.<\/p>\n<p>&nbsp;<\/p>\n<p>Basato su un processo di apprendimento non supervisionato, il sistema di ispezione ottica si adatta automaticamente alle strutture mutevoli della superficie e permette un'ispezione al 100% all'interno di un processo produttivo.<\/p>\n<p><strong>Macchina di misura a coordinate a 8 assi a braccio articolato<\/strong><br \/>\nUna macchina di misura a coordinate a braccio articolato \u00e8 limitata dai singoli giunti nelle possibili posizioni relative al pezzo. Spesso la macchina di misura a coordinate a braccio snodato deve essere spostata. Questo porta ad un aumento dell'incertezza di misura e comporta un ulteriore dispendio di tempo.<\/p>\n<p>&nbsp;<\/p>\n<p>Il sistema Quantum a 8 assi della Fa- ro combina la macchina di misura a coordinate a braccio articolato con un ottavo asse integrato funzionalmente ma fisicamente separato. Questo asse rotativo pu\u00f2 essere collegato direttamente al Faroarm e diventa cos\u00ec un asse supplementare integrato. Ci\u00f2 significa che qualsiasi posizione intorno al pezzo pu\u00f2 essere raggiunta senza dover spostare la macchina di misura.<\/p>\n<p><strong>Tecnologia di misurazione per la mobilit\u00e0 elettrica<\/strong><br \/>\nCon Zeiss eSolutions, Zeiss offre soluzioni per l'assicurazione di qualit\u00e0 senza soluzione di continuit\u00e0 dell'intera catena cinematica dei veicoli ibridi, elettrici e a celle a combustibile. Zeiss sta cos\u00ec rispondendo alla rapida trasformazione in atto nell'industria automobilistica dalla mobilit\u00e0 fossile all'elettromobilit\u00e0. Questa trasformazione ha anche conseguenze per la catena cinematica. Dove in precedenza il motore a combustione, compreso il sistema di scarico e le trasmissioni altamente complesse fino a nove stadi fornivano la propulsione, in futuro questo sar\u00e0 assunto dalla batteria, dall'elettronica di potenza, dal motore elettrico e da una trasmissione a un solo stadio.<\/p>\n<p>&nbsp;<\/p>\n<p>Rispetto ai motori a combustione, i motori elettrici sono compatti e leggeri. Tuttavia, combinano alte velocit\u00e0 di rotazione ed enormi coppie anche da fermi. Con questi motori, tutti i componenti devono essere perfettamente sincronizzati al fine di combinare la massima potenza possibile con una bassa usura. Questo significa che i costi di manutenzione possono essere mantenuti molto bassi.<\/p>\n<p>&nbsp;<\/p>\n<p>Zeiss eSolutions comprende questi quattro componenti principali: batteria ed elettronica di potenza, nonch\u00e9 motore elettrico e trasmissione. \"Siamo l'unico fornitore completo che copre la garanzia di qualit\u00e0 per l'intero gruppo propulsore di un veicolo elettrico\", assicura il Dr. Robert Zarnetta, responsabile delle applicazioni industriali.<\/p>","protected":false},"excerpt":{"rendered":"<p>Die zunehmende Automatisierung und durchg\u00e4ngige Vernetzung industrieller Pro- duktionssysteme treibt den Markt der Quali- t\u00e4tssicherung (QS), der dadurch einem fort- laufenden Wandel unterliegt. Dies war bei vielen Ausstellern deutlich sichtbar. Alles aus einer Hand In den letzten Jahren haben mehrere Messge- r\u00e4te-Hersteller ihre Kr\u00e4fte vereint und sich zusammengeschlossen. Einer der Gr\u00fcnde ist sicherlich, dass der [&hellip;]<\/p>\n","protected":false},"author":62,"featured_media":9964,"comment_status":"closed","ping_status":"closed","sticky":false,"template":"","format":"standard","meta":{"_acf_changed":false,"footnotes":""},"categories":[4448],"tags":[4732],"class_list":["post-9962","post","type-post","status-publish","format-standard","has-post-thumbnail","hentry","category-allgemein","tag-06-2019"],"acf":[],"yoast_head":"<!-- This site is optimized with the Yoast SEO plugin v26.2 - https:\/\/yoast.com\/wordpress\/plugins\/seo\/ -->\n<title>QS-Welt im Wandel - MQ Management und Qualit\u00e4t<\/title>\n<meta name=\"description\" content=\"Vom 7. bis 10. Mai 2019 stand die Messe Stuttgart ganz im Zeichen der Qualit\u00e4ts- sicherung. Mit 871 Ausstellern aus 33 L\u00e4ndern und \u00fcber 27 000 Besuchern war die Messe wiederum ein Erfolg.\" \/>\n<meta name=\"robots\" content=\"index, follow, max-snippet:-1, max-image-preview:large, max-video-preview:-1\" \/>\n<link rel=\"canonical\" href=\"https:\/\/www.m-q.ch\/it\/qs-mondo-che-cambia\/\" \/>\n<meta property=\"og:locale\" content=\"it_IT\" \/>\n<meta property=\"og:type\" content=\"article\" \/>\n<meta property=\"og:title\" content=\"QS-Welt im Wandel - MQ Management und Qualit\u00e4t\" \/>\n<meta property=\"og:description\" content=\"Vom 7. bis 10. Mai 2019 stand die Messe Stuttgart ganz im Zeichen der Qualit\u00e4ts- sicherung. Mit 871 Ausstellern aus 33 L\u00e4ndern und \u00fcber 27 000 Besuchern war die Messe wiederum ein Erfolg.\" \/>\n<meta property=\"og:url\" content=\"https:\/\/www.m-q.ch\/it\/qs-mondo-che-cambia\/\" \/>\n<meta property=\"og:site_name\" content=\"MQ Management und Qualit\u00e4t\" \/>\n<meta property=\"article:publisher\" content=\"https:\/\/www.facebook.com\/ManagementUndQualitaet\" \/>\n<meta property=\"article:published_time\" content=\"2019-06-27T13:04:27+00:00\" \/>\n<meta property=\"article:modified_time\" content=\"2021-02-08T15:36:11+00:00\" \/>\n<meta property=\"og:image\" content=\"https:\/\/www.m-q.ch\/wp-content\/uploads\/2021\/02\/QS-Welt-im-Wandel.jpg\" \/>\n\t<meta property=\"og:image:width\" content=\"800\" \/>\n\t<meta property=\"og:image:height\" content=\"579\" \/>\n\t<meta property=\"og:image:type\" content=\"image\/jpeg\" \/>\n<meta name=\"author\" content=\"upwork_2\" \/>\n<meta name=\"twitter:card\" content=\"summary_large_image\" \/>\n<meta name=\"twitter:label1\" content=\"Scritto da\" \/>\n\t<meta name=\"twitter:data1\" content=\"upwork_2\" \/>\n\t<meta name=\"twitter:label2\" content=\"Tempo di lettura stimato\" \/>\n\t<meta name=\"twitter:data2\" content=\"5 minuti\" \/>\n<script type=\"application\/ld+json\" class=\"yoast-schema-graph\">{\"@context\":\"https:\/\/schema.org\",\"@graph\":[{\"@type\":\"Article\",\"@id\":\"https:\/\/www.m-q.ch\/qs-welt-im-wandel\/#article\",\"isPartOf\":{\"@id\":\"https:\/\/www.m-q.ch\/qs-welt-im-wandel\/\"},\"author\":{\"name\":\"upwork_2\",\"@id\":\"https:\/\/www.m-q.ch\/fr\/#\/schema\/person\/71f647a41e4a3e361e6230f5134f3ba9\"},\"headline\":\"QS-Welt im Wandel\",\"datePublished\":\"2019-06-27T13:04:27+00:00\",\"dateModified\":\"2021-02-08T15:36:11+00:00\",\"mainEntityOfPage\":{\"@id\":\"https:\/\/www.m-q.ch\/qs-welt-im-wandel\/\"},\"wordCount\":1081,\"publisher\":{\"@id\":\"https:\/\/www.m-q.ch\/fr\/#organization\"},\"image\":{\"@id\":\"https:\/\/www.m-q.ch\/qs-welt-im-wandel\/#primaryimage\"},\"thumbnailUrl\":\"https:\/\/www.m-q.ch\/wp-content\/uploads\/2021\/02\/QS-Welt-im-Wandel.jpg\",\"keywords\":[\"06\/2019\"],\"articleSection\":[\"Allgemein\"],\"inLanguage\":\"it-IT\"},{\"@type\":\"WebPage\",\"@id\":\"https:\/\/www.m-q.ch\/qs-welt-im-wandel\/\",\"url\":\"https:\/\/www.m-q.ch\/qs-welt-im-wandel\/\",\"name\":\"QS-Welt im Wandel - MQ Management und Qualit\u00e4t\",\"isPartOf\":{\"@id\":\"https:\/\/www.m-q.ch\/fr\/#website\"},\"primaryImageOfPage\":{\"@id\":\"https:\/\/www.m-q.ch\/qs-welt-im-wandel\/#primaryimage\"},\"image\":{\"@id\":\"https:\/\/www.m-q.ch\/qs-welt-im-wandel\/#primaryimage\"},\"thumbnailUrl\":\"https:\/\/www.m-q.ch\/wp-content\/uploads\/2021\/02\/QS-Welt-im-Wandel.jpg\",\"datePublished\":\"2019-06-27T13:04:27+00:00\",\"dateModified\":\"2021-02-08T15:36:11+00:00\",\"description\":\"Vom 7. bis 10. Mai 2019 stand die Messe Stuttgart ganz im Zeichen der Qualit\u00e4ts- sicherung. Mit 871 Ausstellern aus 33 L\u00e4ndern und \u00fcber 27 000 Besuchern war die Messe wiederum ein Erfolg.\",\"breadcrumb\":{\"@id\":\"https:\/\/www.m-q.ch\/qs-welt-im-wandel\/#breadcrumb\"},\"inLanguage\":\"it-IT\",\"potentialAction\":[{\"@type\":\"ReadAction\",\"target\":[\"https:\/\/www.m-q.ch\/qs-welt-im-wandel\/\"]}]},{\"@type\":\"ImageObject\",\"inLanguage\":\"it-IT\",\"@id\":\"https:\/\/www.m-q.ch\/qs-welt-im-wandel\/#primaryimage\",\"url\":\"https:\/\/www.m-q.ch\/wp-content\/uploads\/2021\/02\/QS-Welt-im-Wandel.jpg\",\"contentUrl\":\"https:\/\/www.m-q.ch\/wp-content\/uploads\/2021\/02\/QS-Welt-im-Wandel.jpg\",\"width\":800,\"height\":579,\"caption\":\"QS-Welt im Wandel\"},{\"@type\":\"BreadcrumbList\",\"@id\":\"https:\/\/www.m-q.ch\/qs-welt-im-wandel\/#breadcrumb\",\"itemListElement\":[{\"@type\":\"ListItem\",\"position\":1,\"name\":\"Allgemein\",\"item\":\"https:\/\/www.m-q.ch\/kategorie\/allgemein\/\"},{\"@type\":\"ListItem\",\"position\":2,\"name\":\"QS-Welt im Wandel\"}]},{\"@type\":\"WebSite\",\"@id\":\"https:\/\/www.m-q.ch\/fr\/#website\",\"url\":\"https:\/\/www.m-q.ch\/fr\/\",\"name\":\"MQ Management und Qualit\u00e4t\",\"description\":\"Plattform f\u00fcr integrierte Managementsysteme.\",\"publisher\":{\"@id\":\"https:\/\/www.m-q.ch\/fr\/#organization\"},\"potentialAction\":[{\"@type\":\"SearchAction\",\"target\":{\"@type\":\"EntryPoint\",\"urlTemplate\":\"https:\/\/www.m-q.ch\/fr\/?s={search_term_string}\"},\"query-input\":{\"@type\":\"PropertyValueSpecification\",\"valueRequired\":true,\"valueName\":\"search_term_string\"}}],\"inLanguage\":\"it-IT\"},{\"@type\":\"Organization\",\"@id\":\"https:\/\/www.m-q.ch\/fr\/#organization\",\"name\":\"Galledia Fachmedien AG\",\"url\":\"https:\/\/www.m-q.ch\/fr\/\",\"logo\":{\"@type\":\"ImageObject\",\"inLanguage\":\"it-IT\",\"@id\":\"https:\/\/www.m-q.ch\/fr\/#\/schema\/logo\/image\/\",\"url\":\"https:\/\/www.m-q.ch\/wp-content\/uploads\/2020\/12\/cropped-logo_small.png\",\"contentUrl\":\"https:\/\/www.m-q.ch\/wp-content\/uploads\/2020\/12\/cropped-logo_small.png\",\"width\":512,\"height\":512,\"caption\":\"Galledia Fachmedien AG\"},\"image\":{\"@id\":\"https:\/\/www.m-q.ch\/fr\/#\/schema\/logo\/image\/\"},\"sameAs\":[\"https:\/\/www.facebook.com\/ManagementUndQualitaet\",\"https:\/\/www.linkedin.com\/showcase\/17982321\/admin\/\"]},{\"@type\":\"Person\",\"@id\":\"https:\/\/www.m-q.ch\/fr\/#\/schema\/person\/71f647a41e4a3e361e6230f5134f3ba9\",\"name\":\"upwork_2\",\"image\":{\"@type\":\"ImageObject\",\"inLanguage\":\"it-IT\",\"@id\":\"https:\/\/www.m-q.ch\/fr\/#\/schema\/person\/image\/\",\"url\":\"https:\/\/secure.gravatar.com\/avatar\/777b90ab56092bbf3c85feacda5c1bce?s=96&d=mm&r=g\",\"contentUrl\":\"https:\/\/secure.gravatar.com\/avatar\/777b90ab56092bbf3c85feacda5c1bce?s=96&d=mm&r=g\",\"caption\":\"upwork_2\"},\"url\":\"https:\/\/www.m-q.ch\/it\/author\/upwork_2\/\"}]}<\/script>\n<!-- \/ Yoast SEO plugin. -->","yoast_head_json":{"title":"Mondo QA in transizione - MQ Gestione e qualit\u00e0","description":"Dal 7 al 10 maggio 2019, Messe Stuttgart era tutto incentrato sulla garanzia della qualit\u00e0. Con 871 espositori da 33 paesi e oltre 27.000 visitatori, la fiera \u00e8 stata ancora una volta un successo.","robots":{"index":"index","follow":"follow","max-snippet":"max-snippet:-1","max-image-preview":"max-image-preview:large","max-video-preview":"max-video-preview:-1"},"canonical":"https:\/\/www.m-q.ch\/it\/qs-mondo-che-cambia\/","og_locale":"it_IT","og_type":"article","og_title":"QS-Welt im Wandel - MQ Management und Qualit\u00e4t","og_description":"Vom 7. bis 10. Mai 2019 stand die Messe Stuttgart ganz im Zeichen der Qualit\u00e4ts- sicherung. Mit 871 Ausstellern aus 33 L\u00e4ndern und \u00fcber 27 000 Besuchern war die Messe wiederum ein Erfolg.","og_url":"https:\/\/www.m-q.ch\/it\/qs-mondo-che-cambia\/","og_site_name":"MQ Management und Qualit\u00e4t","article_publisher":"https:\/\/www.facebook.com\/ManagementUndQualitaet","article_published_time":"2019-06-27T13:04:27+00:00","article_modified_time":"2021-02-08T15:36:11+00:00","og_image":[{"width":800,"height":579,"url":"https:\/\/www.m-q.ch\/wp-content\/uploads\/2021\/02\/QS-Welt-im-Wandel.jpg","type":"image\/jpeg"}],"author":"upwork_2","twitter_card":"summary_large_image","twitter_misc":{"Scritto da":"upwork_2","Tempo di lettura stimato":"5 minuti"},"schema":{"@context":"https:\/\/schema.org","@graph":[{"@type":"Article","@id":"https:\/\/www.m-q.ch\/qs-welt-im-wandel\/#article","isPartOf":{"@id":"https:\/\/www.m-q.ch\/qs-welt-im-wandel\/"},"author":{"name":"upwork_2","@id":"https:\/\/www.m-q.ch\/fr\/#\/schema\/person\/71f647a41e4a3e361e6230f5134f3ba9"},"headline":"QS-Welt im Wandel","datePublished":"2019-06-27T13:04:27+00:00","dateModified":"2021-02-08T15:36:11+00:00","mainEntityOfPage":{"@id":"https:\/\/www.m-q.ch\/qs-welt-im-wandel\/"},"wordCount":1081,"publisher":{"@id":"https:\/\/www.m-q.ch\/fr\/#organization"},"image":{"@id":"https:\/\/www.m-q.ch\/qs-welt-im-wandel\/#primaryimage"},"thumbnailUrl":"https:\/\/www.m-q.ch\/wp-content\/uploads\/2021\/02\/QS-Welt-im-Wandel.jpg","keywords":["06\/2019"],"articleSection":["Allgemein"],"inLanguage":"it-IT"},{"@type":"WebPage","@id":"https:\/\/www.m-q.ch\/qs-welt-im-wandel\/","url":"https:\/\/www.m-q.ch\/qs-welt-im-wandel\/","name":"Mondo QA in transizione - MQ Gestione e qualit\u00e0","isPartOf":{"@id":"https:\/\/www.m-q.ch\/fr\/#website"},"primaryImageOfPage":{"@id":"https:\/\/www.m-q.ch\/qs-welt-im-wandel\/#primaryimage"},"image":{"@id":"https:\/\/www.m-q.ch\/qs-welt-im-wandel\/#primaryimage"},"thumbnailUrl":"https:\/\/www.m-q.ch\/wp-content\/uploads\/2021\/02\/QS-Welt-im-Wandel.jpg","datePublished":"2019-06-27T13:04:27+00:00","dateModified":"2021-02-08T15:36:11+00:00","description":"Dal 7 al 10 maggio 2019, Messe Stuttgart era tutto incentrato sulla garanzia della qualit\u00e0. Con 871 espositori da 33 paesi e oltre 27.000 visitatori, la fiera \u00e8 stata ancora una volta un successo.","breadcrumb":{"@id":"https:\/\/www.m-q.ch\/qs-welt-im-wandel\/#breadcrumb"},"inLanguage":"it-IT","potentialAction":[{"@type":"ReadAction","target":["https:\/\/www.m-q.ch\/qs-welt-im-wandel\/"]}]},{"@type":"ImageObject","inLanguage":"it-IT","@id":"https:\/\/www.m-q.ch\/qs-welt-im-wandel\/#primaryimage","url":"https:\/\/www.m-q.ch\/wp-content\/uploads\/2021\/02\/QS-Welt-im-Wandel.jpg","contentUrl":"https:\/\/www.m-q.ch\/wp-content\/uploads\/2021\/02\/QS-Welt-im-Wandel.jpg","width":800,"height":579,"caption":"QS-Welt im Wandel"},{"@type":"BreadcrumbList","@id":"https:\/\/www.m-q.ch\/qs-welt-im-wandel\/#breadcrumb","itemListElement":[{"@type":"ListItem","position":1,"name":"Allgemein","item":"https:\/\/www.m-q.ch\/kategorie\/allgemein\/"},{"@type":"ListItem","position":2,"name":"QS-Welt im Wandel"}]},{"@type":"WebSite","@id":"https:\/\/www.m-q.ch\/fr\/#website","url":"https:\/\/www.m-q.ch\/fr\/","name":"Gestione e qualit\u00e0 MQ","description":"Piattaforma per sistemi di gestione integrati.","publisher":{"@id":"https:\/\/www.m-q.ch\/fr\/#organization"},"potentialAction":[{"@type":"SearchAction","target":{"@type":"EntryPoint","urlTemplate":"https:\/\/www.m-q.ch\/fr\/?s={search_term_string}"},"query-input":{"@type":"PropertyValueSpecification","valueRequired":true,"valueName":"search_term_string"}}],"inLanguage":"it-IT"},{"@type":"Organization","@id":"https:\/\/www.m-q.ch\/fr\/#organization","name":"Galledia Fachmedien AG","url":"https:\/\/www.m-q.ch\/fr\/","logo":{"@type":"ImageObject","inLanguage":"it-IT","@id":"https:\/\/www.m-q.ch\/fr\/#\/schema\/logo\/image\/","url":"https:\/\/www.m-q.ch\/wp-content\/uploads\/2020\/12\/cropped-logo_small.png","contentUrl":"https:\/\/www.m-q.ch\/wp-content\/uploads\/2020\/12\/cropped-logo_small.png","width":512,"height":512,"caption":"Galledia Fachmedien AG"},"image":{"@id":"https:\/\/www.m-q.ch\/fr\/#\/schema\/logo\/image\/"},"sameAs":["https:\/\/www.facebook.com\/ManagementUndQualitaet","https:\/\/www.linkedin.com\/showcase\/17982321\/admin\/"]},{"@type":"Person","@id":"https:\/\/www.m-q.ch\/fr\/#\/schema\/person\/71f647a41e4a3e361e6230f5134f3ba9","name":"upwork_2","image":{"@type":"ImageObject","inLanguage":"it-IT","@id":"https:\/\/www.m-q.ch\/fr\/#\/schema\/person\/image\/","url":"https:\/\/secure.gravatar.com\/avatar\/777b90ab56092bbf3c85feacda5c1bce?s=96&d=mm&r=g","contentUrl":"https:\/\/secure.gravatar.com\/avatar\/777b90ab56092bbf3c85feacda5c1bce?s=96&d=mm&r=g","caption":"upwork_2"},"url":"https:\/\/www.m-q.ch\/it\/author\/upwork_2\/"}]}},"_links":{"self":[{"href":"https:\/\/www.m-q.ch\/it\/wp-json\/wp\/v2\/posts\/9962","targetHints":{"allow":["GET"]}}],"collection":[{"href":"https:\/\/www.m-q.ch\/it\/wp-json\/wp\/v2\/posts"}],"about":[{"href":"https:\/\/www.m-q.ch\/it\/wp-json\/wp\/v2\/types\/post"}],"author":[{"embeddable":true,"href":"https:\/\/www.m-q.ch\/it\/wp-json\/wp\/v2\/users\/62"}],"replies":[{"embeddable":true,"href":"https:\/\/www.m-q.ch\/it\/wp-json\/wp\/v2\/comments?post=9962"}],"version-history":[{"count":2,"href":"https:\/\/www.m-q.ch\/it\/wp-json\/wp\/v2\/posts\/9962\/revisions"}],"predecessor-version":[{"id":9965,"href":"https:\/\/www.m-q.ch\/it\/wp-json\/wp\/v2\/posts\/9962\/revisions\/9965"}],"wp:featuredmedia":[{"embeddable":true,"href":"https:\/\/www.m-q.ch\/it\/wp-json\/wp\/v2\/media\/9964"}],"wp:attachment":[{"href":"https:\/\/www.m-q.ch\/it\/wp-json\/wp\/v2\/media?parent=9962"}],"wp:term":[{"taxonomy":"category","embeddable":true,"href":"https:\/\/www.m-q.ch\/it\/wp-json\/wp\/v2\/categories?post=9962"},{"taxonomy":"post_tag","embeddable":true,"href":"https:\/\/www.m-q.ch\/it\/wp-json\/wp\/v2\/tags?post=9962"}],"curies":[{"name":"wp","href":"https:\/\/api.w.org\/{rel}","templated":true}]}}